
{"id":1283,"date":"2008-12-27T12:06:33","date_gmt":"2008-12-27T14:06:33","guid":{"rendered":"http:\/\/www.oarcanjo.net\/site\/?p=1283"},"modified":"2008-12-27T12:06:33","modified_gmt":"2008-12-27T14:06:33","slug":"as-manjedouras-estao-aumentando","status":"publish","type":"post","link":"https:\/\/www.oarcanjo.net\/site\/as-manjedouras-estao-aumentando\/","title":{"rendered":"As manjedouras est\u00e3o aumentando"},"content":{"rendered":"<p>David Oliveira de Souza<\/p>\n<p>A DECLARA\u00c7\u00c3O Universal dos Direitos Humanos afirma que toda pessoa tem direito \u00e0 vida e \u00e0 liberdade. No entanto, a invoca\u00e7\u00e3o desses direitos torna-se ineficaz em uma sociedade que n\u00e3o \u00e9 capaz de defender seus cidad\u00e3os ou que decidiu excluir ou eliminar alguns deles.<\/p>\n<p>Homens, mulheres e crian\u00e7as vivendo em situa\u00e7\u00e3o de rua t\u00eam sido v\u00edtimas de atos sistem\u00e1ticos de exterm\u00ednio. Trata-se de um desafio humanit\u00e1rio, que desperta indigna\u00e7\u00e3o e pede a\u00e7\u00f5es imediatas de prote\u00e7\u00e3o \u00e0 vida e \u00e0 dignidade dessas pessoas.<\/p>\n<p>O n\u00famero de indiv\u00edduos vivendo em situa\u00e7\u00e3o de rua nos centros urbanos dos pa\u00edses pobres s\u00f3 tem aumentado. Segundo o Fundo de Popula\u00e7\u00e3o das Na\u00e7\u00f5es Unidas, nas pr\u00f3ximas duas d\u00e9cadas, esses pa\u00edses concentrar\u00e3o 80% da popula\u00e7\u00e3o urbana do planeta -e, com ela, a popula\u00e7\u00e3o de rua. Em uma \u00e9poca do ano em que \u00e9 t\u00e3o evocada a hist\u00f3ria da fam\u00edlia sem teto, cujo beb\u00ea precisou nascer na manjedoura de Bel\u00e9m, conv\u00e9m lembrar a urg\u00eancia de pol\u00edticas p\u00fablicas efetivas para essa popula\u00e7\u00e3o.<\/p>\n<p>A experi\u00eancia da organiza\u00e7\u00e3o M\u00e9dicos Sem Fronteiras (MSF) com moradores de rua em diversos continentes e culturas mostra que s\u00e3o m\u00faltiplos os fatores que levam \u00e0 vida nas ruas. Desde furac\u00f5es e enchentes at\u00e9 causas estruturais, como a atual crise financeira. No Brasil, segundo o Minist\u00e9rio do Desenvolvimento Social e Combate \u00e0 Fome, 71% dos moradores de rua trabalham e s\u00f3 16% sobrevivem exclusivamente como pedintes.<\/p>\n<p>Atuar como m\u00e9dico na rua permitiu-me enxergar essa popula\u00e7\u00e3o pelo vi\u00e9s da sa\u00fade. Para come\u00e7ar, fica dif\u00edcil usar a semiologia m\u00e9dica cl\u00e1ssica.<\/p>\n<p>Quem mora na rua muitas vezes n\u00e3o sabe dizer se emagreceu, pois usa roupas doadas e fora do tamanho. N\u00e3o sabe h\u00e1 quanto tempo surgiu uma les\u00e3o de pele, pois raramente se olha no espelho. N\u00e3o sabe se o calafrio que teve foi da febre ou do vento da noite.<\/p>\n<p>Quem vive na rua dificilmente \u00e9 coberto pela l\u00f3gica territorial dos programas de sa\u00fade da fam\u00edlia, costuma ter alimenta\u00e7\u00e3o incerta, problemas para beber \u00e1gua limpa, falta de acesso a locais para banho, rela\u00e7\u00f5es sexuais e necessidades fisiol\u00f3gicas, al\u00e9m de estar muito exposto \u00e0 viol\u00eancia.<\/p>\n<p>O medo de ser eliminado leva muitas pessoas das ruas a se sentirem adoecidas e habita seu imagin\u00e1rio. As chacinas da Candel\u00e1ria e de S\u00e3o Paulo agravaram esses sentimentos.<\/p>\n<p>Lembro-me bem de Marcelo, morador de rua de quem cuid\u00e1vamos em uma pra\u00e7a do Rio no per\u00edodo em que moradores de rua eram covardemente assassinados em S\u00e3o Paulo. No dia seguinte a uma das mortes, Marcelo n\u00e3o quis nem conversar com a equipe de MSF e mantinha os ouvidos grudados no radinho de pilha, escutando o notici\u00e1rio paulista. S\u00f3 conseguia dizer com os olhos arregalados: &#8220;Doutor, j\u00e1 pensou se isso chega aqui?&#8221;.<\/p>\n<p>O olhar que os transeuntes dirigem a quem mora na rua \u00e9 outro motivo de sofrimento. Pode ser de medo, raiva, piedade e, sobretudo, o n\u00e3o-olhar. Raramente \u00e9 um olhar que busca interagir em regime de igualdade.<\/p>\n<p>Em Honduras, ap\u00f3s um jogo de futebol semanal que a equipe do projeto de MSF faz com os meninos que vivem nas ruas de Tegucigalpa, um dos garotos disse: &#8220;Sabe o que \u00e9 mais legal desse jogo? \u00c9 que quem passa de \u00f4nibus e v\u00ea a gente pensa que somos s\u00f3 meninos jogando bola na pra\u00e7a. Nem imagina que vivemos nas ruas&#8221;.<\/p>\n<p>O povo da rua procura se adaptar aos efeitos perversos que tantas priva\u00e7\u00f5es imprimem em seu corpo. Uma dessas adapta\u00e7\u00f5es \u00e9 o silenciamento dos sintomas, acompanhado da desesperan\u00e7a cr\u00f4nica de ser cuidado.<\/p>\n<p>Cala-se ent\u00e3o o corpo, que n\u00e3o deve mais doer, que n\u00e3o deve mais sentir, ainda que esteja muito doente. Nesse momento, se perguntarmos a um morador de rua com tosse e dor como ele est\u00e1 de sa\u00fade, ele responder\u00e1: bem.<\/p>\n<p>O assistencialismo higienista tem permeado as a\u00e7\u00f5es governamentais voltadas para a popula\u00e7\u00e3o em situa\u00e7\u00e3o de rua ao longo dos anos. Tal l\u00f3gica n\u00e3o responde ao complexo desafio de reinser\u00e7\u00e3o dessas pessoas nas dimens\u00f5es da sociedade das quais est\u00e3o apartadas, como trabalho, moradia, fam\u00edlia, cultura, lazer e sa\u00fade.<\/p>\n<p>Atualmente, est\u00e1 dispon\u00edvel para consulta p\u00fablica a Pol\u00edtica Nacional para Inclus\u00e3o Social da Popula\u00e7\u00e3o em Situa\u00e7\u00e3o de Rua. \u00c9 um esperado instrumento de acesso \u00e0 cidadania e uma vit\u00f3ria dos movimentos sociais.<\/p>\n<p>Infelizmente, as manjedouras urbanas est\u00e3o crescendo e, at\u00e9 agora, ainda t\u00eam sido poucos os anjos e pastores dispostos a visit\u00e1-las. Que os reis magos espalhados pelo mundo esque\u00e7am o incenso, a mirra e o ouro e tragam as pol\u00edticas p\u00fablicas.<\/p>\n<p>Pelas metr\u00f3poles do planeta, h\u00e1 fam\u00edlias inteiras que vivem nas ruas h\u00e1 mais de tr\u00eas gera\u00e7\u00f5es. Outras n\u00e3o puderam ter filhos pois tiveram as vidas ceifadas por &#8220;justiceiros&#8221;. Anteontem, no Esp\u00edrito Santo, uma moradora de rua foi atacada enquanto dormia e acordou em chamas com seu companheiro. A mo\u00e7a morreu ao chegar ao hospital. Dedico a ela este artigo.<\/p>\n<p><em>David Oliveira de Souza, 33, \u00e9 m\u00e9dico e respons\u00e1vel pela Unidade M\u00e9dica de M\u00e9dicos Sem Fronteiras no Brasil. Especialista em medicina de fam\u00edlia e comunidade pela Uerj e em cl\u00ednica m\u00e9dica pela UFRJ, mestre em rela\u00e7\u00f5es internacionais pelo Instituto de Estudos Pol\u00edticos de Paris (Fran\u00e7a), \u00e9 professor de sa\u00fade coletiva da Universidade Federal de Sergipe.<\/em><\/p>\n<p>(artigo publicado originalmente no jornal Folha de S. Paulo)<\/p>\n<div id=\"themify_builder_content-1283\" data-postid=\"1283\" class=\"themify_builder_content themify_builder_content-1283 themify_builder themify_builder_front\">\n\t<\/div>\n<!-- \/themify_builder_content -->","protected":false},"excerpt":{"rendered":"<p>David Oliveira de Souza A DECLARA\u00c7\u00c3O Universal dos Direitos Humanos afirma que toda pessoa tem direito \u00e0 vida e \u00e0 liberdade. No entanto, a invoca\u00e7\u00e3o desses direitos torna-se ineficaz em uma sociedade que n\u00e3o \u00e9 capaz de defender seus cidad\u00e3os ou que decidiu excluir ou eliminar alguns deles. Homens, mulheres e crian\u00e7as vivendo em situa\u00e7\u00e3o [&hellip;]<\/p>\n","protected":false},"author":5,"featured_media":0,"comment_status":"open","ping_status":"open","sticky":false,"template":"","format":"standard","meta":{"ngg_post_thumbnail":0,"footnotes":""},"categories":[9],"tags":[43,60,91,88],"yoast_head":"<!-- This site is optimized with the Yoast SEO plugin v23.5 - https:\/\/yoast.com\/wordpress\/plugins\/seo\/ -->\n<title>As manjedouras est\u00e3o aumentando - O Arcanjo no ar<\/title>\n<meta name=\"robots\" content=\"index, follow, max-snippet:-1, max-image-preview:large, max-video-preview:-1\" \/>\n<link rel=\"canonical\" href=\"https:\/\/www.oarcanjo.net\/site\/as-manjedouras-estao-aumentando\/\" \/>\n<meta property=\"og:locale\" content=\"pt_BR\" \/>\n<meta property=\"og:type\" content=\"article\" \/>\n<meta property=\"og:title\" content=\"As manjedouras est\u00e3o aumentando - O Arcanjo no ar\" \/>\n<meta property=\"og:description\" content=\"David Oliveira de Souza A DECLARA\u00c7\u00c3O Universal dos Direitos Humanos afirma que toda pessoa tem direito \u00e0 vida e \u00e0 liberdade. No entanto, a invoca\u00e7\u00e3o desses direitos torna-se ineficaz em uma sociedade que n\u00e3o \u00e9 capaz de defender seus cidad\u00e3os ou que decidiu excluir ou eliminar alguns deles. Homens, mulheres e crian\u00e7as vivendo em situa\u00e7\u00e3o [&hellip;]\" \/>\n<meta property=\"og:url\" content=\"https:\/\/www.oarcanjo.net\/site\/as-manjedouras-estao-aumentando\/\" \/>\n<meta property=\"og:site_name\" content=\"O Arcanjo no ar\" \/>\n<meta property=\"article:publisher\" content=\"https:\/\/www.facebook.com\/OArcanjoNoAr\/\" \/>\n<meta property=\"article:published_time\" content=\"2008-12-27T14:06:33+00:00\" \/>\n<meta property=\"og:image\" content=\"https:\/\/www.oarcanjo.net\/site\/wp-content\/uploads\/logo-o-arcanjo-no-ar-facebook.png\" \/>\n\t<meta property=\"og:image:width\" content=\"300\" \/>\n\t<meta property=\"og:image:height\" content=\"300\" \/>\n\t<meta property=\"og:image:type\" content=\"image\/png\" \/>\n<meta name=\"author\" content=\"editor\" \/>\n<meta name=\"twitter:card\" content=\"summary_large_image\" \/>\n<meta name=\"twitter:label1\" content=\"Escrito por\" \/>\n\t<meta name=\"twitter:data1\" content=\"editor\" \/>\n\t<meta name=\"twitter:label2\" content=\"Est. tempo de leitura\" \/>\n\t<meta name=\"twitter:data2\" content=\"5 minutos\" \/>\n<script type=\"application\/ld+json\" class=\"yoast-schema-graph\">{\"@context\":\"https:\/\/schema.org\",\"@graph\":[{\"@type\":\"Article\",\"@id\":\"https:\/\/www.oarcanjo.net\/site\/as-manjedouras-estao-aumentando\/#article\",\"isPartOf\":{\"@id\":\"https:\/\/www.oarcanjo.net\/site\/as-manjedouras-estao-aumentando\/\"},\"author\":{\"name\":\"editor\",\"@id\":\"https:\/\/www.oarcanjo.net\/site\/#\/schema\/person\/f7024d007863202483a31326673a0838\"},\"headline\":\"As manjedouras est\u00e3o aumentando\",\"datePublished\":\"2008-12-27T14:06:33+00:00\",\"dateModified\":\"2008-12-27T14:06:33+00:00\",\"mainEntityOfPage\":{\"@id\":\"https:\/\/www.oarcanjo.net\/site\/as-manjedouras-estao-aumentando\/\"},\"wordCount\":968,\"commentCount\":1,\"publisher\":{\"@id\":\"https:\/\/www.oarcanjo.net\/site\/#organization\"},\"keywords\":[\"direitos humanos\",\"natal\",\"povo da rua\",\"solidariedade\"],\"articleSection\":[\"Reflex\u00f5es\"],\"inLanguage\":\"pt-BR\",\"potentialAction\":[{\"@type\":\"CommentAction\",\"name\":\"Comment\",\"target\":[\"https:\/\/www.oarcanjo.net\/site\/as-manjedouras-estao-aumentando\/#respond\"]}]},{\"@type\":\"WebPage\",\"@id\":\"https:\/\/www.oarcanjo.net\/site\/as-manjedouras-estao-aumentando\/\",\"url\":\"https:\/\/www.oarcanjo.net\/site\/as-manjedouras-estao-aumentando\/\",\"name\":\"As manjedouras est\u00e3o aumentando - O Arcanjo no ar\",\"isPartOf\":{\"@id\":\"https:\/\/www.oarcanjo.net\/site\/#website\"},\"datePublished\":\"2008-12-27T14:06:33+00:00\",\"dateModified\":\"2008-12-27T14:06:33+00:00\",\"breadcrumb\":{\"@id\":\"https:\/\/www.oarcanjo.net\/site\/as-manjedouras-estao-aumentando\/#breadcrumb\"},\"inLanguage\":\"pt-BR\",\"potentialAction\":[{\"@type\":\"ReadAction\",\"target\":[\"https:\/\/www.oarcanjo.net\/site\/as-manjedouras-estao-aumentando\/\"]}]},{\"@type\":\"BreadcrumbList\",\"@id\":\"https:\/\/www.oarcanjo.net\/site\/as-manjedouras-estao-aumentando\/#breadcrumb\",\"itemListElement\":[{\"@type\":\"ListItem\",\"position\":1,\"name\":\"In\u00edcio\",\"item\":\"https:\/\/www.oarcanjo.net\/site\/\"},{\"@type\":\"ListItem\",\"position\":2,\"name\":\"As manjedouras est\u00e3o aumentando\"}]},{\"@type\":\"WebSite\",\"@id\":\"https:\/\/www.oarcanjo.net\/site\/#website\",\"url\":\"https:\/\/www.oarcanjo.net\/site\/\",\"name\":\"O Arcanjo no ar\",\"description\":\"Site da Par\u00f3quia S\u00e3o Miguel Arcanjo (Arquidiocese de SP)\",\"publisher\":{\"@id\":\"https:\/\/www.oarcanjo.net\/site\/#organization\"},\"potentialAction\":[{\"@type\":\"SearchAction\",\"target\":{\"@type\":\"EntryPoint\",\"urlTemplate\":\"https:\/\/www.oarcanjo.net\/site\/?s={search_term_string}\"},\"query-input\":{\"@type\":\"PropertyValueSpecification\",\"valueRequired\":true,\"valueName\":\"search_term_string\"}}],\"inLanguage\":\"pt-BR\"},{\"@type\":\"Organization\",\"@id\":\"https:\/\/www.oarcanjo.net\/site\/#organization\",\"name\":\"Par\u00f3quia S\u00e3o Miguel Arcanjo\",\"url\":\"https:\/\/www.oarcanjo.net\/site\/\",\"logo\":{\"@type\":\"ImageObject\",\"inLanguage\":\"pt-BR\",\"@id\":\"https:\/\/www.oarcanjo.net\/site\/#\/schema\/logo\/image\/\",\"url\":\"https:\/\/www.oarcanjo.net\/site\/wp-content\/uploads\/LogoOArcanjo.png\",\"contentUrl\":\"https:\/\/www.oarcanjo.net\/site\/wp-content\/uploads\/LogoOArcanjo.png\",\"width\":319,\"height\":99,\"caption\":\"Par\u00f3quia S\u00e3o Miguel Arcanjo\"},\"image\":{\"@id\":\"https:\/\/www.oarcanjo.net\/site\/#\/schema\/logo\/image\/\"},\"sameAs\":[\"https:\/\/www.facebook.com\/OArcanjoNoAr\/\"]},{\"@type\":\"Person\",\"@id\":\"https:\/\/www.oarcanjo.net\/site\/#\/schema\/person\/f7024d007863202483a31326673a0838\",\"name\":\"editor\",\"sameAs\":[\"http:\/\/www.oarcanjo.net\"]}]}<\/script>\n<!-- \/ Yoast SEO plugin. -->","yoast_head_json":{"title":"As manjedouras est\u00e3o aumentando - O Arcanjo no ar","robots":{"index":"index","follow":"follow","max-snippet":"max-snippet:-1","max-image-preview":"max-image-preview:large","max-video-preview":"max-video-preview:-1"},"canonical":"https:\/\/www.oarcanjo.net\/site\/as-manjedouras-estao-aumentando\/","og_locale":"pt_BR","og_type":"article","og_title":"As manjedouras est\u00e3o aumentando - O Arcanjo no ar","og_description":"David Oliveira de Souza A DECLARA\u00c7\u00c3O Universal dos Direitos Humanos afirma que toda pessoa tem direito \u00e0 vida e \u00e0 liberdade. No entanto, a invoca\u00e7\u00e3o desses direitos torna-se ineficaz em uma sociedade que n\u00e3o \u00e9 capaz de defender seus cidad\u00e3os ou que decidiu excluir ou eliminar alguns deles. Homens, mulheres e crian\u00e7as vivendo em situa\u00e7\u00e3o [&hellip;]","og_url":"https:\/\/www.oarcanjo.net\/site\/as-manjedouras-estao-aumentando\/","og_site_name":"O Arcanjo no ar","article_publisher":"https:\/\/www.facebook.com\/OArcanjoNoAr\/","article_published_time":"2008-12-27T14:06:33+00:00","og_image":[{"width":300,"height":300,"url":"https:\/\/www.oarcanjo.net\/site\/wp-content\/uploads\/logo-o-arcanjo-no-ar-facebook.png","type":"image\/png"}],"author":"editor","twitter_card":"summary_large_image","twitter_misc":{"Escrito por":"editor","Est. tempo de leitura":"5 minutos"},"schema":{"@context":"https:\/\/schema.org","@graph":[{"@type":"Article","@id":"https:\/\/www.oarcanjo.net\/site\/as-manjedouras-estao-aumentando\/#article","isPartOf":{"@id":"https:\/\/www.oarcanjo.net\/site\/as-manjedouras-estao-aumentando\/"},"author":{"name":"editor","@id":"https:\/\/www.oarcanjo.net\/site\/#\/schema\/person\/f7024d007863202483a31326673a0838"},"headline":"As manjedouras est\u00e3o aumentando","datePublished":"2008-12-27T14:06:33+00:00","dateModified":"2008-12-27T14:06:33+00:00","mainEntityOfPage":{"@id":"https:\/\/www.oarcanjo.net\/site\/as-manjedouras-estao-aumentando\/"},"wordCount":968,"commentCount":1,"publisher":{"@id":"https:\/\/www.oarcanjo.net\/site\/#organization"},"keywords":["direitos humanos","natal","povo da rua","solidariedade"],"articleSection":["Reflex\u00f5es"],"inLanguage":"pt-BR","potentialAction":[{"@type":"CommentAction","name":"Comment","target":["https:\/\/www.oarcanjo.net\/site\/as-manjedouras-estao-aumentando\/#respond"]}]},{"@type":"WebPage","@id":"https:\/\/www.oarcanjo.net\/site\/as-manjedouras-estao-aumentando\/","url":"https:\/\/www.oarcanjo.net\/site\/as-manjedouras-estao-aumentando\/","name":"As manjedouras est\u00e3o aumentando - O Arcanjo no ar","isPartOf":{"@id":"https:\/\/www.oarcanjo.net\/site\/#website"},"datePublished":"2008-12-27T14:06:33+00:00","dateModified":"2008-12-27T14:06:33+00:00","breadcrumb":{"@id":"https:\/\/www.oarcanjo.net\/site\/as-manjedouras-estao-aumentando\/#breadcrumb"},"inLanguage":"pt-BR","potentialAction":[{"@type":"ReadAction","target":["https:\/\/www.oarcanjo.net\/site\/as-manjedouras-estao-aumentando\/"]}]},{"@type":"BreadcrumbList","@id":"https:\/\/www.oarcanjo.net\/site\/as-manjedouras-estao-aumentando\/#breadcrumb","itemListElement":[{"@type":"ListItem","position":1,"name":"In\u00edcio","item":"https:\/\/www.oarcanjo.net\/site\/"},{"@type":"ListItem","position":2,"name":"As manjedouras est\u00e3o aumentando"}]},{"@type":"WebSite","@id":"https:\/\/www.oarcanjo.net\/site\/#website","url":"https:\/\/www.oarcanjo.net\/site\/","name":"O Arcanjo no ar","description":"Site da Par\u00f3quia S\u00e3o Miguel Arcanjo (Arquidiocese de SP)","publisher":{"@id":"https:\/\/www.oarcanjo.net\/site\/#organization"},"potentialAction":[{"@type":"SearchAction","target":{"@type":"EntryPoint","urlTemplate":"https:\/\/www.oarcanjo.net\/site\/?s={search_term_string}"},"query-input":{"@type":"PropertyValueSpecification","valueRequired":true,"valueName":"search_term_string"}}],"inLanguage":"pt-BR"},{"@type":"Organization","@id":"https:\/\/www.oarcanjo.net\/site\/#organization","name":"Par\u00f3quia S\u00e3o Miguel Arcanjo","url":"https:\/\/www.oarcanjo.net\/site\/","logo":{"@type":"ImageObject","inLanguage":"pt-BR","@id":"https:\/\/www.oarcanjo.net\/site\/#\/schema\/logo\/image\/","url":"https:\/\/www.oarcanjo.net\/site\/wp-content\/uploads\/LogoOArcanjo.png","contentUrl":"https:\/\/www.oarcanjo.net\/site\/wp-content\/uploads\/LogoOArcanjo.png","width":319,"height":99,"caption":"Par\u00f3quia S\u00e3o Miguel Arcanjo"},"image":{"@id":"https:\/\/www.oarcanjo.net\/site\/#\/schema\/logo\/image\/"},"sameAs":["https:\/\/www.facebook.com\/OArcanjoNoAr\/"]},{"@type":"Person","@id":"https:\/\/www.oarcanjo.net\/site\/#\/schema\/person\/f7024d007863202483a31326673a0838","name":"editor","sameAs":["http:\/\/www.oarcanjo.net"]}]}},"publishpress_future_action":{"enabled":false,"date":"2026-05-07 22:58:15","action":"category","newStatus":"draft","terms":[],"taxonomy":"category"},"publishpress_future_workflow_manual_trigger":{"enabledWorkflows":[]},"_links":{"self":[{"href":"https:\/\/www.oarcanjo.net\/site\/wp-json\/wp\/v2\/posts\/1283"}],"collection":[{"href":"https:\/\/www.oarcanjo.net\/site\/wp-json\/wp\/v2\/posts"}],"about":[{"href":"https:\/\/www.oarcanjo.net\/site\/wp-json\/wp\/v2\/types\/post"}],"author":[{"embeddable":true,"href":"https:\/\/www.oarcanjo.net\/site\/wp-json\/wp\/v2\/users\/5"}],"replies":[{"embeddable":true,"href":"https:\/\/www.oarcanjo.net\/site\/wp-json\/wp\/v2\/comments?post=1283"}],"version-history":[{"count":0,"href":"https:\/\/www.oarcanjo.net\/site\/wp-json\/wp\/v2\/posts\/1283\/revisions"}],"wp:attachment":[{"href":"https:\/\/www.oarcanjo.net\/site\/wp-json\/wp\/v2\/media?parent=1283"}],"wp:term":[{"taxonomy":"category","embeddable":true,"href":"https:\/\/www.oarcanjo.net\/site\/wp-json\/wp\/v2\/categories?post=1283"},{"taxonomy":"post_tag","embeddable":true,"href":"https:\/\/www.oarcanjo.net\/site\/wp-json\/wp\/v2\/tags?post=1283"}],"curies":[{"name":"wp","href":"https:\/\/api.w.org\/{rel}","templated":true}]}}