
{"id":128508,"date":"2024-06-09T14:50:30","date_gmt":"2024-06-09T17:50:30","guid":{"rendered":"https:\/\/www.oarcanjo.net\/site\/?p=128508"},"modified":"2024-06-09T15:13:12","modified_gmt":"2024-06-09T18:13:12","slug":"festa-junina-da-comunidade-sera-nos-dias-28-29-e-30-06","status":"publish","type":"post","link":"https:\/\/www.oarcanjo.net\/site\/festa-junina-da-comunidade-sera-nos-dias-28-29-e-30-06\/","title":{"rendered":"Festa junina da comunidade ser\u00e1 nos dias 28, 29 e 30\/06"},"content":{"rendered":"<p>Este ano, a festa junina da comunidade S\u00e3o Miguel Arcanjo ser\u00e1 realizada em parceria com o MST (Movimento dos Trabalhadores Rurais Sem Terra) e com a Pastoral do Povo da Rua, em frente ao sacol\u00e3o popular Irm\u00e3o Pedro, na Rua Siqueira Cardoso, 297, em S\u00e3o Paulo.<\/p>\n<p><iframe loading=\"lazy\" width=\"700\" height=\"394\" src=\"https:\/\/www.youtube.com\/embed\/bmRfYRrmuiQ?rel=0\" title=\"YouTube video player\" frameborder=\"0\" allow=\"accelerometer; autoplay; clipboard-write; encrypted-media; gyroscope; picture-in-picture; web-share\" referrerpolicy=\"strict-origin-when-cross-origin\" allowfullscreen><\/iframe><\/p>\n<div id=\"themify_builder_content-128508\" data-postid=\"128508\" class=\"themify_builder_content themify_builder_content-128508 themify_builder themify_builder_front\">\n\t<\/div>\n<!-- \/themify_builder_content -->","protected":false},"excerpt":{"rendered":"<p>Este ano, a festa  ser\u00e1 realizada em parceria com o MST e com a Pastoral do Povo da Rua, em frente ao sacol\u00e3o popular Irm\u00e3o Pedro<\/p>\n","protected":false},"author":5,"featured_media":128509,"comment_status":"open","ping_status":"open","sticky":false,"template":"","format":"standard","meta":{"ngg_post_thumbnail":0,"footnotes":""},"categories":[3,8,280],"tags":[],"yoast_head":"<!-- This site is optimized with the Yoast SEO plugin v23.5 - https:\/\/yoast.com\/wordpress\/plugins\/seo\/ -->\n<title>Festa junina da comunidade ser\u00e1 nos dias 28, 29 e 30\/06 - O Arcanjo no ar<\/title>\n<meta name=\"robots\" content=\"index, follow, max-snippet:-1, max-image-preview:large, max-video-preview:-1\" \/>\n<link rel=\"canonical\" href=\"https:\/\/www.oarcanjo.net\/site\/festa-junina-da-comunidade-sera-nos-dias-28-29-e-30-06\/\" \/>\n<meta property=\"og:locale\" content=\"pt_BR\" \/>\n<meta property=\"og:type\" content=\"article\" \/>\n<meta property=\"og:title\" content=\"Festa junina da comunidade ser\u00e1 nos dias 28, 29 e 30\/06 - O Arcanjo no ar\" \/>\n<meta property=\"og:description\" content=\"Este ano, a festa ser\u00e1 realizada em parceria com o MST e com a Pastoral do Povo da Rua, em frente ao sacol\u00e3o popular Irm\u00e3o Pedro\" \/>\n<meta property=\"og:url\" content=\"https:\/\/www.oarcanjo.net\/site\/festa-junina-da-comunidade-sera-nos-dias-28-29-e-30-06\/\" \/>\n<meta property=\"og:site_name\" content=\"O Arcanjo no ar\" \/>\n<meta property=\"article:publisher\" content=\"https:\/\/www.facebook.com\/OArcanjoNoAr\/\" \/>\n<meta property=\"article:published_time\" content=\"2024-06-09T17:50:30+00:00\" \/>\n<meta property=\"article:modified_time\" content=\"2024-06-09T18:13:12+00:00\" \/>\n<meta property=\"og:image\" content=\"https:\/\/www.oarcanjo.net\/site\/wp-content\/uploads\/20240609-ChamadaFestaJunina01.png\" \/>\n\t<meta property=\"og:image:width\" content=\"1229\" \/>\n\t<meta property=\"og:image:height\" content=\"687\" \/>\n\t<meta property=\"og:image:type\" content=\"image\/png\" \/>\n<meta name=\"author\" content=\"editor\" \/>\n<meta name=\"twitter:card\" content=\"summary_large_image\" \/>\n<meta name=\"twitter:label1\" content=\"Escrito por\" \/>\n\t<meta name=\"twitter:data1\" content=\"editor\" \/>\n\t<meta name=\"twitter:label2\" content=\"Est. tempo de leitura\" \/>\n\t<meta name=\"twitter:data2\" content=\"1 minuto\" \/>\n<script type=\"application\/ld+json\" class=\"yoast-schema-graph\">{\"@context\":\"https:\/\/schema.org\",\"@graph\":[{\"@type\":\"Article\",\"@id\":\"https:\/\/www.oarcanjo.net\/site\/festa-junina-da-comunidade-sera-nos-dias-28-29-e-30-06\/#article\",\"isPartOf\":{\"@id\":\"https:\/\/www.oarcanjo.net\/site\/festa-junina-da-comunidade-sera-nos-dias-28-29-e-30-06\/\"},\"author\":{\"name\":\"editor\",\"@id\":\"https:\/\/www.oarcanjo.net\/site\/#\/schema\/person\/f7024d007863202483a31326673a0838\"},\"headline\":\"Festa junina da comunidade ser\u00e1 nos dias 28, 29 e 30\/06\",\"datePublished\":\"2024-06-09T17:50:30+00:00\",\"dateModified\":\"2024-06-09T18:13:12+00:00\",\"mainEntityOfPage\":{\"@id\":\"https:\/\/www.oarcanjo.net\/site\/festa-junina-da-comunidade-sera-nos-dias-28-29-e-30-06\/\"},\"wordCount\":57,\"commentCount\":0,\"publisher\":{\"@id\":\"https:\/\/www.oarcanjo.net\/site\/#organization\"},\"image\":{\"@id\":\"https:\/\/www.oarcanjo.net\/site\/festa-junina-da-comunidade-sera-nos-dias-28-29-e-30-06\/#primaryimage\"},\"thumbnailUrl\":\"https:\/\/www.oarcanjo.net\/site\/wp-content\/uploads\/20240609-ChamadaFestaJunina01.png\",\"articleSection\":[\"Destaques\",\"Not\u00edcias\",\"V\u00eddeos\"],\"inLanguage\":\"pt-BR\",\"potentialAction\":[{\"@type\":\"CommentAction\",\"name\":\"Comment\",\"target\":[\"https:\/\/www.oarcanjo.net\/site\/festa-junina-da-comunidade-sera-nos-dias-28-29-e-30-06\/#respond\"]}]},{\"@type\":\"WebPage\",\"@id\":\"https:\/\/www.oarcanjo.net\/site\/festa-junina-da-comunidade-sera-nos-dias-28-29-e-30-06\/\",\"url\":\"https:\/\/www.oarcanjo.net\/site\/festa-junina-da-comunidade-sera-nos-dias-28-29-e-30-06\/\",\"name\":\"Festa junina da comunidade ser\u00e1 nos dias 28, 29 e 30\/06 - O Arcanjo no ar\",\"isPartOf\":{\"@id\":\"https:\/\/www.oarcanjo.net\/site\/#website\"},\"primaryImageOfPage\":{\"@id\":\"https:\/\/www.oarcanjo.net\/site\/festa-junina-da-comunidade-sera-nos-dias-28-29-e-30-06\/#primaryimage\"},\"image\":{\"@id\":\"https:\/\/www.oarcanjo.net\/site\/festa-junina-da-comunidade-sera-nos-dias-28-29-e-30-06\/#primaryimage\"},\"thumbnailUrl\":\"https:\/\/www.oarcanjo.net\/site\/wp-content\/uploads\/20240609-ChamadaFestaJunina01.png\",\"datePublished\":\"2024-06-09T17:50:30+00:00\",\"dateModified\":\"2024-06-09T18:13:12+00:00\",\"breadcrumb\":{\"@id\":\"https:\/\/www.oarcanjo.net\/site\/festa-junina-da-comunidade-sera-nos-dias-28-29-e-30-06\/#breadcrumb\"},\"inLanguage\":\"pt-BR\",\"potentialAction\":[{\"@type\":\"ReadAction\",\"target\":[\"https:\/\/www.oarcanjo.net\/site\/festa-junina-da-comunidade-sera-nos-dias-28-29-e-30-06\/\"]}]},{\"@type\":\"ImageObject\",\"inLanguage\":\"pt-BR\",\"@id\":\"https:\/\/www.oarcanjo.net\/site\/festa-junina-da-comunidade-sera-nos-dias-28-29-e-30-06\/#primaryimage\",\"url\":\"https:\/\/www.oarcanjo.net\/site\/wp-content\/uploads\/20240609-ChamadaFestaJunina01.png\",\"contentUrl\":\"https:\/\/www.oarcanjo.net\/site\/wp-content\/uploads\/20240609-ChamadaFestaJunina01.png\",\"width\":1229,\"height\":687},{\"@type\":\"BreadcrumbList\",\"@id\":\"https:\/\/www.oarcanjo.net\/site\/festa-junina-da-comunidade-sera-nos-dias-28-29-e-30-06\/#breadcrumb\",\"itemListElement\":[{\"@type\":\"ListItem\",\"position\":1,\"name\":\"In\u00edcio\",\"item\":\"https:\/\/www.oarcanjo.net\/site\/\"},{\"@type\":\"ListItem\",\"position\":2,\"name\":\"Festa junina da comunidade ser\u00e1 nos dias 28, 29 e 30\/06\"}]},{\"@type\":\"WebSite\",\"@id\":\"https:\/\/www.oarcanjo.net\/site\/#website\",\"url\":\"https:\/\/www.oarcanjo.net\/site\/\",\"name\":\"O Arcanjo no ar\",\"description\":\"Site da Par\u00f3quia S\u00e3o Miguel Arcanjo (Arquidiocese de SP)\",\"publisher\":{\"@id\":\"https:\/\/www.oarcanjo.net\/site\/#organization\"},\"potentialAction\":[{\"@type\":\"SearchAction\",\"target\":{\"@type\":\"EntryPoint\",\"urlTemplate\":\"https:\/\/www.oarcanjo.net\/site\/?s={search_term_string}\"},\"query-input\":{\"@type\":\"PropertyValueSpecification\",\"valueRequired\":true,\"valueName\":\"search_term_string\"}}],\"inLanguage\":\"pt-BR\"},{\"@type\":\"Organization\",\"@id\":\"https:\/\/www.oarcanjo.net\/site\/#organization\",\"name\":\"Par\u00f3quia S\u00e3o Miguel Arcanjo\",\"url\":\"https:\/\/www.oarcanjo.net\/site\/\",\"logo\":{\"@type\":\"ImageObject\",\"inLanguage\":\"pt-BR\",\"@id\":\"https:\/\/www.oarcanjo.net\/site\/#\/schema\/logo\/image\/\",\"url\":\"https:\/\/www.oarcanjo.net\/site\/wp-content\/uploads\/LogoOArcanjo.png\",\"contentUrl\":\"https:\/\/www.oarcanjo.net\/site\/wp-content\/uploads\/LogoOArcanjo.png\",\"width\":319,\"height\":99,\"caption\":\"Par\u00f3quia S\u00e3o Miguel Arcanjo\"},\"image\":{\"@id\":\"https:\/\/www.oarcanjo.net\/site\/#\/schema\/logo\/image\/\"},\"sameAs\":[\"https:\/\/www.facebook.com\/OArcanjoNoAr\/\"]},{\"@type\":\"Person\",\"@id\":\"https:\/\/www.oarcanjo.net\/site\/#\/schema\/person\/f7024d007863202483a31326673a0838\",\"name\":\"editor\",\"sameAs\":[\"http:\/\/www.oarcanjo.net\"]}]}<\/script>\n<!-- \/ Yoast SEO plugin. -->","yoast_head_json":{"title":"Festa junina da comunidade ser\u00e1 nos dias 28, 29 e 30\/06 - O Arcanjo no ar","robots":{"index":"index","follow":"follow","max-snippet":"max-snippet:-1","max-image-preview":"max-image-preview:large","max-video-preview":"max-video-preview:-1"},"canonical":"https:\/\/www.oarcanjo.net\/site\/festa-junina-da-comunidade-sera-nos-dias-28-29-e-30-06\/","og_locale":"pt_BR","og_type":"article","og_title":"Festa junina da comunidade ser\u00e1 nos dias 28, 29 e 30\/06 - O Arcanjo no ar","og_description":"Este ano, a festa ser\u00e1 realizada em parceria com o MST e com a Pastoral do Povo da Rua, em frente ao sacol\u00e3o popular Irm\u00e3o Pedro","og_url":"https:\/\/www.oarcanjo.net\/site\/festa-junina-da-comunidade-sera-nos-dias-28-29-e-30-06\/","og_site_name":"O Arcanjo no ar","article_publisher":"https:\/\/www.facebook.com\/OArcanjoNoAr\/","article_published_time":"2024-06-09T17:50:30+00:00","article_modified_time":"2024-06-09T18:13:12+00:00","og_image":[{"width":1229,"height":687,"url":"https:\/\/www.oarcanjo.net\/site\/wp-content\/uploads\/20240609-ChamadaFestaJunina01.png","type":"image\/png"}],"author":"editor","twitter_card":"summary_large_image","twitter_misc":{"Escrito por":"editor","Est. tempo de leitura":"1 minuto"},"schema":{"@context":"https:\/\/schema.org","@graph":[{"@type":"Article","@id":"https:\/\/www.oarcanjo.net\/site\/festa-junina-da-comunidade-sera-nos-dias-28-29-e-30-06\/#article","isPartOf":{"@id":"https:\/\/www.oarcanjo.net\/site\/festa-junina-da-comunidade-sera-nos-dias-28-29-e-30-06\/"},"author":{"name":"editor","@id":"https:\/\/www.oarcanjo.net\/site\/#\/schema\/person\/f7024d007863202483a31326673a0838"},"headline":"Festa junina da comunidade ser\u00e1 nos dias 28, 29 e 30\/06","datePublished":"2024-06-09T17:50:30+00:00","dateModified":"2024-06-09T18:13:12+00:00","mainEntityOfPage":{"@id":"https:\/\/www.oarcanjo.net\/site\/festa-junina-da-comunidade-sera-nos-dias-28-29-e-30-06\/"},"wordCount":57,"commentCount":0,"publisher":{"@id":"https:\/\/www.oarcanjo.net\/site\/#organization"},"image":{"@id":"https:\/\/www.oarcanjo.net\/site\/festa-junina-da-comunidade-sera-nos-dias-28-29-e-30-06\/#primaryimage"},"thumbnailUrl":"https:\/\/www.oarcanjo.net\/site\/wp-content\/uploads\/20240609-ChamadaFestaJunina01.png","articleSection":["Destaques","Not\u00edcias","V\u00eddeos"],"inLanguage":"pt-BR","potentialAction":[{"@type":"CommentAction","name":"Comment","target":["https:\/\/www.oarcanjo.net\/site\/festa-junina-da-comunidade-sera-nos-dias-28-29-e-30-06\/#respond"]}]},{"@type":"WebPage","@id":"https:\/\/www.oarcanjo.net\/site\/festa-junina-da-comunidade-sera-nos-dias-28-29-e-30-06\/","url":"https:\/\/www.oarcanjo.net\/site\/festa-junina-da-comunidade-sera-nos-dias-28-29-e-30-06\/","name":"Festa junina da comunidade ser\u00e1 nos dias 28, 29 e 30\/06 - O Arcanjo no ar","isPartOf":{"@id":"https:\/\/www.oarcanjo.net\/site\/#website"},"primaryImageOfPage":{"@id":"https:\/\/www.oarcanjo.net\/site\/festa-junina-da-comunidade-sera-nos-dias-28-29-e-30-06\/#primaryimage"},"image":{"@id":"https:\/\/www.oarcanjo.net\/site\/festa-junina-da-comunidade-sera-nos-dias-28-29-e-30-06\/#primaryimage"},"thumbnailUrl":"https:\/\/www.oarcanjo.net\/site\/wp-content\/uploads\/20240609-ChamadaFestaJunina01.png","datePublished":"2024-06-09T17:50:30+00:00","dateModified":"2024-06-09T18:13:12+00:00","breadcrumb":{"@id":"https:\/\/www.oarcanjo.net\/site\/festa-junina-da-comunidade-sera-nos-dias-28-29-e-30-06\/#breadcrumb"},"inLanguage":"pt-BR","potentialAction":[{"@type":"ReadAction","target":["https:\/\/www.oarcanjo.net\/site\/festa-junina-da-comunidade-sera-nos-dias-28-29-e-30-06\/"]}]},{"@type":"ImageObject","inLanguage":"pt-BR","@id":"https:\/\/www.oarcanjo.net\/site\/festa-junina-da-comunidade-sera-nos-dias-28-29-e-30-06\/#primaryimage","url":"https:\/\/www.oarcanjo.net\/site\/wp-content\/uploads\/20240609-ChamadaFestaJunina01.png","contentUrl":"https:\/\/www.oarcanjo.net\/site\/wp-content\/uploads\/20240609-ChamadaFestaJunina01.png","width":1229,"height":687},{"@type":"BreadcrumbList","@id":"https:\/\/www.oarcanjo.net\/site\/festa-junina-da-comunidade-sera-nos-dias-28-29-e-30-06\/#breadcrumb","itemListElement":[{"@type":"ListItem","position":1,"name":"In\u00edcio","item":"https:\/\/www.oarcanjo.net\/site\/"},{"@type":"ListItem","position":2,"name":"Festa junina da comunidade ser\u00e1 nos dias 28, 29 e 30\/06"}]},{"@type":"WebSite","@id":"https:\/\/www.oarcanjo.net\/site\/#website","url":"https:\/\/www.oarcanjo.net\/site\/","name":"O Arcanjo no ar","description":"Site da Par\u00f3quia S\u00e3o Miguel Arcanjo (Arquidiocese de SP)","publisher":{"@id":"https:\/\/www.oarcanjo.net\/site\/#organization"},"potentialAction":[{"@type":"SearchAction","target":{"@type":"EntryPoint","urlTemplate":"https:\/\/www.oarcanjo.net\/site\/?s={search_term_string}"},"query-input":{"@type":"PropertyValueSpecification","valueRequired":true,"valueName":"search_term_string"}}],"inLanguage":"pt-BR"},{"@type":"Organization","@id":"https:\/\/www.oarcanjo.net\/site\/#organization","name":"Par\u00f3quia S\u00e3o Miguel Arcanjo","url":"https:\/\/www.oarcanjo.net\/site\/","logo":{"@type":"ImageObject","inLanguage":"pt-BR","@id":"https:\/\/www.oarcanjo.net\/site\/#\/schema\/logo\/image\/","url":"https:\/\/www.oarcanjo.net\/site\/wp-content\/uploads\/LogoOArcanjo.png","contentUrl":"https:\/\/www.oarcanjo.net\/site\/wp-content\/uploads\/LogoOArcanjo.png","width":319,"height":99,"caption":"Par\u00f3quia S\u00e3o Miguel Arcanjo"},"image":{"@id":"https:\/\/www.oarcanjo.net\/site\/#\/schema\/logo\/image\/"},"sameAs":["https:\/\/www.facebook.com\/OArcanjoNoAr\/"]},{"@type":"Person","@id":"https:\/\/www.oarcanjo.net\/site\/#\/schema\/person\/f7024d007863202483a31326673a0838","name":"editor","sameAs":["http:\/\/www.oarcanjo.net"]}]}},"publishpress_future_action":{"enabled":false,"date":"2026-05-06 10:39:17","action":"category","newStatus":"draft","terms":[],"taxonomy":"category"},"publishpress_future_workflow_manual_trigger":{"enabledWorkflows":[]},"_links":{"self":[{"href":"https:\/\/www.oarcanjo.net\/site\/wp-json\/wp\/v2\/posts\/128508"}],"collection":[{"href":"https:\/\/www.oarcanjo.net\/site\/wp-json\/wp\/v2\/posts"}],"about":[{"href":"https:\/\/www.oarcanjo.net\/site\/wp-json\/wp\/v2\/types\/post"}],"author":[{"embeddable":true,"href":"https:\/\/www.oarcanjo.net\/site\/wp-json\/wp\/v2\/users\/5"}],"replies":[{"embeddable":true,"href":"https:\/\/www.oarcanjo.net\/site\/wp-json\/wp\/v2\/comments?post=128508"}],"version-history":[{"count":3,"href":"https:\/\/www.oarcanjo.net\/site\/wp-json\/wp\/v2\/posts\/128508\/revisions"}],"predecessor-version":[{"id":128519,"href":"https:\/\/www.oarcanjo.net\/site\/wp-json\/wp\/v2\/posts\/128508\/revisions\/128519"}],"wp:featuredmedia":[{"embeddable":true,"href":"https:\/\/www.oarcanjo.net\/site\/wp-json\/wp\/v2\/media\/128509"}],"wp:attachment":[{"href":"https:\/\/www.oarcanjo.net\/site\/wp-json\/wp\/v2\/media?parent=128508"}],"wp:term":[{"taxonomy":"category","embeddable":true,"href":"https:\/\/www.oarcanjo.net\/site\/wp-json\/wp\/v2\/categories?post=128508"},{"taxonomy":"post_tag","embeddable":true,"href":"https:\/\/www.oarcanjo.net\/site\/wp-json\/wp\/v2\/tags?post=128508"}],"curies":[{"name":"wp","href":"https:\/\/api.w.org\/{rel}","templated":true}]}}