
{"id":128514,"date":"2024-06-09T15:00:29","date_gmt":"2024-06-09T18:00:29","guid":{"rendered":"https:\/\/www.oarcanjo.net\/site\/?p=128514"},"modified":"2024-06-16T14:19:02","modified_gmt":"2024-06-16T17:19:02","slug":"homilia-do-pe-julio-lancellotti-no-10o-domingo-do-tempo-comum-09-06-2024","status":"publish","type":"post","link":"https:\/\/www.oarcanjo.net\/site\/homilia-do-pe-julio-lancellotti-no-10o-domingo-do-tempo-comum-09-06-2024\/","title":{"rendered":"Homilia do Pe. Julio Lancellotti no 10\u00ba Domingo do Tempo Comum &#8211; 09\/06\/2024"},"content":{"rendered":"<p>Jesus vai dizer &#8220;a minha fam\u00edlia n\u00e3o \u00e9 biol\u00f3gica, a minha fam\u00edlia \u00e9 feita de la\u00e7os de amor, daqueles que aderem a uma proposta amorosa, que \u00e9 vista como loucura&#8221;. Ningu\u00e9m precisa fazer DNA, basta amar como Jesus. Confira a homilia do Pe. Julio Lancellotti no 10\u00ba Domingo do Tempo Comum, celebrado em 09\/06\/2024.<\/p>\n<p><iframe loading=\"lazy\" width=\"700\" height=\"394\" src=\"https:\/\/www.youtube.com\/embed\/nQKVso9n8uQ?rel=0\" title=\"YouTube video player\" frameborder=\"0\" allow=\"accelerometer; autoplay; clipboard-write; encrypted-media; gyroscope; picture-in-picture; web-share\" referrerpolicy=\"strict-origin-when-cross-origin\" allowfullscreen><\/iframe><\/p>\n<div id=\"themify_builder_content-128514\" data-postid=\"128514\" class=\"themify_builder_content themify_builder_content-128514 themify_builder themify_builder_front\">\n\t<\/div>\n<!-- \/themify_builder_content -->","protected":false},"excerpt":{"rendered":"<p>A minha fam\u00edlia n\u00e3o \u00e9 biol\u00f3gica, a minha fam\u00edlia \u00e9 feita de la\u00e7os de amor, daqueles que aderem a uma proposta amorosa, que \u00e9 vista como loucura<\/p>\n","protected":false},"author":5,"featured_media":128516,"comment_status":"open","ping_status":"open","sticky":false,"template":"","format":"standard","meta":{"ngg_post_thumbnail":0,"footnotes":""},"categories":[4,3,475],"tags":[],"yoast_head":"<!-- This site is optimized with the Yoast SEO plugin v23.5 - https:\/\/yoast.com\/wordpress\/plugins\/seo\/ -->\n<title>Homilia do Pe. Julio Lancellotti no 10\u00ba Domingo do Tempo Comum - 09\/06\/2024 - O Arcanjo no ar<\/title>\n<meta name=\"robots\" content=\"index, follow, max-snippet:-1, max-image-preview:large, max-video-preview:-1\" \/>\n<link rel=\"canonical\" href=\"https:\/\/www.oarcanjo.net\/site\/homilia-do-pe-julio-lancellotti-no-10o-domingo-do-tempo-comum-09-06-2024\/\" \/>\n<meta property=\"og:locale\" content=\"pt_BR\" \/>\n<meta property=\"og:type\" content=\"article\" \/>\n<meta property=\"og:title\" content=\"Homilia do Pe. Julio Lancellotti no 10\u00ba Domingo do Tempo Comum - 09\/06\/2024 - O Arcanjo no ar\" \/>\n<meta property=\"og:description\" content=\"A minha fam\u00edlia n\u00e3o \u00e9 biol\u00f3gica, a minha fam\u00edlia \u00e9 feita de la\u00e7os de amor, daqueles que aderem a uma proposta amorosa, que \u00e9 vista como loucura\" \/>\n<meta property=\"og:url\" content=\"https:\/\/www.oarcanjo.net\/site\/homilia-do-pe-julio-lancellotti-no-10o-domingo-do-tempo-comum-09-06-2024\/\" \/>\n<meta property=\"og:site_name\" content=\"O Arcanjo no ar\" \/>\n<meta property=\"article:publisher\" content=\"https:\/\/www.facebook.com\/OArcanjoNoAr\/\" \/>\n<meta property=\"article:published_time\" content=\"2024-06-09T18:00:29+00:00\" \/>\n<meta property=\"article:modified_time\" content=\"2024-06-16T17:19:02+00:00\" \/>\n<meta property=\"og:image\" content=\"https:\/\/www.oarcanjo.net\/site\/wp-content\/uploads\/20240609-Homilia02.png\" \/>\n\t<meta property=\"og:image:width\" content=\"1222\" \/>\n\t<meta property=\"og:image:height\" content=\"682\" \/>\n\t<meta property=\"og:image:type\" content=\"image\/png\" \/>\n<meta name=\"author\" content=\"editor\" \/>\n<meta name=\"twitter:card\" content=\"summary_large_image\" \/>\n<meta name=\"twitter:label1\" content=\"Escrito por\" \/>\n\t<meta name=\"twitter:data1\" content=\"editor\" \/>\n<script type=\"application\/ld+json\" class=\"yoast-schema-graph\">{\"@context\":\"https:\/\/schema.org\",\"@graph\":[{\"@type\":\"Article\",\"@id\":\"https:\/\/www.oarcanjo.net\/site\/homilia-do-pe-julio-lancellotti-no-10o-domingo-do-tempo-comum-09-06-2024\/#article\",\"isPartOf\":{\"@id\":\"https:\/\/www.oarcanjo.net\/site\/homilia-do-pe-julio-lancellotti-no-10o-domingo-do-tempo-comum-09-06-2024\/\"},\"author\":{\"name\":\"editor\",\"@id\":\"https:\/\/www.oarcanjo.net\/site\/#\/schema\/person\/f7024d007863202483a31326673a0838\"},\"headline\":\"Homilia do Pe. Julio Lancellotti no 10\u00ba Domingo do Tempo Comum &#8211; 09\/06\/2024\",\"datePublished\":\"2024-06-09T18:00:29+00:00\",\"dateModified\":\"2024-06-16T17:19:02+00:00\",\"mainEntityOfPage\":{\"@id\":\"https:\/\/www.oarcanjo.net\/site\/homilia-do-pe-julio-lancellotti-no-10o-domingo-do-tempo-comum-09-06-2024\/\"},\"wordCount\":66,\"commentCount\":0,\"publisher\":{\"@id\":\"https:\/\/www.oarcanjo.net\/site\/#organization\"},\"image\":{\"@id\":\"https:\/\/www.oarcanjo.net\/site\/homilia-do-pe-julio-lancellotti-no-10o-domingo-do-tempo-comum-09-06-2024\/#primaryimage\"},\"thumbnailUrl\":\"https:\/\/www.oarcanjo.net\/site\/wp-content\/uploads\/20240609-Homilia02.png\",\"articleSection\":[\"Blog\",\"Destaques\",\"Homilias\"],\"inLanguage\":\"pt-BR\",\"potentialAction\":[{\"@type\":\"CommentAction\",\"name\":\"Comment\",\"target\":[\"https:\/\/www.oarcanjo.net\/site\/homilia-do-pe-julio-lancellotti-no-10o-domingo-do-tempo-comum-09-06-2024\/#respond\"]}]},{\"@type\":\"WebPage\",\"@id\":\"https:\/\/www.oarcanjo.net\/site\/homilia-do-pe-julio-lancellotti-no-10o-domingo-do-tempo-comum-09-06-2024\/\",\"url\":\"https:\/\/www.oarcanjo.net\/site\/homilia-do-pe-julio-lancellotti-no-10o-domingo-do-tempo-comum-09-06-2024\/\",\"name\":\"Homilia do Pe. Julio Lancellotti no 10\u00ba Domingo do Tempo Comum - 09\/06\/2024 - O Arcanjo no ar\",\"isPartOf\":{\"@id\":\"https:\/\/www.oarcanjo.net\/site\/#website\"},\"primaryImageOfPage\":{\"@id\":\"https:\/\/www.oarcanjo.net\/site\/homilia-do-pe-julio-lancellotti-no-10o-domingo-do-tempo-comum-09-06-2024\/#primaryimage\"},\"image\":{\"@id\":\"https:\/\/www.oarcanjo.net\/site\/homilia-do-pe-julio-lancellotti-no-10o-domingo-do-tempo-comum-09-06-2024\/#primaryimage\"},\"thumbnailUrl\":\"https:\/\/www.oarcanjo.net\/site\/wp-content\/uploads\/20240609-Homilia02.png\",\"datePublished\":\"2024-06-09T18:00:29+00:00\",\"dateModified\":\"2024-06-16T17:19:02+00:00\",\"breadcrumb\":{\"@id\":\"https:\/\/www.oarcanjo.net\/site\/homilia-do-pe-julio-lancellotti-no-10o-domingo-do-tempo-comum-09-06-2024\/#breadcrumb\"},\"inLanguage\":\"pt-BR\",\"potentialAction\":[{\"@type\":\"ReadAction\",\"target\":[\"https:\/\/www.oarcanjo.net\/site\/homilia-do-pe-julio-lancellotti-no-10o-domingo-do-tempo-comum-09-06-2024\/\"]}]},{\"@type\":\"ImageObject\",\"inLanguage\":\"pt-BR\",\"@id\":\"https:\/\/www.oarcanjo.net\/site\/homilia-do-pe-julio-lancellotti-no-10o-domingo-do-tempo-comum-09-06-2024\/#primaryimage\",\"url\":\"https:\/\/www.oarcanjo.net\/site\/wp-content\/uploads\/20240609-Homilia02.png\",\"contentUrl\":\"https:\/\/www.oarcanjo.net\/site\/wp-content\/uploads\/20240609-Homilia02.png\",\"width\":1222,\"height\":682},{\"@type\":\"BreadcrumbList\",\"@id\":\"https:\/\/www.oarcanjo.net\/site\/homilia-do-pe-julio-lancellotti-no-10o-domingo-do-tempo-comum-09-06-2024\/#breadcrumb\",\"itemListElement\":[{\"@type\":\"ListItem\",\"position\":1,\"name\":\"In\u00edcio\",\"item\":\"https:\/\/www.oarcanjo.net\/site\/\"},{\"@type\":\"ListItem\",\"position\":2,\"name\":\"Homilia do Pe. Julio Lancellotti no 10\u00ba Domingo do Tempo Comum &#8211; 09\/06\/2024\"}]},{\"@type\":\"WebSite\",\"@id\":\"https:\/\/www.oarcanjo.net\/site\/#website\",\"url\":\"https:\/\/www.oarcanjo.net\/site\/\",\"name\":\"O Arcanjo no ar\",\"description\":\"Site da Par\u00f3quia S\u00e3o Miguel Arcanjo (Arquidiocese de SP)\",\"publisher\":{\"@id\":\"https:\/\/www.oarcanjo.net\/site\/#organization\"},\"potentialAction\":[{\"@type\":\"SearchAction\",\"target\":{\"@type\":\"EntryPoint\",\"urlTemplate\":\"https:\/\/www.oarcanjo.net\/site\/?s={search_term_string}\"},\"query-input\":{\"@type\":\"PropertyValueSpecification\",\"valueRequired\":true,\"valueName\":\"search_term_string\"}}],\"inLanguage\":\"pt-BR\"},{\"@type\":\"Organization\",\"@id\":\"https:\/\/www.oarcanjo.net\/site\/#organization\",\"name\":\"Par\u00f3quia S\u00e3o Miguel Arcanjo\",\"url\":\"https:\/\/www.oarcanjo.net\/site\/\",\"logo\":{\"@type\":\"ImageObject\",\"inLanguage\":\"pt-BR\",\"@id\":\"https:\/\/www.oarcanjo.net\/site\/#\/schema\/logo\/image\/\",\"url\":\"https:\/\/www.oarcanjo.net\/site\/wp-content\/uploads\/LogoOArcanjo.png\",\"contentUrl\":\"https:\/\/www.oarcanjo.net\/site\/wp-content\/uploads\/LogoOArcanjo.png\",\"width\":319,\"height\":99,\"caption\":\"Par\u00f3quia S\u00e3o Miguel Arcanjo\"},\"image\":{\"@id\":\"https:\/\/www.oarcanjo.net\/site\/#\/schema\/logo\/image\/\"},\"sameAs\":[\"https:\/\/www.facebook.com\/OArcanjoNoAr\/\"]},{\"@type\":\"Person\",\"@id\":\"https:\/\/www.oarcanjo.net\/site\/#\/schema\/person\/f7024d007863202483a31326673a0838\",\"name\":\"editor\",\"sameAs\":[\"http:\/\/www.oarcanjo.net\"]}]}<\/script>\n<!-- \/ Yoast SEO plugin. -->","yoast_head_json":{"title":"Homilia do Pe. Julio Lancellotti no 10\u00ba Domingo do Tempo Comum - 09\/06\/2024 - O Arcanjo no ar","robots":{"index":"index","follow":"follow","max-snippet":"max-snippet:-1","max-image-preview":"max-image-preview:large","max-video-preview":"max-video-preview:-1"},"canonical":"https:\/\/www.oarcanjo.net\/site\/homilia-do-pe-julio-lancellotti-no-10o-domingo-do-tempo-comum-09-06-2024\/","og_locale":"pt_BR","og_type":"article","og_title":"Homilia do Pe. Julio Lancellotti no 10\u00ba Domingo do Tempo Comum - 09\/06\/2024 - O Arcanjo no ar","og_description":"A minha fam\u00edlia n\u00e3o \u00e9 biol\u00f3gica, a minha fam\u00edlia \u00e9 feita de la\u00e7os de amor, daqueles que aderem a uma proposta amorosa, que \u00e9 vista como loucura","og_url":"https:\/\/www.oarcanjo.net\/site\/homilia-do-pe-julio-lancellotti-no-10o-domingo-do-tempo-comum-09-06-2024\/","og_site_name":"O Arcanjo no ar","article_publisher":"https:\/\/www.facebook.com\/OArcanjoNoAr\/","article_published_time":"2024-06-09T18:00:29+00:00","article_modified_time":"2024-06-16T17:19:02+00:00","og_image":[{"width":1222,"height":682,"url":"https:\/\/www.oarcanjo.net\/site\/wp-content\/uploads\/20240609-Homilia02.png","type":"image\/png"}],"author":"editor","twitter_card":"summary_large_image","twitter_misc":{"Escrito por":"editor"},"schema":{"@context":"https:\/\/schema.org","@graph":[{"@type":"Article","@id":"https:\/\/www.oarcanjo.net\/site\/homilia-do-pe-julio-lancellotti-no-10o-domingo-do-tempo-comum-09-06-2024\/#article","isPartOf":{"@id":"https:\/\/www.oarcanjo.net\/site\/homilia-do-pe-julio-lancellotti-no-10o-domingo-do-tempo-comum-09-06-2024\/"},"author":{"name":"editor","@id":"https:\/\/www.oarcanjo.net\/site\/#\/schema\/person\/f7024d007863202483a31326673a0838"},"headline":"Homilia do Pe. Julio Lancellotti no 10\u00ba Domingo do Tempo Comum &#8211; 09\/06\/2024","datePublished":"2024-06-09T18:00:29+00:00","dateModified":"2024-06-16T17:19:02+00:00","mainEntityOfPage":{"@id":"https:\/\/www.oarcanjo.net\/site\/homilia-do-pe-julio-lancellotti-no-10o-domingo-do-tempo-comum-09-06-2024\/"},"wordCount":66,"commentCount":0,"publisher":{"@id":"https:\/\/www.oarcanjo.net\/site\/#organization"},"image":{"@id":"https:\/\/www.oarcanjo.net\/site\/homilia-do-pe-julio-lancellotti-no-10o-domingo-do-tempo-comum-09-06-2024\/#primaryimage"},"thumbnailUrl":"https:\/\/www.oarcanjo.net\/site\/wp-content\/uploads\/20240609-Homilia02.png","articleSection":["Blog","Destaques","Homilias"],"inLanguage":"pt-BR","potentialAction":[{"@type":"CommentAction","name":"Comment","target":["https:\/\/www.oarcanjo.net\/site\/homilia-do-pe-julio-lancellotti-no-10o-domingo-do-tempo-comum-09-06-2024\/#respond"]}]},{"@type":"WebPage","@id":"https:\/\/www.oarcanjo.net\/site\/homilia-do-pe-julio-lancellotti-no-10o-domingo-do-tempo-comum-09-06-2024\/","url":"https:\/\/www.oarcanjo.net\/site\/homilia-do-pe-julio-lancellotti-no-10o-domingo-do-tempo-comum-09-06-2024\/","name":"Homilia do Pe. Julio Lancellotti no 10\u00ba Domingo do Tempo Comum - 09\/06\/2024 - O Arcanjo no ar","isPartOf":{"@id":"https:\/\/www.oarcanjo.net\/site\/#website"},"primaryImageOfPage":{"@id":"https:\/\/www.oarcanjo.net\/site\/homilia-do-pe-julio-lancellotti-no-10o-domingo-do-tempo-comum-09-06-2024\/#primaryimage"},"image":{"@id":"https:\/\/www.oarcanjo.net\/site\/homilia-do-pe-julio-lancellotti-no-10o-domingo-do-tempo-comum-09-06-2024\/#primaryimage"},"thumbnailUrl":"https:\/\/www.oarcanjo.net\/site\/wp-content\/uploads\/20240609-Homilia02.png","datePublished":"2024-06-09T18:00:29+00:00","dateModified":"2024-06-16T17:19:02+00:00","breadcrumb":{"@id":"https:\/\/www.oarcanjo.net\/site\/homilia-do-pe-julio-lancellotti-no-10o-domingo-do-tempo-comum-09-06-2024\/#breadcrumb"},"inLanguage":"pt-BR","potentialAction":[{"@type":"ReadAction","target":["https:\/\/www.oarcanjo.net\/site\/homilia-do-pe-julio-lancellotti-no-10o-domingo-do-tempo-comum-09-06-2024\/"]}]},{"@type":"ImageObject","inLanguage":"pt-BR","@id":"https:\/\/www.oarcanjo.net\/site\/homilia-do-pe-julio-lancellotti-no-10o-domingo-do-tempo-comum-09-06-2024\/#primaryimage","url":"https:\/\/www.oarcanjo.net\/site\/wp-content\/uploads\/20240609-Homilia02.png","contentUrl":"https:\/\/www.oarcanjo.net\/site\/wp-content\/uploads\/20240609-Homilia02.png","width":1222,"height":682},{"@type":"BreadcrumbList","@id":"https:\/\/www.oarcanjo.net\/site\/homilia-do-pe-julio-lancellotti-no-10o-domingo-do-tempo-comum-09-06-2024\/#breadcrumb","itemListElement":[{"@type":"ListItem","position":1,"name":"In\u00edcio","item":"https:\/\/www.oarcanjo.net\/site\/"},{"@type":"ListItem","position":2,"name":"Homilia do Pe. Julio Lancellotti no 10\u00ba Domingo do Tempo Comum &#8211; 09\/06\/2024"}]},{"@type":"WebSite","@id":"https:\/\/www.oarcanjo.net\/site\/#website","url":"https:\/\/www.oarcanjo.net\/site\/","name":"O Arcanjo no ar","description":"Site da Par\u00f3quia S\u00e3o Miguel Arcanjo (Arquidiocese de SP)","publisher":{"@id":"https:\/\/www.oarcanjo.net\/site\/#organization"},"potentialAction":[{"@type":"SearchAction","target":{"@type":"EntryPoint","urlTemplate":"https:\/\/www.oarcanjo.net\/site\/?s={search_term_string}"},"query-input":{"@type":"PropertyValueSpecification","valueRequired":true,"valueName":"search_term_string"}}],"inLanguage":"pt-BR"},{"@type":"Organization","@id":"https:\/\/www.oarcanjo.net\/site\/#organization","name":"Par\u00f3quia S\u00e3o Miguel Arcanjo","url":"https:\/\/www.oarcanjo.net\/site\/","logo":{"@type":"ImageObject","inLanguage":"pt-BR","@id":"https:\/\/www.oarcanjo.net\/site\/#\/schema\/logo\/image\/","url":"https:\/\/www.oarcanjo.net\/site\/wp-content\/uploads\/LogoOArcanjo.png","contentUrl":"https:\/\/www.oarcanjo.net\/site\/wp-content\/uploads\/LogoOArcanjo.png","width":319,"height":99,"caption":"Par\u00f3quia S\u00e3o Miguel Arcanjo"},"image":{"@id":"https:\/\/www.oarcanjo.net\/site\/#\/schema\/logo\/image\/"},"sameAs":["https:\/\/www.facebook.com\/OArcanjoNoAr\/"]},{"@type":"Person","@id":"https:\/\/www.oarcanjo.net\/site\/#\/schema\/person\/f7024d007863202483a31326673a0838","name":"editor","sameAs":["http:\/\/www.oarcanjo.net"]}]}},"publishpress_future_action":{"enabled":false,"date":"2026-05-06 07:36:35","action":"category","newStatus":"draft","terms":[],"taxonomy":"category"},"publishpress_future_workflow_manual_trigger":{"enabledWorkflows":[]},"_links":{"self":[{"href":"https:\/\/www.oarcanjo.net\/site\/wp-json\/wp\/v2\/posts\/128514"}],"collection":[{"href":"https:\/\/www.oarcanjo.net\/site\/wp-json\/wp\/v2\/posts"}],"about":[{"href":"https:\/\/www.oarcanjo.net\/site\/wp-json\/wp\/v2\/types\/post"}],"author":[{"embeddable":true,"href":"https:\/\/www.oarcanjo.net\/site\/wp-json\/wp\/v2\/users\/5"}],"replies":[{"embeddable":true,"href":"https:\/\/www.oarcanjo.net\/site\/wp-json\/wp\/v2\/comments?post=128514"}],"version-history":[{"count":2,"href":"https:\/\/www.oarcanjo.net\/site\/wp-json\/wp\/v2\/posts\/128514\/revisions"}],"predecessor-version":[{"id":128518,"href":"https:\/\/www.oarcanjo.net\/site\/wp-json\/wp\/v2\/posts\/128514\/revisions\/128518"}],"wp:featuredmedia":[{"embeddable":true,"href":"https:\/\/www.oarcanjo.net\/site\/wp-json\/wp\/v2\/media\/128516"}],"wp:attachment":[{"href":"https:\/\/www.oarcanjo.net\/site\/wp-json\/wp\/v2\/media?parent=128514"}],"wp:term":[{"taxonomy":"category","embeddable":true,"href":"https:\/\/www.oarcanjo.net\/site\/wp-json\/wp\/v2\/categories?post=128514"},{"taxonomy":"post_tag","embeddable":true,"href":"https:\/\/www.oarcanjo.net\/site\/wp-json\/wp\/v2\/tags?post=128514"}],"curies":[{"name":"wp","href":"https:\/\/api.w.org\/{rel}","templated":true}]}}