
{"id":12857,"date":"2011-01-28T08:19:19","date_gmt":"2011-01-28T10:19:19","guid":{"rendered":"http:\/\/www.oarcanjo.net\/site\/?p=12857"},"modified":"2011-01-28T08:19:19","modified_gmt":"2011-01-28T10:19:19","slug":"dia-do-combate-ao-trabalho-escravo","status":"publish","type":"post","link":"https:\/\/www.oarcanjo.net\/site\/dia-do-combate-ao-trabalho-escravo\/","title":{"rendered":"Dia do combate ao trabalho escravo"},"content":{"rendered":"<p style=\"text-align: justify;\"><em>Pe. Alfredo J. Gon\u00e7alves, CS<\/em><\/p>\n<p style=\"text-align: justify;\">Amigos e amigas, Comemoramos hoje, 28 de janeiro, o <strong>Dia do Combate ao Trabalho Escravo<\/strong>. Trata-se de uma das contradi\u00e7\u00f5es mais flagrantes do sociedade moderna ou p\u00f3s-moderna. Ela convive, ao mesmo tempo, com a ci\u00eancia e a tecnologia mais avan\u00e7ada e com formas de trabalho execradas ao longo da hist\u00f3ria. H\u00e1 o trabalho escravo propriamente dito, mas h\u00e1 tamb\u00e9m formas de trabalho an\u00e1logas ao trabalho escravo, como o trabalho prec\u00e1rio, insalubre e degradante: trabalho infantil, com crian\u00e7as sem escolariza\u00e7\u00e3o; trabalho domiciliar, remunerado por pe\u00e7a, onde contribuem idosos, crian\u00e7as, etc.; dupla ou tr\u00edplice jornada de trabalho, especialmente no caso das mulheres; trabalho feminino com remunera\u00e7\u00e3o inferior ao masculino; trabalho aut\u00f4nomo, como forma de auto-escravid\u00e3o. N\u00e3o h\u00e1 d\u00favida que por tr\u00e1s dessas formas ultrapassadas de trabalho, em plena era da tecnologia de ponta, sempre existe expressivos movimentos migrat\u00f3rios, tempor\u00e1rios ou definitivos. Como exemplo, podemos citar o corte de cana na agro-ind\u00fastria; as safras agr\u00edcolas, tais como a colheita do caf\u00e9, da laranja ou de frutas em geral; as grandes obras, onde predominam contratos prec\u00e1rios com empreiteiras; os servi\u00e7os dom\u00e9sticos em geral, particularmente na regi\u00f5es de turismo; a ind\u00fastria t\u00eaxtil de fundo de quintal\u2026 In\u00fameros migrantes internos e imigrantes em situa\u00e7\u00e3o irregular habitam esses por\u00f5es e esconderijos, onde se trabalha muito e se ganha pouco. A falta de seguran\u00e7a e de garantias no trabalho traz, como consequ\u00eancia direta, a mutila\u00e7\u00e3o dos direitos b\u00e1sicos para uma cidadania digna: acesso \u00e0 educa\u00e7\u00e3o, \u00e0 sa\u00fade, \u00e0 habita\u00e7\u00e3o, a um endere\u00e7o\u2026 \u201cA\u00ed as pessoas n\u00e3o moram, se escondem\u201d, como diz o humor sombrio. Tamb\u00e9m n\u00e3o podemos esquecer o crime organizado, em n\u00edvel nacional e mundial, onde predomina o tr\u00e1fico de pessoas para explora\u00e7\u00e3o trabalhista ou sexual. Combater o trabalho escravo \u00e9 erguer a voz contra todo tipo de servi\u00e7o prec\u00e1rio e degradante que prolifera nos locais e ambientes mais s\u00f3rdidos da sociedade. Ironicamente, o capitalismo neoliberal, qual camale\u00e3o em constante mudan\u00e7a, incorpora essas formas n\u00e3o capitalistas de rela\u00e7\u00f5es de trabalho, para fortalecer os la\u00e7os da explora\u00e7\u00e3o e do ac\u00famulo de capital. Da\u00ed a necessidade de dar um basta \u00e0 migra\u00e7\u00e3o for\u00e7ada e ao trabalho escravo, degradante, aviltante\u2026 Um abra\u00e7o fraterno, Alfredo<\/p>\n<div id=\"themify_builder_content-12857\" data-postid=\"12857\" class=\"themify_builder_content themify_builder_content-12857 themify_builder themify_builder_front\">\n\t<\/div>\n<!-- \/themify_builder_content -->","protected":false},"excerpt":{"rendered":"<p>Pe. Alfredo J. Gon\u00e7alves, CS Amigos e amigas, Comemoramos hoje, 28 de janeiro, o Dia do Combate ao Trabalho Escravo. Trata-se de uma das contradi\u00e7\u00f5es mais flagrantes do sociedade moderna ou p\u00f3s-moderna. Ela convive, ao mesmo tempo, com a ci\u00eancia e a tecnologia mais avan\u00e7ada e com formas de trabalho execradas ao longo da hist\u00f3ria. [&hellip;]<\/p>\n","protected":false},"author":15,"featured_media":0,"comment_status":"open","ping_status":"open","sticky":false,"template":"","format":"standard","meta":{"ngg_post_thumbnail":0,"footnotes":""},"categories":[9],"tags":[],"yoast_head":"<!-- This site is optimized with the Yoast SEO plugin v23.5 - https:\/\/yoast.com\/wordpress\/plugins\/seo\/ -->\n<title>Dia do combate ao trabalho escravo - O Arcanjo no ar<\/title>\n<meta name=\"robots\" content=\"index, follow, max-snippet:-1, max-image-preview:large, max-video-preview:-1\" \/>\n<link rel=\"canonical\" href=\"https:\/\/www.oarcanjo.net\/site\/dia-do-combate-ao-trabalho-escravo\/\" \/>\n<meta property=\"og:locale\" content=\"pt_BR\" \/>\n<meta property=\"og:type\" content=\"article\" \/>\n<meta property=\"og:title\" content=\"Dia do combate ao trabalho escravo - O Arcanjo no ar\" \/>\n<meta property=\"og:description\" content=\"Pe. Alfredo J. Gon\u00e7alves, CS Amigos e amigas, Comemoramos hoje, 28 de janeiro, o Dia do Combate ao Trabalho Escravo. Trata-se de uma das contradi\u00e7\u00f5es mais flagrantes do sociedade moderna ou p\u00f3s-moderna. Ela convive, ao mesmo tempo, com a ci\u00eancia e a tecnologia mais avan\u00e7ada e com formas de trabalho execradas ao longo da hist\u00f3ria. [&hellip;]\" \/>\n<meta property=\"og:url\" content=\"https:\/\/www.oarcanjo.net\/site\/dia-do-combate-ao-trabalho-escravo\/\" \/>\n<meta property=\"og:site_name\" content=\"O Arcanjo no ar\" \/>\n<meta property=\"article:publisher\" content=\"https:\/\/www.facebook.com\/OArcanjoNoAr\/\" \/>\n<meta property=\"article:published_time\" content=\"2011-01-28T10:19:19+00:00\" \/>\n<meta property=\"og:image\" content=\"https:\/\/www.oarcanjo.net\/site\/wp-content\/uploads\/logo-o-arcanjo-no-ar-facebook.png\" \/>\n\t<meta property=\"og:image:width\" content=\"300\" \/>\n\t<meta property=\"og:image:height\" content=\"300\" \/>\n\t<meta property=\"og:image:type\" content=\"image\/png\" \/>\n<meta name=\"author\" content=\"Alexandre Nunes\" \/>\n<meta name=\"twitter:card\" content=\"summary_large_image\" \/>\n<meta name=\"twitter:label1\" content=\"Escrito por\" \/>\n\t<meta name=\"twitter:data1\" content=\"Alexandre Nunes\" \/>\n\t<meta name=\"twitter:label2\" content=\"Est. tempo de leitura\" \/>\n\t<meta name=\"twitter:data2\" content=\"2 minutos\" \/>\n<script type=\"application\/ld+json\" class=\"yoast-schema-graph\">{\"@context\":\"https:\/\/schema.org\",\"@graph\":[{\"@type\":\"Article\",\"@id\":\"https:\/\/www.oarcanjo.net\/site\/dia-do-combate-ao-trabalho-escravo\/#article\",\"isPartOf\":{\"@id\":\"https:\/\/www.oarcanjo.net\/site\/dia-do-combate-ao-trabalho-escravo\/\"},\"author\":{\"name\":\"Alexandre Nunes\",\"@id\":\"https:\/\/www.oarcanjo.net\/site\/#\/schema\/person\/0a2ae077c1a09b69d29928e3b9f1c0d1\"},\"headline\":\"Dia do combate ao trabalho escravo\",\"datePublished\":\"2011-01-28T10:19:19+00:00\",\"dateModified\":\"2011-01-28T10:19:19+00:00\",\"mainEntityOfPage\":{\"@id\":\"https:\/\/www.oarcanjo.net\/site\/dia-do-combate-ao-trabalho-escravo\/\"},\"wordCount\":419,\"commentCount\":0,\"publisher\":{\"@id\":\"https:\/\/www.oarcanjo.net\/site\/#organization\"},\"articleSection\":[\"Reflex\u00f5es\"],\"inLanguage\":\"pt-BR\",\"potentialAction\":[{\"@type\":\"CommentAction\",\"name\":\"Comment\",\"target\":[\"https:\/\/www.oarcanjo.net\/site\/dia-do-combate-ao-trabalho-escravo\/#respond\"]}]},{\"@type\":\"WebPage\",\"@id\":\"https:\/\/www.oarcanjo.net\/site\/dia-do-combate-ao-trabalho-escravo\/\",\"url\":\"https:\/\/www.oarcanjo.net\/site\/dia-do-combate-ao-trabalho-escravo\/\",\"name\":\"Dia do combate ao trabalho escravo - O Arcanjo no ar\",\"isPartOf\":{\"@id\":\"https:\/\/www.oarcanjo.net\/site\/#website\"},\"datePublished\":\"2011-01-28T10:19:19+00:00\",\"dateModified\":\"2011-01-28T10:19:19+00:00\",\"breadcrumb\":{\"@id\":\"https:\/\/www.oarcanjo.net\/site\/dia-do-combate-ao-trabalho-escravo\/#breadcrumb\"},\"inLanguage\":\"pt-BR\",\"potentialAction\":[{\"@type\":\"ReadAction\",\"target\":[\"https:\/\/www.oarcanjo.net\/site\/dia-do-combate-ao-trabalho-escravo\/\"]}]},{\"@type\":\"BreadcrumbList\",\"@id\":\"https:\/\/www.oarcanjo.net\/site\/dia-do-combate-ao-trabalho-escravo\/#breadcrumb\",\"itemListElement\":[{\"@type\":\"ListItem\",\"position\":1,\"name\":\"In\u00edcio\",\"item\":\"https:\/\/www.oarcanjo.net\/site\/\"},{\"@type\":\"ListItem\",\"position\":2,\"name\":\"Dia do combate ao trabalho escravo\"}]},{\"@type\":\"WebSite\",\"@id\":\"https:\/\/www.oarcanjo.net\/site\/#website\",\"url\":\"https:\/\/www.oarcanjo.net\/site\/\",\"name\":\"O Arcanjo no ar\",\"description\":\"Site da Par\u00f3quia S\u00e3o Miguel Arcanjo (Arquidiocese de SP)\",\"publisher\":{\"@id\":\"https:\/\/www.oarcanjo.net\/site\/#organization\"},\"potentialAction\":[{\"@type\":\"SearchAction\",\"target\":{\"@type\":\"EntryPoint\",\"urlTemplate\":\"https:\/\/www.oarcanjo.net\/site\/?s={search_term_string}\"},\"query-input\":{\"@type\":\"PropertyValueSpecification\",\"valueRequired\":true,\"valueName\":\"search_term_string\"}}],\"inLanguage\":\"pt-BR\"},{\"@type\":\"Organization\",\"@id\":\"https:\/\/www.oarcanjo.net\/site\/#organization\",\"name\":\"Par\u00f3quia S\u00e3o Miguel Arcanjo\",\"url\":\"https:\/\/www.oarcanjo.net\/site\/\",\"logo\":{\"@type\":\"ImageObject\",\"inLanguage\":\"pt-BR\",\"@id\":\"https:\/\/www.oarcanjo.net\/site\/#\/schema\/logo\/image\/\",\"url\":\"https:\/\/www.oarcanjo.net\/site\/wp-content\/uploads\/LogoOArcanjo.png\",\"contentUrl\":\"https:\/\/www.oarcanjo.net\/site\/wp-content\/uploads\/LogoOArcanjo.png\",\"width\":319,\"height\":99,\"caption\":\"Par\u00f3quia S\u00e3o Miguel Arcanjo\"},\"image\":{\"@id\":\"https:\/\/www.oarcanjo.net\/site\/#\/schema\/logo\/image\/\"},\"sameAs\":[\"https:\/\/www.facebook.com\/OArcanjoNoAr\/\"]},{\"@type\":\"Person\",\"@id\":\"https:\/\/www.oarcanjo.net\/site\/#\/schema\/person\/0a2ae077c1a09b69d29928e3b9f1c0d1\",\"name\":\"Alexandre Nunes\",\"sameAs\":[\"http:\/\/alexandrenu.com\"]}]}<\/script>\n<!-- \/ Yoast SEO plugin. -->","yoast_head_json":{"title":"Dia do combate ao trabalho escravo - O Arcanjo no ar","robots":{"index":"index","follow":"follow","max-snippet":"max-snippet:-1","max-image-preview":"max-image-preview:large","max-video-preview":"max-video-preview:-1"},"canonical":"https:\/\/www.oarcanjo.net\/site\/dia-do-combate-ao-trabalho-escravo\/","og_locale":"pt_BR","og_type":"article","og_title":"Dia do combate ao trabalho escravo - O Arcanjo no ar","og_description":"Pe. Alfredo J. Gon\u00e7alves, CS Amigos e amigas, Comemoramos hoje, 28 de janeiro, o Dia do Combate ao Trabalho Escravo. Trata-se de uma das contradi\u00e7\u00f5es mais flagrantes do sociedade moderna ou p\u00f3s-moderna. Ela convive, ao mesmo tempo, com a ci\u00eancia e a tecnologia mais avan\u00e7ada e com formas de trabalho execradas ao longo da hist\u00f3ria. [&hellip;]","og_url":"https:\/\/www.oarcanjo.net\/site\/dia-do-combate-ao-trabalho-escravo\/","og_site_name":"O Arcanjo no ar","article_publisher":"https:\/\/www.facebook.com\/OArcanjoNoAr\/","article_published_time":"2011-01-28T10:19:19+00:00","og_image":[{"width":300,"height":300,"url":"https:\/\/www.oarcanjo.net\/site\/wp-content\/uploads\/logo-o-arcanjo-no-ar-facebook.png","type":"image\/png"}],"author":"Alexandre Nunes","twitter_card":"summary_large_image","twitter_misc":{"Escrito por":"Alexandre Nunes","Est. tempo de leitura":"2 minutos"},"schema":{"@context":"https:\/\/schema.org","@graph":[{"@type":"Article","@id":"https:\/\/www.oarcanjo.net\/site\/dia-do-combate-ao-trabalho-escravo\/#article","isPartOf":{"@id":"https:\/\/www.oarcanjo.net\/site\/dia-do-combate-ao-trabalho-escravo\/"},"author":{"name":"Alexandre Nunes","@id":"https:\/\/www.oarcanjo.net\/site\/#\/schema\/person\/0a2ae077c1a09b69d29928e3b9f1c0d1"},"headline":"Dia do combate ao trabalho escravo","datePublished":"2011-01-28T10:19:19+00:00","dateModified":"2011-01-28T10:19:19+00:00","mainEntityOfPage":{"@id":"https:\/\/www.oarcanjo.net\/site\/dia-do-combate-ao-trabalho-escravo\/"},"wordCount":419,"commentCount":0,"publisher":{"@id":"https:\/\/www.oarcanjo.net\/site\/#organization"},"articleSection":["Reflex\u00f5es"],"inLanguage":"pt-BR","potentialAction":[{"@type":"CommentAction","name":"Comment","target":["https:\/\/www.oarcanjo.net\/site\/dia-do-combate-ao-trabalho-escravo\/#respond"]}]},{"@type":"WebPage","@id":"https:\/\/www.oarcanjo.net\/site\/dia-do-combate-ao-trabalho-escravo\/","url":"https:\/\/www.oarcanjo.net\/site\/dia-do-combate-ao-trabalho-escravo\/","name":"Dia do combate ao trabalho escravo - O Arcanjo no ar","isPartOf":{"@id":"https:\/\/www.oarcanjo.net\/site\/#website"},"datePublished":"2011-01-28T10:19:19+00:00","dateModified":"2011-01-28T10:19:19+00:00","breadcrumb":{"@id":"https:\/\/www.oarcanjo.net\/site\/dia-do-combate-ao-trabalho-escravo\/#breadcrumb"},"inLanguage":"pt-BR","potentialAction":[{"@type":"ReadAction","target":["https:\/\/www.oarcanjo.net\/site\/dia-do-combate-ao-trabalho-escravo\/"]}]},{"@type":"BreadcrumbList","@id":"https:\/\/www.oarcanjo.net\/site\/dia-do-combate-ao-trabalho-escravo\/#breadcrumb","itemListElement":[{"@type":"ListItem","position":1,"name":"In\u00edcio","item":"https:\/\/www.oarcanjo.net\/site\/"},{"@type":"ListItem","position":2,"name":"Dia do combate ao trabalho escravo"}]},{"@type":"WebSite","@id":"https:\/\/www.oarcanjo.net\/site\/#website","url":"https:\/\/www.oarcanjo.net\/site\/","name":"O Arcanjo no ar","description":"Site da Par\u00f3quia S\u00e3o Miguel Arcanjo (Arquidiocese de SP)","publisher":{"@id":"https:\/\/www.oarcanjo.net\/site\/#organization"},"potentialAction":[{"@type":"SearchAction","target":{"@type":"EntryPoint","urlTemplate":"https:\/\/www.oarcanjo.net\/site\/?s={search_term_string}"},"query-input":{"@type":"PropertyValueSpecification","valueRequired":true,"valueName":"search_term_string"}}],"inLanguage":"pt-BR"},{"@type":"Organization","@id":"https:\/\/www.oarcanjo.net\/site\/#organization","name":"Par\u00f3quia S\u00e3o Miguel Arcanjo","url":"https:\/\/www.oarcanjo.net\/site\/","logo":{"@type":"ImageObject","inLanguage":"pt-BR","@id":"https:\/\/www.oarcanjo.net\/site\/#\/schema\/logo\/image\/","url":"https:\/\/www.oarcanjo.net\/site\/wp-content\/uploads\/LogoOArcanjo.png","contentUrl":"https:\/\/www.oarcanjo.net\/site\/wp-content\/uploads\/LogoOArcanjo.png","width":319,"height":99,"caption":"Par\u00f3quia S\u00e3o Miguel Arcanjo"},"image":{"@id":"https:\/\/www.oarcanjo.net\/site\/#\/schema\/logo\/image\/"},"sameAs":["https:\/\/www.facebook.com\/OArcanjoNoAr\/"]},{"@type":"Person","@id":"https:\/\/www.oarcanjo.net\/site\/#\/schema\/person\/0a2ae077c1a09b69d29928e3b9f1c0d1","name":"Alexandre Nunes","sameAs":["http:\/\/alexandrenu.com"]}]}},"publishpress_future_action":{"enabled":false,"date":"2026-05-10 08:21:49","action":"category","newStatus":"draft","terms":[],"taxonomy":"category"},"publishpress_future_workflow_manual_trigger":{"enabledWorkflows":[]},"_links":{"self":[{"href":"https:\/\/www.oarcanjo.net\/site\/wp-json\/wp\/v2\/posts\/12857"}],"collection":[{"href":"https:\/\/www.oarcanjo.net\/site\/wp-json\/wp\/v2\/posts"}],"about":[{"href":"https:\/\/www.oarcanjo.net\/site\/wp-json\/wp\/v2\/types\/post"}],"author":[{"embeddable":true,"href":"https:\/\/www.oarcanjo.net\/site\/wp-json\/wp\/v2\/users\/15"}],"replies":[{"embeddable":true,"href":"https:\/\/www.oarcanjo.net\/site\/wp-json\/wp\/v2\/comments?post=12857"}],"version-history":[{"count":0,"href":"https:\/\/www.oarcanjo.net\/site\/wp-json\/wp\/v2\/posts\/12857\/revisions"}],"wp:attachment":[{"href":"https:\/\/www.oarcanjo.net\/site\/wp-json\/wp\/v2\/media?parent=12857"}],"wp:term":[{"taxonomy":"category","embeddable":true,"href":"https:\/\/www.oarcanjo.net\/site\/wp-json\/wp\/v2\/categories?post=12857"},{"taxonomy":"post_tag","embeddable":true,"href":"https:\/\/www.oarcanjo.net\/site\/wp-json\/wp\/v2\/tags?post=12857"}],"curies":[{"name":"wp","href":"https:\/\/api.w.org\/{rel}","templated":true}]}}