
{"id":12893,"date":"2011-01-29T21:49:24","date_gmt":"2011-01-29T23:49:24","guid":{"rendered":"http:\/\/www.oarcanjo.net\/site\/?p=12893"},"modified":"2011-01-29T21:49:24","modified_gmt":"2011-01-29T23:49:24","slug":"uma-historia-que-pode-se-tornar-real","status":"publish","type":"post","link":"https:\/\/www.oarcanjo.net\/site\/uma-historia-que-pode-se-tornar-real\/","title":{"rendered":"Uma hist\u00f3ria que pode se tornar real"},"content":{"rendered":"<p>O filme O Dia Depois de Amanh\u00e3 traz uma hist\u00f3ria que fala sobre os fen\u00f4menos naturais que est\u00e3o sendo causados pelo aquecimento global e um grupo de sobreviventes lutam para sobreviver.<\/p>\n<p>No filme mostra que se a temperatura no planeta continuar aumentando haveram consequ\u00eancias terr\u00edveis como terremotos,tornados,tsunamis,que arrasariam lugar em que acontecessem.Na hist\u00f3ria o hemisf\u00e9rio Norte come\u00e7a a congelar.<\/p>\n<p>Infelizmente se as coisas continuarem a caminhar no rumo que est\u00e3o a natureza responder\u00e1 a \u00e1s a\u00e7\u00f5es que alguns seres humanos est\u00e3o tomando.<\/p>\n<p>Precisamos salvar\u00a0a Terra, o caminho\u00a0n\u00e3o \u00e9 f\u00e1cil mas n\u00e3o \u00e9 imposs\u00edvel.Lutemos para que haja mais consci\u00eancia ambiental.<\/p>\n<p>Este filme \u00e9 um alerta pois se continuarmos a\u00a0maltratando o meio ambiente\u00a0 , a hist\u00f3ria \u00a0contada poder\u00e1 se tornar realidade.<\/p>\n<p><a href=\"http:\/\/www.oarcanjo.net\/site\/wp-content\/uploads\/fotoo-1112.bmp\"><img decoding=\"async\" class=\"aligncenter size-full wp-image-12900\" src=\"http:\/\/www.oarcanjo.net\/site\/wp-content\/uploads\/fotoo-1112.bmp\" alt=\"\" \/><\/a>Cena do filme O Dia Depois de Amanh\u00e3<\/p>\n<div id=\"themify_builder_content-12893\" data-postid=\"12893\" class=\"themify_builder_content themify_builder_content-12893 themify_builder themify_builder_front\">\n\t<\/div>\n<!-- \/themify_builder_content -->","protected":false},"excerpt":{"rendered":"<p>O filme O Dia Depois de Amanh\u00e3 traz uma hist\u00f3ria que fala sobre os fen\u00f4menos naturais que est\u00e3o sendo causados pelo aquecimento global e um grupo de sobreviventes lutam para sobreviver. No filme mostra que se a temperatura no planeta continuar aumentando haveram consequ\u00eancias terr\u00edveis como terremotos,tornados,tsunamis,que arrasariam lugar em que acontecessem.Na hist\u00f3ria o hemisf\u00e9rio [&hellip;]<\/p>\n","protected":false},"author":12,"featured_media":0,"comment_status":"open","ping_status":"open","sticky":false,"template":"","format":"standard","meta":{"ngg_post_thumbnail":0,"footnotes":""},"categories":[395],"tags":[],"yoast_head":"<!-- This site is optimized with the Yoast SEO plugin v23.5 - https:\/\/yoast.com\/wordpress\/plugins\/seo\/ -->\n<title>Uma hist\u00f3ria que pode se tornar real  - O Arcanjo no ar<\/title>\n<meta name=\"robots\" content=\"index, follow, max-snippet:-1, max-image-preview:large, max-video-preview:-1\" \/>\n<link rel=\"canonical\" href=\"https:\/\/www.oarcanjo.net\/site\/uma-historia-que-pode-se-tornar-real\/\" \/>\n<meta property=\"og:locale\" content=\"pt_BR\" \/>\n<meta property=\"og:type\" content=\"article\" \/>\n<meta property=\"og:title\" content=\"Uma hist\u00f3ria que pode se tornar real  - O Arcanjo no ar\" \/>\n<meta property=\"og:description\" content=\"O filme O Dia Depois de Amanh\u00e3 traz uma hist\u00f3ria que fala sobre os fen\u00f4menos naturais que est\u00e3o sendo causados pelo aquecimento global e um grupo de sobreviventes lutam para sobreviver. No filme mostra que se a temperatura no planeta continuar aumentando haveram consequ\u00eancias terr\u00edveis como terremotos,tornados,tsunamis,que arrasariam lugar em que acontecessem.Na hist\u00f3ria o hemisf\u00e9rio [&hellip;]\" \/>\n<meta property=\"og:url\" content=\"https:\/\/www.oarcanjo.net\/site\/uma-historia-que-pode-se-tornar-real\/\" \/>\n<meta property=\"og:site_name\" content=\"O Arcanjo no ar\" \/>\n<meta property=\"article:publisher\" content=\"https:\/\/www.facebook.com\/OArcanjoNoAr\/\" \/>\n<meta property=\"article:published_time\" content=\"2011-01-29T23:49:24+00:00\" \/>\n<meta property=\"og:image\" content=\"http:\/\/www.oarcanjo.net\/site\/wp-content\/uploads\/fotoo-1112.bmp\" \/>\n<meta name=\"author\" content=\"mariana\" \/>\n<meta name=\"twitter:card\" content=\"summary_large_image\" \/>\n<meta name=\"twitter:label1\" content=\"Escrito por\" \/>\n\t<meta name=\"twitter:data1\" content=\"mariana\" \/>\n\t<meta name=\"twitter:label2\" content=\"Est. tempo de leitura\" \/>\n\t<meta name=\"twitter:data2\" content=\"1 minuto\" \/>\n<script type=\"application\/ld+json\" class=\"yoast-schema-graph\">{\"@context\":\"https:\/\/schema.org\",\"@graph\":[{\"@type\":\"Article\",\"@id\":\"https:\/\/www.oarcanjo.net\/site\/uma-historia-que-pode-se-tornar-real\/#article\",\"isPartOf\":{\"@id\":\"https:\/\/www.oarcanjo.net\/site\/uma-historia-que-pode-se-tornar-real\/\"},\"author\":{\"name\":\"mariana\",\"@id\":\"https:\/\/www.oarcanjo.net\/site\/#\/schema\/person\/e54a5c62347067e278a5d0cf64f6a6e6\"},\"headline\":\"Uma hist\u00f3ria que pode se tornar real\",\"datePublished\":\"2011-01-29T23:49:24+00:00\",\"dateModified\":\"2011-01-29T23:49:24+00:00\",\"mainEntityOfPage\":{\"@id\":\"https:\/\/www.oarcanjo.net\/site\/uma-historia-que-pode-se-tornar-real\/\"},\"wordCount\":156,\"commentCount\":0,\"publisher\":{\"@id\":\"https:\/\/www.oarcanjo.net\/site\/#organization\"},\"image\":{\"@id\":\"https:\/\/www.oarcanjo.net\/site\/uma-historia-que-pode-se-tornar-real\/#primaryimage\"},\"thumbnailUrl\":\"http:\/\/www.oarcanjo.net\/site\/wp-content\/uploads\/fotoo-1112.bmp\",\"articleSection\":[\"Jovens\"],\"inLanguage\":\"pt-BR\",\"potentialAction\":[{\"@type\":\"CommentAction\",\"name\":\"Comment\",\"target\":[\"https:\/\/www.oarcanjo.net\/site\/uma-historia-que-pode-se-tornar-real\/#respond\"]}]},{\"@type\":\"WebPage\",\"@id\":\"https:\/\/www.oarcanjo.net\/site\/uma-historia-que-pode-se-tornar-real\/\",\"url\":\"https:\/\/www.oarcanjo.net\/site\/uma-historia-que-pode-se-tornar-real\/\",\"name\":\"Uma hist\u00f3ria que pode se tornar real - O Arcanjo no ar\",\"isPartOf\":{\"@id\":\"https:\/\/www.oarcanjo.net\/site\/#website\"},\"primaryImageOfPage\":{\"@id\":\"https:\/\/www.oarcanjo.net\/site\/uma-historia-que-pode-se-tornar-real\/#primaryimage\"},\"image\":{\"@id\":\"https:\/\/www.oarcanjo.net\/site\/uma-historia-que-pode-se-tornar-real\/#primaryimage\"},\"thumbnailUrl\":\"http:\/\/www.oarcanjo.net\/site\/wp-content\/uploads\/fotoo-1112.bmp\",\"datePublished\":\"2011-01-29T23:49:24+00:00\",\"dateModified\":\"2011-01-29T23:49:24+00:00\",\"breadcrumb\":{\"@id\":\"https:\/\/www.oarcanjo.net\/site\/uma-historia-que-pode-se-tornar-real\/#breadcrumb\"},\"inLanguage\":\"pt-BR\",\"potentialAction\":[{\"@type\":\"ReadAction\",\"target\":[\"https:\/\/www.oarcanjo.net\/site\/uma-historia-que-pode-se-tornar-real\/\"]}]},{\"@type\":\"ImageObject\",\"inLanguage\":\"pt-BR\",\"@id\":\"https:\/\/www.oarcanjo.net\/site\/uma-historia-que-pode-se-tornar-real\/#primaryimage\",\"url\":\"http:\/\/www.oarcanjo.net\/site\/wp-content\/uploads\/fotoo-1112.bmp\",\"contentUrl\":\"http:\/\/www.oarcanjo.net\/site\/wp-content\/uploads\/fotoo-1112.bmp\"},{\"@type\":\"BreadcrumbList\",\"@id\":\"https:\/\/www.oarcanjo.net\/site\/uma-historia-que-pode-se-tornar-real\/#breadcrumb\",\"itemListElement\":[{\"@type\":\"ListItem\",\"position\":1,\"name\":\"In\u00edcio\",\"item\":\"https:\/\/www.oarcanjo.net\/site\/\"},{\"@type\":\"ListItem\",\"position\":2,\"name\":\"Uma hist\u00f3ria que pode se tornar real\"}]},{\"@type\":\"WebSite\",\"@id\":\"https:\/\/www.oarcanjo.net\/site\/#website\",\"url\":\"https:\/\/www.oarcanjo.net\/site\/\",\"name\":\"O Arcanjo no ar\",\"description\":\"Site da Par\u00f3quia S\u00e3o Miguel Arcanjo (Arquidiocese de SP)\",\"publisher\":{\"@id\":\"https:\/\/www.oarcanjo.net\/site\/#organization\"},\"potentialAction\":[{\"@type\":\"SearchAction\",\"target\":{\"@type\":\"EntryPoint\",\"urlTemplate\":\"https:\/\/www.oarcanjo.net\/site\/?s={search_term_string}\"},\"query-input\":{\"@type\":\"PropertyValueSpecification\",\"valueRequired\":true,\"valueName\":\"search_term_string\"}}],\"inLanguage\":\"pt-BR\"},{\"@type\":\"Organization\",\"@id\":\"https:\/\/www.oarcanjo.net\/site\/#organization\",\"name\":\"Par\u00f3quia S\u00e3o Miguel Arcanjo\",\"url\":\"https:\/\/www.oarcanjo.net\/site\/\",\"logo\":{\"@type\":\"ImageObject\",\"inLanguage\":\"pt-BR\",\"@id\":\"https:\/\/www.oarcanjo.net\/site\/#\/schema\/logo\/image\/\",\"url\":\"https:\/\/www.oarcanjo.net\/site\/wp-content\/uploads\/LogoOArcanjo.png\",\"contentUrl\":\"https:\/\/www.oarcanjo.net\/site\/wp-content\/uploads\/LogoOArcanjo.png\",\"width\":319,\"height\":99,\"caption\":\"Par\u00f3quia S\u00e3o Miguel Arcanjo\"},\"image\":{\"@id\":\"https:\/\/www.oarcanjo.net\/site\/#\/schema\/logo\/image\/\"},\"sameAs\":[\"https:\/\/www.facebook.com\/OArcanjoNoAr\/\"]},{\"@type\":\"Person\",\"@id\":\"https:\/\/www.oarcanjo.net\/site\/#\/schema\/person\/e54a5c62347067e278a5d0cf64f6a6e6\",\"name\":\"mariana\"}]}<\/script>\n<!-- \/ Yoast SEO plugin. -->","yoast_head_json":{"title":"Uma hist\u00f3ria que pode se tornar real  - O Arcanjo no ar","robots":{"index":"index","follow":"follow","max-snippet":"max-snippet:-1","max-image-preview":"max-image-preview:large","max-video-preview":"max-video-preview:-1"},"canonical":"https:\/\/www.oarcanjo.net\/site\/uma-historia-que-pode-se-tornar-real\/","og_locale":"pt_BR","og_type":"article","og_title":"Uma hist\u00f3ria que pode se tornar real  - O Arcanjo no ar","og_description":"O filme O Dia Depois de Amanh\u00e3 traz uma hist\u00f3ria que fala sobre os fen\u00f4menos naturais que est\u00e3o sendo causados pelo aquecimento global e um grupo de sobreviventes lutam para sobreviver. No filme mostra que se a temperatura no planeta continuar aumentando haveram consequ\u00eancias terr\u00edveis como terremotos,tornados,tsunamis,que arrasariam lugar em que acontecessem.Na hist\u00f3ria o hemisf\u00e9rio [&hellip;]","og_url":"https:\/\/www.oarcanjo.net\/site\/uma-historia-que-pode-se-tornar-real\/","og_site_name":"O Arcanjo no ar","article_publisher":"https:\/\/www.facebook.com\/OArcanjoNoAr\/","article_published_time":"2011-01-29T23:49:24+00:00","og_image":[{"url":"http:\/\/www.oarcanjo.net\/site\/wp-content\/uploads\/fotoo-1112.bmp"}],"author":"mariana","twitter_card":"summary_large_image","twitter_misc":{"Escrito por":"mariana","Est. tempo de leitura":"1 minuto"},"schema":{"@context":"https:\/\/schema.org","@graph":[{"@type":"Article","@id":"https:\/\/www.oarcanjo.net\/site\/uma-historia-que-pode-se-tornar-real\/#article","isPartOf":{"@id":"https:\/\/www.oarcanjo.net\/site\/uma-historia-que-pode-se-tornar-real\/"},"author":{"name":"mariana","@id":"https:\/\/www.oarcanjo.net\/site\/#\/schema\/person\/e54a5c62347067e278a5d0cf64f6a6e6"},"headline":"Uma hist\u00f3ria que pode se tornar real","datePublished":"2011-01-29T23:49:24+00:00","dateModified":"2011-01-29T23:49:24+00:00","mainEntityOfPage":{"@id":"https:\/\/www.oarcanjo.net\/site\/uma-historia-que-pode-se-tornar-real\/"},"wordCount":156,"commentCount":0,"publisher":{"@id":"https:\/\/www.oarcanjo.net\/site\/#organization"},"image":{"@id":"https:\/\/www.oarcanjo.net\/site\/uma-historia-que-pode-se-tornar-real\/#primaryimage"},"thumbnailUrl":"http:\/\/www.oarcanjo.net\/site\/wp-content\/uploads\/fotoo-1112.bmp","articleSection":["Jovens"],"inLanguage":"pt-BR","potentialAction":[{"@type":"CommentAction","name":"Comment","target":["https:\/\/www.oarcanjo.net\/site\/uma-historia-que-pode-se-tornar-real\/#respond"]}]},{"@type":"WebPage","@id":"https:\/\/www.oarcanjo.net\/site\/uma-historia-que-pode-se-tornar-real\/","url":"https:\/\/www.oarcanjo.net\/site\/uma-historia-que-pode-se-tornar-real\/","name":"Uma hist\u00f3ria que pode se tornar real - O Arcanjo no ar","isPartOf":{"@id":"https:\/\/www.oarcanjo.net\/site\/#website"},"primaryImageOfPage":{"@id":"https:\/\/www.oarcanjo.net\/site\/uma-historia-que-pode-se-tornar-real\/#primaryimage"},"image":{"@id":"https:\/\/www.oarcanjo.net\/site\/uma-historia-que-pode-se-tornar-real\/#primaryimage"},"thumbnailUrl":"http:\/\/www.oarcanjo.net\/site\/wp-content\/uploads\/fotoo-1112.bmp","datePublished":"2011-01-29T23:49:24+00:00","dateModified":"2011-01-29T23:49:24+00:00","breadcrumb":{"@id":"https:\/\/www.oarcanjo.net\/site\/uma-historia-que-pode-se-tornar-real\/#breadcrumb"},"inLanguage":"pt-BR","potentialAction":[{"@type":"ReadAction","target":["https:\/\/www.oarcanjo.net\/site\/uma-historia-que-pode-se-tornar-real\/"]}]},{"@type":"ImageObject","inLanguage":"pt-BR","@id":"https:\/\/www.oarcanjo.net\/site\/uma-historia-que-pode-se-tornar-real\/#primaryimage","url":"http:\/\/www.oarcanjo.net\/site\/wp-content\/uploads\/fotoo-1112.bmp","contentUrl":"http:\/\/www.oarcanjo.net\/site\/wp-content\/uploads\/fotoo-1112.bmp"},{"@type":"BreadcrumbList","@id":"https:\/\/www.oarcanjo.net\/site\/uma-historia-que-pode-se-tornar-real\/#breadcrumb","itemListElement":[{"@type":"ListItem","position":1,"name":"In\u00edcio","item":"https:\/\/www.oarcanjo.net\/site\/"},{"@type":"ListItem","position":2,"name":"Uma hist\u00f3ria que pode se tornar real"}]},{"@type":"WebSite","@id":"https:\/\/www.oarcanjo.net\/site\/#website","url":"https:\/\/www.oarcanjo.net\/site\/","name":"O Arcanjo no ar","description":"Site da Par\u00f3quia S\u00e3o Miguel Arcanjo (Arquidiocese de SP)","publisher":{"@id":"https:\/\/www.oarcanjo.net\/site\/#organization"},"potentialAction":[{"@type":"SearchAction","target":{"@type":"EntryPoint","urlTemplate":"https:\/\/www.oarcanjo.net\/site\/?s={search_term_string}"},"query-input":{"@type":"PropertyValueSpecification","valueRequired":true,"valueName":"search_term_string"}}],"inLanguage":"pt-BR"},{"@type":"Organization","@id":"https:\/\/www.oarcanjo.net\/site\/#organization","name":"Par\u00f3quia S\u00e3o Miguel Arcanjo","url":"https:\/\/www.oarcanjo.net\/site\/","logo":{"@type":"ImageObject","inLanguage":"pt-BR","@id":"https:\/\/www.oarcanjo.net\/site\/#\/schema\/logo\/image\/","url":"https:\/\/www.oarcanjo.net\/site\/wp-content\/uploads\/LogoOArcanjo.png","contentUrl":"https:\/\/www.oarcanjo.net\/site\/wp-content\/uploads\/LogoOArcanjo.png","width":319,"height":99,"caption":"Par\u00f3quia S\u00e3o Miguel Arcanjo"},"image":{"@id":"https:\/\/www.oarcanjo.net\/site\/#\/schema\/logo\/image\/"},"sameAs":["https:\/\/www.facebook.com\/OArcanjoNoAr\/"]},{"@type":"Person","@id":"https:\/\/www.oarcanjo.net\/site\/#\/schema\/person\/e54a5c62347067e278a5d0cf64f6a6e6","name":"mariana"}]}},"publishpress_future_action":{"enabled":false,"date":"2026-05-07 09:37:38","action":"category","newStatus":"draft","terms":[],"taxonomy":"category"},"publishpress_future_workflow_manual_trigger":{"enabledWorkflows":[]},"_links":{"self":[{"href":"https:\/\/www.oarcanjo.net\/site\/wp-json\/wp\/v2\/posts\/12893"}],"collection":[{"href":"https:\/\/www.oarcanjo.net\/site\/wp-json\/wp\/v2\/posts"}],"about":[{"href":"https:\/\/www.oarcanjo.net\/site\/wp-json\/wp\/v2\/types\/post"}],"author":[{"embeddable":true,"href":"https:\/\/www.oarcanjo.net\/site\/wp-json\/wp\/v2\/users\/12"}],"replies":[{"embeddable":true,"href":"https:\/\/www.oarcanjo.net\/site\/wp-json\/wp\/v2\/comments?post=12893"}],"version-history":[{"count":0,"href":"https:\/\/www.oarcanjo.net\/site\/wp-json\/wp\/v2\/posts\/12893\/revisions"}],"wp:attachment":[{"href":"https:\/\/www.oarcanjo.net\/site\/wp-json\/wp\/v2\/media?parent=12893"}],"wp:term":[{"taxonomy":"category","embeddable":true,"href":"https:\/\/www.oarcanjo.net\/site\/wp-json\/wp\/v2\/categories?post=12893"},{"taxonomy":"post_tag","embeddable":true,"href":"https:\/\/www.oarcanjo.net\/site\/wp-json\/wp\/v2\/tags?post=12893"}],"curies":[{"name":"wp","href":"https:\/\/api.w.org\/{rel}","templated":true}]}}