
{"id":129267,"date":"2025-01-26T14:15:53","date_gmt":"2025-01-26T17:15:53","guid":{"rendered":"https:\/\/www.oarcanjo.net\/site\/?p=129267"},"modified":"2025-02-04T13:10:46","modified_gmt":"2025-02-04T16:10:46","slug":"pe-julio-fala-dos-projetos-com-moradores-de-rua-e-agradece-apoios-recebidos","status":"publish","type":"post","link":"https:\/\/www.oarcanjo.net\/site\/pe-julio-fala-dos-projetos-com-moradores-de-rua-e-agradece-apoios-recebidos\/","title":{"rendered":"Pe. Julio fala dos projetos com moradores de rua e agradece apoios recebidos"},"content":{"rendered":"<p>&#8220;\u00c0s vezes, eu fico triste de tanta cr\u00edtica que a gente recebe, mas os trabalhos com pessoas em situa\u00e7\u00e3o de rua n\u00e3o v\u00e3o parar. S\u00e3o trabalhos feitos com apoio de muitas pessoas&#8221;. Neste v\u00eddeo, o Pe. Julio Lancellotti, Vig\u00e1rio Episcopal para o Povo de Rua, fala de alguns dos projetos desenvolvidos e novas ideias que est\u00e3o a caminho.<\/p>\n<p><iframe loading=\"lazy\" width=\"700\" height=\"394\" src=\"https:\/\/www.youtube.com\/embed\/ahLyPEcmhrI?rel=0\" title=\"YouTube video player\" frameborder=\"0\" allow=\"accelerometer; autoplay; clipboard-write; encrypted-media; gyroscope; picture-in-picture; web-share\" referrerpolicy=\"strict-origin-when-cross-origin\" allowfullscreen><\/iframe><\/p>\n<div id=\"themify_builder_content-129267\" data-postid=\"129267\" class=\"themify_builder_content themify_builder_content-129267 themify_builder themify_builder_front\">\n\t<\/div>\n<!-- \/themify_builder_content -->","protected":false},"excerpt":{"rendered":"<p>&#8220;\u00c0s vezes, eu fico triste de tanta cr\u00edtica que a gente recebe, mas os trabalhos com pessoas em situa\u00e7\u00e3o de rua n\u00e3o v\u00e3o parar!<\/p>\n","protected":false},"author":5,"featured_media":129303,"comment_status":"open","ping_status":"open","sticky":false,"template":"","format":"standard","meta":{"ngg_post_thumbnail":0,"footnotes":""},"categories":[3,8,280],"tags":[],"yoast_head":"<!-- This site is optimized with the Yoast SEO plugin v23.5 - https:\/\/yoast.com\/wordpress\/plugins\/seo\/ -->\n<title>Pe. Julio fala dos projetos com moradores de rua e agradece apoios recebidos - O Arcanjo no ar<\/title>\n<meta name=\"robots\" content=\"index, follow, max-snippet:-1, max-image-preview:large, max-video-preview:-1\" \/>\n<link rel=\"canonical\" href=\"https:\/\/www.oarcanjo.net\/site\/pe-julio-fala-dos-projetos-com-moradores-de-rua-e-agradece-apoios-recebidos\/\" \/>\n<meta property=\"og:locale\" content=\"pt_BR\" \/>\n<meta property=\"og:type\" content=\"article\" \/>\n<meta property=\"og:title\" content=\"Pe. Julio fala dos projetos com moradores de rua e agradece apoios recebidos - O Arcanjo no ar\" \/>\n<meta property=\"og:description\" content=\"&quot;\u00c0s vezes, eu fico triste de tanta cr\u00edtica que a gente recebe, mas os trabalhos com pessoas em situa\u00e7\u00e3o de rua n\u00e3o v\u00e3o parar!\" \/>\n<meta property=\"og:url\" content=\"https:\/\/www.oarcanjo.net\/site\/pe-julio-fala-dos-projetos-com-moradores-de-rua-e-agradece-apoios-recebidos\/\" \/>\n<meta property=\"og:site_name\" content=\"O Arcanjo no ar\" \/>\n<meta property=\"article:publisher\" content=\"https:\/\/www.facebook.com\/OArcanjoNoAr\/\" \/>\n<meta property=\"article:published_time\" content=\"2025-01-26T17:15:53+00:00\" \/>\n<meta property=\"article:modified_time\" content=\"2025-02-04T16:10:46+00:00\" \/>\n<meta property=\"og:image\" content=\"https:\/\/www.oarcanjo.net\/site\/wp-content\/uploads\/2025026-Projetos03.jpg\" \/>\n\t<meta property=\"og:image:width\" content=\"1271\" \/>\n\t<meta property=\"og:image:height\" content=\"713\" \/>\n\t<meta property=\"og:image:type\" content=\"image\/jpeg\" \/>\n<meta name=\"author\" content=\"editor\" \/>\n<meta name=\"twitter:card\" content=\"summary_large_image\" \/>\n<meta name=\"twitter:label1\" content=\"Escrito por\" \/>\n\t<meta name=\"twitter:data1\" content=\"editor\" \/>\n\t<meta name=\"twitter:label2\" content=\"Est. tempo de leitura\" \/>\n\t<meta name=\"twitter:data2\" content=\"1 minuto\" \/>\n<script type=\"application\/ld+json\" class=\"yoast-schema-graph\">{\"@context\":\"https:\/\/schema.org\",\"@graph\":[{\"@type\":\"Article\",\"@id\":\"https:\/\/www.oarcanjo.net\/site\/pe-julio-fala-dos-projetos-com-moradores-de-rua-e-agradece-apoios-recebidos\/#article\",\"isPartOf\":{\"@id\":\"https:\/\/www.oarcanjo.net\/site\/pe-julio-fala-dos-projetos-com-moradores-de-rua-e-agradece-apoios-recebidos\/\"},\"author\":{\"name\":\"editor\",\"@id\":\"https:\/\/www.oarcanjo.net\/site\/#\/schema\/person\/f7024d007863202483a31326673a0838\"},\"headline\":\"Pe. Julio fala dos projetos com moradores de rua e agradece apoios recebidos\",\"datePublished\":\"2025-01-26T17:15:53+00:00\",\"dateModified\":\"2025-02-04T16:10:46+00:00\",\"mainEntityOfPage\":{\"@id\":\"https:\/\/www.oarcanjo.net\/site\/pe-julio-fala-dos-projetos-com-moradores-de-rua-e-agradece-apoios-recebidos\/\"},\"wordCount\":79,\"commentCount\":0,\"publisher\":{\"@id\":\"https:\/\/www.oarcanjo.net\/site\/#organization\"},\"image\":{\"@id\":\"https:\/\/www.oarcanjo.net\/site\/pe-julio-fala-dos-projetos-com-moradores-de-rua-e-agradece-apoios-recebidos\/#primaryimage\"},\"thumbnailUrl\":\"https:\/\/www.oarcanjo.net\/site\/wp-content\/uploads\/2025026-Projetos03.jpg\",\"articleSection\":[\"Destaques\",\"Not\u00edcias\",\"V\u00eddeos\"],\"inLanguage\":\"pt-BR\",\"potentialAction\":[{\"@type\":\"CommentAction\",\"name\":\"Comment\",\"target\":[\"https:\/\/www.oarcanjo.net\/site\/pe-julio-fala-dos-projetos-com-moradores-de-rua-e-agradece-apoios-recebidos\/#respond\"]}]},{\"@type\":\"WebPage\",\"@id\":\"https:\/\/www.oarcanjo.net\/site\/pe-julio-fala-dos-projetos-com-moradores-de-rua-e-agradece-apoios-recebidos\/\",\"url\":\"https:\/\/www.oarcanjo.net\/site\/pe-julio-fala-dos-projetos-com-moradores-de-rua-e-agradece-apoios-recebidos\/\",\"name\":\"Pe. Julio fala dos projetos com moradores de rua e agradece apoios recebidos - O Arcanjo no ar\",\"isPartOf\":{\"@id\":\"https:\/\/www.oarcanjo.net\/site\/#website\"},\"primaryImageOfPage\":{\"@id\":\"https:\/\/www.oarcanjo.net\/site\/pe-julio-fala-dos-projetos-com-moradores-de-rua-e-agradece-apoios-recebidos\/#primaryimage\"},\"image\":{\"@id\":\"https:\/\/www.oarcanjo.net\/site\/pe-julio-fala-dos-projetos-com-moradores-de-rua-e-agradece-apoios-recebidos\/#primaryimage\"},\"thumbnailUrl\":\"https:\/\/www.oarcanjo.net\/site\/wp-content\/uploads\/2025026-Projetos03.jpg\",\"datePublished\":\"2025-01-26T17:15:53+00:00\",\"dateModified\":\"2025-02-04T16:10:46+00:00\",\"breadcrumb\":{\"@id\":\"https:\/\/www.oarcanjo.net\/site\/pe-julio-fala-dos-projetos-com-moradores-de-rua-e-agradece-apoios-recebidos\/#breadcrumb\"},\"inLanguage\":\"pt-BR\",\"potentialAction\":[{\"@type\":\"ReadAction\",\"target\":[\"https:\/\/www.oarcanjo.net\/site\/pe-julio-fala-dos-projetos-com-moradores-de-rua-e-agradece-apoios-recebidos\/\"]}]},{\"@type\":\"ImageObject\",\"inLanguage\":\"pt-BR\",\"@id\":\"https:\/\/www.oarcanjo.net\/site\/pe-julio-fala-dos-projetos-com-moradores-de-rua-e-agradece-apoios-recebidos\/#primaryimage\",\"url\":\"https:\/\/www.oarcanjo.net\/site\/wp-content\/uploads\/2025026-Projetos03.jpg\",\"contentUrl\":\"https:\/\/www.oarcanjo.net\/site\/wp-content\/uploads\/2025026-Projetos03.jpg\",\"width\":1271,\"height\":713},{\"@type\":\"BreadcrumbList\",\"@id\":\"https:\/\/www.oarcanjo.net\/site\/pe-julio-fala-dos-projetos-com-moradores-de-rua-e-agradece-apoios-recebidos\/#breadcrumb\",\"itemListElement\":[{\"@type\":\"ListItem\",\"position\":1,\"name\":\"In\u00edcio\",\"item\":\"https:\/\/www.oarcanjo.net\/site\/\"},{\"@type\":\"ListItem\",\"position\":2,\"name\":\"Pe. Julio fala dos projetos com moradores de rua e agradece apoios recebidos\"}]},{\"@type\":\"WebSite\",\"@id\":\"https:\/\/www.oarcanjo.net\/site\/#website\",\"url\":\"https:\/\/www.oarcanjo.net\/site\/\",\"name\":\"O Arcanjo no ar\",\"description\":\"Site da Par\u00f3quia S\u00e3o Miguel Arcanjo (Arquidiocese de SP)\",\"publisher\":{\"@id\":\"https:\/\/www.oarcanjo.net\/site\/#organization\"},\"potentialAction\":[{\"@type\":\"SearchAction\",\"target\":{\"@type\":\"EntryPoint\",\"urlTemplate\":\"https:\/\/www.oarcanjo.net\/site\/?s={search_term_string}\"},\"query-input\":{\"@type\":\"PropertyValueSpecification\",\"valueRequired\":true,\"valueName\":\"search_term_string\"}}],\"inLanguage\":\"pt-BR\"},{\"@type\":\"Organization\",\"@id\":\"https:\/\/www.oarcanjo.net\/site\/#organization\",\"name\":\"Par\u00f3quia S\u00e3o Miguel Arcanjo\",\"url\":\"https:\/\/www.oarcanjo.net\/site\/\",\"logo\":{\"@type\":\"ImageObject\",\"inLanguage\":\"pt-BR\",\"@id\":\"https:\/\/www.oarcanjo.net\/site\/#\/schema\/logo\/image\/\",\"url\":\"https:\/\/www.oarcanjo.net\/site\/wp-content\/uploads\/LogoOArcanjo.png\",\"contentUrl\":\"https:\/\/www.oarcanjo.net\/site\/wp-content\/uploads\/LogoOArcanjo.png\",\"width\":319,\"height\":99,\"caption\":\"Par\u00f3quia S\u00e3o Miguel Arcanjo\"},\"image\":{\"@id\":\"https:\/\/www.oarcanjo.net\/site\/#\/schema\/logo\/image\/\"},\"sameAs\":[\"https:\/\/www.facebook.com\/OArcanjoNoAr\/\"]},{\"@type\":\"Person\",\"@id\":\"https:\/\/www.oarcanjo.net\/site\/#\/schema\/person\/f7024d007863202483a31326673a0838\",\"name\":\"editor\",\"sameAs\":[\"http:\/\/www.oarcanjo.net\"]}]}<\/script>\n<!-- \/ Yoast SEO plugin. -->","yoast_head_json":{"title":"Pe. Julio fala dos projetos com moradores de rua e agradece apoios recebidos - O Arcanjo no ar","robots":{"index":"index","follow":"follow","max-snippet":"max-snippet:-1","max-image-preview":"max-image-preview:large","max-video-preview":"max-video-preview:-1"},"canonical":"https:\/\/www.oarcanjo.net\/site\/pe-julio-fala-dos-projetos-com-moradores-de-rua-e-agradece-apoios-recebidos\/","og_locale":"pt_BR","og_type":"article","og_title":"Pe. Julio fala dos projetos com moradores de rua e agradece apoios recebidos - O Arcanjo no ar","og_description":"\"\u00c0s vezes, eu fico triste de tanta cr\u00edtica que a gente recebe, mas os trabalhos com pessoas em situa\u00e7\u00e3o de rua n\u00e3o v\u00e3o parar!","og_url":"https:\/\/www.oarcanjo.net\/site\/pe-julio-fala-dos-projetos-com-moradores-de-rua-e-agradece-apoios-recebidos\/","og_site_name":"O Arcanjo no ar","article_publisher":"https:\/\/www.facebook.com\/OArcanjoNoAr\/","article_published_time":"2025-01-26T17:15:53+00:00","article_modified_time":"2025-02-04T16:10:46+00:00","og_image":[{"width":1271,"height":713,"url":"https:\/\/www.oarcanjo.net\/site\/wp-content\/uploads\/2025026-Projetos03.jpg","type":"image\/jpeg"}],"author":"editor","twitter_card":"summary_large_image","twitter_misc":{"Escrito por":"editor","Est. tempo de leitura":"1 minuto"},"schema":{"@context":"https:\/\/schema.org","@graph":[{"@type":"Article","@id":"https:\/\/www.oarcanjo.net\/site\/pe-julio-fala-dos-projetos-com-moradores-de-rua-e-agradece-apoios-recebidos\/#article","isPartOf":{"@id":"https:\/\/www.oarcanjo.net\/site\/pe-julio-fala-dos-projetos-com-moradores-de-rua-e-agradece-apoios-recebidos\/"},"author":{"name":"editor","@id":"https:\/\/www.oarcanjo.net\/site\/#\/schema\/person\/f7024d007863202483a31326673a0838"},"headline":"Pe. Julio fala dos projetos com moradores de rua e agradece apoios recebidos","datePublished":"2025-01-26T17:15:53+00:00","dateModified":"2025-02-04T16:10:46+00:00","mainEntityOfPage":{"@id":"https:\/\/www.oarcanjo.net\/site\/pe-julio-fala-dos-projetos-com-moradores-de-rua-e-agradece-apoios-recebidos\/"},"wordCount":79,"commentCount":0,"publisher":{"@id":"https:\/\/www.oarcanjo.net\/site\/#organization"},"image":{"@id":"https:\/\/www.oarcanjo.net\/site\/pe-julio-fala-dos-projetos-com-moradores-de-rua-e-agradece-apoios-recebidos\/#primaryimage"},"thumbnailUrl":"https:\/\/www.oarcanjo.net\/site\/wp-content\/uploads\/2025026-Projetos03.jpg","articleSection":["Destaques","Not\u00edcias","V\u00eddeos"],"inLanguage":"pt-BR","potentialAction":[{"@type":"CommentAction","name":"Comment","target":["https:\/\/www.oarcanjo.net\/site\/pe-julio-fala-dos-projetos-com-moradores-de-rua-e-agradece-apoios-recebidos\/#respond"]}]},{"@type":"WebPage","@id":"https:\/\/www.oarcanjo.net\/site\/pe-julio-fala-dos-projetos-com-moradores-de-rua-e-agradece-apoios-recebidos\/","url":"https:\/\/www.oarcanjo.net\/site\/pe-julio-fala-dos-projetos-com-moradores-de-rua-e-agradece-apoios-recebidos\/","name":"Pe. Julio fala dos projetos com moradores de rua e agradece apoios recebidos - O Arcanjo no ar","isPartOf":{"@id":"https:\/\/www.oarcanjo.net\/site\/#website"},"primaryImageOfPage":{"@id":"https:\/\/www.oarcanjo.net\/site\/pe-julio-fala-dos-projetos-com-moradores-de-rua-e-agradece-apoios-recebidos\/#primaryimage"},"image":{"@id":"https:\/\/www.oarcanjo.net\/site\/pe-julio-fala-dos-projetos-com-moradores-de-rua-e-agradece-apoios-recebidos\/#primaryimage"},"thumbnailUrl":"https:\/\/www.oarcanjo.net\/site\/wp-content\/uploads\/2025026-Projetos03.jpg","datePublished":"2025-01-26T17:15:53+00:00","dateModified":"2025-02-04T16:10:46+00:00","breadcrumb":{"@id":"https:\/\/www.oarcanjo.net\/site\/pe-julio-fala-dos-projetos-com-moradores-de-rua-e-agradece-apoios-recebidos\/#breadcrumb"},"inLanguage":"pt-BR","potentialAction":[{"@type":"ReadAction","target":["https:\/\/www.oarcanjo.net\/site\/pe-julio-fala-dos-projetos-com-moradores-de-rua-e-agradece-apoios-recebidos\/"]}]},{"@type":"ImageObject","inLanguage":"pt-BR","@id":"https:\/\/www.oarcanjo.net\/site\/pe-julio-fala-dos-projetos-com-moradores-de-rua-e-agradece-apoios-recebidos\/#primaryimage","url":"https:\/\/www.oarcanjo.net\/site\/wp-content\/uploads\/2025026-Projetos03.jpg","contentUrl":"https:\/\/www.oarcanjo.net\/site\/wp-content\/uploads\/2025026-Projetos03.jpg","width":1271,"height":713},{"@type":"BreadcrumbList","@id":"https:\/\/www.oarcanjo.net\/site\/pe-julio-fala-dos-projetos-com-moradores-de-rua-e-agradece-apoios-recebidos\/#breadcrumb","itemListElement":[{"@type":"ListItem","position":1,"name":"In\u00edcio","item":"https:\/\/www.oarcanjo.net\/site\/"},{"@type":"ListItem","position":2,"name":"Pe. Julio fala dos projetos com moradores de rua e agradece apoios recebidos"}]},{"@type":"WebSite","@id":"https:\/\/www.oarcanjo.net\/site\/#website","url":"https:\/\/www.oarcanjo.net\/site\/","name":"O Arcanjo no ar","description":"Site da Par\u00f3quia S\u00e3o Miguel Arcanjo (Arquidiocese de SP)","publisher":{"@id":"https:\/\/www.oarcanjo.net\/site\/#organization"},"potentialAction":[{"@type":"SearchAction","target":{"@type":"EntryPoint","urlTemplate":"https:\/\/www.oarcanjo.net\/site\/?s={search_term_string}"},"query-input":{"@type":"PropertyValueSpecification","valueRequired":true,"valueName":"search_term_string"}}],"inLanguage":"pt-BR"},{"@type":"Organization","@id":"https:\/\/www.oarcanjo.net\/site\/#organization","name":"Par\u00f3quia S\u00e3o Miguel Arcanjo","url":"https:\/\/www.oarcanjo.net\/site\/","logo":{"@type":"ImageObject","inLanguage":"pt-BR","@id":"https:\/\/www.oarcanjo.net\/site\/#\/schema\/logo\/image\/","url":"https:\/\/www.oarcanjo.net\/site\/wp-content\/uploads\/LogoOArcanjo.png","contentUrl":"https:\/\/www.oarcanjo.net\/site\/wp-content\/uploads\/LogoOArcanjo.png","width":319,"height":99,"caption":"Par\u00f3quia S\u00e3o Miguel Arcanjo"},"image":{"@id":"https:\/\/www.oarcanjo.net\/site\/#\/schema\/logo\/image\/"},"sameAs":["https:\/\/www.facebook.com\/OArcanjoNoAr\/"]},{"@type":"Person","@id":"https:\/\/www.oarcanjo.net\/site\/#\/schema\/person\/f7024d007863202483a31326673a0838","name":"editor","sameAs":["http:\/\/www.oarcanjo.net"]}]}},"publishpress_future_action":{"enabled":false,"date":"2026-05-09 03:05:12","action":"category","newStatus":"draft","terms":[],"taxonomy":"category"},"publishpress_future_workflow_manual_trigger":{"enabledWorkflows":[]},"_links":{"self":[{"href":"https:\/\/www.oarcanjo.net\/site\/wp-json\/wp\/v2\/posts\/129267"}],"collection":[{"href":"https:\/\/www.oarcanjo.net\/site\/wp-json\/wp\/v2\/posts"}],"about":[{"href":"https:\/\/www.oarcanjo.net\/site\/wp-json\/wp\/v2\/types\/post"}],"author":[{"embeddable":true,"href":"https:\/\/www.oarcanjo.net\/site\/wp-json\/wp\/v2\/users\/5"}],"replies":[{"embeddable":true,"href":"https:\/\/www.oarcanjo.net\/site\/wp-json\/wp\/v2\/comments?post=129267"}],"version-history":[{"count":3,"href":"https:\/\/www.oarcanjo.net\/site\/wp-json\/wp\/v2\/posts\/129267\/revisions"}],"predecessor-version":[{"id":129270,"href":"https:\/\/www.oarcanjo.net\/site\/wp-json\/wp\/v2\/posts\/129267\/revisions\/129270"}],"wp:featuredmedia":[{"embeddable":true,"href":"https:\/\/www.oarcanjo.net\/site\/wp-json\/wp\/v2\/media\/129303"}],"wp:attachment":[{"href":"https:\/\/www.oarcanjo.net\/site\/wp-json\/wp\/v2\/media?parent=129267"}],"wp:term":[{"taxonomy":"category","embeddable":true,"href":"https:\/\/www.oarcanjo.net\/site\/wp-json\/wp\/v2\/categories?post=129267"},{"taxonomy":"post_tag","embeddable":true,"href":"https:\/\/www.oarcanjo.net\/site\/wp-json\/wp\/v2\/tags?post=129267"}],"curies":[{"name":"wp","href":"https:\/\/api.w.org\/{rel}","templated":true}]}}