
{"id":12932,"date":"2011-02-01T22:37:31","date_gmt":"2011-02-02T00:37:31","guid":{"rendered":"http:\/\/www.oarcanjo.net\/site\/?p=12932"},"modified":"2011-02-01T22:37:31","modified_gmt":"2011-02-02T00:37:31","slug":"leituras-do-domingo-06022011","status":"publish","type":"post","link":"https:\/\/www.oarcanjo.net\/site\/leituras-do-domingo-06022011\/","title":{"rendered":"Leituras do domingo 06\/02\/2011"},"content":{"rendered":"<div>\n<h4>5\u00ba Domingo do Tempo Comum<\/h4>\n<p><strong>Primeira leitura (Isa\u00edas 58,7-10)<\/strong><\/p>\n<p>Leitura do Livro do Profeta Isa\u00edas:<\/p>\n<p>Assim diz o Senhor:\u00a0<sup>7<\/sup>Reparte o p\u00e3o com o faminto, acolhe em casa os pobres e peregrinos. Quando encontrares um nu, cobre-o, e n\u00e3o desprezes a tua carne.<br \/>\n<sup>8<\/sup>Ent\u00e3o, brilhar\u00e1 tua luz como a aurora e tua sa\u00fade h\u00e1 de recuperar-se mais depressa; \u00e0 frente caminhar\u00e1 tua justi\u00e7a e a gl\u00f3ria do Senhor te seguir\u00e1.<br \/>\n<sup>9<\/sup>Ent\u00e3o invocar\u00e1s o Senhor e ele te atender\u00e1, pedir\u00e1s socorro, e ele dir\u00e1: \u201cEis-me aqui\u201d. Se destru\u00edres teus instrumentos de opress\u00e3o, e deixares os h\u00e1bitos autorit\u00e1rios e a linguagem maldosa;\u00a0<sup>10<\/sup>se acolheres de cora\u00e7\u00e3o aberto o indigente e prestares todo o socorro ao necessitado, nascer\u00e1 nas trevas a tua luz e tua vida obscura ser\u00e1 como o meio-dia.<\/p>\n<p><strong>Salmo (Salmos 111)<\/strong><\/p>\n<p><strong>Uma luz brilha nas trevas\/ para o justo, permanece para sempre\/ o bem que fez. (bis)<\/strong><\/p>\n<p>1. Feliz o homem caridoso e prestativo,\/ que resolve seus neg\u00f3cios com justi\u00e7a.\/ Ele \u00e9 correto, generoso e compassivo,\/ como luz brilha nas trevas para os justos.<br \/>\n2. Porque jamais vacilar\u00e1 o homem justo,\/ sua lembran\u00e7a permanece eternamente.\/ Ele n\u00e3o teme receber not\u00edcias m\u00e1s:\/ confiando em Deus, seu cora\u00e7\u00e3o est\u00e1 seguro.<br \/>\n3. Seu cora\u00e7\u00e3o est\u00e1 tranquilo e nada teme,\/ ele reparte com os pobres os seus bens;\/ permanece para sempre o bem que fez e crescer\u00e3o a sua gl\u00f3ria e seu poder.<\/p>\n<p><strong>Segunda leitura (1\u00ba Cor\u00edntios 2,1-5)<\/strong><\/p>\n<p>Primeira Carta de S\u00e3o Paulo aos Cor\u00edntios:<\/p>\n<p><sup>1<\/sup>Irm\u00e3os, quando fui \u00e0 vossa cidade anunciar-vos o mist\u00e9rio de Deus, n\u00e3o recorri a uma linguagem elevada ou ao prest\u00edgio da sabedoria humana.\u00a0<sup>2<\/sup>Pois, entre v\u00f3s, n\u00e3o julguei saber coisa alguma, a n\u00e3o ser Jesus Cristo, e este crucificado.\u00a0<sup>3<\/sup>Ali\u00e1s, eu estive junto de v\u00f3s, com fraqueza e receio, e muito tremor.<br \/>\n<sup>4<\/sup>Tamb\u00e9m a minha palavra e a minha prega\u00e7\u00e3o n\u00e3o tinham nada dos discursos persuasivos da sabedoria, mas eram uma demonstra\u00e7\u00e3o do poder do Esp\u00edrito,\u00a0<sup>5<\/sup>para que a vossa f\u00e9 se baseasse no poder de Deus e n\u00e3o na sabedoria dos homens.<\/p>\n<p><strong>Evangelho (Mateus 5,13-16)<\/strong><\/p>\n<p>Naquele tempo, disse Jesus a seus disc\u00edpulos:\u00a0<sup>13<\/sup>V\u00f3s sois o sal da terra. Ora, se o sal se tornar insosso, com que salgaremos? Ele n\u00e3o servir\u00e1 para mais nada, sen\u00e3o para ser jogado fora e ser pisado pelos homens.<br \/>\n<sup>14<\/sup>V\u00f3s sois a luz do mundo. N\u00e3o pode ficar escondida uma cidade constru\u00edda sobre um monte.\u00a0<sup>15<\/sup>Ningu\u00e9m acende uma l\u00e2mpada e a coloca debaixo de uma vasilha, mas sim num candeeiro, onde brilha para todos que est\u00e3o na casa.<br \/>\n<sup>16<\/sup>Assim tamb\u00e9m brilhe a vossa luz diante dos homens, para que vejam as vossas boas obras e louvem o vosso Pai que est\u00e1 nos c\u00e9us.<\/p>\n<\/div>\n<div id=\"themify_builder_content-12932\" data-postid=\"12932\" class=\"themify_builder_content themify_builder_content-12932 themify_builder themify_builder_front\">\n\t<\/div>\n<!-- \/themify_builder_content -->","protected":false},"excerpt":{"rendered":"<p>5\u00ba Domingo do Tempo Comum Primeira leitura (Isa\u00edas 58,7-10) Leitura do Livro do Profeta Isa\u00edas: Assim diz o Senhor:\u00a07Reparte o p\u00e3o com o faminto, acolhe em casa os pobres e peregrinos. Quando encontrares um nu, cobre-o, e n\u00e3o desprezes a tua carne. 8Ent\u00e3o, brilhar\u00e1 tua luz como a aurora e tua sa\u00fade h\u00e1 de recuperar-se [&hellip;]<\/p>\n","protected":false},"author":5,"featured_media":0,"comment_status":"open","ping_status":"open","sticky":false,"template":"","format":"standard","meta":{"ngg_post_thumbnail":0,"footnotes":""},"categories":[109],"tags":[3204],"yoast_head":"<!-- This site is optimized with the Yoast SEO plugin v23.5 - https:\/\/yoast.com\/wordpress\/plugins\/seo\/ -->\n<title>Leituras do domingo 06\/02\/2011 - O Arcanjo no ar<\/title>\n<meta name=\"robots\" content=\"index, follow, max-snippet:-1, max-image-preview:large, max-video-preview:-1\" \/>\n<link rel=\"canonical\" href=\"https:\/\/www.oarcanjo.net\/site\/leituras-do-domingo-06022011\/\" \/>\n<meta property=\"og:locale\" content=\"pt_BR\" \/>\n<meta property=\"og:type\" content=\"article\" \/>\n<meta property=\"og:title\" content=\"Leituras do domingo 06\/02\/2011 - O Arcanjo no ar\" \/>\n<meta property=\"og:description\" content=\"5\u00ba Domingo do Tempo Comum Primeira leitura (Isa\u00edas 58,7-10) Leitura do Livro do Profeta Isa\u00edas: Assim diz o Senhor:\u00a07Reparte o p\u00e3o com o faminto, acolhe em casa os pobres e peregrinos. Quando encontrares um nu, cobre-o, e n\u00e3o desprezes a tua carne. 8Ent\u00e3o, brilhar\u00e1 tua luz como a aurora e tua sa\u00fade h\u00e1 de recuperar-se [&hellip;]\" \/>\n<meta property=\"og:url\" content=\"https:\/\/www.oarcanjo.net\/site\/leituras-do-domingo-06022011\/\" \/>\n<meta property=\"og:site_name\" content=\"O Arcanjo no ar\" \/>\n<meta property=\"article:publisher\" content=\"https:\/\/www.facebook.com\/OArcanjoNoAr\/\" \/>\n<meta property=\"article:published_time\" content=\"2011-02-02T00:37:31+00:00\" \/>\n<meta property=\"og:image\" content=\"https:\/\/www.oarcanjo.net\/site\/wp-content\/uploads\/logo-o-arcanjo-no-ar-facebook.png\" \/>\n\t<meta property=\"og:image:width\" content=\"300\" \/>\n\t<meta property=\"og:image:height\" content=\"300\" \/>\n\t<meta property=\"og:image:type\" content=\"image\/png\" \/>\n<meta name=\"author\" content=\"editor\" \/>\n<meta name=\"twitter:card\" content=\"summary_large_image\" \/>\n<meta name=\"twitter:label1\" content=\"Escrito por\" \/>\n\t<meta name=\"twitter:data1\" content=\"editor\" \/>\n\t<meta name=\"twitter:label2\" content=\"Est. tempo de leitura\" \/>\n\t<meta name=\"twitter:data2\" content=\"2 minutos\" \/>\n<script type=\"application\/ld+json\" class=\"yoast-schema-graph\">{\"@context\":\"https:\/\/schema.org\",\"@graph\":[{\"@type\":\"Article\",\"@id\":\"https:\/\/www.oarcanjo.net\/site\/leituras-do-domingo-06022011\/#article\",\"isPartOf\":{\"@id\":\"https:\/\/www.oarcanjo.net\/site\/leituras-do-domingo-06022011\/\"},\"author\":{\"name\":\"editor\",\"@id\":\"https:\/\/www.oarcanjo.net\/site\/#\/schema\/person\/f7024d007863202483a31326673a0838\"},\"headline\":\"Leituras do domingo 06\/02\/2011\",\"datePublished\":\"2011-02-02T00:37:31+00:00\",\"dateModified\":\"2011-02-02T00:37:31+00:00\",\"mainEntityOfPage\":{\"@id\":\"https:\/\/www.oarcanjo.net\/site\/leituras-do-domingo-06022011\/\"},\"wordCount\":490,\"commentCount\":0,\"publisher\":{\"@id\":\"https:\/\/www.oarcanjo.net\/site\/#organization\"},\"keywords\":[\"Liturgia\"],\"articleSection\":[\"Liturgia\"],\"inLanguage\":\"pt-BR\",\"potentialAction\":[{\"@type\":\"CommentAction\",\"name\":\"Comment\",\"target\":[\"https:\/\/www.oarcanjo.net\/site\/leituras-do-domingo-06022011\/#respond\"]}]},{\"@type\":\"WebPage\",\"@id\":\"https:\/\/www.oarcanjo.net\/site\/leituras-do-domingo-06022011\/\",\"url\":\"https:\/\/www.oarcanjo.net\/site\/leituras-do-domingo-06022011\/\",\"name\":\"Leituras do domingo 06\/02\/2011 - O Arcanjo no ar\",\"isPartOf\":{\"@id\":\"https:\/\/www.oarcanjo.net\/site\/#website\"},\"datePublished\":\"2011-02-02T00:37:31+00:00\",\"dateModified\":\"2011-02-02T00:37:31+00:00\",\"breadcrumb\":{\"@id\":\"https:\/\/www.oarcanjo.net\/site\/leituras-do-domingo-06022011\/#breadcrumb\"},\"inLanguage\":\"pt-BR\",\"potentialAction\":[{\"@type\":\"ReadAction\",\"target\":[\"https:\/\/www.oarcanjo.net\/site\/leituras-do-domingo-06022011\/\"]}]},{\"@type\":\"BreadcrumbList\",\"@id\":\"https:\/\/www.oarcanjo.net\/site\/leituras-do-domingo-06022011\/#breadcrumb\",\"itemListElement\":[{\"@type\":\"ListItem\",\"position\":1,\"name\":\"In\u00edcio\",\"item\":\"https:\/\/www.oarcanjo.net\/site\/\"},{\"@type\":\"ListItem\",\"position\":2,\"name\":\"Leituras do domingo 06\/02\/2011\"}]},{\"@type\":\"WebSite\",\"@id\":\"https:\/\/www.oarcanjo.net\/site\/#website\",\"url\":\"https:\/\/www.oarcanjo.net\/site\/\",\"name\":\"O Arcanjo no ar\",\"description\":\"Site da Par\u00f3quia S\u00e3o Miguel Arcanjo (Arquidiocese de SP)\",\"publisher\":{\"@id\":\"https:\/\/www.oarcanjo.net\/site\/#organization\"},\"potentialAction\":[{\"@type\":\"SearchAction\",\"target\":{\"@type\":\"EntryPoint\",\"urlTemplate\":\"https:\/\/www.oarcanjo.net\/site\/?s={search_term_string}\"},\"query-input\":{\"@type\":\"PropertyValueSpecification\",\"valueRequired\":true,\"valueName\":\"search_term_string\"}}],\"inLanguage\":\"pt-BR\"},{\"@type\":\"Organization\",\"@id\":\"https:\/\/www.oarcanjo.net\/site\/#organization\",\"name\":\"Par\u00f3quia S\u00e3o Miguel Arcanjo\",\"url\":\"https:\/\/www.oarcanjo.net\/site\/\",\"logo\":{\"@type\":\"ImageObject\",\"inLanguage\":\"pt-BR\",\"@id\":\"https:\/\/www.oarcanjo.net\/site\/#\/schema\/logo\/image\/\",\"url\":\"https:\/\/www.oarcanjo.net\/site\/wp-content\/uploads\/LogoOArcanjo.png\",\"contentUrl\":\"https:\/\/www.oarcanjo.net\/site\/wp-content\/uploads\/LogoOArcanjo.png\",\"width\":319,\"height\":99,\"caption\":\"Par\u00f3quia S\u00e3o Miguel Arcanjo\"},\"image\":{\"@id\":\"https:\/\/www.oarcanjo.net\/site\/#\/schema\/logo\/image\/\"},\"sameAs\":[\"https:\/\/www.facebook.com\/OArcanjoNoAr\/\"]},{\"@type\":\"Person\",\"@id\":\"https:\/\/www.oarcanjo.net\/site\/#\/schema\/person\/f7024d007863202483a31326673a0838\",\"name\":\"editor\",\"sameAs\":[\"http:\/\/www.oarcanjo.net\"]}]}<\/script>\n<!-- \/ Yoast SEO plugin. -->","yoast_head_json":{"title":"Leituras do domingo 06\/02\/2011 - O Arcanjo no ar","robots":{"index":"index","follow":"follow","max-snippet":"max-snippet:-1","max-image-preview":"max-image-preview:large","max-video-preview":"max-video-preview:-1"},"canonical":"https:\/\/www.oarcanjo.net\/site\/leituras-do-domingo-06022011\/","og_locale":"pt_BR","og_type":"article","og_title":"Leituras do domingo 06\/02\/2011 - O Arcanjo no ar","og_description":"5\u00ba Domingo do Tempo Comum Primeira leitura (Isa\u00edas 58,7-10) Leitura do Livro do Profeta Isa\u00edas: Assim diz o Senhor:\u00a07Reparte o p\u00e3o com o faminto, acolhe em casa os pobres e peregrinos. Quando encontrares um nu, cobre-o, e n\u00e3o desprezes a tua carne. 8Ent\u00e3o, brilhar\u00e1 tua luz como a aurora e tua sa\u00fade h\u00e1 de recuperar-se [&hellip;]","og_url":"https:\/\/www.oarcanjo.net\/site\/leituras-do-domingo-06022011\/","og_site_name":"O Arcanjo no ar","article_publisher":"https:\/\/www.facebook.com\/OArcanjoNoAr\/","article_published_time":"2011-02-02T00:37:31+00:00","og_image":[{"width":300,"height":300,"url":"https:\/\/www.oarcanjo.net\/site\/wp-content\/uploads\/logo-o-arcanjo-no-ar-facebook.png","type":"image\/png"}],"author":"editor","twitter_card":"summary_large_image","twitter_misc":{"Escrito por":"editor","Est. tempo de leitura":"2 minutos"},"schema":{"@context":"https:\/\/schema.org","@graph":[{"@type":"Article","@id":"https:\/\/www.oarcanjo.net\/site\/leituras-do-domingo-06022011\/#article","isPartOf":{"@id":"https:\/\/www.oarcanjo.net\/site\/leituras-do-domingo-06022011\/"},"author":{"name":"editor","@id":"https:\/\/www.oarcanjo.net\/site\/#\/schema\/person\/f7024d007863202483a31326673a0838"},"headline":"Leituras do domingo 06\/02\/2011","datePublished":"2011-02-02T00:37:31+00:00","dateModified":"2011-02-02T00:37:31+00:00","mainEntityOfPage":{"@id":"https:\/\/www.oarcanjo.net\/site\/leituras-do-domingo-06022011\/"},"wordCount":490,"commentCount":0,"publisher":{"@id":"https:\/\/www.oarcanjo.net\/site\/#organization"},"keywords":["Liturgia"],"articleSection":["Liturgia"],"inLanguage":"pt-BR","potentialAction":[{"@type":"CommentAction","name":"Comment","target":["https:\/\/www.oarcanjo.net\/site\/leituras-do-domingo-06022011\/#respond"]}]},{"@type":"WebPage","@id":"https:\/\/www.oarcanjo.net\/site\/leituras-do-domingo-06022011\/","url":"https:\/\/www.oarcanjo.net\/site\/leituras-do-domingo-06022011\/","name":"Leituras do domingo 06\/02\/2011 - O Arcanjo no ar","isPartOf":{"@id":"https:\/\/www.oarcanjo.net\/site\/#website"},"datePublished":"2011-02-02T00:37:31+00:00","dateModified":"2011-02-02T00:37:31+00:00","breadcrumb":{"@id":"https:\/\/www.oarcanjo.net\/site\/leituras-do-domingo-06022011\/#breadcrumb"},"inLanguage":"pt-BR","potentialAction":[{"@type":"ReadAction","target":["https:\/\/www.oarcanjo.net\/site\/leituras-do-domingo-06022011\/"]}]},{"@type":"BreadcrumbList","@id":"https:\/\/www.oarcanjo.net\/site\/leituras-do-domingo-06022011\/#breadcrumb","itemListElement":[{"@type":"ListItem","position":1,"name":"In\u00edcio","item":"https:\/\/www.oarcanjo.net\/site\/"},{"@type":"ListItem","position":2,"name":"Leituras do domingo 06\/02\/2011"}]},{"@type":"WebSite","@id":"https:\/\/www.oarcanjo.net\/site\/#website","url":"https:\/\/www.oarcanjo.net\/site\/","name":"O Arcanjo no ar","description":"Site da Par\u00f3quia S\u00e3o Miguel Arcanjo (Arquidiocese de SP)","publisher":{"@id":"https:\/\/www.oarcanjo.net\/site\/#organization"},"potentialAction":[{"@type":"SearchAction","target":{"@type":"EntryPoint","urlTemplate":"https:\/\/www.oarcanjo.net\/site\/?s={search_term_string}"},"query-input":{"@type":"PropertyValueSpecification","valueRequired":true,"valueName":"search_term_string"}}],"inLanguage":"pt-BR"},{"@type":"Organization","@id":"https:\/\/www.oarcanjo.net\/site\/#organization","name":"Par\u00f3quia S\u00e3o Miguel Arcanjo","url":"https:\/\/www.oarcanjo.net\/site\/","logo":{"@type":"ImageObject","inLanguage":"pt-BR","@id":"https:\/\/www.oarcanjo.net\/site\/#\/schema\/logo\/image\/","url":"https:\/\/www.oarcanjo.net\/site\/wp-content\/uploads\/LogoOArcanjo.png","contentUrl":"https:\/\/www.oarcanjo.net\/site\/wp-content\/uploads\/LogoOArcanjo.png","width":319,"height":99,"caption":"Par\u00f3quia S\u00e3o Miguel Arcanjo"},"image":{"@id":"https:\/\/www.oarcanjo.net\/site\/#\/schema\/logo\/image\/"},"sameAs":["https:\/\/www.facebook.com\/OArcanjoNoAr\/"]},{"@type":"Person","@id":"https:\/\/www.oarcanjo.net\/site\/#\/schema\/person\/f7024d007863202483a31326673a0838","name":"editor","sameAs":["http:\/\/www.oarcanjo.net"]}]}},"publishpress_future_action":{"enabled":false,"date":"2026-05-09 01:49:48","action":"category","newStatus":"draft","terms":[],"taxonomy":"category"},"publishpress_future_workflow_manual_trigger":{"enabledWorkflows":[]},"_links":{"self":[{"href":"https:\/\/www.oarcanjo.net\/site\/wp-json\/wp\/v2\/posts\/12932"}],"collection":[{"href":"https:\/\/www.oarcanjo.net\/site\/wp-json\/wp\/v2\/posts"}],"about":[{"href":"https:\/\/www.oarcanjo.net\/site\/wp-json\/wp\/v2\/types\/post"}],"author":[{"embeddable":true,"href":"https:\/\/www.oarcanjo.net\/site\/wp-json\/wp\/v2\/users\/5"}],"replies":[{"embeddable":true,"href":"https:\/\/www.oarcanjo.net\/site\/wp-json\/wp\/v2\/comments?post=12932"}],"version-history":[{"count":0,"href":"https:\/\/www.oarcanjo.net\/site\/wp-json\/wp\/v2\/posts\/12932\/revisions"}],"wp:attachment":[{"href":"https:\/\/www.oarcanjo.net\/site\/wp-json\/wp\/v2\/media?parent=12932"}],"wp:term":[{"taxonomy":"category","embeddable":true,"href":"https:\/\/www.oarcanjo.net\/site\/wp-json\/wp\/v2\/categories?post=12932"},{"taxonomy":"post_tag","embeddable":true,"href":"https:\/\/www.oarcanjo.net\/site\/wp-json\/wp\/v2\/tags?post=12932"}],"curies":[{"name":"wp","href":"https:\/\/api.w.org\/{rel}","templated":true}]}}