
{"id":12935,"date":"2011-02-01T22:45:14","date_gmt":"2011-02-02T00:45:14","guid":{"rendered":"http:\/\/www.oarcanjo.net\/site\/?p=12935"},"modified":"2011-02-01T22:45:14","modified_gmt":"2011-02-02T00:45:14","slug":"leituras-do-domingo-13022011","status":"publish","type":"post","link":"https:\/\/www.oarcanjo.net\/site\/leituras-do-domingo-13022011\/","title":{"rendered":"Leituras do domingo 13\/02\/2011"},"content":{"rendered":"<div>\n<h4>6\u00ba Domingo do Tempo Comum<\/h4>\n<p><strong>Primeira leitura (Eclesi\u00e1stico 15,16-21)<\/strong><\/p>\n<p>Leitura do Livro do Eclesi\u00e1stico:<\/p>\n<p><sup>16<\/sup>Se quiseres observar os mandamentos, eles te guardar\u00e3o; se confias em Deus, tu tamb\u00e9m viver\u00e1s.<br \/>\n<sup>17<\/sup>Diante de ti ele colocou o fogo e a \u00e1gua; para o que quiseres, tu podes estender a m\u00e3o.<br \/>\n<sup>18<\/sup>Diante do homem est\u00e3o a vida e a morte, o bem e o mal; ele receber\u00e1 aquilo que preferir.<br \/>\n<sup>19<\/sup>A sabedoria do Senhor \u00e9 imensa, ele \u00e9 forte e poderoso e tudo v\u00ea continuamente.<br \/>\n<sup>20<\/sup>Os olhos do Senhor est\u00e3o voltados para os que o temem. Ele conhece todas as obras do homem.<br \/>\n<sup>21<\/sup>N\u00e3o mandou a ningu\u00e9m agir como \u00edmpio e a ningu\u00e9m deu licen\u00e7a de pecar.<\/p>\n<p><strong>Salmo (Salmos 118)<\/strong><\/p>\n<p>Feliz o homem sem pecado em seu caminho,\/ que na lei do Senhor Deus vai progredindo!<\/p>\n<p>1. Feliz o homem sem pecado em seu caminho\/ que na lei do Senhor Deus vai progredindo!\/ Feliz o homem que observa seus preceitos\/ e de todo cora\u00e7\u00e3o procura a Deus!<br \/>\n2. Os vossos mandamentos v\u00f3s nos destes,\/ para serem fielmente observados.\/ Oxal\u00e1, seja bem firme a minha vida\/ em cumprir vossa vontade e vossa lei!<br \/>\n3. Sede bom com vosso servo e viverei\/ e guardarei vossa palavra, \u00f3 Senhor.\/ Abri meus olhos e ent\u00e3o contemplarei\/ as maravilhas que encerra a vossa lei.<br \/>\n4. Ensinai-me a viver vossos preceitos;\/ quero guard\u00e1-los fielmente at\u00e9 o fim!\/ Dai-me o saber, e cumprirei a vossa lei\/ e de todo cora\u00e7\u00e3o a guardarei.<\/p>\n<p><strong>Segunda leitura (1\u00ba Cor\u00edntios 2,6-10)<\/strong><\/p>\n<p>Leitura da Primeira Carta de S\u00e3o Paulo aos Cor\u00edntios:<\/p>\n<p>Irm\u00e3os:\u00a0<sup>6<\/sup>Entre os perfeitos n\u00f3s falamos de sabedoria, n\u00e3o da sabedoria deste mundo nem da sabedoria dos poderosos deste mundo, que, afinal, est\u00e3o votados \u00e0 destrui\u00e7\u00e3o.<br \/>\n<sup>7<\/sup>Falamos, sim, da misteriosa sabedoria de Deus, sabedoria escondida, que desde a eternidade Deus destinou para nossa gl\u00f3ria.<br \/>\n<sup>8<\/sup>Nenhum dos poderosos deste mundo conheceu essa sabedoria. Pois, se a tivessem conhecido, n\u00e3o teriam crucificado o Senhor da gl\u00f3ria.<br \/>\n<sup>9<\/sup>Mas, como est\u00e1 escrito, \u201co que Deus preparou para os que o amam \u00e9 algo que os olhos jamais viram nem os ouvidos ouviram nem cora\u00e7\u00e3o algum jamais pressentiu\u201d.<br \/>\n<sup>10<\/sup>A n\u00f3s Deus revelou esse mist\u00e9rio atrav\u00e9s do Esp\u00edrito. Pois o Esp\u00edrito esquadrinha tudo, mesmo as profundezas de Deus.<\/p>\n<p><strong>Evangelho (Mateus 5,20-22a.27-28.33-34a.37)<\/strong><\/p>\n<p>Naquele tempo, disse Jesus a seus disc\u00edpulos:\u00a0<sup>20<\/sup>\u201cEu vos digo: Se a vossa justi\u00e7a n\u00e3o for maior que a justi\u00e7a dos mestres da Lei e dos fariseus, v\u00f3s n\u00e3o entrareis no Reino dos C\u00e9us.<br \/>\n<sup>21<\/sup>V\u00f3s ouvistes o que foi dito aos antigos: \u2018N\u00e3o matar\u00e1s! Quem matar ser\u00e1 condenado pelo tribunal\u2019.\u00a0<sup>22a<\/sup>Eu, por\u00e9m, vos digo: todo aquele que se encoleriza com seu irm\u00e3o ser\u00e1 r\u00e9u em ju\u00edzo.<br \/>\n<sup>27<\/sup>Ouvistes o que foi dito: \u2018N\u00e3o cometer\u00e1s adult\u00e9rio\u2019.\u00a0<sup>28<\/sup>Eu, por\u00e9m, vos digo: Todo aquele que olhar para uma mulher, com o desejo de possu\u00ed-la, j\u00e1 cometeu adult\u00e9rio com ela no seu cora\u00e7\u00e3o.<br \/>\n<sup>33<\/sup>V\u00f3s ouvistes tamb\u00e9m o que foi dito aos antigos: \u2018N\u00e3o jurar\u00e1s falso\u2019, mas \u00b4cumprir\u00e1s os teus juramentos feitos ao Senhor\u2019.\u00a0<sup>34a<\/sup>Eu, por\u00e9m, vos digo: N\u00e3o jureis de modo algum.<sup>37<\/sup>Seja o vosso \u2018sim\u2019: \u2018Sim\u2019, e o vosso \u2018n\u00e3o\u2019: \u2018N\u00e3o\u2019. Tudo o que for al\u00e9m disso vem do Maligno\u201d.<\/p>\n<\/div>\n<div id=\"themify_builder_content-12935\" data-postid=\"12935\" class=\"themify_builder_content themify_builder_content-12935 themify_builder themify_builder_front\">\n\t<\/div>\n<!-- \/themify_builder_content -->","protected":false},"excerpt":{"rendered":"<p>6\u00ba Domingo do Tempo Comum Primeira leitura (Eclesi\u00e1stico 15,16-21) Leitura do Livro do Eclesi\u00e1stico: 16Se quiseres observar os mandamentos, eles te guardar\u00e3o; se confias em Deus, tu tamb\u00e9m viver\u00e1s. 17Diante de ti ele colocou o fogo e a \u00e1gua; para o que quiseres, tu podes estender a m\u00e3o. 18Diante do homem est\u00e3o a vida e [&hellip;]<\/p>\n","protected":false},"author":5,"featured_media":0,"comment_status":"open","ping_status":"open","sticky":false,"template":"","format":"standard","meta":{"ngg_post_thumbnail":0,"footnotes":""},"categories":[109],"tags":[3204],"yoast_head":"<!-- This site is optimized with the Yoast SEO plugin v23.5 - https:\/\/yoast.com\/wordpress\/plugins\/seo\/ -->\n<title>Leituras do domingo 13\/02\/2011 - O Arcanjo no ar<\/title>\n<meta name=\"robots\" content=\"index, follow, max-snippet:-1, max-image-preview:large, max-video-preview:-1\" \/>\n<link rel=\"canonical\" href=\"https:\/\/www.oarcanjo.net\/site\/leituras-do-domingo-13022011\/\" \/>\n<meta property=\"og:locale\" content=\"pt_BR\" \/>\n<meta property=\"og:type\" content=\"article\" \/>\n<meta property=\"og:title\" content=\"Leituras do domingo 13\/02\/2011 - O Arcanjo no ar\" \/>\n<meta property=\"og:description\" content=\"6\u00ba Domingo do Tempo Comum Primeira leitura (Eclesi\u00e1stico 15,16-21) Leitura do Livro do Eclesi\u00e1stico: 16Se quiseres observar os mandamentos, eles te guardar\u00e3o; se confias em Deus, tu tamb\u00e9m viver\u00e1s. 17Diante de ti ele colocou o fogo e a \u00e1gua; para o que quiseres, tu podes estender a m\u00e3o. 18Diante do homem est\u00e3o a vida e [&hellip;]\" \/>\n<meta property=\"og:url\" content=\"https:\/\/www.oarcanjo.net\/site\/leituras-do-domingo-13022011\/\" \/>\n<meta property=\"og:site_name\" content=\"O Arcanjo no ar\" \/>\n<meta property=\"article:publisher\" content=\"https:\/\/www.facebook.com\/OArcanjoNoAr\/\" \/>\n<meta property=\"article:published_time\" content=\"2011-02-02T00:45:14+00:00\" \/>\n<meta property=\"og:image\" content=\"https:\/\/www.oarcanjo.net\/site\/wp-content\/uploads\/logo-o-arcanjo-no-ar-facebook.png\" \/>\n\t<meta property=\"og:image:width\" content=\"300\" \/>\n\t<meta property=\"og:image:height\" content=\"300\" \/>\n\t<meta property=\"og:image:type\" content=\"image\/png\" \/>\n<meta name=\"author\" content=\"editor\" \/>\n<meta name=\"twitter:card\" content=\"summary_large_image\" \/>\n<meta name=\"twitter:label1\" content=\"Escrito por\" \/>\n\t<meta name=\"twitter:data1\" content=\"editor\" \/>\n\t<meta name=\"twitter:label2\" content=\"Est. tempo de leitura\" \/>\n\t<meta name=\"twitter:data2\" content=\"3 minutos\" \/>\n<script type=\"application\/ld+json\" class=\"yoast-schema-graph\">{\"@context\":\"https:\/\/schema.org\",\"@graph\":[{\"@type\":\"Article\",\"@id\":\"https:\/\/www.oarcanjo.net\/site\/leituras-do-domingo-13022011\/#article\",\"isPartOf\":{\"@id\":\"https:\/\/www.oarcanjo.net\/site\/leituras-do-domingo-13022011\/\"},\"author\":{\"name\":\"editor\",\"@id\":\"https:\/\/www.oarcanjo.net\/site\/#\/schema\/person\/f7024d007863202483a31326673a0838\"},\"headline\":\"Leituras do domingo 13\/02\/2011\",\"datePublished\":\"2011-02-02T00:45:14+00:00\",\"dateModified\":\"2011-02-02T00:45:14+00:00\",\"mainEntityOfPage\":{\"@id\":\"https:\/\/www.oarcanjo.net\/site\/leituras-do-domingo-13022011\/\"},\"wordCount\":577,\"commentCount\":0,\"publisher\":{\"@id\":\"https:\/\/www.oarcanjo.net\/site\/#organization\"},\"keywords\":[\"Liturgia\"],\"articleSection\":[\"Liturgia\"],\"inLanguage\":\"pt-BR\",\"potentialAction\":[{\"@type\":\"CommentAction\",\"name\":\"Comment\",\"target\":[\"https:\/\/www.oarcanjo.net\/site\/leituras-do-domingo-13022011\/#respond\"]}]},{\"@type\":\"WebPage\",\"@id\":\"https:\/\/www.oarcanjo.net\/site\/leituras-do-domingo-13022011\/\",\"url\":\"https:\/\/www.oarcanjo.net\/site\/leituras-do-domingo-13022011\/\",\"name\":\"Leituras do domingo 13\/02\/2011 - O Arcanjo no ar\",\"isPartOf\":{\"@id\":\"https:\/\/www.oarcanjo.net\/site\/#website\"},\"datePublished\":\"2011-02-02T00:45:14+00:00\",\"dateModified\":\"2011-02-02T00:45:14+00:00\",\"breadcrumb\":{\"@id\":\"https:\/\/www.oarcanjo.net\/site\/leituras-do-domingo-13022011\/#breadcrumb\"},\"inLanguage\":\"pt-BR\",\"potentialAction\":[{\"@type\":\"ReadAction\",\"target\":[\"https:\/\/www.oarcanjo.net\/site\/leituras-do-domingo-13022011\/\"]}]},{\"@type\":\"BreadcrumbList\",\"@id\":\"https:\/\/www.oarcanjo.net\/site\/leituras-do-domingo-13022011\/#breadcrumb\",\"itemListElement\":[{\"@type\":\"ListItem\",\"position\":1,\"name\":\"In\u00edcio\",\"item\":\"https:\/\/www.oarcanjo.net\/site\/\"},{\"@type\":\"ListItem\",\"position\":2,\"name\":\"Leituras do domingo 13\/02\/2011\"}]},{\"@type\":\"WebSite\",\"@id\":\"https:\/\/www.oarcanjo.net\/site\/#website\",\"url\":\"https:\/\/www.oarcanjo.net\/site\/\",\"name\":\"O Arcanjo no ar\",\"description\":\"Site da Par\u00f3quia S\u00e3o Miguel Arcanjo (Arquidiocese de SP)\",\"publisher\":{\"@id\":\"https:\/\/www.oarcanjo.net\/site\/#organization\"},\"potentialAction\":[{\"@type\":\"SearchAction\",\"target\":{\"@type\":\"EntryPoint\",\"urlTemplate\":\"https:\/\/www.oarcanjo.net\/site\/?s={search_term_string}\"},\"query-input\":{\"@type\":\"PropertyValueSpecification\",\"valueRequired\":true,\"valueName\":\"search_term_string\"}}],\"inLanguage\":\"pt-BR\"},{\"@type\":\"Organization\",\"@id\":\"https:\/\/www.oarcanjo.net\/site\/#organization\",\"name\":\"Par\u00f3quia S\u00e3o Miguel Arcanjo\",\"url\":\"https:\/\/www.oarcanjo.net\/site\/\",\"logo\":{\"@type\":\"ImageObject\",\"inLanguage\":\"pt-BR\",\"@id\":\"https:\/\/www.oarcanjo.net\/site\/#\/schema\/logo\/image\/\",\"url\":\"https:\/\/www.oarcanjo.net\/site\/wp-content\/uploads\/LogoOArcanjo.png\",\"contentUrl\":\"https:\/\/www.oarcanjo.net\/site\/wp-content\/uploads\/LogoOArcanjo.png\",\"width\":319,\"height\":99,\"caption\":\"Par\u00f3quia S\u00e3o Miguel Arcanjo\"},\"image\":{\"@id\":\"https:\/\/www.oarcanjo.net\/site\/#\/schema\/logo\/image\/\"},\"sameAs\":[\"https:\/\/www.facebook.com\/OArcanjoNoAr\/\"]},{\"@type\":\"Person\",\"@id\":\"https:\/\/www.oarcanjo.net\/site\/#\/schema\/person\/f7024d007863202483a31326673a0838\",\"name\":\"editor\",\"sameAs\":[\"http:\/\/www.oarcanjo.net\"]}]}<\/script>\n<!-- \/ Yoast SEO plugin. -->","yoast_head_json":{"title":"Leituras do domingo 13\/02\/2011 - O Arcanjo no ar","robots":{"index":"index","follow":"follow","max-snippet":"max-snippet:-1","max-image-preview":"max-image-preview:large","max-video-preview":"max-video-preview:-1"},"canonical":"https:\/\/www.oarcanjo.net\/site\/leituras-do-domingo-13022011\/","og_locale":"pt_BR","og_type":"article","og_title":"Leituras do domingo 13\/02\/2011 - O Arcanjo no ar","og_description":"6\u00ba Domingo do Tempo Comum Primeira leitura (Eclesi\u00e1stico 15,16-21) Leitura do Livro do Eclesi\u00e1stico: 16Se quiseres observar os mandamentos, eles te guardar\u00e3o; se confias em Deus, tu tamb\u00e9m viver\u00e1s. 17Diante de ti ele colocou o fogo e a \u00e1gua; para o que quiseres, tu podes estender a m\u00e3o. 18Diante do homem est\u00e3o a vida e [&hellip;]","og_url":"https:\/\/www.oarcanjo.net\/site\/leituras-do-domingo-13022011\/","og_site_name":"O Arcanjo no ar","article_publisher":"https:\/\/www.facebook.com\/OArcanjoNoAr\/","article_published_time":"2011-02-02T00:45:14+00:00","og_image":[{"width":300,"height":300,"url":"https:\/\/www.oarcanjo.net\/site\/wp-content\/uploads\/logo-o-arcanjo-no-ar-facebook.png","type":"image\/png"}],"author":"editor","twitter_card":"summary_large_image","twitter_misc":{"Escrito por":"editor","Est. tempo de leitura":"3 minutos"},"schema":{"@context":"https:\/\/schema.org","@graph":[{"@type":"Article","@id":"https:\/\/www.oarcanjo.net\/site\/leituras-do-domingo-13022011\/#article","isPartOf":{"@id":"https:\/\/www.oarcanjo.net\/site\/leituras-do-domingo-13022011\/"},"author":{"name":"editor","@id":"https:\/\/www.oarcanjo.net\/site\/#\/schema\/person\/f7024d007863202483a31326673a0838"},"headline":"Leituras do domingo 13\/02\/2011","datePublished":"2011-02-02T00:45:14+00:00","dateModified":"2011-02-02T00:45:14+00:00","mainEntityOfPage":{"@id":"https:\/\/www.oarcanjo.net\/site\/leituras-do-domingo-13022011\/"},"wordCount":577,"commentCount":0,"publisher":{"@id":"https:\/\/www.oarcanjo.net\/site\/#organization"},"keywords":["Liturgia"],"articleSection":["Liturgia"],"inLanguage":"pt-BR","potentialAction":[{"@type":"CommentAction","name":"Comment","target":["https:\/\/www.oarcanjo.net\/site\/leituras-do-domingo-13022011\/#respond"]}]},{"@type":"WebPage","@id":"https:\/\/www.oarcanjo.net\/site\/leituras-do-domingo-13022011\/","url":"https:\/\/www.oarcanjo.net\/site\/leituras-do-domingo-13022011\/","name":"Leituras do domingo 13\/02\/2011 - O Arcanjo no ar","isPartOf":{"@id":"https:\/\/www.oarcanjo.net\/site\/#website"},"datePublished":"2011-02-02T00:45:14+00:00","dateModified":"2011-02-02T00:45:14+00:00","breadcrumb":{"@id":"https:\/\/www.oarcanjo.net\/site\/leituras-do-domingo-13022011\/#breadcrumb"},"inLanguage":"pt-BR","potentialAction":[{"@type":"ReadAction","target":["https:\/\/www.oarcanjo.net\/site\/leituras-do-domingo-13022011\/"]}]},{"@type":"BreadcrumbList","@id":"https:\/\/www.oarcanjo.net\/site\/leituras-do-domingo-13022011\/#breadcrumb","itemListElement":[{"@type":"ListItem","position":1,"name":"In\u00edcio","item":"https:\/\/www.oarcanjo.net\/site\/"},{"@type":"ListItem","position":2,"name":"Leituras do domingo 13\/02\/2011"}]},{"@type":"WebSite","@id":"https:\/\/www.oarcanjo.net\/site\/#website","url":"https:\/\/www.oarcanjo.net\/site\/","name":"O Arcanjo no ar","description":"Site da Par\u00f3quia S\u00e3o Miguel Arcanjo (Arquidiocese de SP)","publisher":{"@id":"https:\/\/www.oarcanjo.net\/site\/#organization"},"potentialAction":[{"@type":"SearchAction","target":{"@type":"EntryPoint","urlTemplate":"https:\/\/www.oarcanjo.net\/site\/?s={search_term_string}"},"query-input":{"@type":"PropertyValueSpecification","valueRequired":true,"valueName":"search_term_string"}}],"inLanguage":"pt-BR"},{"@type":"Organization","@id":"https:\/\/www.oarcanjo.net\/site\/#organization","name":"Par\u00f3quia S\u00e3o Miguel Arcanjo","url":"https:\/\/www.oarcanjo.net\/site\/","logo":{"@type":"ImageObject","inLanguage":"pt-BR","@id":"https:\/\/www.oarcanjo.net\/site\/#\/schema\/logo\/image\/","url":"https:\/\/www.oarcanjo.net\/site\/wp-content\/uploads\/LogoOArcanjo.png","contentUrl":"https:\/\/www.oarcanjo.net\/site\/wp-content\/uploads\/LogoOArcanjo.png","width":319,"height":99,"caption":"Par\u00f3quia S\u00e3o Miguel Arcanjo"},"image":{"@id":"https:\/\/www.oarcanjo.net\/site\/#\/schema\/logo\/image\/"},"sameAs":["https:\/\/www.facebook.com\/OArcanjoNoAr\/"]},{"@type":"Person","@id":"https:\/\/www.oarcanjo.net\/site\/#\/schema\/person\/f7024d007863202483a31326673a0838","name":"editor","sameAs":["http:\/\/www.oarcanjo.net"]}]}},"publishpress_future_action":{"enabled":false,"date":"2026-05-09 01:50:04","action":"category","newStatus":"draft","terms":[],"taxonomy":"category"},"publishpress_future_workflow_manual_trigger":{"enabledWorkflows":[]},"_links":{"self":[{"href":"https:\/\/www.oarcanjo.net\/site\/wp-json\/wp\/v2\/posts\/12935"}],"collection":[{"href":"https:\/\/www.oarcanjo.net\/site\/wp-json\/wp\/v2\/posts"}],"about":[{"href":"https:\/\/www.oarcanjo.net\/site\/wp-json\/wp\/v2\/types\/post"}],"author":[{"embeddable":true,"href":"https:\/\/www.oarcanjo.net\/site\/wp-json\/wp\/v2\/users\/5"}],"replies":[{"embeddable":true,"href":"https:\/\/www.oarcanjo.net\/site\/wp-json\/wp\/v2\/comments?post=12935"}],"version-history":[{"count":0,"href":"https:\/\/www.oarcanjo.net\/site\/wp-json\/wp\/v2\/posts\/12935\/revisions"}],"wp:attachment":[{"href":"https:\/\/www.oarcanjo.net\/site\/wp-json\/wp\/v2\/media?parent=12935"}],"wp:term":[{"taxonomy":"category","embeddable":true,"href":"https:\/\/www.oarcanjo.net\/site\/wp-json\/wp\/v2\/categories?post=12935"},{"taxonomy":"post_tag","embeddable":true,"href":"https:\/\/www.oarcanjo.net\/site\/wp-json\/wp\/v2\/tags?post=12935"}],"curies":[{"name":"wp","href":"https:\/\/api.w.org\/{rel}","templated":true}]}}