
{"id":12937,"date":"2011-02-01T22:47:59","date_gmt":"2011-02-02T00:47:59","guid":{"rendered":"http:\/\/www.oarcanjo.net\/site\/?p=12937"},"modified":"2011-02-01T22:47:59","modified_gmt":"2011-02-02T00:47:59","slug":"leituras-do-domingo-20022011","status":"publish","type":"post","link":"https:\/\/www.oarcanjo.net\/site\/leituras-do-domingo-20022011\/","title":{"rendered":"Leituras do domingo 20\/02\/2011"},"content":{"rendered":"<div>\n<h4>7\u00ba Domingo do Tempo Comum<\/h4>\n<p><strong>Primeira leitura (Lev\u00edtico 19,1-2.17-18)<\/strong><\/p>\n<p>Leitura do Livro do Lev\u00edtico:<\/p>\n<p><sup>1<\/sup>O Senhor falou a Mois\u00e9s, dizendo:\u00a0<sup>2<\/sup>\u201cFala a toda a comunidade dos filhos de Israel e dize-lhes: \u2018Sede santos, porque eu, o Senhor vosso Deus, sou santo.<br \/>\n<sup>17<\/sup>N\u00e3o tenhas no cora\u00e7\u00e3o \u00f3dio contra teu irm\u00e3o. Repreende o teu pr\u00f3ximo, para n\u00e3o te tornares culpado de pecado por causa dele.<br \/>\n<sup>18<\/sup>N\u00e3o procures vingan\u00e7a, nem guardes rancor dos teus compatriotas. Amar\u00e1s o teu pr\u00f3ximo como a ti mesmo. Eu sou o Senhor!\u2019\u201d<\/p>\n<p><strong>Salmo (Salmos 102)<\/strong><\/p>\n<p>\u2014 Bendize, \u00f3 minh\u2019alma, ao Senhor,\/ pois ele \u00e9 bondoso e compassivo!<br \/>\n\u2014 Bendize, \u00f3 minh\u2019alma, ao Senhor,\/ pois ele \u00e9 bondoso e compassivo!<\/p>\n<p>\u2014 Bendize, \u00f3 minha alma, ao Senhor,\/ e todo o meu ser, seu santo nome!\/ Bendize, \u00f3 minha alma, ao Senhor,\/ n\u00e3o te esque\u00e7as de nenhum de seus favores!<br \/>\n\u2014 Pois ele te perdoa toda culpa,\/ e cura toda a tua enfermidade;\/ da sepultura ele salva a tua vida\/ e te cerca de carinho e compaix\u00e3o.<br \/>\n\u2014 O Senhor \u00e9 indulgente, \u00e9 favor\u00e1vel,\/ \u00e9 paciente, \u00e9 bondoso e compassivo.\/ N\u00e3o nos trata como exigem nossas faltas,\/ nem nos pune em propor\u00e7\u00e3o \u00e0s nossas culpas.<br \/>\n\u2014 Quanto dista o nascente do poente,\/ tanto afasta para longe nossos crimes.\/ Como um pai se compadece de seus filhos,\/ o Senhor tem compaix\u00e3o dos que o temem.<\/p>\n<p><strong>Segunda leitura (1\u00ba Cor\u00edntios 3,16-23)<\/strong><\/p>\n<p>Leitura da Primeira Carta de S\u00e3o Paulo aos Cor\u00edntios:<\/p>\n<p>Irm\u00e3os:\u00a0<sup>16<\/sup>Acaso n\u00e3o sabeis que sois santu\u00e1rio de Deus e que o Esp\u00edrito de Deus mora em v\u00f3s?<br \/>\n<sup>17<\/sup>Se algu\u00e9m destruir o santu\u00e1rio de Deus, Deus o destruir\u00e1, pois o santu\u00e1rio de Deus \u00e9 santo, e v\u00f3s sois esse santu\u00e1rio.<br \/>\n<sup>18<\/sup>Ningu\u00e9m se iluda: Se algum de v\u00f3s pensa que \u00e9 s\u00e1bio nas coisas deste mundo, reconhe\u00e7a sua insensatez, para se tornar s\u00e1bio de verdade;\u00a0<sup>19<\/sup>pois a sabedoria deste mundo \u00e9 insensatez diante de Deus. Com efeito, est\u00e1 escrito: \u201cAquele que apanha os s\u00e1bios em sua pr\u00f3pria ast\u00facia\u201d,\u00a0<sup>20<\/sup>e ainda: \u201cO Senhor conhece os pensamentos dos s\u00e1bios; sabe que s\u00e3o v\u00e3os\u201d.<br \/>\n<sup>21<\/sup>Portanto, que ningu\u00e9m ponha sua gl\u00f3ria em homem algum. Com efeito, tudo vos pertence:\u00a0<sup>22<\/sup>Paulo, Apolo, Cefas, o mundo, a vida, a morte, o presente, o futuro; tudo \u00e9 vosso,\u00a0<sup>23<\/sup>mas v\u00f3s sois de Cristo, e Cristo \u00e9 de Deus.<\/p>\n<p><strong>Evangelho (Mateus 5,38-48)<\/strong><\/p>\n<p>Naquele tempo, disse Jesus a seus disc\u00edpulos:\u00a0<sup>38<\/sup>\u201cV\u00f3s ouvistes o que foi dito: \u2018Olho por olho e dente por dente!\u2019<br \/>\n<sup>39<\/sup>Eu, por\u00e9m, vos digo: N\u00e3o enfrenteis quem \u00e9 malvado! Pelo contr\u00e1rio, se algu\u00e9m te d\u00e1 um tapa na face direita, oferece-lhe tamb\u00e9m a esquerda!<br \/>\n<sup>40<\/sup>Se algu\u00e9m quiser abrir um processo para tomar a tua t\u00fanica, d\u00e1-lhe tamb\u00e9m o manto!<br \/>\n<sup>41<\/sup>Se algu\u00e9m te for\u00e7ar a andar um quil\u00f4metro, caminha dois com ele!<br \/>\n<sup>42<\/sup>D\u00e1 a quem te pedir e n\u00e3o vires as costas a quem te pede emprestado.<br \/>\n<sup>43<\/sup>V\u00f3s ouvistes o que foi dito: \u2018Amar\u00e1s o teu pr\u00f3ximo e odiar\u00e1s o teu inimigo!\u2019<br \/>\n<sup>44<\/sup>Eu, por\u00e9m, vos digo: Amai os vossos inimigos e rezai por aqueles que vos perseguem!<sup>45<\/sup>Assim, vos tornareis filhos do vosso Pai que est\u00e1 nos c\u00e9us, porque ele faz nascer o sol sobre maus e bons, e faz cair a chuva sobre justos e injustos.<br \/>\n<sup>46<\/sup>Porque, se amais somente aqueles que vos amam, que recompensa tereis? Os cobradores de impostos n\u00e3o fazem a mesma coisa?<br \/>\n<sup>47<\/sup>E se saudais somente os vossos irm\u00e3os, o que fazeis de extraordin\u00e1rio? Os pag\u00e3os n\u00e3o fazem a mesma coisa?<br \/>\n<sup>48<\/sup>Portanto, sede perfeitos como o vosso Pai celeste \u00e9 perfeito!\u201d<\/p>\n<\/div>\n<div id=\"themify_builder_content-12937\" data-postid=\"12937\" class=\"themify_builder_content themify_builder_content-12937 themify_builder themify_builder_front\">\n\t<\/div>\n<!-- \/themify_builder_content -->","protected":false},"excerpt":{"rendered":"<p>7\u00ba Domingo do Tempo Comum Primeira leitura (Lev\u00edtico 19,1-2.17-18) Leitura do Livro do Lev\u00edtico: 1O Senhor falou a Mois\u00e9s, dizendo:\u00a02\u201cFala a toda a comunidade dos filhos de Israel e dize-lhes: \u2018Sede santos, porque eu, o Senhor vosso Deus, sou santo. 17N\u00e3o tenhas no cora\u00e7\u00e3o \u00f3dio contra teu irm\u00e3o. Repreende o teu pr\u00f3ximo, para n\u00e3o te [&hellip;]<\/p>\n","protected":false},"author":5,"featured_media":0,"comment_status":"open","ping_status":"open","sticky":false,"template":"","format":"standard","meta":{"ngg_post_thumbnail":0,"footnotes":""},"categories":[109],"tags":[3204],"yoast_head":"<!-- This site is optimized with the Yoast SEO plugin v23.5 - https:\/\/yoast.com\/wordpress\/plugins\/seo\/ -->\n<title>Leituras do domingo 20\/02\/2011 - O Arcanjo no ar<\/title>\n<meta name=\"robots\" content=\"index, follow, max-snippet:-1, max-image-preview:large, max-video-preview:-1\" \/>\n<link rel=\"canonical\" href=\"https:\/\/www.oarcanjo.net\/site\/leituras-do-domingo-20022011\/\" \/>\n<meta property=\"og:locale\" content=\"pt_BR\" \/>\n<meta property=\"og:type\" content=\"article\" \/>\n<meta property=\"og:title\" content=\"Leituras do domingo 20\/02\/2011 - O Arcanjo no ar\" \/>\n<meta property=\"og:description\" content=\"7\u00ba Domingo do Tempo Comum Primeira leitura (Lev\u00edtico 19,1-2.17-18) Leitura do Livro do Lev\u00edtico: 1O Senhor falou a Mois\u00e9s, dizendo:\u00a02\u201cFala a toda a comunidade dos filhos de Israel e dize-lhes: \u2018Sede santos, porque eu, o Senhor vosso Deus, sou santo. 17N\u00e3o tenhas no cora\u00e7\u00e3o \u00f3dio contra teu irm\u00e3o. Repreende o teu pr\u00f3ximo, para n\u00e3o te [&hellip;]\" \/>\n<meta property=\"og:url\" content=\"https:\/\/www.oarcanjo.net\/site\/leituras-do-domingo-20022011\/\" \/>\n<meta property=\"og:site_name\" content=\"O Arcanjo no ar\" \/>\n<meta property=\"article:publisher\" content=\"https:\/\/www.facebook.com\/OArcanjoNoAr\/\" \/>\n<meta property=\"article:published_time\" content=\"2011-02-02T00:47:59+00:00\" \/>\n<meta property=\"og:image\" content=\"https:\/\/www.oarcanjo.net\/site\/wp-content\/uploads\/logo-o-arcanjo-no-ar-facebook.png\" \/>\n\t<meta property=\"og:image:width\" content=\"300\" \/>\n\t<meta property=\"og:image:height\" content=\"300\" \/>\n\t<meta property=\"og:image:type\" content=\"image\/png\" \/>\n<meta name=\"author\" content=\"editor\" \/>\n<meta name=\"twitter:card\" content=\"summary_large_image\" \/>\n<meta name=\"twitter:label1\" content=\"Escrito por\" \/>\n\t<meta name=\"twitter:data1\" content=\"editor\" \/>\n\t<meta name=\"twitter:label2\" content=\"Est. tempo de leitura\" \/>\n\t<meta name=\"twitter:data2\" content=\"3 minutos\" \/>\n<script type=\"application\/ld+json\" class=\"yoast-schema-graph\">{\"@context\":\"https:\/\/schema.org\",\"@graph\":[{\"@type\":\"Article\",\"@id\":\"https:\/\/www.oarcanjo.net\/site\/leituras-do-domingo-20022011\/#article\",\"isPartOf\":{\"@id\":\"https:\/\/www.oarcanjo.net\/site\/leituras-do-domingo-20022011\/\"},\"author\":{\"name\":\"editor\",\"@id\":\"https:\/\/www.oarcanjo.net\/site\/#\/schema\/person\/f7024d007863202483a31326673a0838\"},\"headline\":\"Leituras do domingo 20\/02\/2011\",\"datePublished\":\"2011-02-02T00:47:59+00:00\",\"dateModified\":\"2011-02-02T00:47:59+00:00\",\"mainEntityOfPage\":{\"@id\":\"https:\/\/www.oarcanjo.net\/site\/leituras-do-domingo-20022011\/\"},\"wordCount\":628,\"commentCount\":0,\"publisher\":{\"@id\":\"https:\/\/www.oarcanjo.net\/site\/#organization\"},\"keywords\":[\"Liturgia\"],\"articleSection\":[\"Liturgia\"],\"inLanguage\":\"pt-BR\",\"potentialAction\":[{\"@type\":\"CommentAction\",\"name\":\"Comment\",\"target\":[\"https:\/\/www.oarcanjo.net\/site\/leituras-do-domingo-20022011\/#respond\"]}]},{\"@type\":\"WebPage\",\"@id\":\"https:\/\/www.oarcanjo.net\/site\/leituras-do-domingo-20022011\/\",\"url\":\"https:\/\/www.oarcanjo.net\/site\/leituras-do-domingo-20022011\/\",\"name\":\"Leituras do domingo 20\/02\/2011 - O Arcanjo no ar\",\"isPartOf\":{\"@id\":\"https:\/\/www.oarcanjo.net\/site\/#website\"},\"datePublished\":\"2011-02-02T00:47:59+00:00\",\"dateModified\":\"2011-02-02T00:47:59+00:00\",\"breadcrumb\":{\"@id\":\"https:\/\/www.oarcanjo.net\/site\/leituras-do-domingo-20022011\/#breadcrumb\"},\"inLanguage\":\"pt-BR\",\"potentialAction\":[{\"@type\":\"ReadAction\",\"target\":[\"https:\/\/www.oarcanjo.net\/site\/leituras-do-domingo-20022011\/\"]}]},{\"@type\":\"BreadcrumbList\",\"@id\":\"https:\/\/www.oarcanjo.net\/site\/leituras-do-domingo-20022011\/#breadcrumb\",\"itemListElement\":[{\"@type\":\"ListItem\",\"position\":1,\"name\":\"In\u00edcio\",\"item\":\"https:\/\/www.oarcanjo.net\/site\/\"},{\"@type\":\"ListItem\",\"position\":2,\"name\":\"Leituras do domingo 20\/02\/2011\"}]},{\"@type\":\"WebSite\",\"@id\":\"https:\/\/www.oarcanjo.net\/site\/#website\",\"url\":\"https:\/\/www.oarcanjo.net\/site\/\",\"name\":\"O Arcanjo no ar\",\"description\":\"Site da Par\u00f3quia S\u00e3o Miguel Arcanjo (Arquidiocese de SP)\",\"publisher\":{\"@id\":\"https:\/\/www.oarcanjo.net\/site\/#organization\"},\"potentialAction\":[{\"@type\":\"SearchAction\",\"target\":{\"@type\":\"EntryPoint\",\"urlTemplate\":\"https:\/\/www.oarcanjo.net\/site\/?s={search_term_string}\"},\"query-input\":{\"@type\":\"PropertyValueSpecification\",\"valueRequired\":true,\"valueName\":\"search_term_string\"}}],\"inLanguage\":\"pt-BR\"},{\"@type\":\"Organization\",\"@id\":\"https:\/\/www.oarcanjo.net\/site\/#organization\",\"name\":\"Par\u00f3quia S\u00e3o Miguel Arcanjo\",\"url\":\"https:\/\/www.oarcanjo.net\/site\/\",\"logo\":{\"@type\":\"ImageObject\",\"inLanguage\":\"pt-BR\",\"@id\":\"https:\/\/www.oarcanjo.net\/site\/#\/schema\/logo\/image\/\",\"url\":\"https:\/\/www.oarcanjo.net\/site\/wp-content\/uploads\/LogoOArcanjo.png\",\"contentUrl\":\"https:\/\/www.oarcanjo.net\/site\/wp-content\/uploads\/LogoOArcanjo.png\",\"width\":319,\"height\":99,\"caption\":\"Par\u00f3quia S\u00e3o Miguel Arcanjo\"},\"image\":{\"@id\":\"https:\/\/www.oarcanjo.net\/site\/#\/schema\/logo\/image\/\"},\"sameAs\":[\"https:\/\/www.facebook.com\/OArcanjoNoAr\/\"]},{\"@type\":\"Person\",\"@id\":\"https:\/\/www.oarcanjo.net\/site\/#\/schema\/person\/f7024d007863202483a31326673a0838\",\"name\":\"editor\",\"sameAs\":[\"http:\/\/www.oarcanjo.net\"]}]}<\/script>\n<!-- \/ Yoast SEO plugin. -->","yoast_head_json":{"title":"Leituras do domingo 20\/02\/2011 - O Arcanjo no ar","robots":{"index":"index","follow":"follow","max-snippet":"max-snippet:-1","max-image-preview":"max-image-preview:large","max-video-preview":"max-video-preview:-1"},"canonical":"https:\/\/www.oarcanjo.net\/site\/leituras-do-domingo-20022011\/","og_locale":"pt_BR","og_type":"article","og_title":"Leituras do domingo 20\/02\/2011 - O Arcanjo no ar","og_description":"7\u00ba Domingo do Tempo Comum Primeira leitura (Lev\u00edtico 19,1-2.17-18) Leitura do Livro do Lev\u00edtico: 1O Senhor falou a Mois\u00e9s, dizendo:\u00a02\u201cFala a toda a comunidade dos filhos de Israel e dize-lhes: \u2018Sede santos, porque eu, o Senhor vosso Deus, sou santo. 17N\u00e3o tenhas no cora\u00e7\u00e3o \u00f3dio contra teu irm\u00e3o. Repreende o teu pr\u00f3ximo, para n\u00e3o te [&hellip;]","og_url":"https:\/\/www.oarcanjo.net\/site\/leituras-do-domingo-20022011\/","og_site_name":"O Arcanjo no ar","article_publisher":"https:\/\/www.facebook.com\/OArcanjoNoAr\/","article_published_time":"2011-02-02T00:47:59+00:00","og_image":[{"width":300,"height":300,"url":"https:\/\/www.oarcanjo.net\/site\/wp-content\/uploads\/logo-o-arcanjo-no-ar-facebook.png","type":"image\/png"}],"author":"editor","twitter_card":"summary_large_image","twitter_misc":{"Escrito por":"editor","Est. tempo de leitura":"3 minutos"},"schema":{"@context":"https:\/\/schema.org","@graph":[{"@type":"Article","@id":"https:\/\/www.oarcanjo.net\/site\/leituras-do-domingo-20022011\/#article","isPartOf":{"@id":"https:\/\/www.oarcanjo.net\/site\/leituras-do-domingo-20022011\/"},"author":{"name":"editor","@id":"https:\/\/www.oarcanjo.net\/site\/#\/schema\/person\/f7024d007863202483a31326673a0838"},"headline":"Leituras do domingo 20\/02\/2011","datePublished":"2011-02-02T00:47:59+00:00","dateModified":"2011-02-02T00:47:59+00:00","mainEntityOfPage":{"@id":"https:\/\/www.oarcanjo.net\/site\/leituras-do-domingo-20022011\/"},"wordCount":628,"commentCount":0,"publisher":{"@id":"https:\/\/www.oarcanjo.net\/site\/#organization"},"keywords":["Liturgia"],"articleSection":["Liturgia"],"inLanguage":"pt-BR","potentialAction":[{"@type":"CommentAction","name":"Comment","target":["https:\/\/www.oarcanjo.net\/site\/leituras-do-domingo-20022011\/#respond"]}]},{"@type":"WebPage","@id":"https:\/\/www.oarcanjo.net\/site\/leituras-do-domingo-20022011\/","url":"https:\/\/www.oarcanjo.net\/site\/leituras-do-domingo-20022011\/","name":"Leituras do domingo 20\/02\/2011 - O Arcanjo no ar","isPartOf":{"@id":"https:\/\/www.oarcanjo.net\/site\/#website"},"datePublished":"2011-02-02T00:47:59+00:00","dateModified":"2011-02-02T00:47:59+00:00","breadcrumb":{"@id":"https:\/\/www.oarcanjo.net\/site\/leituras-do-domingo-20022011\/#breadcrumb"},"inLanguage":"pt-BR","potentialAction":[{"@type":"ReadAction","target":["https:\/\/www.oarcanjo.net\/site\/leituras-do-domingo-20022011\/"]}]},{"@type":"BreadcrumbList","@id":"https:\/\/www.oarcanjo.net\/site\/leituras-do-domingo-20022011\/#breadcrumb","itemListElement":[{"@type":"ListItem","position":1,"name":"In\u00edcio","item":"https:\/\/www.oarcanjo.net\/site\/"},{"@type":"ListItem","position":2,"name":"Leituras do domingo 20\/02\/2011"}]},{"@type":"WebSite","@id":"https:\/\/www.oarcanjo.net\/site\/#website","url":"https:\/\/www.oarcanjo.net\/site\/","name":"O Arcanjo no ar","description":"Site da Par\u00f3quia S\u00e3o Miguel Arcanjo (Arquidiocese de SP)","publisher":{"@id":"https:\/\/www.oarcanjo.net\/site\/#organization"},"potentialAction":[{"@type":"SearchAction","target":{"@type":"EntryPoint","urlTemplate":"https:\/\/www.oarcanjo.net\/site\/?s={search_term_string}"},"query-input":{"@type":"PropertyValueSpecification","valueRequired":true,"valueName":"search_term_string"}}],"inLanguage":"pt-BR"},{"@type":"Organization","@id":"https:\/\/www.oarcanjo.net\/site\/#organization","name":"Par\u00f3quia S\u00e3o Miguel Arcanjo","url":"https:\/\/www.oarcanjo.net\/site\/","logo":{"@type":"ImageObject","inLanguage":"pt-BR","@id":"https:\/\/www.oarcanjo.net\/site\/#\/schema\/logo\/image\/","url":"https:\/\/www.oarcanjo.net\/site\/wp-content\/uploads\/LogoOArcanjo.png","contentUrl":"https:\/\/www.oarcanjo.net\/site\/wp-content\/uploads\/LogoOArcanjo.png","width":319,"height":99,"caption":"Par\u00f3quia S\u00e3o Miguel Arcanjo"},"image":{"@id":"https:\/\/www.oarcanjo.net\/site\/#\/schema\/logo\/image\/"},"sameAs":["https:\/\/www.facebook.com\/OArcanjoNoAr\/"]},{"@type":"Person","@id":"https:\/\/www.oarcanjo.net\/site\/#\/schema\/person\/f7024d007863202483a31326673a0838","name":"editor","sameAs":["http:\/\/www.oarcanjo.net"]}]}},"publishpress_future_action":{"enabled":false,"date":"2026-05-09 00:28:56","action":"category","newStatus":"draft","terms":[],"taxonomy":"category"},"publishpress_future_workflow_manual_trigger":{"enabledWorkflows":[]},"_links":{"self":[{"href":"https:\/\/www.oarcanjo.net\/site\/wp-json\/wp\/v2\/posts\/12937"}],"collection":[{"href":"https:\/\/www.oarcanjo.net\/site\/wp-json\/wp\/v2\/posts"}],"about":[{"href":"https:\/\/www.oarcanjo.net\/site\/wp-json\/wp\/v2\/types\/post"}],"author":[{"embeddable":true,"href":"https:\/\/www.oarcanjo.net\/site\/wp-json\/wp\/v2\/users\/5"}],"replies":[{"embeddable":true,"href":"https:\/\/www.oarcanjo.net\/site\/wp-json\/wp\/v2\/comments?post=12937"}],"version-history":[{"count":0,"href":"https:\/\/www.oarcanjo.net\/site\/wp-json\/wp\/v2\/posts\/12937\/revisions"}],"wp:attachment":[{"href":"https:\/\/www.oarcanjo.net\/site\/wp-json\/wp\/v2\/media?parent=12937"}],"wp:term":[{"taxonomy":"category","embeddable":true,"href":"https:\/\/www.oarcanjo.net\/site\/wp-json\/wp\/v2\/categories?post=12937"},{"taxonomy":"post_tag","embeddable":true,"href":"https:\/\/www.oarcanjo.net\/site\/wp-json\/wp\/v2\/tags?post=12937"}],"curies":[{"name":"wp","href":"https:\/\/api.w.org\/{rel}","templated":true}]}}