
{"id":12949,"date":"2011-02-02T00:00:03","date_gmt":"2011-02-02T02:00:03","guid":{"rendered":"http:\/\/www.oarcanjo.net\/site\/?p=12949"},"modified":"2011-02-02T00:21:05","modified_gmt":"2011-02-02T02:21:05","slug":"curso-de-teologia-para-leigos-20112012-regiao-belem","status":"publish","type":"post","link":"https:\/\/www.oarcanjo.net\/site\/curso-de-teologia-para-leigos-20112012-regiao-belem\/","title":{"rendered":"Curso de Teologia para Leigos 2011\/2012 &#8211; Regi\u00e3o Bel\u00e9m"},"content":{"rendered":"<p>Lembramos que neste\u00a0m\u00eas de fevereiro come\u00e7a um novo curso de Teologia para leigos na Regi\u00e3o Bel\u00e9m.<\/p>\n<div id=\"post-content\">\n<p>\u00a0Inscreva-se.\u00a0 J\u00e1 tivemos uma grande turma formada com participantes da Par\u00f3quia S\u00e3o Miguel Arcanjo<\/p>\n<p><strong>In\u00edcio das aulas: \u00a0<\/strong>14 de fevereiro de 2011\u00a0\u00a0\u00a0\u00a0\u00a0\u00a0\u00a0\u00a0\u00a0\u00a0\u00a0\u00a0\u00a0\u00a0\u00a0\u00a0\u00a0\u00a0\u00a0\u00a0\u00a0\u00a0\u00a0\u00a0\u00a0\u00a0\u00a0\u00a0\u00a0\u00a0\u00a0\u00a0\u00a0\u00a0\u00a0\u00a0\u00a0\u00a0\u00a0<\/p>\n<p><strong>Hor\u00e1rio: <\/strong>Segunda-feira<br \/>\nDas 19h30 \u00e0s 21h30<br \/>\n<strong>Dura\u00e7\u00e3o:<\/strong> 2 anos<br \/>\n<strong>Carga hor\u00e1ria:<\/strong> 128 horas-aula<br \/>\n<strong>Respons\u00e1veis:<\/strong><br \/>\nPe. Marcelo Monge \u2013 fone 2693-2645 e\u00a0\u00a0 Pe. Aldo \u2013 fone 2605-4100<\/p>\n<p><strong>Informa\u00e7\u00f5es:<\/strong><\/p>\n<p><strong>Local: <\/strong>Centro Pastoral S\u00e3o Jos\u00e9<br \/>\nAv. \u00c1lvaro Ramos, 366 \u2013 Bel\u00e9m<\/p>\n<p><strong>Valor:<\/strong> Taxa mensal por aluno de R$ 15,00 (quinze reais)<\/p>\n<p>http:\/\/www.oarcanjo.net\/site\/index.php\/destaque\/curso-de-teologia-transmite-conhecimento-da-fe-crista-catolica\/<\/p>\n<p><em>\u00a0<\/em><\/p>\n<\/div>\n<div id=\"themify_builder_content-12949\" data-postid=\"12949\" class=\"themify_builder_content themify_builder_content-12949 themify_builder themify_builder_front\">\n\t<\/div>\n<!-- \/themify_builder_content -->","protected":false},"excerpt":{"rendered":"<p>Lembramos que neste\u00a0m\u00eas de fevereiro come\u00e7a um novo curso de Teologia para leigos na Regi\u00e3o Bel\u00e9m. \u00a0Inscreva-se.\u00a0 J\u00e1 tivemos uma grande turma formada com participantes da Par\u00f3quia S\u00e3o Miguel Arcanjo In\u00edcio das aulas: \u00a014 de fevereiro de 2011\u00a0\u00a0\u00a0\u00a0\u00a0\u00a0\u00a0\u00a0\u00a0\u00a0\u00a0\u00a0\u00a0\u00a0\u00a0\u00a0\u00a0\u00a0\u00a0\u00a0\u00a0\u00a0\u00a0\u00a0\u00a0\u00a0\u00a0\u00a0\u00a0\u00a0\u00a0\u00a0\u00a0\u00a0\u00a0\u00a0\u00a0\u00a0\u00a0 Hor\u00e1rio: Segunda-feira Das 19h30 \u00e0s 21h30 Dura\u00e7\u00e3o: 2 anos Carga hor\u00e1ria: 128 horas-aula Respons\u00e1veis: Pe. Marcelo Monge [&hellip;]<\/p>\n","protected":false},"author":10,"featured_media":0,"comment_status":"open","ping_status":"open","sticky":false,"template":"","format":"standard","meta":{"ngg_post_thumbnail":0,"footnotes":""},"categories":[8],"tags":[1822,1776],"yoast_head":"<!-- This site is optimized with the Yoast SEO plugin v23.5 - https:\/\/yoast.com\/wordpress\/plugins\/seo\/ -->\n<title>Curso de Teologia para Leigos 2011\/2012 - Regi\u00e3o Bel\u00e9m - O Arcanjo no ar<\/title>\n<meta name=\"robots\" content=\"index, follow, max-snippet:-1, max-image-preview:large, max-video-preview:-1\" \/>\n<link rel=\"canonical\" href=\"https:\/\/www.oarcanjo.net\/site\/curso-de-teologia-para-leigos-20112012-regiao-belem\/\" \/>\n<meta property=\"og:locale\" content=\"pt_BR\" \/>\n<meta property=\"og:type\" content=\"article\" \/>\n<meta property=\"og:title\" content=\"Curso de Teologia para Leigos 2011\/2012 - Regi\u00e3o Bel\u00e9m - O Arcanjo no ar\" \/>\n<meta property=\"og:description\" content=\"Lembramos que neste\u00a0m\u00eas de fevereiro come\u00e7a um novo curso de Teologia para leigos na Regi\u00e3o Bel\u00e9m. \u00a0Inscreva-se.\u00a0 J\u00e1 tivemos uma grande turma formada com participantes da Par\u00f3quia S\u00e3o Miguel Arcanjo In\u00edcio das aulas: \u00a014 de fevereiro de 2011\u00a0\u00a0\u00a0\u00a0\u00a0\u00a0\u00a0\u00a0\u00a0\u00a0\u00a0\u00a0\u00a0\u00a0\u00a0\u00a0\u00a0\u00a0\u00a0\u00a0\u00a0\u00a0\u00a0\u00a0\u00a0\u00a0\u00a0\u00a0\u00a0\u00a0\u00a0\u00a0\u00a0\u00a0\u00a0\u00a0\u00a0\u00a0\u00a0 Hor\u00e1rio: Segunda-feira Das 19h30 \u00e0s 21h30 Dura\u00e7\u00e3o: 2 anos Carga hor\u00e1ria: 128 horas-aula Respons\u00e1veis: Pe. Marcelo Monge [&hellip;]\" \/>\n<meta property=\"og:url\" content=\"https:\/\/www.oarcanjo.net\/site\/curso-de-teologia-para-leigos-20112012-regiao-belem\/\" \/>\n<meta property=\"og:site_name\" content=\"O Arcanjo no ar\" \/>\n<meta property=\"article:publisher\" content=\"https:\/\/www.facebook.com\/OArcanjoNoAr\/\" \/>\n<meta property=\"article:published_time\" content=\"2011-02-02T02:00:03+00:00\" \/>\n<meta property=\"article:modified_time\" content=\"2011-02-02T02:21:05+00:00\" \/>\n<meta property=\"og:image\" content=\"https:\/\/www.oarcanjo.net\/site\/wp-content\/uploads\/logo-o-arcanjo-no-ar-facebook.png\" \/>\n\t<meta property=\"og:image:width\" content=\"300\" \/>\n\t<meta property=\"og:image:height\" content=\"300\" \/>\n\t<meta property=\"og:image:type\" content=\"image\/png\" \/>\n<meta name=\"author\" content=\"carlos\" \/>\n<meta name=\"twitter:card\" content=\"summary_large_image\" \/>\n<meta name=\"twitter:label1\" content=\"Escrito por\" \/>\n\t<meta name=\"twitter:data1\" content=\"carlos\" \/>\n\t<meta name=\"twitter:label2\" content=\"Est. tempo de leitura\" \/>\n\t<meta name=\"twitter:data2\" content=\"1 minuto\" \/>\n<script type=\"application\/ld+json\" class=\"yoast-schema-graph\">{\"@context\":\"https:\/\/schema.org\",\"@graph\":[{\"@type\":\"Article\",\"@id\":\"https:\/\/www.oarcanjo.net\/site\/curso-de-teologia-para-leigos-20112012-regiao-belem\/#article\",\"isPartOf\":{\"@id\":\"https:\/\/www.oarcanjo.net\/site\/curso-de-teologia-para-leigos-20112012-regiao-belem\/\"},\"author\":{\"name\":\"carlos\",\"@id\":\"https:\/\/www.oarcanjo.net\/site\/#\/schema\/person\/f7870e710d8c8c30673de3a0ac2e451d\"},\"headline\":\"Curso de Teologia para Leigos 2011\/2012 &#8211; Regi\u00e3o Bel\u00e9m\",\"datePublished\":\"2011-02-02T02:00:03+00:00\",\"dateModified\":\"2011-02-02T02:21:05+00:00\",\"mainEntityOfPage\":{\"@id\":\"https:\/\/www.oarcanjo.net\/site\/curso-de-teologia-para-leigos-20112012-regiao-belem\/\"},\"wordCount\":111,\"commentCount\":2,\"publisher\":{\"@id\":\"https:\/\/www.oarcanjo.net\/site\/#organization\"},\"keywords\":[\"2011\/2012\",\"Curso de Teologia para Leigos\"],\"articleSection\":[\"Not\u00edcias\"],\"inLanguage\":\"pt-BR\",\"potentialAction\":[{\"@type\":\"CommentAction\",\"name\":\"Comment\",\"target\":[\"https:\/\/www.oarcanjo.net\/site\/curso-de-teologia-para-leigos-20112012-regiao-belem\/#respond\"]}]},{\"@type\":\"WebPage\",\"@id\":\"https:\/\/www.oarcanjo.net\/site\/curso-de-teologia-para-leigos-20112012-regiao-belem\/\",\"url\":\"https:\/\/www.oarcanjo.net\/site\/curso-de-teologia-para-leigos-20112012-regiao-belem\/\",\"name\":\"Curso de Teologia para Leigos 2011\/2012 - Regi\u00e3o Bel\u00e9m - O Arcanjo no ar\",\"isPartOf\":{\"@id\":\"https:\/\/www.oarcanjo.net\/site\/#website\"},\"datePublished\":\"2011-02-02T02:00:03+00:00\",\"dateModified\":\"2011-02-02T02:21:05+00:00\",\"breadcrumb\":{\"@id\":\"https:\/\/www.oarcanjo.net\/site\/curso-de-teologia-para-leigos-20112012-regiao-belem\/#breadcrumb\"},\"inLanguage\":\"pt-BR\",\"potentialAction\":[{\"@type\":\"ReadAction\",\"target\":[\"https:\/\/www.oarcanjo.net\/site\/curso-de-teologia-para-leigos-20112012-regiao-belem\/\"]}]},{\"@type\":\"BreadcrumbList\",\"@id\":\"https:\/\/www.oarcanjo.net\/site\/curso-de-teologia-para-leigos-20112012-regiao-belem\/#breadcrumb\",\"itemListElement\":[{\"@type\":\"ListItem\",\"position\":1,\"name\":\"In\u00edcio\",\"item\":\"https:\/\/www.oarcanjo.net\/site\/\"},{\"@type\":\"ListItem\",\"position\":2,\"name\":\"Curso de Teologia para Leigos 2011\/2012 &#8211; Regi\u00e3o Bel\u00e9m\"}]},{\"@type\":\"WebSite\",\"@id\":\"https:\/\/www.oarcanjo.net\/site\/#website\",\"url\":\"https:\/\/www.oarcanjo.net\/site\/\",\"name\":\"O Arcanjo no ar\",\"description\":\"Site da Par\u00f3quia S\u00e3o Miguel Arcanjo (Arquidiocese de SP)\",\"publisher\":{\"@id\":\"https:\/\/www.oarcanjo.net\/site\/#organization\"},\"potentialAction\":[{\"@type\":\"SearchAction\",\"target\":{\"@type\":\"EntryPoint\",\"urlTemplate\":\"https:\/\/www.oarcanjo.net\/site\/?s={search_term_string}\"},\"query-input\":{\"@type\":\"PropertyValueSpecification\",\"valueRequired\":true,\"valueName\":\"search_term_string\"}}],\"inLanguage\":\"pt-BR\"},{\"@type\":\"Organization\",\"@id\":\"https:\/\/www.oarcanjo.net\/site\/#organization\",\"name\":\"Par\u00f3quia S\u00e3o Miguel Arcanjo\",\"url\":\"https:\/\/www.oarcanjo.net\/site\/\",\"logo\":{\"@type\":\"ImageObject\",\"inLanguage\":\"pt-BR\",\"@id\":\"https:\/\/www.oarcanjo.net\/site\/#\/schema\/logo\/image\/\",\"url\":\"https:\/\/www.oarcanjo.net\/site\/wp-content\/uploads\/LogoOArcanjo.png\",\"contentUrl\":\"https:\/\/www.oarcanjo.net\/site\/wp-content\/uploads\/LogoOArcanjo.png\",\"width\":319,\"height\":99,\"caption\":\"Par\u00f3quia S\u00e3o Miguel Arcanjo\"},\"image\":{\"@id\":\"https:\/\/www.oarcanjo.net\/site\/#\/schema\/logo\/image\/\"},\"sameAs\":[\"https:\/\/www.facebook.com\/OArcanjoNoAr\/\"]},{\"@type\":\"Person\",\"@id\":\"https:\/\/www.oarcanjo.net\/site\/#\/schema\/person\/f7870e710d8c8c30673de3a0ac2e451d\",\"name\":\"carlos\"}]}<\/script>\n<!-- \/ Yoast SEO plugin. -->","yoast_head_json":{"title":"Curso de Teologia para Leigos 2011\/2012 - Regi\u00e3o Bel\u00e9m - O Arcanjo no ar","robots":{"index":"index","follow":"follow","max-snippet":"max-snippet:-1","max-image-preview":"max-image-preview:large","max-video-preview":"max-video-preview:-1"},"canonical":"https:\/\/www.oarcanjo.net\/site\/curso-de-teologia-para-leigos-20112012-regiao-belem\/","og_locale":"pt_BR","og_type":"article","og_title":"Curso de Teologia para Leigos 2011\/2012 - Regi\u00e3o Bel\u00e9m - O Arcanjo no ar","og_description":"Lembramos que neste\u00a0m\u00eas de fevereiro come\u00e7a um novo curso de Teologia para leigos na Regi\u00e3o Bel\u00e9m. \u00a0Inscreva-se.\u00a0 J\u00e1 tivemos uma grande turma formada com participantes da Par\u00f3quia S\u00e3o Miguel Arcanjo In\u00edcio das aulas: \u00a014 de fevereiro de 2011\u00a0\u00a0\u00a0\u00a0\u00a0\u00a0\u00a0\u00a0\u00a0\u00a0\u00a0\u00a0\u00a0\u00a0\u00a0\u00a0\u00a0\u00a0\u00a0\u00a0\u00a0\u00a0\u00a0\u00a0\u00a0\u00a0\u00a0\u00a0\u00a0\u00a0\u00a0\u00a0\u00a0\u00a0\u00a0\u00a0\u00a0\u00a0\u00a0 Hor\u00e1rio: Segunda-feira Das 19h30 \u00e0s 21h30 Dura\u00e7\u00e3o: 2 anos Carga hor\u00e1ria: 128 horas-aula Respons\u00e1veis: Pe. Marcelo Monge [&hellip;]","og_url":"https:\/\/www.oarcanjo.net\/site\/curso-de-teologia-para-leigos-20112012-regiao-belem\/","og_site_name":"O Arcanjo no ar","article_publisher":"https:\/\/www.facebook.com\/OArcanjoNoAr\/","article_published_time":"2011-02-02T02:00:03+00:00","article_modified_time":"2011-02-02T02:21:05+00:00","og_image":[{"width":300,"height":300,"url":"https:\/\/www.oarcanjo.net\/site\/wp-content\/uploads\/logo-o-arcanjo-no-ar-facebook.png","type":"image\/png"}],"author":"carlos","twitter_card":"summary_large_image","twitter_misc":{"Escrito por":"carlos","Est. tempo de leitura":"1 minuto"},"schema":{"@context":"https:\/\/schema.org","@graph":[{"@type":"Article","@id":"https:\/\/www.oarcanjo.net\/site\/curso-de-teologia-para-leigos-20112012-regiao-belem\/#article","isPartOf":{"@id":"https:\/\/www.oarcanjo.net\/site\/curso-de-teologia-para-leigos-20112012-regiao-belem\/"},"author":{"name":"carlos","@id":"https:\/\/www.oarcanjo.net\/site\/#\/schema\/person\/f7870e710d8c8c30673de3a0ac2e451d"},"headline":"Curso de Teologia para Leigos 2011\/2012 &#8211; Regi\u00e3o Bel\u00e9m","datePublished":"2011-02-02T02:00:03+00:00","dateModified":"2011-02-02T02:21:05+00:00","mainEntityOfPage":{"@id":"https:\/\/www.oarcanjo.net\/site\/curso-de-teologia-para-leigos-20112012-regiao-belem\/"},"wordCount":111,"commentCount":2,"publisher":{"@id":"https:\/\/www.oarcanjo.net\/site\/#organization"},"keywords":["2011\/2012","Curso de Teologia para Leigos"],"articleSection":["Not\u00edcias"],"inLanguage":"pt-BR","potentialAction":[{"@type":"CommentAction","name":"Comment","target":["https:\/\/www.oarcanjo.net\/site\/curso-de-teologia-para-leigos-20112012-regiao-belem\/#respond"]}]},{"@type":"WebPage","@id":"https:\/\/www.oarcanjo.net\/site\/curso-de-teologia-para-leigos-20112012-regiao-belem\/","url":"https:\/\/www.oarcanjo.net\/site\/curso-de-teologia-para-leigos-20112012-regiao-belem\/","name":"Curso de Teologia para Leigos 2011\/2012 - Regi\u00e3o Bel\u00e9m - O Arcanjo no ar","isPartOf":{"@id":"https:\/\/www.oarcanjo.net\/site\/#website"},"datePublished":"2011-02-02T02:00:03+00:00","dateModified":"2011-02-02T02:21:05+00:00","breadcrumb":{"@id":"https:\/\/www.oarcanjo.net\/site\/curso-de-teologia-para-leigos-20112012-regiao-belem\/#breadcrumb"},"inLanguage":"pt-BR","potentialAction":[{"@type":"ReadAction","target":["https:\/\/www.oarcanjo.net\/site\/curso-de-teologia-para-leigos-20112012-regiao-belem\/"]}]},{"@type":"BreadcrumbList","@id":"https:\/\/www.oarcanjo.net\/site\/curso-de-teologia-para-leigos-20112012-regiao-belem\/#breadcrumb","itemListElement":[{"@type":"ListItem","position":1,"name":"In\u00edcio","item":"https:\/\/www.oarcanjo.net\/site\/"},{"@type":"ListItem","position":2,"name":"Curso de Teologia para Leigos 2011\/2012 &#8211; Regi\u00e3o Bel\u00e9m"}]},{"@type":"WebSite","@id":"https:\/\/www.oarcanjo.net\/site\/#website","url":"https:\/\/www.oarcanjo.net\/site\/","name":"O Arcanjo no ar","description":"Site da Par\u00f3quia S\u00e3o Miguel Arcanjo (Arquidiocese de SP)","publisher":{"@id":"https:\/\/www.oarcanjo.net\/site\/#organization"},"potentialAction":[{"@type":"SearchAction","target":{"@type":"EntryPoint","urlTemplate":"https:\/\/www.oarcanjo.net\/site\/?s={search_term_string}"},"query-input":{"@type":"PropertyValueSpecification","valueRequired":true,"valueName":"search_term_string"}}],"inLanguage":"pt-BR"},{"@type":"Organization","@id":"https:\/\/www.oarcanjo.net\/site\/#organization","name":"Par\u00f3quia S\u00e3o Miguel Arcanjo","url":"https:\/\/www.oarcanjo.net\/site\/","logo":{"@type":"ImageObject","inLanguage":"pt-BR","@id":"https:\/\/www.oarcanjo.net\/site\/#\/schema\/logo\/image\/","url":"https:\/\/www.oarcanjo.net\/site\/wp-content\/uploads\/LogoOArcanjo.png","contentUrl":"https:\/\/www.oarcanjo.net\/site\/wp-content\/uploads\/LogoOArcanjo.png","width":319,"height":99,"caption":"Par\u00f3quia S\u00e3o Miguel Arcanjo"},"image":{"@id":"https:\/\/www.oarcanjo.net\/site\/#\/schema\/logo\/image\/"},"sameAs":["https:\/\/www.facebook.com\/OArcanjoNoAr\/"]},{"@type":"Person","@id":"https:\/\/www.oarcanjo.net\/site\/#\/schema\/person\/f7870e710d8c8c30673de3a0ac2e451d","name":"carlos"}]}},"publishpress_future_action":{"enabled":false,"date":"2026-05-07 10:09:04","action":"category","newStatus":"draft","terms":[],"taxonomy":"category"},"publishpress_future_workflow_manual_trigger":{"enabledWorkflows":[]},"_links":{"self":[{"href":"https:\/\/www.oarcanjo.net\/site\/wp-json\/wp\/v2\/posts\/12949"}],"collection":[{"href":"https:\/\/www.oarcanjo.net\/site\/wp-json\/wp\/v2\/posts"}],"about":[{"href":"https:\/\/www.oarcanjo.net\/site\/wp-json\/wp\/v2\/types\/post"}],"author":[{"embeddable":true,"href":"https:\/\/www.oarcanjo.net\/site\/wp-json\/wp\/v2\/users\/10"}],"replies":[{"embeddable":true,"href":"https:\/\/www.oarcanjo.net\/site\/wp-json\/wp\/v2\/comments?post=12949"}],"version-history":[{"count":0,"href":"https:\/\/www.oarcanjo.net\/site\/wp-json\/wp\/v2\/posts\/12949\/revisions"}],"wp:attachment":[{"href":"https:\/\/www.oarcanjo.net\/site\/wp-json\/wp\/v2\/media?parent=12949"}],"wp:term":[{"taxonomy":"category","embeddable":true,"href":"https:\/\/www.oarcanjo.net\/site\/wp-json\/wp\/v2\/categories?post=12949"},{"taxonomy":"post_tag","embeddable":true,"href":"https:\/\/www.oarcanjo.net\/site\/wp-json\/wp\/v2\/tags?post=12949"}],"curies":[{"name":"wp","href":"https:\/\/api.w.org\/{rel}","templated":true}]}}