
{"id":129575,"date":"2025-04-27T14:55:52","date_gmt":"2025-04-27T17:55:52","guid":{"rendered":"https:\/\/www.oarcanjo.net\/site\/?p=129575"},"modified":"2025-04-27T15:46:37","modified_gmt":"2025-04-27T18:46:37","slug":"pe-julio-para-entender-o-papa-francisco-e-preciso-entender-jesus","status":"publish","type":"post","link":"https:\/\/www.oarcanjo.net\/site\/pe-julio-para-entender-o-papa-francisco-e-preciso-entender-jesus\/","title":{"rendered":"Pe. Julio: para entender o Papa Francisco \u00e9 preciso entender Jesus"},"content":{"rendered":"<p>Aqueles que n\u00e3o entendem o Papa Francisco, com certeza tamb\u00e9m n\u00e3o entendem Jesus&#8230; Quem pintou pra si mesmo um Jesus ao seu gosto n\u00e3o \u00e9 capaz de entender seus seguidores. Assista \u00e0 fala emocionada do Pe. Julio Lancellotti na abertura da missa do 2\u00ba Domingo da P\u00e1scoa, 27\/04\/2025.<\/p>\n<p><iframe loading=\"lazy\" title=\"YouTube video player\" src=\"https:\/\/www.youtube.com\/embed\/tP5plegGkxM?rel=0\" width=\"700\" height=\"394\" frameborder=\"0\" allowfullscreen=\"allowfullscreen\"><\/iframe><\/p>\n<div id=\"themify_builder_content-129575\" data-postid=\"129575\" class=\"themify_builder_content themify_builder_content-129575 themify_builder themify_builder_front\">\n\t<\/div>\n<!-- \/themify_builder_content -->","protected":false},"excerpt":{"rendered":"<p>Aqueles que n\u00e3o entendem o Papa Francisco, com certeza tamb\u00e9m n\u00e3o entendem Jesus<\/p>\n","protected":false},"author":5,"featured_media":129576,"comment_status":"open","ping_status":"open","sticky":false,"template":"","format":"standard","meta":{"ngg_post_thumbnail":0,"footnotes":""},"categories":[3,8,280],"tags":[],"yoast_head":"<!-- This site is optimized with the Yoast SEO plugin v23.5 - https:\/\/yoast.com\/wordpress\/plugins\/seo\/ -->\n<title>Pe. Julio: para entender o Papa Francisco \u00e9 preciso entender Jesus - O Arcanjo no ar<\/title>\n<meta name=\"robots\" content=\"index, follow, max-snippet:-1, max-image-preview:large, max-video-preview:-1\" \/>\n<link rel=\"canonical\" href=\"https:\/\/www.oarcanjo.net\/site\/pe-julio-para-entender-o-papa-francisco-e-preciso-entender-jesus\/\" \/>\n<meta property=\"og:locale\" content=\"pt_BR\" \/>\n<meta property=\"og:type\" content=\"article\" \/>\n<meta property=\"og:title\" content=\"Pe. Julio: para entender o Papa Francisco \u00e9 preciso entender Jesus - O Arcanjo no ar\" \/>\n<meta property=\"og:description\" content=\"Aqueles que n\u00e3o entendem o Papa Francisco, com certeza tamb\u00e9m n\u00e3o entendem Jesus\" \/>\n<meta property=\"og:url\" content=\"https:\/\/www.oarcanjo.net\/site\/pe-julio-para-entender-o-papa-francisco-e-preciso-entender-jesus\/\" \/>\n<meta property=\"og:site_name\" content=\"O Arcanjo no ar\" \/>\n<meta property=\"article:publisher\" content=\"https:\/\/www.facebook.com\/OArcanjoNoAr\/\" \/>\n<meta property=\"article:published_time\" content=\"2025-04-27T17:55:52+00:00\" \/>\n<meta property=\"article:modified_time\" content=\"2025-04-27T18:46:37+00:00\" \/>\n<meta property=\"og:image\" content=\"https:\/\/www.oarcanjo.net\/site\/wp-content\/uploads\/20250427-HomenagemFrancisco01.jpg\" \/>\n\t<meta property=\"og:image:width\" content=\"1240\" \/>\n\t<meta property=\"og:image:height\" content=\"694\" \/>\n\t<meta property=\"og:image:type\" content=\"image\/jpeg\" \/>\n<meta name=\"author\" content=\"editor\" \/>\n<meta name=\"twitter:card\" content=\"summary_large_image\" \/>\n<meta name=\"twitter:label1\" content=\"Escrito por\" \/>\n\t<meta name=\"twitter:data1\" content=\"editor\" \/>\n\t<meta name=\"twitter:label2\" content=\"Est. tempo de leitura\" \/>\n\t<meta name=\"twitter:data2\" content=\"1 minuto\" \/>\n<script type=\"application\/ld+json\" class=\"yoast-schema-graph\">{\"@context\":\"https:\/\/schema.org\",\"@graph\":[{\"@type\":\"Article\",\"@id\":\"https:\/\/www.oarcanjo.net\/site\/pe-julio-para-entender-o-papa-francisco-e-preciso-entender-jesus\/#article\",\"isPartOf\":{\"@id\":\"https:\/\/www.oarcanjo.net\/site\/pe-julio-para-entender-o-papa-francisco-e-preciso-entender-jesus\/\"},\"author\":{\"name\":\"editor\",\"@id\":\"https:\/\/www.oarcanjo.net\/site\/#\/schema\/person\/f7024d007863202483a31326673a0838\"},\"headline\":\"Pe. Julio: para entender o Papa Francisco \u00e9 preciso entender Jesus\",\"datePublished\":\"2025-04-27T17:55:52+00:00\",\"dateModified\":\"2025-04-27T18:46:37+00:00\",\"mainEntityOfPage\":{\"@id\":\"https:\/\/www.oarcanjo.net\/site\/pe-julio-para-entender-o-papa-francisco-e-preciso-entender-jesus\/\"},\"wordCount\":59,\"commentCount\":0,\"publisher\":{\"@id\":\"https:\/\/www.oarcanjo.net\/site\/#organization\"},\"image\":{\"@id\":\"https:\/\/www.oarcanjo.net\/site\/pe-julio-para-entender-o-papa-francisco-e-preciso-entender-jesus\/#primaryimage\"},\"thumbnailUrl\":\"https:\/\/www.oarcanjo.net\/site\/wp-content\/uploads\/20250427-HomenagemFrancisco01.jpg\",\"articleSection\":[\"Destaques\",\"Not\u00edcias\",\"V\u00eddeos\"],\"inLanguage\":\"pt-BR\",\"potentialAction\":[{\"@type\":\"CommentAction\",\"name\":\"Comment\",\"target\":[\"https:\/\/www.oarcanjo.net\/site\/pe-julio-para-entender-o-papa-francisco-e-preciso-entender-jesus\/#respond\"]}]},{\"@type\":\"WebPage\",\"@id\":\"https:\/\/www.oarcanjo.net\/site\/pe-julio-para-entender-o-papa-francisco-e-preciso-entender-jesus\/\",\"url\":\"https:\/\/www.oarcanjo.net\/site\/pe-julio-para-entender-o-papa-francisco-e-preciso-entender-jesus\/\",\"name\":\"Pe. Julio: para entender o Papa Francisco \u00e9 preciso entender Jesus - O Arcanjo no ar\",\"isPartOf\":{\"@id\":\"https:\/\/www.oarcanjo.net\/site\/#website\"},\"primaryImageOfPage\":{\"@id\":\"https:\/\/www.oarcanjo.net\/site\/pe-julio-para-entender-o-papa-francisco-e-preciso-entender-jesus\/#primaryimage\"},\"image\":{\"@id\":\"https:\/\/www.oarcanjo.net\/site\/pe-julio-para-entender-o-papa-francisco-e-preciso-entender-jesus\/#primaryimage\"},\"thumbnailUrl\":\"https:\/\/www.oarcanjo.net\/site\/wp-content\/uploads\/20250427-HomenagemFrancisco01.jpg\",\"datePublished\":\"2025-04-27T17:55:52+00:00\",\"dateModified\":\"2025-04-27T18:46:37+00:00\",\"breadcrumb\":{\"@id\":\"https:\/\/www.oarcanjo.net\/site\/pe-julio-para-entender-o-papa-francisco-e-preciso-entender-jesus\/#breadcrumb\"},\"inLanguage\":\"pt-BR\",\"potentialAction\":[{\"@type\":\"ReadAction\",\"target\":[\"https:\/\/www.oarcanjo.net\/site\/pe-julio-para-entender-o-papa-francisco-e-preciso-entender-jesus\/\"]}]},{\"@type\":\"ImageObject\",\"inLanguage\":\"pt-BR\",\"@id\":\"https:\/\/www.oarcanjo.net\/site\/pe-julio-para-entender-o-papa-francisco-e-preciso-entender-jesus\/#primaryimage\",\"url\":\"https:\/\/www.oarcanjo.net\/site\/wp-content\/uploads\/20250427-HomenagemFrancisco01.jpg\",\"contentUrl\":\"https:\/\/www.oarcanjo.net\/site\/wp-content\/uploads\/20250427-HomenagemFrancisco01.jpg\",\"width\":1240,\"height\":694},{\"@type\":\"BreadcrumbList\",\"@id\":\"https:\/\/www.oarcanjo.net\/site\/pe-julio-para-entender-o-papa-francisco-e-preciso-entender-jesus\/#breadcrumb\",\"itemListElement\":[{\"@type\":\"ListItem\",\"position\":1,\"name\":\"In\u00edcio\",\"item\":\"https:\/\/www.oarcanjo.net\/site\/\"},{\"@type\":\"ListItem\",\"position\":2,\"name\":\"Pe. Julio: para entender o Papa Francisco \u00e9 preciso entender Jesus\"}]},{\"@type\":\"WebSite\",\"@id\":\"https:\/\/www.oarcanjo.net\/site\/#website\",\"url\":\"https:\/\/www.oarcanjo.net\/site\/\",\"name\":\"O Arcanjo no ar\",\"description\":\"Site da Par\u00f3quia S\u00e3o Miguel Arcanjo (Arquidiocese de SP)\",\"publisher\":{\"@id\":\"https:\/\/www.oarcanjo.net\/site\/#organization\"},\"potentialAction\":[{\"@type\":\"SearchAction\",\"target\":{\"@type\":\"EntryPoint\",\"urlTemplate\":\"https:\/\/www.oarcanjo.net\/site\/?s={search_term_string}\"},\"query-input\":{\"@type\":\"PropertyValueSpecification\",\"valueRequired\":true,\"valueName\":\"search_term_string\"}}],\"inLanguage\":\"pt-BR\"},{\"@type\":\"Organization\",\"@id\":\"https:\/\/www.oarcanjo.net\/site\/#organization\",\"name\":\"Par\u00f3quia S\u00e3o Miguel Arcanjo\",\"url\":\"https:\/\/www.oarcanjo.net\/site\/\",\"logo\":{\"@type\":\"ImageObject\",\"inLanguage\":\"pt-BR\",\"@id\":\"https:\/\/www.oarcanjo.net\/site\/#\/schema\/logo\/image\/\",\"url\":\"https:\/\/www.oarcanjo.net\/site\/wp-content\/uploads\/LogoOArcanjo.png\",\"contentUrl\":\"https:\/\/www.oarcanjo.net\/site\/wp-content\/uploads\/LogoOArcanjo.png\",\"width\":319,\"height\":99,\"caption\":\"Par\u00f3quia S\u00e3o Miguel Arcanjo\"},\"image\":{\"@id\":\"https:\/\/www.oarcanjo.net\/site\/#\/schema\/logo\/image\/\"},\"sameAs\":[\"https:\/\/www.facebook.com\/OArcanjoNoAr\/\"]},{\"@type\":\"Person\",\"@id\":\"https:\/\/www.oarcanjo.net\/site\/#\/schema\/person\/f7024d007863202483a31326673a0838\",\"name\":\"editor\",\"sameAs\":[\"http:\/\/www.oarcanjo.net\"]}]}<\/script>\n<!-- \/ Yoast SEO plugin. -->","yoast_head_json":{"title":"Pe. Julio: para entender o Papa Francisco \u00e9 preciso entender Jesus - O Arcanjo no ar","robots":{"index":"index","follow":"follow","max-snippet":"max-snippet:-1","max-image-preview":"max-image-preview:large","max-video-preview":"max-video-preview:-1"},"canonical":"https:\/\/www.oarcanjo.net\/site\/pe-julio-para-entender-o-papa-francisco-e-preciso-entender-jesus\/","og_locale":"pt_BR","og_type":"article","og_title":"Pe. Julio: para entender o Papa Francisco \u00e9 preciso entender Jesus - O Arcanjo no ar","og_description":"Aqueles que n\u00e3o entendem o Papa Francisco, com certeza tamb\u00e9m n\u00e3o entendem Jesus","og_url":"https:\/\/www.oarcanjo.net\/site\/pe-julio-para-entender-o-papa-francisco-e-preciso-entender-jesus\/","og_site_name":"O Arcanjo no ar","article_publisher":"https:\/\/www.facebook.com\/OArcanjoNoAr\/","article_published_time":"2025-04-27T17:55:52+00:00","article_modified_time":"2025-04-27T18:46:37+00:00","og_image":[{"width":1240,"height":694,"url":"https:\/\/www.oarcanjo.net\/site\/wp-content\/uploads\/20250427-HomenagemFrancisco01.jpg","type":"image\/jpeg"}],"author":"editor","twitter_card":"summary_large_image","twitter_misc":{"Escrito por":"editor","Est. tempo de leitura":"1 minuto"},"schema":{"@context":"https:\/\/schema.org","@graph":[{"@type":"Article","@id":"https:\/\/www.oarcanjo.net\/site\/pe-julio-para-entender-o-papa-francisco-e-preciso-entender-jesus\/#article","isPartOf":{"@id":"https:\/\/www.oarcanjo.net\/site\/pe-julio-para-entender-o-papa-francisco-e-preciso-entender-jesus\/"},"author":{"name":"editor","@id":"https:\/\/www.oarcanjo.net\/site\/#\/schema\/person\/f7024d007863202483a31326673a0838"},"headline":"Pe. Julio: para entender o Papa Francisco \u00e9 preciso entender Jesus","datePublished":"2025-04-27T17:55:52+00:00","dateModified":"2025-04-27T18:46:37+00:00","mainEntityOfPage":{"@id":"https:\/\/www.oarcanjo.net\/site\/pe-julio-para-entender-o-papa-francisco-e-preciso-entender-jesus\/"},"wordCount":59,"commentCount":0,"publisher":{"@id":"https:\/\/www.oarcanjo.net\/site\/#organization"},"image":{"@id":"https:\/\/www.oarcanjo.net\/site\/pe-julio-para-entender-o-papa-francisco-e-preciso-entender-jesus\/#primaryimage"},"thumbnailUrl":"https:\/\/www.oarcanjo.net\/site\/wp-content\/uploads\/20250427-HomenagemFrancisco01.jpg","articleSection":["Destaques","Not\u00edcias","V\u00eddeos"],"inLanguage":"pt-BR","potentialAction":[{"@type":"CommentAction","name":"Comment","target":["https:\/\/www.oarcanjo.net\/site\/pe-julio-para-entender-o-papa-francisco-e-preciso-entender-jesus\/#respond"]}]},{"@type":"WebPage","@id":"https:\/\/www.oarcanjo.net\/site\/pe-julio-para-entender-o-papa-francisco-e-preciso-entender-jesus\/","url":"https:\/\/www.oarcanjo.net\/site\/pe-julio-para-entender-o-papa-francisco-e-preciso-entender-jesus\/","name":"Pe. Julio: para entender o Papa Francisco \u00e9 preciso entender Jesus - O Arcanjo no ar","isPartOf":{"@id":"https:\/\/www.oarcanjo.net\/site\/#website"},"primaryImageOfPage":{"@id":"https:\/\/www.oarcanjo.net\/site\/pe-julio-para-entender-o-papa-francisco-e-preciso-entender-jesus\/#primaryimage"},"image":{"@id":"https:\/\/www.oarcanjo.net\/site\/pe-julio-para-entender-o-papa-francisco-e-preciso-entender-jesus\/#primaryimage"},"thumbnailUrl":"https:\/\/www.oarcanjo.net\/site\/wp-content\/uploads\/20250427-HomenagemFrancisco01.jpg","datePublished":"2025-04-27T17:55:52+00:00","dateModified":"2025-04-27T18:46:37+00:00","breadcrumb":{"@id":"https:\/\/www.oarcanjo.net\/site\/pe-julio-para-entender-o-papa-francisco-e-preciso-entender-jesus\/#breadcrumb"},"inLanguage":"pt-BR","potentialAction":[{"@type":"ReadAction","target":["https:\/\/www.oarcanjo.net\/site\/pe-julio-para-entender-o-papa-francisco-e-preciso-entender-jesus\/"]}]},{"@type":"ImageObject","inLanguage":"pt-BR","@id":"https:\/\/www.oarcanjo.net\/site\/pe-julio-para-entender-o-papa-francisco-e-preciso-entender-jesus\/#primaryimage","url":"https:\/\/www.oarcanjo.net\/site\/wp-content\/uploads\/20250427-HomenagemFrancisco01.jpg","contentUrl":"https:\/\/www.oarcanjo.net\/site\/wp-content\/uploads\/20250427-HomenagemFrancisco01.jpg","width":1240,"height":694},{"@type":"BreadcrumbList","@id":"https:\/\/www.oarcanjo.net\/site\/pe-julio-para-entender-o-papa-francisco-e-preciso-entender-jesus\/#breadcrumb","itemListElement":[{"@type":"ListItem","position":1,"name":"In\u00edcio","item":"https:\/\/www.oarcanjo.net\/site\/"},{"@type":"ListItem","position":2,"name":"Pe. Julio: para entender o Papa Francisco \u00e9 preciso entender Jesus"}]},{"@type":"WebSite","@id":"https:\/\/www.oarcanjo.net\/site\/#website","url":"https:\/\/www.oarcanjo.net\/site\/","name":"O Arcanjo no ar","description":"Site da Par\u00f3quia S\u00e3o Miguel Arcanjo (Arquidiocese de SP)","publisher":{"@id":"https:\/\/www.oarcanjo.net\/site\/#organization"},"potentialAction":[{"@type":"SearchAction","target":{"@type":"EntryPoint","urlTemplate":"https:\/\/www.oarcanjo.net\/site\/?s={search_term_string}"},"query-input":{"@type":"PropertyValueSpecification","valueRequired":true,"valueName":"search_term_string"}}],"inLanguage":"pt-BR"},{"@type":"Organization","@id":"https:\/\/www.oarcanjo.net\/site\/#organization","name":"Par\u00f3quia S\u00e3o Miguel Arcanjo","url":"https:\/\/www.oarcanjo.net\/site\/","logo":{"@type":"ImageObject","inLanguage":"pt-BR","@id":"https:\/\/www.oarcanjo.net\/site\/#\/schema\/logo\/image\/","url":"https:\/\/www.oarcanjo.net\/site\/wp-content\/uploads\/LogoOArcanjo.png","contentUrl":"https:\/\/www.oarcanjo.net\/site\/wp-content\/uploads\/LogoOArcanjo.png","width":319,"height":99,"caption":"Par\u00f3quia S\u00e3o Miguel Arcanjo"},"image":{"@id":"https:\/\/www.oarcanjo.net\/site\/#\/schema\/logo\/image\/"},"sameAs":["https:\/\/www.facebook.com\/OArcanjoNoAr\/"]},{"@type":"Person","@id":"https:\/\/www.oarcanjo.net\/site\/#\/schema\/person\/f7024d007863202483a31326673a0838","name":"editor","sameAs":["http:\/\/www.oarcanjo.net"]}]}},"publishpress_future_action":{"enabled":false,"date":"2026-05-08 22:54:19","action":"category","newStatus":"draft","terms":[],"taxonomy":"category"},"publishpress_future_workflow_manual_trigger":{"enabledWorkflows":[]},"_links":{"self":[{"href":"https:\/\/www.oarcanjo.net\/site\/wp-json\/wp\/v2\/posts\/129575"}],"collection":[{"href":"https:\/\/www.oarcanjo.net\/site\/wp-json\/wp\/v2\/posts"}],"about":[{"href":"https:\/\/www.oarcanjo.net\/site\/wp-json\/wp\/v2\/types\/post"}],"author":[{"embeddable":true,"href":"https:\/\/www.oarcanjo.net\/site\/wp-json\/wp\/v2\/users\/5"}],"replies":[{"embeddable":true,"href":"https:\/\/www.oarcanjo.net\/site\/wp-json\/wp\/v2\/comments?post=129575"}],"version-history":[{"count":3,"href":"https:\/\/www.oarcanjo.net\/site\/wp-json\/wp\/v2\/posts\/129575\/revisions"}],"predecessor-version":[{"id":129583,"href":"https:\/\/www.oarcanjo.net\/site\/wp-json\/wp\/v2\/posts\/129575\/revisions\/129583"}],"wp:featuredmedia":[{"embeddable":true,"href":"https:\/\/www.oarcanjo.net\/site\/wp-json\/wp\/v2\/media\/129576"}],"wp:attachment":[{"href":"https:\/\/www.oarcanjo.net\/site\/wp-json\/wp\/v2\/media?parent=129575"}],"wp:term":[{"taxonomy":"category","embeddable":true,"href":"https:\/\/www.oarcanjo.net\/site\/wp-json\/wp\/v2\/categories?post=129575"},{"taxonomy":"post_tag","embeddable":true,"href":"https:\/\/www.oarcanjo.net\/site\/wp-json\/wp\/v2\/tags?post=129575"}],"curies":[{"name":"wp","href":"https:\/\/api.w.org\/{rel}","templated":true}]}}