
{"id":12958,"date":"2011-02-03T22:57:40","date_gmt":"2011-02-04T00:57:40","guid":{"rendered":"http:\/\/www.oarcanjo.net\/site\/?p=12958"},"modified":"2011-02-03T22:57:40","modified_gmt":"2011-02-04T00:57:40","slug":"igreja-mais-evangelica-comentario-de-pagola-ao-evangelho","status":"publish","type":"post","link":"https:\/\/www.oarcanjo.net\/site\/igreja-mais-evangelica-comentario-de-pagola-ao-evangelho\/","title":{"rendered":"Igreja mais evang\u00e9lica. Coment\u00e1rio de Pagola ao Evangelho"},"content":{"rendered":"<p>Ao formular as bem-aventuran\u00e7as, Mateus, ao contr\u00e1rio de Lucas, est\u00e1 preocupado em desenhar os tra\u00e7os que caracterizam aos seguidores de Jesus. Da\u00ed a import\u00e2ncia que t\u00eam para n\u00f3s, nestes tempos em que a Igreja tem que encontrar o seu estilo crist\u00e3o de estar no meio de uma sociedade secularizada.<\/p>\n<p>N\u00e3o \u00e9 poss\u00edvel propor a Boa Nova de Jesus de uma forma qualquer. O Evangelho s\u00f3 se espalha a partir de atitudes evang\u00e9licas. As bem-aventuran\u00e7as nos mostram o esp\u00edrito que deve inspirar a a\u00e7\u00e3o da Igreja, enquanto peregrina para o Pai. N\u00f3s temos que ouvi-las em uma atitude de convers\u00e3o pessoal e comunit\u00e1ria. S\u00f3 dessa forma temos que caminhar para o futuro.<\/p>\n<p>Bendita a Igreja &#8220;pobre de esp\u00edrito&#8221; e de cora\u00e7\u00e3o simples, que atua sem prepot\u00eancia nem arrog\u00e2ncia, sem riquezas nem esplendor, sustentada pela humilde autoridade de Jesus. Dela \u00e9 o reino de Deus.<\/p>\n<p>Bendita a Igreja que &#8220;chora&#8221; com aqueles que choram e sofre ao ser privada de privil\u00e9gios e poder, pois poder\u00e1 compartilhar melhor o destino dos vencidos e tamb\u00e9m o destino de Jesus. Um dia ela ser\u00e1 consolada por Deus.<\/p>\n<p>Bendita a Igreja que renuncia a se impor pela for\u00e7a, a coer\u00e7\u00e3o ou a submiss\u00e3o, sempre a praticar a mansid\u00e3o do seu Mestre e Senhor. Um dia ela herdar\u00e1 a terra prometida.<\/p>\n<p>Bendita a Igreja que tem &#8220;fome e sede de justi\u00e7a&#8221; dentro de si e no mundo todo, pois procurar\u00e1 a sua pr\u00f3pria convers\u00e3o e trabalhar\u00e1 por uma vida mais justa e digna para todos, a come\u00e7ar pelos \u00faltimos. Seu anseio ser\u00e1 farto por Deus.<\/p>\n<p>Bendita a Igreja compassiva que renuncia ao rigorismo e prefere a miseric\u00f3rdia antes que os sacrif\u00edcios, pois acolher\u00e1 aos pecadores e n\u00e3o lhes esconder\u00e1 a Boa Nova de Jesus. Ela alcan\u00e7ar\u00e1 de Deus miseric\u00f3rdia.<\/p>\n<p>Bendita a Igreja de &#8220;cora\u00e7\u00e3o limpo&#8221; e conduta transparente, que n\u00e3o encobre os seus pecados nem promove o secreto ou a ambig\u00fcidade, pois caminhar\u00e1 na verdade de Jesus. Um dia Ela ver\u00e1 Deus.<\/p>\n<p>Bendita a Igreja que &#8220;trabalha pela paz&#8221; e luta contra as guerras, que une os cora\u00e7\u00f5es e semeia a conc\u00f3rdia, pois vai contagiar a paz de Jesus que o mundo n\u00e3o pode dar. Ela ser\u00e1 filha de Deus.<\/p>\n<p>Bendita a Igreja que sofre hostilidade e persegui\u00e7\u00e3o por causa da justi\u00e7a, e n\u00e3o evita o mart\u00edrio, pois saber\u00e1 chorar com as v\u00edtimas e conhecer\u00e1 a cruz de Jesus. Dela \u00e9 o reino de Deus.<\/p>\n<p>A sociedade de hoje precisa conhecer comunidades crist\u00e3s marcadas por este esp\u00edrito das bem-aventuran\u00e7as. Apenas uma Igreja evang\u00e9lica tem autoridade e credibilidade para mostrar o rosto de Jesus aos homens e mulheres de hoje.<\/p>\n<div id=\"themify_builder_content-12958\" data-postid=\"12958\" class=\"themify_builder_content themify_builder_content-12958 themify_builder themify_builder_front\">\n\t<\/div>\n<!-- \/themify_builder_content -->","protected":false},"excerpt":{"rendered":"<p>Ao formular as bem-aventuran\u00e7as, Mateus, ao contr\u00e1rio de Lucas, est\u00e1 preocupado em desenhar os tra\u00e7os que caracterizam aos seguidores de Jesus. Da\u00ed a import\u00e2ncia que t\u00eam para n\u00f3s, nestes tempos em que a Igreja tem que encontrar o seu estilo crist\u00e3o de estar no meio de uma sociedade secularizada. N\u00e3o \u00e9 poss\u00edvel propor a Boa [&hellip;]<\/p>\n","protected":false},"author":5,"featured_media":0,"comment_status":"open","ping_status":"open","sticky":false,"template":"","format":"standard","meta":{"ngg_post_thumbnail":0,"footnotes":""},"categories":[9],"tags":[1206,1823,815],"yoast_head":"<!-- This site is optimized with the Yoast SEO plugin v23.5 - https:\/\/yoast.com\/wordpress\/plugins\/seo\/ -->\n<title>Igreja mais evang\u00e9lica. Coment\u00e1rio de Pagola ao Evangelho - O Arcanjo no ar<\/title>\n<meta name=\"robots\" content=\"index, follow, max-snippet:-1, max-image-preview:large, max-video-preview:-1\" \/>\n<link rel=\"canonical\" href=\"https:\/\/www.oarcanjo.net\/site\/igreja-mais-evangelica-comentario-de-pagola-ao-evangelho\/\" \/>\n<meta property=\"og:locale\" content=\"pt_BR\" \/>\n<meta property=\"og:type\" content=\"article\" \/>\n<meta property=\"og:title\" content=\"Igreja mais evang\u00e9lica. Coment\u00e1rio de Pagola ao Evangelho - O Arcanjo no ar\" \/>\n<meta property=\"og:description\" content=\"Ao formular as bem-aventuran\u00e7as, Mateus, ao contr\u00e1rio de Lucas, est\u00e1 preocupado em desenhar os tra\u00e7os que caracterizam aos seguidores de Jesus. Da\u00ed a import\u00e2ncia que t\u00eam para n\u00f3s, nestes tempos em que a Igreja tem que encontrar o seu estilo crist\u00e3o de estar no meio de uma sociedade secularizada. N\u00e3o \u00e9 poss\u00edvel propor a Boa [&hellip;]\" \/>\n<meta property=\"og:url\" content=\"https:\/\/www.oarcanjo.net\/site\/igreja-mais-evangelica-comentario-de-pagola-ao-evangelho\/\" \/>\n<meta property=\"og:site_name\" content=\"O Arcanjo no ar\" \/>\n<meta property=\"article:publisher\" content=\"https:\/\/www.facebook.com\/OArcanjoNoAr\/\" \/>\n<meta property=\"article:published_time\" content=\"2011-02-04T00:57:40+00:00\" \/>\n<meta property=\"og:image\" content=\"https:\/\/www.oarcanjo.net\/site\/wp-content\/uploads\/logo-o-arcanjo-no-ar-facebook.png\" \/>\n\t<meta property=\"og:image:width\" content=\"300\" \/>\n\t<meta property=\"og:image:height\" content=\"300\" \/>\n\t<meta property=\"og:image:type\" content=\"image\/png\" \/>\n<meta name=\"author\" content=\"editor\" \/>\n<meta name=\"twitter:card\" content=\"summary_large_image\" \/>\n<meta name=\"twitter:label1\" content=\"Escrito por\" \/>\n\t<meta name=\"twitter:data1\" content=\"editor\" \/>\n\t<meta name=\"twitter:label2\" content=\"Est. tempo de leitura\" \/>\n\t<meta name=\"twitter:data2\" content=\"2 minutos\" \/>\n<script type=\"application\/ld+json\" class=\"yoast-schema-graph\">{\"@context\":\"https:\/\/schema.org\",\"@graph\":[{\"@type\":\"Article\",\"@id\":\"https:\/\/www.oarcanjo.net\/site\/igreja-mais-evangelica-comentario-de-pagola-ao-evangelho\/#article\",\"isPartOf\":{\"@id\":\"https:\/\/www.oarcanjo.net\/site\/igreja-mais-evangelica-comentario-de-pagola-ao-evangelho\/\"},\"author\":{\"name\":\"editor\",\"@id\":\"https:\/\/www.oarcanjo.net\/site\/#\/schema\/person\/f7024d007863202483a31326673a0838\"},\"headline\":\"Igreja mais evang\u00e9lica. Coment\u00e1rio de Pagola ao Evangelho\",\"datePublished\":\"2011-02-04T00:57:40+00:00\",\"dateModified\":\"2011-02-04T00:57:40+00:00\",\"mainEntityOfPage\":{\"@id\":\"https:\/\/www.oarcanjo.net\/site\/igreja-mais-evangelica-comentario-de-pagola-ao-evangelho\/\"},\"wordCount\":489,\"commentCount\":3,\"publisher\":{\"@id\":\"https:\/\/www.oarcanjo.net\/site\/#organization\"},\"keywords\":[\"bem aventuran\u00e7as\",\"Boa Nova\",\"Pagola\"],\"articleSection\":[\"Reflex\u00f5es\"],\"inLanguage\":\"pt-BR\",\"potentialAction\":[{\"@type\":\"CommentAction\",\"name\":\"Comment\",\"target\":[\"https:\/\/www.oarcanjo.net\/site\/igreja-mais-evangelica-comentario-de-pagola-ao-evangelho\/#respond\"]}]},{\"@type\":\"WebPage\",\"@id\":\"https:\/\/www.oarcanjo.net\/site\/igreja-mais-evangelica-comentario-de-pagola-ao-evangelho\/\",\"url\":\"https:\/\/www.oarcanjo.net\/site\/igreja-mais-evangelica-comentario-de-pagola-ao-evangelho\/\",\"name\":\"Igreja mais evang\u00e9lica. Coment\u00e1rio de Pagola ao Evangelho - O Arcanjo no ar\",\"isPartOf\":{\"@id\":\"https:\/\/www.oarcanjo.net\/site\/#website\"},\"datePublished\":\"2011-02-04T00:57:40+00:00\",\"dateModified\":\"2011-02-04T00:57:40+00:00\",\"breadcrumb\":{\"@id\":\"https:\/\/www.oarcanjo.net\/site\/igreja-mais-evangelica-comentario-de-pagola-ao-evangelho\/#breadcrumb\"},\"inLanguage\":\"pt-BR\",\"potentialAction\":[{\"@type\":\"ReadAction\",\"target\":[\"https:\/\/www.oarcanjo.net\/site\/igreja-mais-evangelica-comentario-de-pagola-ao-evangelho\/\"]}]},{\"@type\":\"BreadcrumbList\",\"@id\":\"https:\/\/www.oarcanjo.net\/site\/igreja-mais-evangelica-comentario-de-pagola-ao-evangelho\/#breadcrumb\",\"itemListElement\":[{\"@type\":\"ListItem\",\"position\":1,\"name\":\"In\u00edcio\",\"item\":\"https:\/\/www.oarcanjo.net\/site\/\"},{\"@type\":\"ListItem\",\"position\":2,\"name\":\"Igreja mais evang\u00e9lica. Coment\u00e1rio de Pagola ao Evangelho\"}]},{\"@type\":\"WebSite\",\"@id\":\"https:\/\/www.oarcanjo.net\/site\/#website\",\"url\":\"https:\/\/www.oarcanjo.net\/site\/\",\"name\":\"O Arcanjo no ar\",\"description\":\"Site da Par\u00f3quia S\u00e3o Miguel Arcanjo (Arquidiocese de SP)\",\"publisher\":{\"@id\":\"https:\/\/www.oarcanjo.net\/site\/#organization\"},\"potentialAction\":[{\"@type\":\"SearchAction\",\"target\":{\"@type\":\"EntryPoint\",\"urlTemplate\":\"https:\/\/www.oarcanjo.net\/site\/?s={search_term_string}\"},\"query-input\":{\"@type\":\"PropertyValueSpecification\",\"valueRequired\":true,\"valueName\":\"search_term_string\"}}],\"inLanguage\":\"pt-BR\"},{\"@type\":\"Organization\",\"@id\":\"https:\/\/www.oarcanjo.net\/site\/#organization\",\"name\":\"Par\u00f3quia S\u00e3o Miguel Arcanjo\",\"url\":\"https:\/\/www.oarcanjo.net\/site\/\",\"logo\":{\"@type\":\"ImageObject\",\"inLanguage\":\"pt-BR\",\"@id\":\"https:\/\/www.oarcanjo.net\/site\/#\/schema\/logo\/image\/\",\"url\":\"https:\/\/www.oarcanjo.net\/site\/wp-content\/uploads\/LogoOArcanjo.png\",\"contentUrl\":\"https:\/\/www.oarcanjo.net\/site\/wp-content\/uploads\/LogoOArcanjo.png\",\"width\":319,\"height\":99,\"caption\":\"Par\u00f3quia S\u00e3o Miguel Arcanjo\"},\"image\":{\"@id\":\"https:\/\/www.oarcanjo.net\/site\/#\/schema\/logo\/image\/\"},\"sameAs\":[\"https:\/\/www.facebook.com\/OArcanjoNoAr\/\"]},{\"@type\":\"Person\",\"@id\":\"https:\/\/www.oarcanjo.net\/site\/#\/schema\/person\/f7024d007863202483a31326673a0838\",\"name\":\"editor\",\"sameAs\":[\"http:\/\/www.oarcanjo.net\"]}]}<\/script>\n<!-- \/ Yoast SEO plugin. -->","yoast_head_json":{"title":"Igreja mais evang\u00e9lica. Coment\u00e1rio de Pagola ao Evangelho - O Arcanjo no ar","robots":{"index":"index","follow":"follow","max-snippet":"max-snippet:-1","max-image-preview":"max-image-preview:large","max-video-preview":"max-video-preview:-1"},"canonical":"https:\/\/www.oarcanjo.net\/site\/igreja-mais-evangelica-comentario-de-pagola-ao-evangelho\/","og_locale":"pt_BR","og_type":"article","og_title":"Igreja mais evang\u00e9lica. Coment\u00e1rio de Pagola ao Evangelho - O Arcanjo no ar","og_description":"Ao formular as bem-aventuran\u00e7as, Mateus, ao contr\u00e1rio de Lucas, est\u00e1 preocupado em desenhar os tra\u00e7os que caracterizam aos seguidores de Jesus. Da\u00ed a import\u00e2ncia que t\u00eam para n\u00f3s, nestes tempos em que a Igreja tem que encontrar o seu estilo crist\u00e3o de estar no meio de uma sociedade secularizada. N\u00e3o \u00e9 poss\u00edvel propor a Boa [&hellip;]","og_url":"https:\/\/www.oarcanjo.net\/site\/igreja-mais-evangelica-comentario-de-pagola-ao-evangelho\/","og_site_name":"O Arcanjo no ar","article_publisher":"https:\/\/www.facebook.com\/OArcanjoNoAr\/","article_published_time":"2011-02-04T00:57:40+00:00","og_image":[{"width":300,"height":300,"url":"https:\/\/www.oarcanjo.net\/site\/wp-content\/uploads\/logo-o-arcanjo-no-ar-facebook.png","type":"image\/png"}],"author":"editor","twitter_card":"summary_large_image","twitter_misc":{"Escrito por":"editor","Est. tempo de leitura":"2 minutos"},"schema":{"@context":"https:\/\/schema.org","@graph":[{"@type":"Article","@id":"https:\/\/www.oarcanjo.net\/site\/igreja-mais-evangelica-comentario-de-pagola-ao-evangelho\/#article","isPartOf":{"@id":"https:\/\/www.oarcanjo.net\/site\/igreja-mais-evangelica-comentario-de-pagola-ao-evangelho\/"},"author":{"name":"editor","@id":"https:\/\/www.oarcanjo.net\/site\/#\/schema\/person\/f7024d007863202483a31326673a0838"},"headline":"Igreja mais evang\u00e9lica. Coment\u00e1rio de Pagola ao Evangelho","datePublished":"2011-02-04T00:57:40+00:00","dateModified":"2011-02-04T00:57:40+00:00","mainEntityOfPage":{"@id":"https:\/\/www.oarcanjo.net\/site\/igreja-mais-evangelica-comentario-de-pagola-ao-evangelho\/"},"wordCount":489,"commentCount":3,"publisher":{"@id":"https:\/\/www.oarcanjo.net\/site\/#organization"},"keywords":["bem aventuran\u00e7as","Boa Nova","Pagola"],"articleSection":["Reflex\u00f5es"],"inLanguage":"pt-BR","potentialAction":[{"@type":"CommentAction","name":"Comment","target":["https:\/\/www.oarcanjo.net\/site\/igreja-mais-evangelica-comentario-de-pagola-ao-evangelho\/#respond"]}]},{"@type":"WebPage","@id":"https:\/\/www.oarcanjo.net\/site\/igreja-mais-evangelica-comentario-de-pagola-ao-evangelho\/","url":"https:\/\/www.oarcanjo.net\/site\/igreja-mais-evangelica-comentario-de-pagola-ao-evangelho\/","name":"Igreja mais evang\u00e9lica. Coment\u00e1rio de Pagola ao Evangelho - O Arcanjo no ar","isPartOf":{"@id":"https:\/\/www.oarcanjo.net\/site\/#website"},"datePublished":"2011-02-04T00:57:40+00:00","dateModified":"2011-02-04T00:57:40+00:00","breadcrumb":{"@id":"https:\/\/www.oarcanjo.net\/site\/igreja-mais-evangelica-comentario-de-pagola-ao-evangelho\/#breadcrumb"},"inLanguage":"pt-BR","potentialAction":[{"@type":"ReadAction","target":["https:\/\/www.oarcanjo.net\/site\/igreja-mais-evangelica-comentario-de-pagola-ao-evangelho\/"]}]},{"@type":"BreadcrumbList","@id":"https:\/\/www.oarcanjo.net\/site\/igreja-mais-evangelica-comentario-de-pagola-ao-evangelho\/#breadcrumb","itemListElement":[{"@type":"ListItem","position":1,"name":"In\u00edcio","item":"https:\/\/www.oarcanjo.net\/site\/"},{"@type":"ListItem","position":2,"name":"Igreja mais evang\u00e9lica. Coment\u00e1rio de Pagola ao Evangelho"}]},{"@type":"WebSite","@id":"https:\/\/www.oarcanjo.net\/site\/#website","url":"https:\/\/www.oarcanjo.net\/site\/","name":"O Arcanjo no ar","description":"Site da Par\u00f3quia S\u00e3o Miguel Arcanjo (Arquidiocese de SP)","publisher":{"@id":"https:\/\/www.oarcanjo.net\/site\/#organization"},"potentialAction":[{"@type":"SearchAction","target":{"@type":"EntryPoint","urlTemplate":"https:\/\/www.oarcanjo.net\/site\/?s={search_term_string}"},"query-input":{"@type":"PropertyValueSpecification","valueRequired":true,"valueName":"search_term_string"}}],"inLanguage":"pt-BR"},{"@type":"Organization","@id":"https:\/\/www.oarcanjo.net\/site\/#organization","name":"Par\u00f3quia S\u00e3o Miguel Arcanjo","url":"https:\/\/www.oarcanjo.net\/site\/","logo":{"@type":"ImageObject","inLanguage":"pt-BR","@id":"https:\/\/www.oarcanjo.net\/site\/#\/schema\/logo\/image\/","url":"https:\/\/www.oarcanjo.net\/site\/wp-content\/uploads\/LogoOArcanjo.png","contentUrl":"https:\/\/www.oarcanjo.net\/site\/wp-content\/uploads\/LogoOArcanjo.png","width":319,"height":99,"caption":"Par\u00f3quia S\u00e3o Miguel Arcanjo"},"image":{"@id":"https:\/\/www.oarcanjo.net\/site\/#\/schema\/logo\/image\/"},"sameAs":["https:\/\/www.facebook.com\/OArcanjoNoAr\/"]},{"@type":"Person","@id":"https:\/\/www.oarcanjo.net\/site\/#\/schema\/person\/f7024d007863202483a31326673a0838","name":"editor","sameAs":["http:\/\/www.oarcanjo.net"]}]}},"publishpress_future_action":{"enabled":false,"date":"2026-05-10 08:37:29","action":"category","newStatus":"draft","terms":[],"taxonomy":"category"},"publishpress_future_workflow_manual_trigger":{"enabledWorkflows":[]},"_links":{"self":[{"href":"https:\/\/www.oarcanjo.net\/site\/wp-json\/wp\/v2\/posts\/12958"}],"collection":[{"href":"https:\/\/www.oarcanjo.net\/site\/wp-json\/wp\/v2\/posts"}],"about":[{"href":"https:\/\/www.oarcanjo.net\/site\/wp-json\/wp\/v2\/types\/post"}],"author":[{"embeddable":true,"href":"https:\/\/www.oarcanjo.net\/site\/wp-json\/wp\/v2\/users\/5"}],"replies":[{"embeddable":true,"href":"https:\/\/www.oarcanjo.net\/site\/wp-json\/wp\/v2\/comments?post=12958"}],"version-history":[{"count":0,"href":"https:\/\/www.oarcanjo.net\/site\/wp-json\/wp\/v2\/posts\/12958\/revisions"}],"wp:attachment":[{"href":"https:\/\/www.oarcanjo.net\/site\/wp-json\/wp\/v2\/media?parent=12958"}],"wp:term":[{"taxonomy":"category","embeddable":true,"href":"https:\/\/www.oarcanjo.net\/site\/wp-json\/wp\/v2\/categories?post=12958"},{"taxonomy":"post_tag","embeddable":true,"href":"https:\/\/www.oarcanjo.net\/site\/wp-json\/wp\/v2\/tags?post=12958"}],"curies":[{"name":"wp","href":"https:\/\/api.w.org\/{rel}","templated":true}]}}