
{"id":129610,"date":"2025-05-08T17:38:06","date_gmt":"2025-05-08T20:38:06","guid":{"rendered":"https:\/\/www.oarcanjo.net\/site\/?p=129610"},"modified":"2025-05-08T17:43:40","modified_gmt":"2025-05-08T20:43:40","slug":"as-primeiras-palavras-do-papa-leao-xiv-a-roma-e-ao-mundo","status":"publish","type":"post","link":"https:\/\/www.oarcanjo.net\/site\/as-primeiras-palavras-do-papa-leao-xiv-a-roma-e-ao-mundo\/","title":{"rendered":"As primeiras palavras do Papa Le\u00e3o XIV a Roma e ao mundo"},"content":{"rendered":"<p><iframe loading=\"lazy\" width=\"700\" height=\"394\" src=\"https:\/\/www.youtube.com\/embed\/oAHo7tWn7Os?rel=0\" title=\"YouTube video player\" frameborder=\"0\" allow=\"accelerometer; autoplay; clipboard-write; encrypted-media; gyroscope; picture-in-picture; web-share\" referrerpolicy=\"strict-origin-when-cross-origin\" allowfullscreen><\/iframe><\/p>\n<p>Ap\u00f3s o an\u00fancio do &#8220;Habemus Papam&#8221;, o Papa Le\u00e3o XIV dirigiu suas primeiras palavras &#8211; em italiano e espanhol &#8211; \u00e0s cerca de 100 mil pessoas presentes na Pra\u00e7a S\u00e3o Pedro e Via da Concilia\u00e7\u00e3o, e a todos que o seguiam pelos meios de comunica\u00e7\u00e3o. Ao final, concedeu a Indulg\u00eancia Plen\u00e1ria:<\/p>\n<p>&#8220;A paz esteja com todos voc\u00eas!<\/p>\n<p>Car\u00edssimos irm\u00e3os e irm\u00e3s, esta \u00e9 a primeira sauda\u00e7\u00e3o de Cristo Ressuscitado, o Bom Pastor que deu a vida pelo rebanho de Deus. Eu tamb\u00e9m gostaria que esta sauda\u00e7\u00e3o de paz entrasse em seus cora\u00e7\u00f5es, chegasse \u00e0s suas fam\u00edlias, a todas as pessoas, onde quer que estejam, a todos os povos, a toda a terra. A paz esteja com voc\u00eas!<\/p>\n<p>Esta \u00e9 a paz de Cristo Ressuscitado, uma paz desarmada e uma paz desarmante, humilde e perseverante. Ela vem de Deus, Deus que nos ama a todos incondicionalmente. Ainda conservamos em nossos ouvidos aquela voz fraca, mas sempre corajosa, do Papa Francisco que aben\u00e7oava Roma!<\/p>\n<p>O Papa que aben\u00e7oava Roma concedia a sua b\u00ean\u00e7\u00e3o ao mundo, ao mundo inteiro, naquela manh\u00e3 do dia de P\u00e1scoa. Permitam-me prosseguir com essa mesma b\u00ean\u00e7\u00e3o: Deus nos ama, Deus ama a todos voc\u00eas, e o mal n\u00e3o prevalecer\u00e1! Estamos todos nas m\u00e3os de Deus. Portanto, sem medo, unidos de m\u00e3os dadas com Deus e entre n\u00f3s, sigamos em frente. Somos disc\u00edpulos de Cristo. Cristo nos precede. O mundo precisa de sua luz. A humanidade precisa dele como ponte para ser alcan\u00e7ada por Deus e seu amor. Ajudai-nos tamb\u00e9m v\u00f3s, e depois uns aos outros, a construir pontes, com o di\u00e1logo, com o encontro, unindo-nos a todos para sermos um s\u00f3 povo, sempre em paz. Obrigado, Papa Francisco!<\/p>\n<p>Quero tamb\u00e9m agradecer a todos os meus irm\u00e3os cardeais que me escolheram para ser o Sucessor de Pedro e caminhar junto com voc\u00eas, como Igreja unida, sempre buscando a paz, a justi\u00e7a, buscando sempre trabalhar como homens e mulheres fi\u00e9is a Jesus Cristo, sem medo, para proclamar o Evangelho, para sermos mission\u00e1rios.<\/p>\n<p>Sou filho de Santo Agostinho, um agostiniano, que disse: \u201ccom voc\u00eas sou crist\u00e3o e para voc\u00eas bispo\u201d. Nesse sentido, podemos todos caminhar juntos rumo \u00e0quela p\u00e1tria que Deus nos preparou.<\/p>\n<p>\u00c0 Igreja de Roma, uma sauda\u00e7\u00e3o especial! [Aplausos] Devemos buscar juntos como ser uma Igreja mission\u00e1ria, uma Igreja que constr\u00f3i pontes, dialoga, sempre aberta para receber como esta pra\u00e7a com os bra\u00e7os abertos. A todos, a todos aqueles que precisam da nossa caridade, da nossa presen\u00e7a, do di\u00e1logo e do amor.<\/p>\n<p>(em espanhol)<\/p>\n<p>Y si me permiten tambi\u00e9n, una palabra, un saludo a todos aquellos y en modo particular a mi querida di\u00f3cesis de Chiclayo, en el Per\u00fa, donde un pueblo fiel ha acompa\u00f1ado a su obispo, ha compartido su fe y ha dado tanto, tanto para seguir siendo Iglesia fiel de Jesucristo.<\/p>\n<p>Tradu\u00e7\u00e3o:<\/p>\n<p>E se  tamb\u00e9m me permitem, uma palavra, uma sauda\u00e7\u00e3o a todos aqueles, e em particular \u00e0 minha querida Diocese de Chiclayo, no Peru, onde um povo fiel acompanhou seu bispo, compartilhou sua f\u00e9 e deu muito, muito para continuar sendo Igreja fiel de Jesus Cristo.<\/p>\n<p>A todos voc\u00eas, irm\u00e3os e irm\u00e3s de Roma, da It\u00e1lia, do mundo inteiro, queremos ser uma Igreja sinodal, uma Igreja que caminha, uma Igreja que sempre busca a paz, que sempre busca a caridade, que sempre busca estar pr\u00f3xima, especialmente daqueles que sofrem.<\/p>\n<p>Hoje \u00e9 o dia da S\u00faplica a Nossa Senhora de Pompeia. Nossa M\u00e3e Maria quer sempre caminhar conosco, estar pr\u00f3xima, ajudar-nos com sua intercess\u00e3o e seu amor.<\/p>\n<p>Por isso, gostaria de rezar junto com voc\u00eas. Rezemos juntos por esta nova miss\u00e3o, por toda a Igreja, pela paz no mundo e pe\u00e7amos esta gra\u00e7a especial a Maria, nossa M\u00e3e.&#8221;<\/p>\n<div id=\"themify_builder_content-129610\" data-postid=\"129610\" class=\"themify_builder_content themify_builder_content-129610 themify_builder themify_builder_front\">\n\t<\/div>\n<!-- \/themify_builder_content -->","protected":false},"excerpt":{"rendered":"<p>Ap\u00f3s o an\u00fancio do &#8220;Habemus Papam&#8221;, o Papa Le\u00e3o XIV dirigiu suas primeiras palavras aos presentes na Pra\u00e7a de S\u00e3o Pedro e a todos que o seguiam pelos meios de comunica\u00e7\u00e3o<\/p>\n","protected":false},"author":5,"featured_media":129613,"comment_status":"open","ping_status":"open","sticky":false,"template":"","format":"standard","meta":{"ngg_post_thumbnail":0,"footnotes":""},"categories":[3,8],"tags":[],"yoast_head":"<!-- This site is optimized with the Yoast SEO plugin v23.5 - https:\/\/yoast.com\/wordpress\/plugins\/seo\/ -->\n<title>As primeiras palavras do Papa Le\u00e3o XIV a Roma e ao mundo - O Arcanjo no ar<\/title>\n<meta name=\"robots\" content=\"index, follow, max-snippet:-1, max-image-preview:large, max-video-preview:-1\" \/>\n<link rel=\"canonical\" href=\"https:\/\/www.oarcanjo.net\/site\/as-primeiras-palavras-do-papa-leao-xiv-a-roma-e-ao-mundo\/\" \/>\n<meta property=\"og:locale\" content=\"pt_BR\" \/>\n<meta property=\"og:type\" content=\"article\" \/>\n<meta property=\"og:title\" content=\"As primeiras palavras do Papa Le\u00e3o XIV a Roma e ao mundo - O Arcanjo no ar\" \/>\n<meta property=\"og:description\" content=\"Ap\u00f3s o an\u00fancio do &quot;Habemus Papam&quot;, o Papa Le\u00e3o XIV dirigiu suas primeiras palavras aos presentes na Pra\u00e7a de S\u00e3o Pedro e a todos que o seguiam pelos meios de comunica\u00e7\u00e3o\" \/>\n<meta property=\"og:url\" content=\"https:\/\/www.oarcanjo.net\/site\/as-primeiras-palavras-do-papa-leao-xiv-a-roma-e-ao-mundo\/\" \/>\n<meta property=\"og:site_name\" content=\"O Arcanjo no ar\" \/>\n<meta property=\"article:publisher\" content=\"https:\/\/www.facebook.com\/OArcanjoNoAr\/\" \/>\n<meta property=\"article:published_time\" content=\"2025-05-08T20:38:06+00:00\" \/>\n<meta property=\"article:modified_time\" content=\"2025-05-08T20:43:40+00:00\" \/>\n<meta property=\"og:image\" content=\"https:\/\/www.oarcanjo.net\/site\/wp-content\/uploads\/PapaLeao14.jpg\" \/>\n\t<meta property=\"og:image:width\" content=\"1280\" \/>\n\t<meta property=\"og:image:height\" content=\"720\" \/>\n\t<meta property=\"og:image:type\" content=\"image\/jpeg\" \/>\n<meta name=\"author\" content=\"editor\" \/>\n<meta name=\"twitter:card\" content=\"summary_large_image\" \/>\n<meta name=\"twitter:label1\" content=\"Escrito por\" \/>\n\t<meta name=\"twitter:data1\" content=\"editor\" \/>\n\t<meta name=\"twitter:label2\" content=\"Est. tempo de leitura\" \/>\n\t<meta name=\"twitter:data2\" content=\"4 minutos\" \/>\n<script type=\"application\/ld+json\" class=\"yoast-schema-graph\">{\"@context\":\"https:\/\/schema.org\",\"@graph\":[{\"@type\":\"Article\",\"@id\":\"https:\/\/www.oarcanjo.net\/site\/as-primeiras-palavras-do-papa-leao-xiv-a-roma-e-ao-mundo\/#article\",\"isPartOf\":{\"@id\":\"https:\/\/www.oarcanjo.net\/site\/as-primeiras-palavras-do-papa-leao-xiv-a-roma-e-ao-mundo\/\"},\"author\":{\"name\":\"editor\",\"@id\":\"https:\/\/www.oarcanjo.net\/site\/#\/schema\/person\/f7024d007863202483a31326673a0838\"},\"headline\":\"As primeiras palavras do Papa Le\u00e3o XIV a Roma e ao mundo\",\"datePublished\":\"2025-05-08T20:38:06+00:00\",\"dateModified\":\"2025-05-08T20:43:40+00:00\",\"mainEntityOfPage\":{\"@id\":\"https:\/\/www.oarcanjo.net\/site\/as-primeiras-palavras-do-papa-leao-xiv-a-roma-e-ao-mundo\/\"},\"wordCount\":692,\"commentCount\":0,\"publisher\":{\"@id\":\"https:\/\/www.oarcanjo.net\/site\/#organization\"},\"image\":{\"@id\":\"https:\/\/www.oarcanjo.net\/site\/as-primeiras-palavras-do-papa-leao-xiv-a-roma-e-ao-mundo\/#primaryimage\"},\"thumbnailUrl\":\"https:\/\/www.oarcanjo.net\/site\/wp-content\/uploads\/PapaLeao14.jpg\",\"articleSection\":[\"Destaques\",\"Not\u00edcias\"],\"inLanguage\":\"pt-BR\",\"potentialAction\":[{\"@type\":\"CommentAction\",\"name\":\"Comment\",\"target\":[\"https:\/\/www.oarcanjo.net\/site\/as-primeiras-palavras-do-papa-leao-xiv-a-roma-e-ao-mundo\/#respond\"]}]},{\"@type\":\"WebPage\",\"@id\":\"https:\/\/www.oarcanjo.net\/site\/as-primeiras-palavras-do-papa-leao-xiv-a-roma-e-ao-mundo\/\",\"url\":\"https:\/\/www.oarcanjo.net\/site\/as-primeiras-palavras-do-papa-leao-xiv-a-roma-e-ao-mundo\/\",\"name\":\"As primeiras palavras do Papa Le\u00e3o XIV a Roma e ao mundo - O Arcanjo no ar\",\"isPartOf\":{\"@id\":\"https:\/\/www.oarcanjo.net\/site\/#website\"},\"primaryImageOfPage\":{\"@id\":\"https:\/\/www.oarcanjo.net\/site\/as-primeiras-palavras-do-papa-leao-xiv-a-roma-e-ao-mundo\/#primaryimage\"},\"image\":{\"@id\":\"https:\/\/www.oarcanjo.net\/site\/as-primeiras-palavras-do-papa-leao-xiv-a-roma-e-ao-mundo\/#primaryimage\"},\"thumbnailUrl\":\"https:\/\/www.oarcanjo.net\/site\/wp-content\/uploads\/PapaLeao14.jpg\",\"datePublished\":\"2025-05-08T20:38:06+00:00\",\"dateModified\":\"2025-05-08T20:43:40+00:00\",\"breadcrumb\":{\"@id\":\"https:\/\/www.oarcanjo.net\/site\/as-primeiras-palavras-do-papa-leao-xiv-a-roma-e-ao-mundo\/#breadcrumb\"},\"inLanguage\":\"pt-BR\",\"potentialAction\":[{\"@type\":\"ReadAction\",\"target\":[\"https:\/\/www.oarcanjo.net\/site\/as-primeiras-palavras-do-papa-leao-xiv-a-roma-e-ao-mundo\/\"]}]},{\"@type\":\"ImageObject\",\"inLanguage\":\"pt-BR\",\"@id\":\"https:\/\/www.oarcanjo.net\/site\/as-primeiras-palavras-do-papa-leao-xiv-a-roma-e-ao-mundo\/#primaryimage\",\"url\":\"https:\/\/www.oarcanjo.net\/site\/wp-content\/uploads\/PapaLeao14.jpg\",\"contentUrl\":\"https:\/\/www.oarcanjo.net\/site\/wp-content\/uploads\/PapaLeao14.jpg\",\"width\":1280,\"height\":720},{\"@type\":\"BreadcrumbList\",\"@id\":\"https:\/\/www.oarcanjo.net\/site\/as-primeiras-palavras-do-papa-leao-xiv-a-roma-e-ao-mundo\/#breadcrumb\",\"itemListElement\":[{\"@type\":\"ListItem\",\"position\":1,\"name\":\"In\u00edcio\",\"item\":\"https:\/\/www.oarcanjo.net\/site\/\"},{\"@type\":\"ListItem\",\"position\":2,\"name\":\"As primeiras palavras do Papa Le\u00e3o XIV a Roma e ao mundo\"}]},{\"@type\":\"WebSite\",\"@id\":\"https:\/\/www.oarcanjo.net\/site\/#website\",\"url\":\"https:\/\/www.oarcanjo.net\/site\/\",\"name\":\"O Arcanjo no ar\",\"description\":\"Site da Par\u00f3quia S\u00e3o Miguel Arcanjo (Arquidiocese de SP)\",\"publisher\":{\"@id\":\"https:\/\/www.oarcanjo.net\/site\/#organization\"},\"potentialAction\":[{\"@type\":\"SearchAction\",\"target\":{\"@type\":\"EntryPoint\",\"urlTemplate\":\"https:\/\/www.oarcanjo.net\/site\/?s={search_term_string}\"},\"query-input\":{\"@type\":\"PropertyValueSpecification\",\"valueRequired\":true,\"valueName\":\"search_term_string\"}}],\"inLanguage\":\"pt-BR\"},{\"@type\":\"Organization\",\"@id\":\"https:\/\/www.oarcanjo.net\/site\/#organization\",\"name\":\"Par\u00f3quia S\u00e3o Miguel Arcanjo\",\"url\":\"https:\/\/www.oarcanjo.net\/site\/\",\"logo\":{\"@type\":\"ImageObject\",\"inLanguage\":\"pt-BR\",\"@id\":\"https:\/\/www.oarcanjo.net\/site\/#\/schema\/logo\/image\/\",\"url\":\"https:\/\/www.oarcanjo.net\/site\/wp-content\/uploads\/LogoOArcanjo.png\",\"contentUrl\":\"https:\/\/www.oarcanjo.net\/site\/wp-content\/uploads\/LogoOArcanjo.png\",\"width\":319,\"height\":99,\"caption\":\"Par\u00f3quia S\u00e3o Miguel Arcanjo\"},\"image\":{\"@id\":\"https:\/\/www.oarcanjo.net\/site\/#\/schema\/logo\/image\/\"},\"sameAs\":[\"https:\/\/www.facebook.com\/OArcanjoNoAr\/\"]},{\"@type\":\"Person\",\"@id\":\"https:\/\/www.oarcanjo.net\/site\/#\/schema\/person\/f7024d007863202483a31326673a0838\",\"name\":\"editor\",\"sameAs\":[\"http:\/\/www.oarcanjo.net\"]}]}<\/script>\n<!-- \/ Yoast SEO plugin. -->","yoast_head_json":{"title":"As primeiras palavras do Papa Le\u00e3o XIV a Roma e ao mundo - O Arcanjo no ar","robots":{"index":"index","follow":"follow","max-snippet":"max-snippet:-1","max-image-preview":"max-image-preview:large","max-video-preview":"max-video-preview:-1"},"canonical":"https:\/\/www.oarcanjo.net\/site\/as-primeiras-palavras-do-papa-leao-xiv-a-roma-e-ao-mundo\/","og_locale":"pt_BR","og_type":"article","og_title":"As primeiras palavras do Papa Le\u00e3o XIV a Roma e ao mundo - O Arcanjo no ar","og_description":"Ap\u00f3s o an\u00fancio do \"Habemus Papam\", o Papa Le\u00e3o XIV dirigiu suas primeiras palavras aos presentes na Pra\u00e7a de S\u00e3o Pedro e a todos que o seguiam pelos meios de comunica\u00e7\u00e3o","og_url":"https:\/\/www.oarcanjo.net\/site\/as-primeiras-palavras-do-papa-leao-xiv-a-roma-e-ao-mundo\/","og_site_name":"O Arcanjo no ar","article_publisher":"https:\/\/www.facebook.com\/OArcanjoNoAr\/","article_published_time":"2025-05-08T20:38:06+00:00","article_modified_time":"2025-05-08T20:43:40+00:00","og_image":[{"width":1280,"height":720,"url":"https:\/\/www.oarcanjo.net\/site\/wp-content\/uploads\/PapaLeao14.jpg","type":"image\/jpeg"}],"author":"editor","twitter_card":"summary_large_image","twitter_misc":{"Escrito por":"editor","Est. tempo de leitura":"4 minutos"},"schema":{"@context":"https:\/\/schema.org","@graph":[{"@type":"Article","@id":"https:\/\/www.oarcanjo.net\/site\/as-primeiras-palavras-do-papa-leao-xiv-a-roma-e-ao-mundo\/#article","isPartOf":{"@id":"https:\/\/www.oarcanjo.net\/site\/as-primeiras-palavras-do-papa-leao-xiv-a-roma-e-ao-mundo\/"},"author":{"name":"editor","@id":"https:\/\/www.oarcanjo.net\/site\/#\/schema\/person\/f7024d007863202483a31326673a0838"},"headline":"As primeiras palavras do Papa Le\u00e3o XIV a Roma e ao mundo","datePublished":"2025-05-08T20:38:06+00:00","dateModified":"2025-05-08T20:43:40+00:00","mainEntityOfPage":{"@id":"https:\/\/www.oarcanjo.net\/site\/as-primeiras-palavras-do-papa-leao-xiv-a-roma-e-ao-mundo\/"},"wordCount":692,"commentCount":0,"publisher":{"@id":"https:\/\/www.oarcanjo.net\/site\/#organization"},"image":{"@id":"https:\/\/www.oarcanjo.net\/site\/as-primeiras-palavras-do-papa-leao-xiv-a-roma-e-ao-mundo\/#primaryimage"},"thumbnailUrl":"https:\/\/www.oarcanjo.net\/site\/wp-content\/uploads\/PapaLeao14.jpg","articleSection":["Destaques","Not\u00edcias"],"inLanguage":"pt-BR","potentialAction":[{"@type":"CommentAction","name":"Comment","target":["https:\/\/www.oarcanjo.net\/site\/as-primeiras-palavras-do-papa-leao-xiv-a-roma-e-ao-mundo\/#respond"]}]},{"@type":"WebPage","@id":"https:\/\/www.oarcanjo.net\/site\/as-primeiras-palavras-do-papa-leao-xiv-a-roma-e-ao-mundo\/","url":"https:\/\/www.oarcanjo.net\/site\/as-primeiras-palavras-do-papa-leao-xiv-a-roma-e-ao-mundo\/","name":"As primeiras palavras do Papa Le\u00e3o XIV a Roma e ao mundo - O Arcanjo no ar","isPartOf":{"@id":"https:\/\/www.oarcanjo.net\/site\/#website"},"primaryImageOfPage":{"@id":"https:\/\/www.oarcanjo.net\/site\/as-primeiras-palavras-do-papa-leao-xiv-a-roma-e-ao-mundo\/#primaryimage"},"image":{"@id":"https:\/\/www.oarcanjo.net\/site\/as-primeiras-palavras-do-papa-leao-xiv-a-roma-e-ao-mundo\/#primaryimage"},"thumbnailUrl":"https:\/\/www.oarcanjo.net\/site\/wp-content\/uploads\/PapaLeao14.jpg","datePublished":"2025-05-08T20:38:06+00:00","dateModified":"2025-05-08T20:43:40+00:00","breadcrumb":{"@id":"https:\/\/www.oarcanjo.net\/site\/as-primeiras-palavras-do-papa-leao-xiv-a-roma-e-ao-mundo\/#breadcrumb"},"inLanguage":"pt-BR","potentialAction":[{"@type":"ReadAction","target":["https:\/\/www.oarcanjo.net\/site\/as-primeiras-palavras-do-papa-leao-xiv-a-roma-e-ao-mundo\/"]}]},{"@type":"ImageObject","inLanguage":"pt-BR","@id":"https:\/\/www.oarcanjo.net\/site\/as-primeiras-palavras-do-papa-leao-xiv-a-roma-e-ao-mundo\/#primaryimage","url":"https:\/\/www.oarcanjo.net\/site\/wp-content\/uploads\/PapaLeao14.jpg","contentUrl":"https:\/\/www.oarcanjo.net\/site\/wp-content\/uploads\/PapaLeao14.jpg","width":1280,"height":720},{"@type":"BreadcrumbList","@id":"https:\/\/www.oarcanjo.net\/site\/as-primeiras-palavras-do-papa-leao-xiv-a-roma-e-ao-mundo\/#breadcrumb","itemListElement":[{"@type":"ListItem","position":1,"name":"In\u00edcio","item":"https:\/\/www.oarcanjo.net\/site\/"},{"@type":"ListItem","position":2,"name":"As primeiras palavras do Papa Le\u00e3o XIV a Roma e ao mundo"}]},{"@type":"WebSite","@id":"https:\/\/www.oarcanjo.net\/site\/#website","url":"https:\/\/www.oarcanjo.net\/site\/","name":"O Arcanjo no ar","description":"Site da Par\u00f3quia S\u00e3o Miguel Arcanjo (Arquidiocese de SP)","publisher":{"@id":"https:\/\/www.oarcanjo.net\/site\/#organization"},"potentialAction":[{"@type":"SearchAction","target":{"@type":"EntryPoint","urlTemplate":"https:\/\/www.oarcanjo.net\/site\/?s={search_term_string}"},"query-input":{"@type":"PropertyValueSpecification","valueRequired":true,"valueName":"search_term_string"}}],"inLanguage":"pt-BR"},{"@type":"Organization","@id":"https:\/\/www.oarcanjo.net\/site\/#organization","name":"Par\u00f3quia S\u00e3o Miguel Arcanjo","url":"https:\/\/www.oarcanjo.net\/site\/","logo":{"@type":"ImageObject","inLanguage":"pt-BR","@id":"https:\/\/www.oarcanjo.net\/site\/#\/schema\/logo\/image\/","url":"https:\/\/www.oarcanjo.net\/site\/wp-content\/uploads\/LogoOArcanjo.png","contentUrl":"https:\/\/www.oarcanjo.net\/site\/wp-content\/uploads\/LogoOArcanjo.png","width":319,"height":99,"caption":"Par\u00f3quia S\u00e3o Miguel Arcanjo"},"image":{"@id":"https:\/\/www.oarcanjo.net\/site\/#\/schema\/logo\/image\/"},"sameAs":["https:\/\/www.facebook.com\/OArcanjoNoAr\/"]},{"@type":"Person","@id":"https:\/\/www.oarcanjo.net\/site\/#\/schema\/person\/f7024d007863202483a31326673a0838","name":"editor","sameAs":["http:\/\/www.oarcanjo.net"]}]}},"publishpress_future_action":{"enabled":false,"date":"2026-05-08 15:12:56","action":"category","newStatus":"draft","terms":[],"taxonomy":"category"},"publishpress_future_workflow_manual_trigger":{"enabledWorkflows":[]},"_links":{"self":[{"href":"https:\/\/www.oarcanjo.net\/site\/wp-json\/wp\/v2\/posts\/129610"}],"collection":[{"href":"https:\/\/www.oarcanjo.net\/site\/wp-json\/wp\/v2\/posts"}],"about":[{"href":"https:\/\/www.oarcanjo.net\/site\/wp-json\/wp\/v2\/types\/post"}],"author":[{"embeddable":true,"href":"https:\/\/www.oarcanjo.net\/site\/wp-json\/wp\/v2\/users\/5"}],"replies":[{"embeddable":true,"href":"https:\/\/www.oarcanjo.net\/site\/wp-json\/wp\/v2\/comments?post=129610"}],"version-history":[{"count":2,"href":"https:\/\/www.oarcanjo.net\/site\/wp-json\/wp\/v2\/posts\/129610\/revisions"}],"predecessor-version":[{"id":129612,"href":"https:\/\/www.oarcanjo.net\/site\/wp-json\/wp\/v2\/posts\/129610\/revisions\/129612"}],"wp:featuredmedia":[{"embeddable":true,"href":"https:\/\/www.oarcanjo.net\/site\/wp-json\/wp\/v2\/media\/129613"}],"wp:attachment":[{"href":"https:\/\/www.oarcanjo.net\/site\/wp-json\/wp\/v2\/media?parent=129610"}],"wp:term":[{"taxonomy":"category","embeddable":true,"href":"https:\/\/www.oarcanjo.net\/site\/wp-json\/wp\/v2\/categories?post=129610"},{"taxonomy":"post_tag","embeddable":true,"href":"https:\/\/www.oarcanjo.net\/site\/wp-json\/wp\/v2\/tags?post=129610"}],"curies":[{"name":"wp","href":"https:\/\/api.w.org\/{rel}","templated":true}]}}