
{"id":129765,"date":"2025-06-22T15:50:05","date_gmt":"2025-06-22T18:50:05","guid":{"rendered":"https:\/\/www.oarcanjo.net\/site\/?p=129765"},"modified":"2025-06-22T16:14:54","modified_gmt":"2025-06-22T19:14:54","slug":"dom-lucio-nicoletto-nao-tenhamos-medo-do-barulho-do-mal","status":"publish","type":"post","link":"https:\/\/www.oarcanjo.net\/site\/dom-lucio-nicoletto-nao-tenhamos-medo-do-barulho-do-mal\/","title":{"rendered":"Dom Lucio Nicoletto: N\u00e3o tenhamos medo do barulho do mal!"},"content":{"rendered":"<p>N\u00e3o tenhamos medo do barulho do mal, o mal sempre fez barulho, sempre&#8230; Mas o bem \u00e9 uma m\u00fasica, \u00e9 um concerto, \u00e9 uma sinfonia que acontece quando a gente se junta. Juntos \u00e9 o segredo! Assista \u00e0 mensagem de Dom Lucio Nicoletto, bispo da prelazia de S\u00e3o F\u00e9lix do Araguaia, que concelebrou a missa de 22\/06\/2025 com o Pe. Julio Lancellotti na capela da Universidade S\u00e3o Judas Tadeu, em S\u00e3o Paulo.<\/p>\n<p><iframe loading=\"lazy\" title=\"YouTube video player\" src=\"https:\/\/www.youtube.com\/embed\/mDxjqL2vZ2g?rel=0\" width=\"700\" height=\"394\" frameborder=\"0\" allowfullscreen=\"allowfullscreen\"><\/iframe><\/p>\n<div id=\"themify_builder_content-129765\" data-postid=\"129765\" class=\"themify_builder_content themify_builder_content-129765 themify_builder themify_builder_front\">\n\t<\/div>\n<!-- \/themify_builder_content -->","protected":false},"excerpt":{"rendered":"<p>O mal sempre fez barulho, sempre&#8230; Mas o bem \u00e9 uma m\u00fasica, \u00e9 um concerto, \u00e9 uma sinfonia que acontece quando a gente se junta. Juntos \u00e9 o segredo!<\/p>\n","protected":false},"author":5,"featured_media":129766,"comment_status":"open","ping_status":"open","sticky":false,"template":"","format":"standard","meta":{"ngg_post_thumbnail":0,"footnotes":""},"categories":[3,8,280],"tags":[],"yoast_head":"<!-- This site is optimized with the Yoast SEO plugin v23.5 - https:\/\/yoast.com\/wordpress\/plugins\/seo\/ -->\n<title>Dom Lucio Nicoletto: N\u00e3o tenhamos medo do barulho do mal! - O Arcanjo no ar<\/title>\n<meta name=\"robots\" content=\"index, follow, max-snippet:-1, max-image-preview:large, max-video-preview:-1\" \/>\n<link rel=\"canonical\" href=\"https:\/\/www.oarcanjo.net\/site\/dom-lucio-nicoletto-nao-tenhamos-medo-do-barulho-do-mal\/\" \/>\n<meta property=\"og:locale\" content=\"pt_BR\" \/>\n<meta property=\"og:type\" content=\"article\" \/>\n<meta property=\"og:title\" content=\"Dom Lucio Nicoletto: N\u00e3o tenhamos medo do barulho do mal! - O Arcanjo no ar\" \/>\n<meta property=\"og:description\" content=\"O mal sempre fez barulho, sempre... Mas o bem \u00e9 uma m\u00fasica, \u00e9 um concerto, \u00e9 uma sinfonia que acontece quando a gente se junta. Juntos \u00e9 o segredo!\" \/>\n<meta property=\"og:url\" content=\"https:\/\/www.oarcanjo.net\/site\/dom-lucio-nicoletto-nao-tenhamos-medo-do-barulho-do-mal\/\" \/>\n<meta property=\"og:site_name\" content=\"O Arcanjo no ar\" \/>\n<meta property=\"article:publisher\" content=\"https:\/\/www.facebook.com\/OArcanjoNoAr\/\" \/>\n<meta property=\"article:published_time\" content=\"2025-06-22T18:50:05+00:00\" \/>\n<meta property=\"article:modified_time\" content=\"2025-06-22T19:14:54+00:00\" \/>\n<meta property=\"og:image\" content=\"https:\/\/www.oarcanjo.net\/site\/wp-content\/uploads\/20250622-FalaDomLucio01.jpg\" \/>\n\t<meta property=\"og:image:width\" content=\"1248\" \/>\n\t<meta property=\"og:image:height\" content=\"692\" \/>\n\t<meta property=\"og:image:type\" content=\"image\/jpeg\" \/>\n<meta name=\"author\" content=\"editor\" \/>\n<meta name=\"twitter:card\" content=\"summary_large_image\" \/>\n<meta name=\"twitter:label1\" content=\"Escrito por\" \/>\n\t<meta name=\"twitter:data1\" content=\"editor\" \/>\n\t<meta name=\"twitter:label2\" content=\"Est. tempo de leitura\" \/>\n\t<meta name=\"twitter:data2\" content=\"1 minuto\" \/>\n<script type=\"application\/ld+json\" class=\"yoast-schema-graph\">{\"@context\":\"https:\/\/schema.org\",\"@graph\":[{\"@type\":\"Article\",\"@id\":\"https:\/\/www.oarcanjo.net\/site\/dom-lucio-nicoletto-nao-tenhamos-medo-do-barulho-do-mal\/#article\",\"isPartOf\":{\"@id\":\"https:\/\/www.oarcanjo.net\/site\/dom-lucio-nicoletto-nao-tenhamos-medo-do-barulho-do-mal\/\"},\"author\":{\"name\":\"editor\",\"@id\":\"https:\/\/www.oarcanjo.net\/site\/#\/schema\/person\/f7024d007863202483a31326673a0838\"},\"headline\":\"Dom Lucio Nicoletto: N\u00e3o tenhamos medo do barulho do mal!\",\"datePublished\":\"2025-06-22T18:50:05+00:00\",\"dateModified\":\"2025-06-22T19:14:54+00:00\",\"mainEntityOfPage\":{\"@id\":\"https:\/\/www.oarcanjo.net\/site\/dom-lucio-nicoletto-nao-tenhamos-medo-do-barulho-do-mal\/\"},\"wordCount\":83,\"commentCount\":0,\"publisher\":{\"@id\":\"https:\/\/www.oarcanjo.net\/site\/#organization\"},\"image\":{\"@id\":\"https:\/\/www.oarcanjo.net\/site\/dom-lucio-nicoletto-nao-tenhamos-medo-do-barulho-do-mal\/#primaryimage\"},\"thumbnailUrl\":\"https:\/\/www.oarcanjo.net\/site\/wp-content\/uploads\/20250622-FalaDomLucio01.jpg\",\"articleSection\":[\"Destaques\",\"Not\u00edcias\",\"V\u00eddeos\"],\"inLanguage\":\"pt-BR\",\"potentialAction\":[{\"@type\":\"CommentAction\",\"name\":\"Comment\",\"target\":[\"https:\/\/www.oarcanjo.net\/site\/dom-lucio-nicoletto-nao-tenhamos-medo-do-barulho-do-mal\/#respond\"]}]},{\"@type\":\"WebPage\",\"@id\":\"https:\/\/www.oarcanjo.net\/site\/dom-lucio-nicoletto-nao-tenhamos-medo-do-barulho-do-mal\/\",\"url\":\"https:\/\/www.oarcanjo.net\/site\/dom-lucio-nicoletto-nao-tenhamos-medo-do-barulho-do-mal\/\",\"name\":\"Dom Lucio Nicoletto: N\u00e3o tenhamos medo do barulho do mal! - O Arcanjo no ar\",\"isPartOf\":{\"@id\":\"https:\/\/www.oarcanjo.net\/site\/#website\"},\"primaryImageOfPage\":{\"@id\":\"https:\/\/www.oarcanjo.net\/site\/dom-lucio-nicoletto-nao-tenhamos-medo-do-barulho-do-mal\/#primaryimage\"},\"image\":{\"@id\":\"https:\/\/www.oarcanjo.net\/site\/dom-lucio-nicoletto-nao-tenhamos-medo-do-barulho-do-mal\/#primaryimage\"},\"thumbnailUrl\":\"https:\/\/www.oarcanjo.net\/site\/wp-content\/uploads\/20250622-FalaDomLucio01.jpg\",\"datePublished\":\"2025-06-22T18:50:05+00:00\",\"dateModified\":\"2025-06-22T19:14:54+00:00\",\"breadcrumb\":{\"@id\":\"https:\/\/www.oarcanjo.net\/site\/dom-lucio-nicoletto-nao-tenhamos-medo-do-barulho-do-mal\/#breadcrumb\"},\"inLanguage\":\"pt-BR\",\"potentialAction\":[{\"@type\":\"ReadAction\",\"target\":[\"https:\/\/www.oarcanjo.net\/site\/dom-lucio-nicoletto-nao-tenhamos-medo-do-barulho-do-mal\/\"]}]},{\"@type\":\"ImageObject\",\"inLanguage\":\"pt-BR\",\"@id\":\"https:\/\/www.oarcanjo.net\/site\/dom-lucio-nicoletto-nao-tenhamos-medo-do-barulho-do-mal\/#primaryimage\",\"url\":\"https:\/\/www.oarcanjo.net\/site\/wp-content\/uploads\/20250622-FalaDomLucio01.jpg\",\"contentUrl\":\"https:\/\/www.oarcanjo.net\/site\/wp-content\/uploads\/20250622-FalaDomLucio01.jpg\",\"width\":1248,\"height\":692},{\"@type\":\"BreadcrumbList\",\"@id\":\"https:\/\/www.oarcanjo.net\/site\/dom-lucio-nicoletto-nao-tenhamos-medo-do-barulho-do-mal\/#breadcrumb\",\"itemListElement\":[{\"@type\":\"ListItem\",\"position\":1,\"name\":\"In\u00edcio\",\"item\":\"https:\/\/www.oarcanjo.net\/site\/\"},{\"@type\":\"ListItem\",\"position\":2,\"name\":\"Dom Lucio Nicoletto: N\u00e3o tenhamos medo do barulho do mal!\"}]},{\"@type\":\"WebSite\",\"@id\":\"https:\/\/www.oarcanjo.net\/site\/#website\",\"url\":\"https:\/\/www.oarcanjo.net\/site\/\",\"name\":\"O Arcanjo no ar\",\"description\":\"Site da Par\u00f3quia S\u00e3o Miguel Arcanjo (Arquidiocese de SP)\",\"publisher\":{\"@id\":\"https:\/\/www.oarcanjo.net\/site\/#organization\"},\"potentialAction\":[{\"@type\":\"SearchAction\",\"target\":{\"@type\":\"EntryPoint\",\"urlTemplate\":\"https:\/\/www.oarcanjo.net\/site\/?s={search_term_string}\"},\"query-input\":{\"@type\":\"PropertyValueSpecification\",\"valueRequired\":true,\"valueName\":\"search_term_string\"}}],\"inLanguage\":\"pt-BR\"},{\"@type\":\"Organization\",\"@id\":\"https:\/\/www.oarcanjo.net\/site\/#organization\",\"name\":\"Par\u00f3quia S\u00e3o Miguel Arcanjo\",\"url\":\"https:\/\/www.oarcanjo.net\/site\/\",\"logo\":{\"@type\":\"ImageObject\",\"inLanguage\":\"pt-BR\",\"@id\":\"https:\/\/www.oarcanjo.net\/site\/#\/schema\/logo\/image\/\",\"url\":\"https:\/\/www.oarcanjo.net\/site\/wp-content\/uploads\/LogoOArcanjo.png\",\"contentUrl\":\"https:\/\/www.oarcanjo.net\/site\/wp-content\/uploads\/LogoOArcanjo.png\",\"width\":319,\"height\":99,\"caption\":\"Par\u00f3quia S\u00e3o Miguel Arcanjo\"},\"image\":{\"@id\":\"https:\/\/www.oarcanjo.net\/site\/#\/schema\/logo\/image\/\"},\"sameAs\":[\"https:\/\/www.facebook.com\/OArcanjoNoAr\/\"]},{\"@type\":\"Person\",\"@id\":\"https:\/\/www.oarcanjo.net\/site\/#\/schema\/person\/f7024d007863202483a31326673a0838\",\"name\":\"editor\",\"sameAs\":[\"http:\/\/www.oarcanjo.net\"]}]}<\/script>\n<!-- \/ Yoast SEO plugin. -->","yoast_head_json":{"title":"Dom Lucio Nicoletto: N\u00e3o tenhamos medo do barulho do mal! - O Arcanjo no ar","robots":{"index":"index","follow":"follow","max-snippet":"max-snippet:-1","max-image-preview":"max-image-preview:large","max-video-preview":"max-video-preview:-1"},"canonical":"https:\/\/www.oarcanjo.net\/site\/dom-lucio-nicoletto-nao-tenhamos-medo-do-barulho-do-mal\/","og_locale":"pt_BR","og_type":"article","og_title":"Dom Lucio Nicoletto: N\u00e3o tenhamos medo do barulho do mal! - O Arcanjo no ar","og_description":"O mal sempre fez barulho, sempre... Mas o bem \u00e9 uma m\u00fasica, \u00e9 um concerto, \u00e9 uma sinfonia que acontece quando a gente se junta. Juntos \u00e9 o segredo!","og_url":"https:\/\/www.oarcanjo.net\/site\/dom-lucio-nicoletto-nao-tenhamos-medo-do-barulho-do-mal\/","og_site_name":"O Arcanjo no ar","article_publisher":"https:\/\/www.facebook.com\/OArcanjoNoAr\/","article_published_time":"2025-06-22T18:50:05+00:00","article_modified_time":"2025-06-22T19:14:54+00:00","og_image":[{"width":1248,"height":692,"url":"https:\/\/www.oarcanjo.net\/site\/wp-content\/uploads\/20250622-FalaDomLucio01.jpg","type":"image\/jpeg"}],"author":"editor","twitter_card":"summary_large_image","twitter_misc":{"Escrito por":"editor","Est. tempo de leitura":"1 minuto"},"schema":{"@context":"https:\/\/schema.org","@graph":[{"@type":"Article","@id":"https:\/\/www.oarcanjo.net\/site\/dom-lucio-nicoletto-nao-tenhamos-medo-do-barulho-do-mal\/#article","isPartOf":{"@id":"https:\/\/www.oarcanjo.net\/site\/dom-lucio-nicoletto-nao-tenhamos-medo-do-barulho-do-mal\/"},"author":{"name":"editor","@id":"https:\/\/www.oarcanjo.net\/site\/#\/schema\/person\/f7024d007863202483a31326673a0838"},"headline":"Dom Lucio Nicoletto: N\u00e3o tenhamos medo do barulho do mal!","datePublished":"2025-06-22T18:50:05+00:00","dateModified":"2025-06-22T19:14:54+00:00","mainEntityOfPage":{"@id":"https:\/\/www.oarcanjo.net\/site\/dom-lucio-nicoletto-nao-tenhamos-medo-do-barulho-do-mal\/"},"wordCount":83,"commentCount":0,"publisher":{"@id":"https:\/\/www.oarcanjo.net\/site\/#organization"},"image":{"@id":"https:\/\/www.oarcanjo.net\/site\/dom-lucio-nicoletto-nao-tenhamos-medo-do-barulho-do-mal\/#primaryimage"},"thumbnailUrl":"https:\/\/www.oarcanjo.net\/site\/wp-content\/uploads\/20250622-FalaDomLucio01.jpg","articleSection":["Destaques","Not\u00edcias","V\u00eddeos"],"inLanguage":"pt-BR","potentialAction":[{"@type":"CommentAction","name":"Comment","target":["https:\/\/www.oarcanjo.net\/site\/dom-lucio-nicoletto-nao-tenhamos-medo-do-barulho-do-mal\/#respond"]}]},{"@type":"WebPage","@id":"https:\/\/www.oarcanjo.net\/site\/dom-lucio-nicoletto-nao-tenhamos-medo-do-barulho-do-mal\/","url":"https:\/\/www.oarcanjo.net\/site\/dom-lucio-nicoletto-nao-tenhamos-medo-do-barulho-do-mal\/","name":"Dom Lucio Nicoletto: N\u00e3o tenhamos medo do barulho do mal! - O Arcanjo no ar","isPartOf":{"@id":"https:\/\/www.oarcanjo.net\/site\/#website"},"primaryImageOfPage":{"@id":"https:\/\/www.oarcanjo.net\/site\/dom-lucio-nicoletto-nao-tenhamos-medo-do-barulho-do-mal\/#primaryimage"},"image":{"@id":"https:\/\/www.oarcanjo.net\/site\/dom-lucio-nicoletto-nao-tenhamos-medo-do-barulho-do-mal\/#primaryimage"},"thumbnailUrl":"https:\/\/www.oarcanjo.net\/site\/wp-content\/uploads\/20250622-FalaDomLucio01.jpg","datePublished":"2025-06-22T18:50:05+00:00","dateModified":"2025-06-22T19:14:54+00:00","breadcrumb":{"@id":"https:\/\/www.oarcanjo.net\/site\/dom-lucio-nicoletto-nao-tenhamos-medo-do-barulho-do-mal\/#breadcrumb"},"inLanguage":"pt-BR","potentialAction":[{"@type":"ReadAction","target":["https:\/\/www.oarcanjo.net\/site\/dom-lucio-nicoletto-nao-tenhamos-medo-do-barulho-do-mal\/"]}]},{"@type":"ImageObject","inLanguage":"pt-BR","@id":"https:\/\/www.oarcanjo.net\/site\/dom-lucio-nicoletto-nao-tenhamos-medo-do-barulho-do-mal\/#primaryimage","url":"https:\/\/www.oarcanjo.net\/site\/wp-content\/uploads\/20250622-FalaDomLucio01.jpg","contentUrl":"https:\/\/www.oarcanjo.net\/site\/wp-content\/uploads\/20250622-FalaDomLucio01.jpg","width":1248,"height":692},{"@type":"BreadcrumbList","@id":"https:\/\/www.oarcanjo.net\/site\/dom-lucio-nicoletto-nao-tenhamos-medo-do-barulho-do-mal\/#breadcrumb","itemListElement":[{"@type":"ListItem","position":1,"name":"In\u00edcio","item":"https:\/\/www.oarcanjo.net\/site\/"},{"@type":"ListItem","position":2,"name":"Dom Lucio Nicoletto: N\u00e3o tenhamos medo do barulho do mal!"}]},{"@type":"WebSite","@id":"https:\/\/www.oarcanjo.net\/site\/#website","url":"https:\/\/www.oarcanjo.net\/site\/","name":"O Arcanjo no ar","description":"Site da Par\u00f3quia S\u00e3o Miguel Arcanjo (Arquidiocese de SP)","publisher":{"@id":"https:\/\/www.oarcanjo.net\/site\/#organization"},"potentialAction":[{"@type":"SearchAction","target":{"@type":"EntryPoint","urlTemplate":"https:\/\/www.oarcanjo.net\/site\/?s={search_term_string}"},"query-input":{"@type":"PropertyValueSpecification","valueRequired":true,"valueName":"search_term_string"}}],"inLanguage":"pt-BR"},{"@type":"Organization","@id":"https:\/\/www.oarcanjo.net\/site\/#organization","name":"Par\u00f3quia S\u00e3o Miguel Arcanjo","url":"https:\/\/www.oarcanjo.net\/site\/","logo":{"@type":"ImageObject","inLanguage":"pt-BR","@id":"https:\/\/www.oarcanjo.net\/site\/#\/schema\/logo\/image\/","url":"https:\/\/www.oarcanjo.net\/site\/wp-content\/uploads\/LogoOArcanjo.png","contentUrl":"https:\/\/www.oarcanjo.net\/site\/wp-content\/uploads\/LogoOArcanjo.png","width":319,"height":99,"caption":"Par\u00f3quia S\u00e3o Miguel Arcanjo"},"image":{"@id":"https:\/\/www.oarcanjo.net\/site\/#\/schema\/logo\/image\/"},"sameAs":["https:\/\/www.facebook.com\/OArcanjoNoAr\/"]},{"@type":"Person","@id":"https:\/\/www.oarcanjo.net\/site\/#\/schema\/person\/f7024d007863202483a31326673a0838","name":"editor","sameAs":["http:\/\/www.oarcanjo.net"]}]}},"publishpress_future_action":{"enabled":false,"date":"2026-05-08 21:36:16","action":"category","newStatus":"draft","terms":[],"taxonomy":"category"},"publishpress_future_workflow_manual_trigger":{"enabledWorkflows":[]},"_links":{"self":[{"href":"https:\/\/www.oarcanjo.net\/site\/wp-json\/wp\/v2\/posts\/129765"}],"collection":[{"href":"https:\/\/www.oarcanjo.net\/site\/wp-json\/wp\/v2\/posts"}],"about":[{"href":"https:\/\/www.oarcanjo.net\/site\/wp-json\/wp\/v2\/types\/post"}],"author":[{"embeddable":true,"href":"https:\/\/www.oarcanjo.net\/site\/wp-json\/wp\/v2\/users\/5"}],"replies":[{"embeddable":true,"href":"https:\/\/www.oarcanjo.net\/site\/wp-json\/wp\/v2\/comments?post=129765"}],"version-history":[{"count":2,"href":"https:\/\/www.oarcanjo.net\/site\/wp-json\/wp\/v2\/posts\/129765\/revisions"}],"predecessor-version":[{"id":129768,"href":"https:\/\/www.oarcanjo.net\/site\/wp-json\/wp\/v2\/posts\/129765\/revisions\/129768"}],"wp:featuredmedia":[{"embeddable":true,"href":"https:\/\/www.oarcanjo.net\/site\/wp-json\/wp\/v2\/media\/129766"}],"wp:attachment":[{"href":"https:\/\/www.oarcanjo.net\/site\/wp-json\/wp\/v2\/media?parent=129765"}],"wp:term":[{"taxonomy":"category","embeddable":true,"href":"https:\/\/www.oarcanjo.net\/site\/wp-json\/wp\/v2\/categories?post=129765"},{"taxonomy":"post_tag","embeddable":true,"href":"https:\/\/www.oarcanjo.net\/site\/wp-json\/wp\/v2\/tags?post=129765"}],"curies":[{"name":"wp","href":"https:\/\/api.w.org\/{rel}","templated":true}]}}