
{"id":12977,"date":"2011-02-07T22:08:12","date_gmt":"2011-02-08T00:08:12","guid":{"rendered":"http:\/\/www.oarcanjo.net\/site\/?p=12977"},"modified":"2011-02-07T22:08:12","modified_gmt":"2011-02-08T00:08:12","slug":"educacao-ambiental-assunto-de-crianca","status":"publish","type":"post","link":"https:\/\/www.oarcanjo.net\/site\/educacao-ambiental-assunto-de-crianca\/","title":{"rendered":"Educa\u00e7\u00e3o Ambiental: assunto de crian\u00e7a!"},"content":{"rendered":"<p>Lilian Sgarioni Roberto<\/p>\n<p>A Campanha da Fraternidade deste ano abordar\u00e1 tema ligado ao aquecimento global. Muito se ouve falar sobre isto, mas talvez pouco se fa\u00e7a para conservar nosso planeta. E eu sou da opini\u00e3o de que antes de cobrarmos algo de nosso governantes, de um modo geral, devemos fazer nossa parte e de forma consciente e bem feita.<\/p>\n<p>Podemos come\u00e7ar dentro de nossas casas, sendo exemplo para nossos familiares, principalmente para nossos filhos, que aprendem muito imitando nossos gestos e atitudes e se estes forem corretos, estaremos dando bons exemplos.<\/p>\n<p>Numa sociedade onde quase tudo \u00e9 considerado descart\u00e1vel, onde a tecnologia sempre apresenta novas gera\u00e7\u00f5es de televisores, computadores, celulares etc., \u00e9 comum ficar na cabe\u00e7a das pessoas que se algo quebrou ou se tornou obsoleto, &#8220;tem&#8221; que ser trocado por outro modelo e mais moderno e as crian\u00e7as acabam absorvendo estes conceitos atrav\u00e9s de amigos na escola, no pr\u00e9dio, propagandas, internet e da\u00ed por diante. Primeiro temos que dar o devido valor \u00e0s coisas. Todas elas. Se quebrou, ser\u00e1 que n\u00e3o vale a pena consertar? H\u00e1 um modelo novo de celular, mas se o seu est\u00e1 funcionando bem para que trocar?<\/p>\n<p>Crian\u00e7a aprende r\u00e1pido e leva a aprendizagem para toda a vida. Conservar os brinquedos, suas roupas, cuidar do que \u00e9 seu e cuidar do meio em que se vive de forma pr\u00e1tica:<\/p>\n<p>-Incentivar a crian\u00e7a a doar brinquedos em bom estado que ela n\u00e3o brinca mais \u00e0quela outra crian\u00e7a que tem menos que ela;<\/p>\n<p>-Roupas tamb\u00e9m: mostre ao seu filho que ele cresceu e que aquela pe\u00e7a que n\u00e3o serve mais, pode ser \u00fatil para outra pessoa;<\/p>\n<p>-Desenhar: toda crian\u00e7a gosta. Que tal usar os dois lados da folha? Sejamos exemplos e sempre que poss\u00edvel usemos tamb\u00e9m.<\/p>\n<p>-Hora do banho n\u00e3o \u00e9 hora de brincar, \u00e9 hora da higiene, de se lavar, vamos incentivar a usar corretamente a \u00e1gua, ficando limpinho, mas sem desperd\u00edcio deste bem t\u00e3o precioso, importante \u00e0 vida;<\/p>\n<p>-Escovar os dentes, ensine a abrir a torneira, molhar a escova e a pasta dental, fechar a torneira, escovar bem os dentes e depois abrir novamente para enxaguar. N\u00e3o h\u00e1 necessidade alguma de manter a torneira aberta \u00e0 toa;<\/p>\n<p>-Sobre tudo que \u00e9 descart\u00e1vel, incluo aqui copos, pratinhos, talheres pl\u00e1sticos. Mas como economiz\u00e1-los? Vai fazer um piquenique com a fam\u00edlia, use toalha de pano, lou\u00e7a de casa, alum\u00ednio, \u00e1gata, pano de prato, guardanapo de pano; quando voltar, lave, guarde tudo para usar de novo. Posso garantir que o planeta agradece;<\/p>\n<p>-Lixo \u00e9 no lixo, certo? Mas quantos adultos andam na rua e jogam papel no ch\u00e3o? Isso \u00e9 exemplo? N\u00e3o! Lixo \u00e9 no lixo sempre. Fa\u00e7a sua parte;<\/p>\n<p>-Em casa separamos o lixo org\u00e2nico do recicl\u00e1vel (todos deveriam fazer), inclua sua crian\u00e7a nesta tarefa e ensine-a a destinar o que ela pr\u00f3pria produziu de lixo no lugar certo. Crian\u00e7a se sente importante em ajudar, fica feliz e ainda aprende;<\/p>\n<p>-Encheu a piscininha para a crian\u00e7ada brincar, que tal ao inv\u00e9s de simplesmente jogar a \u00e1gua fora, encher regadores (de brinquedo mesmo) e regar as plantas ou aproveitar a \u00e1gua e lavar o quintal?<\/p>\n<p>S\u00e3o in\u00fameras atitudes que todos adultos e crian\u00e7as podemos tomar para melhorar a vida, somos uma comunidade, uma sociedade, n\u00e3o vivemos sozinhos. Cada um fazendo sua parte na sua casa, no seu bairro, faz a diferen\u00e7a, muita diferen\u00e7a e como j\u00e1 escrevi antes: nosso querido planeta Terra agradece!<\/p>\n<div id=\"themify_builder_content-12977\" data-postid=\"12977\" class=\"themify_builder_content themify_builder_content-12977 themify_builder themify_builder_front\">\n\t<\/div>\n<!-- \/themify_builder_content -->","protected":false},"excerpt":{"rendered":"<p>Lilian Sgarioni Roberto A Campanha da Fraternidade deste ano abordar\u00e1 tema ligado ao aquecimento global. Muito se ouve falar sobre isto, mas talvez pouco se fa\u00e7a para conservar nosso planeta. E eu sou da opini\u00e3o de que antes de cobrarmos algo de nosso governantes, de um modo geral, devemos fazer nossa parte e de forma [&hellip;]<\/p>\n","protected":false},"author":5,"featured_media":0,"comment_status":"open","ping_status":"open","sticky":false,"template":"","format":"standard","meta":{"ngg_post_thumbnail":0,"footnotes":""},"categories":[241],"tags":[105,104,1829,469,1794,470],"yoast_head":"<!-- This site is optimized with the Yoast SEO plugin v23.5 - https:\/\/yoast.com\/wordpress\/plugins\/seo\/ -->\n<title>Educa\u00e7\u00e3o Ambiental: assunto de crian\u00e7a! - O Arcanjo no ar<\/title>\n<meta name=\"robots\" content=\"index, follow, max-snippet:-1, max-image-preview:large, max-video-preview:-1\" \/>\n<link rel=\"canonical\" href=\"https:\/\/www.oarcanjo.net\/site\/educacao-ambiental-assunto-de-crianca\/\" \/>\n<meta property=\"og:locale\" content=\"pt_BR\" \/>\n<meta property=\"og:type\" content=\"article\" \/>\n<meta property=\"og:title\" content=\"Educa\u00e7\u00e3o Ambiental: assunto de crian\u00e7a! - O Arcanjo no ar\" \/>\n<meta property=\"og:description\" content=\"Lilian Sgarioni Roberto A Campanha da Fraternidade deste ano abordar\u00e1 tema ligado ao aquecimento global. Muito se ouve falar sobre isto, mas talvez pouco se fa\u00e7a para conservar nosso planeta. E eu sou da opini\u00e3o de que antes de cobrarmos algo de nosso governantes, de um modo geral, devemos fazer nossa parte e de forma [&hellip;]\" \/>\n<meta property=\"og:url\" content=\"https:\/\/www.oarcanjo.net\/site\/educacao-ambiental-assunto-de-crianca\/\" \/>\n<meta property=\"og:site_name\" content=\"O Arcanjo no ar\" \/>\n<meta property=\"article:publisher\" content=\"https:\/\/www.facebook.com\/OArcanjoNoAr\/\" \/>\n<meta property=\"article:published_time\" content=\"2011-02-08T00:08:12+00:00\" \/>\n<meta property=\"og:image\" content=\"https:\/\/www.oarcanjo.net\/site\/wp-content\/uploads\/logo-o-arcanjo-no-ar-facebook.png\" \/>\n\t<meta property=\"og:image:width\" content=\"300\" \/>\n\t<meta property=\"og:image:height\" content=\"300\" \/>\n\t<meta property=\"og:image:type\" content=\"image\/png\" \/>\n<meta name=\"author\" content=\"editor\" \/>\n<meta name=\"twitter:card\" content=\"summary_large_image\" \/>\n<meta name=\"twitter:label1\" content=\"Escrito por\" \/>\n\t<meta name=\"twitter:data1\" content=\"editor\" \/>\n\t<meta name=\"twitter:label2\" content=\"Est. tempo de leitura\" \/>\n\t<meta name=\"twitter:data2\" content=\"3 minutos\" \/>\n<script type=\"application\/ld+json\" class=\"yoast-schema-graph\">{\"@context\":\"https:\/\/schema.org\",\"@graph\":[{\"@type\":\"Article\",\"@id\":\"https:\/\/www.oarcanjo.net\/site\/educacao-ambiental-assunto-de-crianca\/#article\",\"isPartOf\":{\"@id\":\"https:\/\/www.oarcanjo.net\/site\/educacao-ambiental-assunto-de-crianca\/\"},\"author\":{\"name\":\"editor\",\"@id\":\"https:\/\/www.oarcanjo.net\/site\/#\/schema\/person\/f7024d007863202483a31326673a0838\"},\"headline\":\"Educa\u00e7\u00e3o Ambiental: assunto de crian\u00e7a!\",\"datePublished\":\"2011-02-08T00:08:12+00:00\",\"dateModified\":\"2011-02-08T00:08:12+00:00\",\"mainEntityOfPage\":{\"@id\":\"https:\/\/www.oarcanjo.net\/site\/educacao-ambiental-assunto-de-crianca\/\"},\"wordCount\":608,\"commentCount\":0,\"publisher\":{\"@id\":\"https:\/\/www.oarcanjo.net\/site\/#organization\"},\"keywords\":[\"ambiente\",\"ecologia\",\"lixo\",\"preserva\u00e7\u00e3o\",\"reciclagem\",\"sustentabilidade\"],\"articleSection\":[\"CF\"],\"inLanguage\":\"pt-BR\",\"potentialAction\":[{\"@type\":\"CommentAction\",\"name\":\"Comment\",\"target\":[\"https:\/\/www.oarcanjo.net\/site\/educacao-ambiental-assunto-de-crianca\/#respond\"]}]},{\"@type\":\"WebPage\",\"@id\":\"https:\/\/www.oarcanjo.net\/site\/educacao-ambiental-assunto-de-crianca\/\",\"url\":\"https:\/\/www.oarcanjo.net\/site\/educacao-ambiental-assunto-de-crianca\/\",\"name\":\"Educa\u00e7\u00e3o Ambiental: assunto de crian\u00e7a! - O Arcanjo no ar\",\"isPartOf\":{\"@id\":\"https:\/\/www.oarcanjo.net\/site\/#website\"},\"datePublished\":\"2011-02-08T00:08:12+00:00\",\"dateModified\":\"2011-02-08T00:08:12+00:00\",\"breadcrumb\":{\"@id\":\"https:\/\/www.oarcanjo.net\/site\/educacao-ambiental-assunto-de-crianca\/#breadcrumb\"},\"inLanguage\":\"pt-BR\",\"potentialAction\":[{\"@type\":\"ReadAction\",\"target\":[\"https:\/\/www.oarcanjo.net\/site\/educacao-ambiental-assunto-de-crianca\/\"]}]},{\"@type\":\"BreadcrumbList\",\"@id\":\"https:\/\/www.oarcanjo.net\/site\/educacao-ambiental-assunto-de-crianca\/#breadcrumb\",\"itemListElement\":[{\"@type\":\"ListItem\",\"position\":1,\"name\":\"In\u00edcio\",\"item\":\"https:\/\/www.oarcanjo.net\/site\/\"},{\"@type\":\"ListItem\",\"position\":2,\"name\":\"Educa\u00e7\u00e3o Ambiental: assunto de crian\u00e7a!\"}]},{\"@type\":\"WebSite\",\"@id\":\"https:\/\/www.oarcanjo.net\/site\/#website\",\"url\":\"https:\/\/www.oarcanjo.net\/site\/\",\"name\":\"O Arcanjo no ar\",\"description\":\"Site da Par\u00f3quia S\u00e3o Miguel Arcanjo (Arquidiocese de SP)\",\"publisher\":{\"@id\":\"https:\/\/www.oarcanjo.net\/site\/#organization\"},\"potentialAction\":[{\"@type\":\"SearchAction\",\"target\":{\"@type\":\"EntryPoint\",\"urlTemplate\":\"https:\/\/www.oarcanjo.net\/site\/?s={search_term_string}\"},\"query-input\":{\"@type\":\"PropertyValueSpecification\",\"valueRequired\":true,\"valueName\":\"search_term_string\"}}],\"inLanguage\":\"pt-BR\"},{\"@type\":\"Organization\",\"@id\":\"https:\/\/www.oarcanjo.net\/site\/#organization\",\"name\":\"Par\u00f3quia S\u00e3o Miguel Arcanjo\",\"url\":\"https:\/\/www.oarcanjo.net\/site\/\",\"logo\":{\"@type\":\"ImageObject\",\"inLanguage\":\"pt-BR\",\"@id\":\"https:\/\/www.oarcanjo.net\/site\/#\/schema\/logo\/image\/\",\"url\":\"https:\/\/www.oarcanjo.net\/site\/wp-content\/uploads\/LogoOArcanjo.png\",\"contentUrl\":\"https:\/\/www.oarcanjo.net\/site\/wp-content\/uploads\/LogoOArcanjo.png\",\"width\":319,\"height\":99,\"caption\":\"Par\u00f3quia S\u00e3o Miguel Arcanjo\"},\"image\":{\"@id\":\"https:\/\/www.oarcanjo.net\/site\/#\/schema\/logo\/image\/\"},\"sameAs\":[\"https:\/\/www.facebook.com\/OArcanjoNoAr\/\"]},{\"@type\":\"Person\",\"@id\":\"https:\/\/www.oarcanjo.net\/site\/#\/schema\/person\/f7024d007863202483a31326673a0838\",\"name\":\"editor\",\"sameAs\":[\"http:\/\/www.oarcanjo.net\"]}]}<\/script>\n<!-- \/ Yoast SEO plugin. -->","yoast_head_json":{"title":"Educa\u00e7\u00e3o Ambiental: assunto de crian\u00e7a! - O Arcanjo no ar","robots":{"index":"index","follow":"follow","max-snippet":"max-snippet:-1","max-image-preview":"max-image-preview:large","max-video-preview":"max-video-preview:-1"},"canonical":"https:\/\/www.oarcanjo.net\/site\/educacao-ambiental-assunto-de-crianca\/","og_locale":"pt_BR","og_type":"article","og_title":"Educa\u00e7\u00e3o Ambiental: assunto de crian\u00e7a! - O Arcanjo no ar","og_description":"Lilian Sgarioni Roberto A Campanha da Fraternidade deste ano abordar\u00e1 tema ligado ao aquecimento global. Muito se ouve falar sobre isto, mas talvez pouco se fa\u00e7a para conservar nosso planeta. E eu sou da opini\u00e3o de que antes de cobrarmos algo de nosso governantes, de um modo geral, devemos fazer nossa parte e de forma [&hellip;]","og_url":"https:\/\/www.oarcanjo.net\/site\/educacao-ambiental-assunto-de-crianca\/","og_site_name":"O Arcanjo no ar","article_publisher":"https:\/\/www.facebook.com\/OArcanjoNoAr\/","article_published_time":"2011-02-08T00:08:12+00:00","og_image":[{"width":300,"height":300,"url":"https:\/\/www.oarcanjo.net\/site\/wp-content\/uploads\/logo-o-arcanjo-no-ar-facebook.png","type":"image\/png"}],"author":"editor","twitter_card":"summary_large_image","twitter_misc":{"Escrito por":"editor","Est. tempo de leitura":"3 minutos"},"schema":{"@context":"https:\/\/schema.org","@graph":[{"@type":"Article","@id":"https:\/\/www.oarcanjo.net\/site\/educacao-ambiental-assunto-de-crianca\/#article","isPartOf":{"@id":"https:\/\/www.oarcanjo.net\/site\/educacao-ambiental-assunto-de-crianca\/"},"author":{"name":"editor","@id":"https:\/\/www.oarcanjo.net\/site\/#\/schema\/person\/f7024d007863202483a31326673a0838"},"headline":"Educa\u00e7\u00e3o Ambiental: assunto de crian\u00e7a!","datePublished":"2011-02-08T00:08:12+00:00","dateModified":"2011-02-08T00:08:12+00:00","mainEntityOfPage":{"@id":"https:\/\/www.oarcanjo.net\/site\/educacao-ambiental-assunto-de-crianca\/"},"wordCount":608,"commentCount":0,"publisher":{"@id":"https:\/\/www.oarcanjo.net\/site\/#organization"},"keywords":["ambiente","ecologia","lixo","preserva\u00e7\u00e3o","reciclagem","sustentabilidade"],"articleSection":["CF"],"inLanguage":"pt-BR","potentialAction":[{"@type":"CommentAction","name":"Comment","target":["https:\/\/www.oarcanjo.net\/site\/educacao-ambiental-assunto-de-crianca\/#respond"]}]},{"@type":"WebPage","@id":"https:\/\/www.oarcanjo.net\/site\/educacao-ambiental-assunto-de-crianca\/","url":"https:\/\/www.oarcanjo.net\/site\/educacao-ambiental-assunto-de-crianca\/","name":"Educa\u00e7\u00e3o Ambiental: assunto de crian\u00e7a! - O Arcanjo no ar","isPartOf":{"@id":"https:\/\/www.oarcanjo.net\/site\/#website"},"datePublished":"2011-02-08T00:08:12+00:00","dateModified":"2011-02-08T00:08:12+00:00","breadcrumb":{"@id":"https:\/\/www.oarcanjo.net\/site\/educacao-ambiental-assunto-de-crianca\/#breadcrumb"},"inLanguage":"pt-BR","potentialAction":[{"@type":"ReadAction","target":["https:\/\/www.oarcanjo.net\/site\/educacao-ambiental-assunto-de-crianca\/"]}]},{"@type":"BreadcrumbList","@id":"https:\/\/www.oarcanjo.net\/site\/educacao-ambiental-assunto-de-crianca\/#breadcrumb","itemListElement":[{"@type":"ListItem","position":1,"name":"In\u00edcio","item":"https:\/\/www.oarcanjo.net\/site\/"},{"@type":"ListItem","position":2,"name":"Educa\u00e7\u00e3o Ambiental: assunto de crian\u00e7a!"}]},{"@type":"WebSite","@id":"https:\/\/www.oarcanjo.net\/site\/#website","url":"https:\/\/www.oarcanjo.net\/site\/","name":"O Arcanjo no ar","description":"Site da Par\u00f3quia S\u00e3o Miguel Arcanjo (Arquidiocese de SP)","publisher":{"@id":"https:\/\/www.oarcanjo.net\/site\/#organization"},"potentialAction":[{"@type":"SearchAction","target":{"@type":"EntryPoint","urlTemplate":"https:\/\/www.oarcanjo.net\/site\/?s={search_term_string}"},"query-input":{"@type":"PropertyValueSpecification","valueRequired":true,"valueName":"search_term_string"}}],"inLanguage":"pt-BR"},{"@type":"Organization","@id":"https:\/\/www.oarcanjo.net\/site\/#organization","name":"Par\u00f3quia S\u00e3o Miguel Arcanjo","url":"https:\/\/www.oarcanjo.net\/site\/","logo":{"@type":"ImageObject","inLanguage":"pt-BR","@id":"https:\/\/www.oarcanjo.net\/site\/#\/schema\/logo\/image\/","url":"https:\/\/www.oarcanjo.net\/site\/wp-content\/uploads\/LogoOArcanjo.png","contentUrl":"https:\/\/www.oarcanjo.net\/site\/wp-content\/uploads\/LogoOArcanjo.png","width":319,"height":99,"caption":"Par\u00f3quia S\u00e3o Miguel Arcanjo"},"image":{"@id":"https:\/\/www.oarcanjo.net\/site\/#\/schema\/logo\/image\/"},"sameAs":["https:\/\/www.facebook.com\/OArcanjoNoAr\/"]},{"@type":"Person","@id":"https:\/\/www.oarcanjo.net\/site\/#\/schema\/person\/f7024d007863202483a31326673a0838","name":"editor","sameAs":["http:\/\/www.oarcanjo.net"]}]}},"publishpress_future_action":{"enabled":false,"date":"2026-05-07 11:20:14","action":"category","newStatus":"draft","terms":[],"taxonomy":"category"},"publishpress_future_workflow_manual_trigger":{"enabledWorkflows":[]},"_links":{"self":[{"href":"https:\/\/www.oarcanjo.net\/site\/wp-json\/wp\/v2\/posts\/12977"}],"collection":[{"href":"https:\/\/www.oarcanjo.net\/site\/wp-json\/wp\/v2\/posts"}],"about":[{"href":"https:\/\/www.oarcanjo.net\/site\/wp-json\/wp\/v2\/types\/post"}],"author":[{"embeddable":true,"href":"https:\/\/www.oarcanjo.net\/site\/wp-json\/wp\/v2\/users\/5"}],"replies":[{"embeddable":true,"href":"https:\/\/www.oarcanjo.net\/site\/wp-json\/wp\/v2\/comments?post=12977"}],"version-history":[{"count":0,"href":"https:\/\/www.oarcanjo.net\/site\/wp-json\/wp\/v2\/posts\/12977\/revisions"}],"wp:attachment":[{"href":"https:\/\/www.oarcanjo.net\/site\/wp-json\/wp\/v2\/media?parent=12977"}],"wp:term":[{"taxonomy":"category","embeddable":true,"href":"https:\/\/www.oarcanjo.net\/site\/wp-json\/wp\/v2\/categories?post=12977"},{"taxonomy":"post_tag","embeddable":true,"href":"https:\/\/www.oarcanjo.net\/site\/wp-json\/wp\/v2\/tags?post=12977"}],"curies":[{"name":"wp","href":"https:\/\/api.w.org\/{rel}","templated":true}]}}