
{"id":12981,"date":"2011-02-08T00:25:35","date_gmt":"2011-02-08T02:25:35","guid":{"rendered":"http:\/\/www.oarcanjo.net\/site\/?p=12981"},"modified":"2011-02-08T01:02:57","modified_gmt":"2011-02-08T03:02:57","slug":"pastoral-do-povo-da-rua-lanca-o-livro-povo-da-rua-povo-de-deus","status":"publish","type":"post","link":"https:\/\/www.oarcanjo.net\/site\/pastoral-do-povo-da-rua-lanca-o-livro-povo-da-rua-povo-de-deus\/","title":{"rendered":"A Pastoral do Povo da Rua lan\u00e7a o livro &#8220;Povo da Rua, Povo de Deus&#8221;"},"content":{"rendered":"<p>A Pastoral do Povo da Rua convida para o lan\u00e7amento do\u00a0livro <strong>&#8220;Povo da Rua, Povo de Deus&#8221;<\/strong>.<\/p>\n<div id=\"_mcePaste\">\n<div id=\"_mcePaste\"><strong>Agenda<\/strong><\/div>\n<div><strong>Data:<\/strong> 10 de fevereiro, quinta-feira, \u00e0s 17h<\/div>\n<div id=\"_mcePaste\"><strong>Local: <\/strong>Casa de Ora\u00e7\u00e3o do Povo da Rua<\/div>\n<div id=\"_mcePaste\">Rua Djalma Dutra, 3<\/div>\n<div id=\"_mcePaste\">Bairro da Luz<\/div>\n<p><a href=\"http:\/\/www.oarcanjo.net\/site\/wp-content\/uploads\/livro-povo-da-rua-povo-de-deus-capa.jpg\"><img loading=\"lazy\" decoding=\"async\" class=\"alignnone size-full wp-image-12988\" title=\"Livro Povo da Rua Povo de Deus\" src=\"http:\/\/www.oarcanjo.net\/site\/wp-content\/uploads\/livro-povo-da-rua-povo-de-deus-capa.jpg\" alt=\"Livro Povo da Rua Povo de Deus\" width=\"283\" height=\"350\" srcset=\"https:\/\/www.oarcanjo.net\/site\/wp-content\/uploads\/livro-povo-da-rua-povo-de-deus-capa.jpg 283w, https:\/\/www.oarcanjo.net\/site\/wp-content\/uploads\/livro-povo-da-rua-povo-de-deus-capa-242x300.jpg 242w\" sizes=\"(max-width: 283px) 100vw, 283px\" \/><\/a><\/p>\n<div id=\"_mcePaste\">Neste dia estar\u00e3o presentes alguns dos autores para uma conversa.<\/div>\n<div id=\"_mcePaste\">Este Caderno B\u00edblico \u00e9 um convite para percorrer ruas e lix\u00f5es e lan\u00e7ar um novo olhar sobre esses rostos que buscam incansavelmente espa\u00e7o, vida e cidadania.<\/div>\n<\/div>\n<div id=\"themify_builder_content-12981\" data-postid=\"12981\" class=\"themify_builder_content themify_builder_content-12981 themify_builder themify_builder_front\">\n\t<\/div>\n<!-- \/themify_builder_content -->","protected":false},"excerpt":{"rendered":"<p>A Pastoral do Povo da Rua convida para o lan\u00e7amento do\u00a0livro &#8220;Povo da Rua, Povo de Deus&#8221;. Agenda Data: 10 de fevereiro, quinta-feira, \u00e0s 17h Local: Casa de Ora\u00e7\u00e3o do Povo da Rua Rua Djalma Dutra, 3 Bairro da Luz Neste dia estar\u00e3o presentes alguns dos autores para uma conversa. Este Caderno B\u00edblico \u00e9 um [&hellip;]<\/p>\n","protected":false},"author":5,"featured_media":0,"comment_status":"open","ping_status":"open","sticky":false,"template":"","format":"standard","meta":{"ngg_post_thumbnail":0,"footnotes":""},"categories":[3,8],"tags":[1586,806,91,917],"yoast_head":"<!-- This site is optimized with the Yoast SEO plugin v23.5 - https:\/\/yoast.com\/wordpress\/plugins\/seo\/ -->\n<title>A Pastoral do Povo da Rua lan\u00e7a o livro &quot;Povo da Rua, Povo de Deus&quot; - O Arcanjo no ar<\/title>\n<meta name=\"robots\" content=\"index, follow, max-snippet:-1, max-image-preview:large, max-video-preview:-1\" \/>\n<link rel=\"canonical\" href=\"https:\/\/www.oarcanjo.net\/site\/pastoral-do-povo-da-rua-lanca-o-livro-povo-da-rua-povo-de-deus\/\" \/>\n<meta property=\"og:locale\" content=\"pt_BR\" \/>\n<meta property=\"og:type\" content=\"article\" \/>\n<meta property=\"og:title\" content=\"A Pastoral do Povo da Rua lan\u00e7a o livro &quot;Povo da Rua, Povo de Deus&quot; - O Arcanjo no ar\" \/>\n<meta property=\"og:description\" content=\"A Pastoral do Povo da Rua convida para o lan\u00e7amento do\u00a0livro &#8220;Povo da Rua, Povo de Deus&#8221;. Agenda Data: 10 de fevereiro, quinta-feira, \u00e0s 17h Local: Casa de Ora\u00e7\u00e3o do Povo da Rua Rua Djalma Dutra, 3 Bairro da Luz Neste dia estar\u00e3o presentes alguns dos autores para uma conversa. Este Caderno B\u00edblico \u00e9 um [&hellip;]\" \/>\n<meta property=\"og:url\" content=\"https:\/\/www.oarcanjo.net\/site\/pastoral-do-povo-da-rua-lanca-o-livro-povo-da-rua-povo-de-deus\/\" \/>\n<meta property=\"og:site_name\" content=\"O Arcanjo no ar\" \/>\n<meta property=\"article:publisher\" content=\"https:\/\/www.facebook.com\/OArcanjoNoAr\/\" \/>\n<meta property=\"article:published_time\" content=\"2011-02-08T02:25:35+00:00\" \/>\n<meta property=\"article:modified_time\" content=\"2011-02-08T03:02:57+00:00\" \/>\n<meta property=\"og:image\" content=\"http:\/\/www.oarcanjo.net\/site\/wp-content\/uploads\/livro-povo-da-rua-povo-de-deus-capa.jpg\" \/>\n<meta name=\"author\" content=\"editor\" \/>\n<meta name=\"twitter:card\" content=\"summary_large_image\" \/>\n<meta name=\"twitter:label1\" content=\"Escrito por\" \/>\n\t<meta name=\"twitter:data1\" content=\"editor\" \/>\n<script type=\"application\/ld+json\" class=\"yoast-schema-graph\">{\"@context\":\"https:\/\/schema.org\",\"@graph\":[{\"@type\":\"Article\",\"@id\":\"https:\/\/www.oarcanjo.net\/site\/pastoral-do-povo-da-rua-lanca-o-livro-povo-da-rua-povo-de-deus\/#article\",\"isPartOf\":{\"@id\":\"https:\/\/www.oarcanjo.net\/site\/pastoral-do-povo-da-rua-lanca-o-livro-povo-da-rua-povo-de-deus\/\"},\"author\":{\"name\":\"editor\",\"@id\":\"https:\/\/www.oarcanjo.net\/site\/#\/schema\/person\/f7024d007863202483a31326673a0838\"},\"headline\":\"A Pastoral do Povo da Rua lan\u00e7a o livro &#8220;Povo da Rua, Povo de Deus&#8221;\",\"datePublished\":\"2011-02-08T02:25:35+00:00\",\"dateModified\":\"2011-02-08T03:02:57+00:00\",\"mainEntityOfPage\":{\"@id\":\"https:\/\/www.oarcanjo.net\/site\/pastoral-do-povo-da-rua-lanca-o-livro-povo-da-rua-povo-de-deus\/\"},\"wordCount\":97,\"commentCount\":3,\"publisher\":{\"@id\":\"https:\/\/www.oarcanjo.net\/site\/#organization\"},\"image\":{\"@id\":\"https:\/\/www.oarcanjo.net\/site\/pastoral-do-povo-da-rua-lanca-o-livro-povo-da-rua-povo-de-deus\/#primaryimage\"},\"thumbnailUrl\":\"http:\/\/www.oarcanjo.net\/site\/wp-content\/uploads\/livro-povo-da-rua-povo-de-deus-capa.jpg\",\"keywords\":[\"lan\u00e7amento\",\"livro\",\"povo da rua\",\"Povo de Deus\"],\"articleSection\":[\"Destaques\",\"Not\u00edcias\"],\"inLanguage\":\"pt-BR\",\"potentialAction\":[{\"@type\":\"CommentAction\",\"name\":\"Comment\",\"target\":[\"https:\/\/www.oarcanjo.net\/site\/pastoral-do-povo-da-rua-lanca-o-livro-povo-da-rua-povo-de-deus\/#respond\"]}]},{\"@type\":\"WebPage\",\"@id\":\"https:\/\/www.oarcanjo.net\/site\/pastoral-do-povo-da-rua-lanca-o-livro-povo-da-rua-povo-de-deus\/\",\"url\":\"https:\/\/www.oarcanjo.net\/site\/pastoral-do-povo-da-rua-lanca-o-livro-povo-da-rua-povo-de-deus\/\",\"name\":\"A Pastoral do Povo da Rua lan\u00e7a o livro \\\"Povo da Rua, Povo de Deus\\\" - O Arcanjo no ar\",\"isPartOf\":{\"@id\":\"https:\/\/www.oarcanjo.net\/site\/#website\"},\"primaryImageOfPage\":{\"@id\":\"https:\/\/www.oarcanjo.net\/site\/pastoral-do-povo-da-rua-lanca-o-livro-povo-da-rua-povo-de-deus\/#primaryimage\"},\"image\":{\"@id\":\"https:\/\/www.oarcanjo.net\/site\/pastoral-do-povo-da-rua-lanca-o-livro-povo-da-rua-povo-de-deus\/#primaryimage\"},\"thumbnailUrl\":\"http:\/\/www.oarcanjo.net\/site\/wp-content\/uploads\/livro-povo-da-rua-povo-de-deus-capa.jpg\",\"datePublished\":\"2011-02-08T02:25:35+00:00\",\"dateModified\":\"2011-02-08T03:02:57+00:00\",\"breadcrumb\":{\"@id\":\"https:\/\/www.oarcanjo.net\/site\/pastoral-do-povo-da-rua-lanca-o-livro-povo-da-rua-povo-de-deus\/#breadcrumb\"},\"inLanguage\":\"pt-BR\",\"potentialAction\":[{\"@type\":\"ReadAction\",\"target\":[\"https:\/\/www.oarcanjo.net\/site\/pastoral-do-povo-da-rua-lanca-o-livro-povo-da-rua-povo-de-deus\/\"]}]},{\"@type\":\"ImageObject\",\"inLanguage\":\"pt-BR\",\"@id\":\"https:\/\/www.oarcanjo.net\/site\/pastoral-do-povo-da-rua-lanca-o-livro-povo-da-rua-povo-de-deus\/#primaryimage\",\"url\":\"http:\/\/www.oarcanjo.net\/site\/wp-content\/uploads\/livro-povo-da-rua-povo-de-deus-capa.jpg\",\"contentUrl\":\"http:\/\/www.oarcanjo.net\/site\/wp-content\/uploads\/livro-povo-da-rua-povo-de-deus-capa.jpg\"},{\"@type\":\"BreadcrumbList\",\"@id\":\"https:\/\/www.oarcanjo.net\/site\/pastoral-do-povo-da-rua-lanca-o-livro-povo-da-rua-povo-de-deus\/#breadcrumb\",\"itemListElement\":[{\"@type\":\"ListItem\",\"position\":1,\"name\":\"In\u00edcio\",\"item\":\"https:\/\/www.oarcanjo.net\/site\/\"},{\"@type\":\"ListItem\",\"position\":2,\"name\":\"A Pastoral do Povo da Rua lan\u00e7a o livro &#8220;Povo da Rua, Povo de Deus&#8221;\"}]},{\"@type\":\"WebSite\",\"@id\":\"https:\/\/www.oarcanjo.net\/site\/#website\",\"url\":\"https:\/\/www.oarcanjo.net\/site\/\",\"name\":\"O Arcanjo no ar\",\"description\":\"Site da Par\u00f3quia S\u00e3o Miguel Arcanjo (Arquidiocese de SP)\",\"publisher\":{\"@id\":\"https:\/\/www.oarcanjo.net\/site\/#organization\"},\"potentialAction\":[{\"@type\":\"SearchAction\",\"target\":{\"@type\":\"EntryPoint\",\"urlTemplate\":\"https:\/\/www.oarcanjo.net\/site\/?s={search_term_string}\"},\"query-input\":{\"@type\":\"PropertyValueSpecification\",\"valueRequired\":true,\"valueName\":\"search_term_string\"}}],\"inLanguage\":\"pt-BR\"},{\"@type\":\"Organization\",\"@id\":\"https:\/\/www.oarcanjo.net\/site\/#organization\",\"name\":\"Par\u00f3quia S\u00e3o Miguel Arcanjo\",\"url\":\"https:\/\/www.oarcanjo.net\/site\/\",\"logo\":{\"@type\":\"ImageObject\",\"inLanguage\":\"pt-BR\",\"@id\":\"https:\/\/www.oarcanjo.net\/site\/#\/schema\/logo\/image\/\",\"url\":\"https:\/\/www.oarcanjo.net\/site\/wp-content\/uploads\/LogoOArcanjo.png\",\"contentUrl\":\"https:\/\/www.oarcanjo.net\/site\/wp-content\/uploads\/LogoOArcanjo.png\",\"width\":319,\"height\":99,\"caption\":\"Par\u00f3quia S\u00e3o Miguel Arcanjo\"},\"image\":{\"@id\":\"https:\/\/www.oarcanjo.net\/site\/#\/schema\/logo\/image\/\"},\"sameAs\":[\"https:\/\/www.facebook.com\/OArcanjoNoAr\/\"]},{\"@type\":\"Person\",\"@id\":\"https:\/\/www.oarcanjo.net\/site\/#\/schema\/person\/f7024d007863202483a31326673a0838\",\"name\":\"editor\",\"sameAs\":[\"http:\/\/www.oarcanjo.net\"]}]}<\/script>\n<!-- \/ Yoast SEO plugin. -->","yoast_head_json":{"title":"A Pastoral do Povo da Rua lan\u00e7a o livro \"Povo da Rua, Povo de Deus\" - O Arcanjo no ar","robots":{"index":"index","follow":"follow","max-snippet":"max-snippet:-1","max-image-preview":"max-image-preview:large","max-video-preview":"max-video-preview:-1"},"canonical":"https:\/\/www.oarcanjo.net\/site\/pastoral-do-povo-da-rua-lanca-o-livro-povo-da-rua-povo-de-deus\/","og_locale":"pt_BR","og_type":"article","og_title":"A Pastoral do Povo da Rua lan\u00e7a o livro \"Povo da Rua, Povo de Deus\" - O Arcanjo no ar","og_description":"A Pastoral do Povo da Rua convida para o lan\u00e7amento do\u00a0livro &#8220;Povo da Rua, Povo de Deus&#8221;. Agenda Data: 10 de fevereiro, quinta-feira, \u00e0s 17h Local: Casa de Ora\u00e7\u00e3o do Povo da Rua Rua Djalma Dutra, 3 Bairro da Luz Neste dia estar\u00e3o presentes alguns dos autores para uma conversa. Este Caderno B\u00edblico \u00e9 um [&hellip;]","og_url":"https:\/\/www.oarcanjo.net\/site\/pastoral-do-povo-da-rua-lanca-o-livro-povo-da-rua-povo-de-deus\/","og_site_name":"O Arcanjo no ar","article_publisher":"https:\/\/www.facebook.com\/OArcanjoNoAr\/","article_published_time":"2011-02-08T02:25:35+00:00","article_modified_time":"2011-02-08T03:02:57+00:00","og_image":[{"url":"http:\/\/www.oarcanjo.net\/site\/wp-content\/uploads\/livro-povo-da-rua-povo-de-deus-capa.jpg"}],"author":"editor","twitter_card":"summary_large_image","twitter_misc":{"Escrito por":"editor"},"schema":{"@context":"https:\/\/schema.org","@graph":[{"@type":"Article","@id":"https:\/\/www.oarcanjo.net\/site\/pastoral-do-povo-da-rua-lanca-o-livro-povo-da-rua-povo-de-deus\/#article","isPartOf":{"@id":"https:\/\/www.oarcanjo.net\/site\/pastoral-do-povo-da-rua-lanca-o-livro-povo-da-rua-povo-de-deus\/"},"author":{"name":"editor","@id":"https:\/\/www.oarcanjo.net\/site\/#\/schema\/person\/f7024d007863202483a31326673a0838"},"headline":"A Pastoral do Povo da Rua lan\u00e7a o livro &#8220;Povo da Rua, Povo de Deus&#8221;","datePublished":"2011-02-08T02:25:35+00:00","dateModified":"2011-02-08T03:02:57+00:00","mainEntityOfPage":{"@id":"https:\/\/www.oarcanjo.net\/site\/pastoral-do-povo-da-rua-lanca-o-livro-povo-da-rua-povo-de-deus\/"},"wordCount":97,"commentCount":3,"publisher":{"@id":"https:\/\/www.oarcanjo.net\/site\/#organization"},"image":{"@id":"https:\/\/www.oarcanjo.net\/site\/pastoral-do-povo-da-rua-lanca-o-livro-povo-da-rua-povo-de-deus\/#primaryimage"},"thumbnailUrl":"http:\/\/www.oarcanjo.net\/site\/wp-content\/uploads\/livro-povo-da-rua-povo-de-deus-capa.jpg","keywords":["lan\u00e7amento","livro","povo da rua","Povo de Deus"],"articleSection":["Destaques","Not\u00edcias"],"inLanguage":"pt-BR","potentialAction":[{"@type":"CommentAction","name":"Comment","target":["https:\/\/www.oarcanjo.net\/site\/pastoral-do-povo-da-rua-lanca-o-livro-povo-da-rua-povo-de-deus\/#respond"]}]},{"@type":"WebPage","@id":"https:\/\/www.oarcanjo.net\/site\/pastoral-do-povo-da-rua-lanca-o-livro-povo-da-rua-povo-de-deus\/","url":"https:\/\/www.oarcanjo.net\/site\/pastoral-do-povo-da-rua-lanca-o-livro-povo-da-rua-povo-de-deus\/","name":"A Pastoral do Povo da Rua lan\u00e7a o livro \"Povo da Rua, Povo de Deus\" - O Arcanjo no ar","isPartOf":{"@id":"https:\/\/www.oarcanjo.net\/site\/#website"},"primaryImageOfPage":{"@id":"https:\/\/www.oarcanjo.net\/site\/pastoral-do-povo-da-rua-lanca-o-livro-povo-da-rua-povo-de-deus\/#primaryimage"},"image":{"@id":"https:\/\/www.oarcanjo.net\/site\/pastoral-do-povo-da-rua-lanca-o-livro-povo-da-rua-povo-de-deus\/#primaryimage"},"thumbnailUrl":"http:\/\/www.oarcanjo.net\/site\/wp-content\/uploads\/livro-povo-da-rua-povo-de-deus-capa.jpg","datePublished":"2011-02-08T02:25:35+00:00","dateModified":"2011-02-08T03:02:57+00:00","breadcrumb":{"@id":"https:\/\/www.oarcanjo.net\/site\/pastoral-do-povo-da-rua-lanca-o-livro-povo-da-rua-povo-de-deus\/#breadcrumb"},"inLanguage":"pt-BR","potentialAction":[{"@type":"ReadAction","target":["https:\/\/www.oarcanjo.net\/site\/pastoral-do-povo-da-rua-lanca-o-livro-povo-da-rua-povo-de-deus\/"]}]},{"@type":"ImageObject","inLanguage":"pt-BR","@id":"https:\/\/www.oarcanjo.net\/site\/pastoral-do-povo-da-rua-lanca-o-livro-povo-da-rua-povo-de-deus\/#primaryimage","url":"http:\/\/www.oarcanjo.net\/site\/wp-content\/uploads\/livro-povo-da-rua-povo-de-deus-capa.jpg","contentUrl":"http:\/\/www.oarcanjo.net\/site\/wp-content\/uploads\/livro-povo-da-rua-povo-de-deus-capa.jpg"},{"@type":"BreadcrumbList","@id":"https:\/\/www.oarcanjo.net\/site\/pastoral-do-povo-da-rua-lanca-o-livro-povo-da-rua-povo-de-deus\/#breadcrumb","itemListElement":[{"@type":"ListItem","position":1,"name":"In\u00edcio","item":"https:\/\/www.oarcanjo.net\/site\/"},{"@type":"ListItem","position":2,"name":"A Pastoral do Povo da Rua lan\u00e7a o livro &#8220;Povo da Rua, Povo de Deus&#8221;"}]},{"@type":"WebSite","@id":"https:\/\/www.oarcanjo.net\/site\/#website","url":"https:\/\/www.oarcanjo.net\/site\/","name":"O Arcanjo no ar","description":"Site da Par\u00f3quia S\u00e3o Miguel Arcanjo (Arquidiocese de SP)","publisher":{"@id":"https:\/\/www.oarcanjo.net\/site\/#organization"},"potentialAction":[{"@type":"SearchAction","target":{"@type":"EntryPoint","urlTemplate":"https:\/\/www.oarcanjo.net\/site\/?s={search_term_string}"},"query-input":{"@type":"PropertyValueSpecification","valueRequired":true,"valueName":"search_term_string"}}],"inLanguage":"pt-BR"},{"@type":"Organization","@id":"https:\/\/www.oarcanjo.net\/site\/#organization","name":"Par\u00f3quia S\u00e3o Miguel Arcanjo","url":"https:\/\/www.oarcanjo.net\/site\/","logo":{"@type":"ImageObject","inLanguage":"pt-BR","@id":"https:\/\/www.oarcanjo.net\/site\/#\/schema\/logo\/image\/","url":"https:\/\/www.oarcanjo.net\/site\/wp-content\/uploads\/LogoOArcanjo.png","contentUrl":"https:\/\/www.oarcanjo.net\/site\/wp-content\/uploads\/LogoOArcanjo.png","width":319,"height":99,"caption":"Par\u00f3quia S\u00e3o Miguel Arcanjo"},"image":{"@id":"https:\/\/www.oarcanjo.net\/site\/#\/schema\/logo\/image\/"},"sameAs":["https:\/\/www.facebook.com\/OArcanjoNoAr\/"]},{"@type":"Person","@id":"https:\/\/www.oarcanjo.net\/site\/#\/schema\/person\/f7024d007863202483a31326673a0838","name":"editor","sameAs":["http:\/\/www.oarcanjo.net"]}]}},"publishpress_future_action":{"enabled":false,"date":"2026-05-07 09:38:33","action":"category","newStatus":"draft","terms":[],"taxonomy":"category"},"publishpress_future_workflow_manual_trigger":{"enabledWorkflows":[]},"_links":{"self":[{"href":"https:\/\/www.oarcanjo.net\/site\/wp-json\/wp\/v2\/posts\/12981"}],"collection":[{"href":"https:\/\/www.oarcanjo.net\/site\/wp-json\/wp\/v2\/posts"}],"about":[{"href":"https:\/\/www.oarcanjo.net\/site\/wp-json\/wp\/v2\/types\/post"}],"author":[{"embeddable":true,"href":"https:\/\/www.oarcanjo.net\/site\/wp-json\/wp\/v2\/users\/5"}],"replies":[{"embeddable":true,"href":"https:\/\/www.oarcanjo.net\/site\/wp-json\/wp\/v2\/comments?post=12981"}],"version-history":[{"count":0,"href":"https:\/\/www.oarcanjo.net\/site\/wp-json\/wp\/v2\/posts\/12981\/revisions"}],"wp:attachment":[{"href":"https:\/\/www.oarcanjo.net\/site\/wp-json\/wp\/v2\/media?parent=12981"}],"wp:term":[{"taxonomy":"category","embeddable":true,"href":"https:\/\/www.oarcanjo.net\/site\/wp-json\/wp\/v2\/categories?post=12981"},{"taxonomy":"post_tag","embeddable":true,"href":"https:\/\/www.oarcanjo.net\/site\/wp-json\/wp\/v2\/tags?post=12981"}],"curies":[{"name":"wp","href":"https:\/\/api.w.org\/{rel}","templated":true}]}}