
{"id":13028,"date":"2011-02-12T13:35:09","date_gmt":"2011-02-12T15:35:09","guid":{"rendered":"http:\/\/www.oarcanjo.net\/site\/?p=13028"},"modified":"2011-02-12T13:56:08","modified_gmt":"2011-02-12T15:56:08","slug":"seis-anos-depois-do-assassinato-de-irma-dorothy-stang-conflitos-continuam","status":"publish","type":"post","link":"https:\/\/www.oarcanjo.net\/site\/seis-anos-depois-do-assassinato-de-irma-dorothy-stang-conflitos-continuam\/","title":{"rendered":"Seis anos depois do assassinato de Irm\u00e3 Dorothy Stang, conflitos continuam"},"content":{"rendered":"<p>A Coordena\u00e7\u00e3o Nacional da CPT, por motivo do sexto anivers\u00e1rio da morte de Irm\u00e3 Dorothy Stang, no dia 12 de fevereiro, ao mesmo tempo em que presta uma justa homenagem a esta pessoa que acompanhou com total dedica\u00e7\u00e3o os homens e mulheres da regi\u00e3o de Anapu (PA), que buscavam terra para trabalhar dentro de uma proposta que garantisse uma conviv\u00eancia harmoniosa com a floresta, quer denunciar que a situa\u00e7\u00e3o que levou ao assassinato de Dorothy continua a provocar tens\u00f5es e conflitos na \u00e1rea.<\/p>\n<p>No m\u00eas de janeiro, conforme foi noticiado pela imprensa nacional, os assentados do PDS Esperan\u00e7a, onde Dorothy foi morta, bloquearam as estradas que davam acesso \u00e0 \u00e1rea, para impedir a continuidade da retirada ilegal de madeira. Com esta a\u00e7\u00e3o os assentados pretenderam chamar a aten\u00e7\u00e3o das autoridades para a completa falta de fiscaliza\u00e7\u00e3o e controle dos \u00f3rg\u00e3os p\u00fablicos na regi\u00e3o.<\/p>\n<p>Na realidade os interesses do capital e dos grupos que assassinaram Irm\u00e3 Dorothy continuam presentes. Destacam-se, sobretudo, as madeireiras que envolvem e cooptam organiza\u00e7\u00f5es de trabalhadores, como sindicatos, para defender a explora\u00e7\u00e3o da madeira. A estrat\u00e9gia para isso foi a infiltra\u00e7\u00e3o, no PDS, de fam\u00edlias que n\u00e3o participaram da luta para a constru\u00e7\u00e3o do mesmo e, portanto, alheias ao esp\u00edrito e aos princ\u00edpios que nortearam sua cria\u00e7\u00e3o. Estas abriram brechas no PDS para a derrubada e retirada de \u00e1rvores da floresta. Com isso, as madeireiras, com a participa\u00e7\u00e3o da dire\u00e7\u00e3o do sindicato, conseguiram semear o confronto e a disc\u00f3rdia entre os pr\u00f3prios trabalhadores.  Isso ficou expl\u00edcito nos dias de maior tens\u00e3o em janeiro. Para manifestar sua contrariedade pela a\u00e7\u00e3o dos asssentados do PDS, o sindicato dos trabalhadores rurais junto com outras entidades bloqueou a Transamaz\u00f4nica, acusando os agentes da CPT de serem os respons\u00e1veis pela a\u00e7\u00e3o dos assentados e at\u00e9 exigindo seu afastamento da regi\u00e3o.  A realiza\u00e7\u00e3o de uma Audi\u00eancia P\u00fablica, em 25 de janeiro, da qual participaram representantes de diversos \u00f3rg\u00e3os p\u00fablicos estaduais e federais e que reuniu mais de 1.000 pessoas, tentou amenizar as tens\u00f5es com a promessa de serem atendidas as reivindica\u00e7\u00f5es dos assentados.<\/p>\n<p>O que acontece em Anapu, se repete em muitas outras \u00e1reas da Amaz\u00f4nia, como a mesma Coordena\u00e7\u00e3o Nacional da CPT denunciou em 2010, com um crescente aumento da viol\u00eancia. Em 2010, o setor de Documenta\u00e7\u00e3o da CPT registrou, no Par\u00e1, 18 assassinatos de trabalhadores do campo, 100% a mais do que em 2009, quando foram registrados nove.<\/p>\n<p>Os interesses econ\u00f4micos, com seu olhar focado exclusivamente no lucro, recusa-se a ver outras dimens\u00f5es e valores da natureza e utiliza diversos estratagemas para minar a resist\u00eancia popular, inclusive jogando trabalhadores contra trabalhadores. O pr\u00f3prio governo \u00e9 ref\u00e9m desta vis\u00e3o economicista, \u00e0 medida em que apoia declaradamente o agro e hidroneg\u00f3cios e a minera\u00e7\u00e3o na Amaz\u00f4nia e, a qualquer custo, quer impor seus grandes projetos de infraestrutura para dar sustenta\u00e7\u00e3o \u00e0 explora\u00e7\u00e3o econ\u00f4mica. \u00c9 o caso da constru\u00e7\u00e3o de hidrel\u00e9tricas, como a de Belo Monte, que mesmo diante de todos os argumentos contr\u00e1rios, vai sendo levada adiante, sem mesmo observar o que ditam as leis.<\/p>\n<p>A Coordena\u00e7\u00e3o Nacional faz um apelo veemente \u00e0s autoridades deste pa\u00eds. O sangue vertido por irm\u00e3 Dorothy clama para que a vida e os interesses das comunidades ribeirinhas e das florestas esteja acima dos interesses econ\u00f4micos. Um desenvolvimento harmonioso, respeitando a natureza e suas riquezas e as comunidades ind\u00edgenas e camponesas, precisa ser colocado como horizonte de um pa\u00eds novo e justo, sem viol\u00eancia.<\/p>\n<p>Goi\u00e2nia, 11 de fevereiro de 2011.<br \/>\nA Coordena\u00e7\u00e3o Nacional da CPT<\/p>\n<p><iframe loading=\"lazy\" title=\"YouTube video player\" width=\"480\" height=\"390\" src=\"http:\/\/www.youtube.com\/embed\/CmaV5X9yu_s?rel=0\" frameborder=\"0\" allowfullscreen><\/iframe><\/p>\n<div id=\"themify_builder_content-13028\" data-postid=\"13028\" class=\"themify_builder_content themify_builder_content-13028 themify_builder themify_builder_front\">\n\t<\/div>\n<!-- \/themify_builder_content -->","protected":false},"excerpt":{"rendered":"<p>Coodena\u00e7\u00e3o Nacional da CPT &#8211; Comiss\u00e3o Pastoral da Terra &#8211; divulga Nota P\u00fablica sobre os seis anos do assassinato de irm\u00e3 Dorothy e os conflitos que permanecem no Par\u00e1<\/p>\n","protected":false},"author":5,"featured_media":0,"comment_status":"open","ping_status":"open","sticky":false,"template":"","format":"standard","meta":{"ngg_post_thumbnail":0,"footnotes":""},"categories":[769,8],"tags":[264,497,868,341,293],"yoast_head":"<!-- This site is optimized with the Yoast SEO plugin v23.5 - https:\/\/yoast.com\/wordpress\/plugins\/seo\/ -->\n<title>Seis anos depois do assassinato de Irm\u00e3 Dorothy Stang, conflitos continuam - O Arcanjo no ar<\/title>\n<meta name=\"robots\" content=\"index, follow, max-snippet:-1, max-image-preview:large, max-video-preview:-1\" \/>\n<link rel=\"canonical\" href=\"https:\/\/www.oarcanjo.net\/site\/seis-anos-depois-do-assassinato-de-irma-dorothy-stang-conflitos-continuam\/\" \/>\n<meta property=\"og:locale\" content=\"pt_BR\" \/>\n<meta property=\"og:type\" content=\"article\" \/>\n<meta property=\"og:title\" content=\"Seis anos depois do assassinato de Irm\u00e3 Dorothy Stang, conflitos continuam - O Arcanjo no ar\" \/>\n<meta property=\"og:description\" content=\"Coodena\u00e7\u00e3o Nacional da CPT - Comiss\u00e3o Pastoral da Terra - divulga Nota P\u00fablica sobre os seis anos do assassinato de irm\u00e3 Dorothy e os conflitos que permanecem no Par\u00e1\" \/>\n<meta property=\"og:url\" content=\"https:\/\/www.oarcanjo.net\/site\/seis-anos-depois-do-assassinato-de-irma-dorothy-stang-conflitos-continuam\/\" \/>\n<meta property=\"og:site_name\" content=\"O Arcanjo no ar\" \/>\n<meta property=\"article:publisher\" content=\"https:\/\/www.facebook.com\/OArcanjoNoAr\/\" \/>\n<meta property=\"article:published_time\" content=\"2011-02-12T15:35:09+00:00\" \/>\n<meta property=\"article:modified_time\" content=\"2011-02-12T15:56:08+00:00\" \/>\n<meta property=\"og:image\" content=\"https:\/\/www.oarcanjo.net\/site\/wp-content\/uploads\/logo-o-arcanjo-no-ar-facebook.png\" \/>\n\t<meta property=\"og:image:width\" content=\"300\" \/>\n\t<meta property=\"og:image:height\" content=\"300\" \/>\n\t<meta property=\"og:image:type\" content=\"image\/png\" \/>\n<meta name=\"author\" content=\"editor\" \/>\n<meta name=\"twitter:card\" content=\"summary_large_image\" \/>\n<meta name=\"twitter:label1\" content=\"Escrito por\" \/>\n\t<meta name=\"twitter:data1\" content=\"editor\" \/>\n\t<meta name=\"twitter:label2\" content=\"Est. tempo de leitura\" \/>\n\t<meta name=\"twitter:data2\" content=\"3 minutos\" \/>\n<script type=\"application\/ld+json\" class=\"yoast-schema-graph\">{\"@context\":\"https:\/\/schema.org\",\"@graph\":[{\"@type\":\"Article\",\"@id\":\"https:\/\/www.oarcanjo.net\/site\/seis-anos-depois-do-assassinato-de-irma-dorothy-stang-conflitos-continuam\/#article\",\"isPartOf\":{\"@id\":\"https:\/\/www.oarcanjo.net\/site\/seis-anos-depois-do-assassinato-de-irma-dorothy-stang-conflitos-continuam\/\"},\"author\":{\"name\":\"editor\",\"@id\":\"https:\/\/www.oarcanjo.net\/site\/#\/schema\/person\/f7024d007863202483a31326673a0838\"},\"headline\":\"Seis anos depois do assassinato de Irm\u00e3 Dorothy Stang, conflitos continuam\",\"datePublished\":\"2011-02-12T15:35:09+00:00\",\"dateModified\":\"2011-02-12T15:56:08+00:00\",\"mainEntityOfPage\":{\"@id\":\"https:\/\/www.oarcanjo.net\/site\/seis-anos-depois-do-assassinato-de-irma-dorothy-stang-conflitos-continuam\/\"},\"wordCount\":643,\"commentCount\":0,\"publisher\":{\"@id\":\"https:\/\/www.oarcanjo.net\/site\/#organization\"},\"keywords\":[\"CPT\",\"Ir. Dorothy Stang\",\"mart\u00edrio\",\"Pastoral da Terra\",\"Reforma agr\u00e1ria\"],\"articleSection\":[\"Ir. Dorothy Stang\",\"Not\u00edcias\"],\"inLanguage\":\"pt-BR\",\"potentialAction\":[{\"@type\":\"CommentAction\",\"name\":\"Comment\",\"target\":[\"https:\/\/www.oarcanjo.net\/site\/seis-anos-depois-do-assassinato-de-irma-dorothy-stang-conflitos-continuam\/#respond\"]}]},{\"@type\":\"WebPage\",\"@id\":\"https:\/\/www.oarcanjo.net\/site\/seis-anos-depois-do-assassinato-de-irma-dorothy-stang-conflitos-continuam\/\",\"url\":\"https:\/\/www.oarcanjo.net\/site\/seis-anos-depois-do-assassinato-de-irma-dorothy-stang-conflitos-continuam\/\",\"name\":\"Seis anos depois do assassinato de Irm\u00e3 Dorothy Stang, conflitos continuam - O Arcanjo no ar\",\"isPartOf\":{\"@id\":\"https:\/\/www.oarcanjo.net\/site\/#website\"},\"datePublished\":\"2011-02-12T15:35:09+00:00\",\"dateModified\":\"2011-02-12T15:56:08+00:00\",\"breadcrumb\":{\"@id\":\"https:\/\/www.oarcanjo.net\/site\/seis-anos-depois-do-assassinato-de-irma-dorothy-stang-conflitos-continuam\/#breadcrumb\"},\"inLanguage\":\"pt-BR\",\"potentialAction\":[{\"@type\":\"ReadAction\",\"target\":[\"https:\/\/www.oarcanjo.net\/site\/seis-anos-depois-do-assassinato-de-irma-dorothy-stang-conflitos-continuam\/\"]}]},{\"@type\":\"BreadcrumbList\",\"@id\":\"https:\/\/www.oarcanjo.net\/site\/seis-anos-depois-do-assassinato-de-irma-dorothy-stang-conflitos-continuam\/#breadcrumb\",\"itemListElement\":[{\"@type\":\"ListItem\",\"position\":1,\"name\":\"In\u00edcio\",\"item\":\"https:\/\/www.oarcanjo.net\/site\/\"},{\"@type\":\"ListItem\",\"position\":2,\"name\":\"Seis anos depois do assassinato de Irm\u00e3 Dorothy Stang, conflitos continuam\"}]},{\"@type\":\"WebSite\",\"@id\":\"https:\/\/www.oarcanjo.net\/site\/#website\",\"url\":\"https:\/\/www.oarcanjo.net\/site\/\",\"name\":\"O Arcanjo no ar\",\"description\":\"Site da Par\u00f3quia S\u00e3o Miguel Arcanjo (Arquidiocese de SP)\",\"publisher\":{\"@id\":\"https:\/\/www.oarcanjo.net\/site\/#organization\"},\"potentialAction\":[{\"@type\":\"SearchAction\",\"target\":{\"@type\":\"EntryPoint\",\"urlTemplate\":\"https:\/\/www.oarcanjo.net\/site\/?s={search_term_string}\"},\"query-input\":{\"@type\":\"PropertyValueSpecification\",\"valueRequired\":true,\"valueName\":\"search_term_string\"}}],\"inLanguage\":\"pt-BR\"},{\"@type\":\"Organization\",\"@id\":\"https:\/\/www.oarcanjo.net\/site\/#organization\",\"name\":\"Par\u00f3quia S\u00e3o Miguel Arcanjo\",\"url\":\"https:\/\/www.oarcanjo.net\/site\/\",\"logo\":{\"@type\":\"ImageObject\",\"inLanguage\":\"pt-BR\",\"@id\":\"https:\/\/www.oarcanjo.net\/site\/#\/schema\/logo\/image\/\",\"url\":\"https:\/\/www.oarcanjo.net\/site\/wp-content\/uploads\/LogoOArcanjo.png\",\"contentUrl\":\"https:\/\/www.oarcanjo.net\/site\/wp-content\/uploads\/LogoOArcanjo.png\",\"width\":319,\"height\":99,\"caption\":\"Par\u00f3quia S\u00e3o Miguel Arcanjo\"},\"image\":{\"@id\":\"https:\/\/www.oarcanjo.net\/site\/#\/schema\/logo\/image\/\"},\"sameAs\":[\"https:\/\/www.facebook.com\/OArcanjoNoAr\/\"]},{\"@type\":\"Person\",\"@id\":\"https:\/\/www.oarcanjo.net\/site\/#\/schema\/person\/f7024d007863202483a31326673a0838\",\"name\":\"editor\",\"sameAs\":[\"http:\/\/www.oarcanjo.net\"]}]}<\/script>\n<!-- \/ Yoast SEO plugin. -->","yoast_head_json":{"title":"Seis anos depois do assassinato de Irm\u00e3 Dorothy Stang, conflitos continuam - O Arcanjo no ar","robots":{"index":"index","follow":"follow","max-snippet":"max-snippet:-1","max-image-preview":"max-image-preview:large","max-video-preview":"max-video-preview:-1"},"canonical":"https:\/\/www.oarcanjo.net\/site\/seis-anos-depois-do-assassinato-de-irma-dorothy-stang-conflitos-continuam\/","og_locale":"pt_BR","og_type":"article","og_title":"Seis anos depois do assassinato de Irm\u00e3 Dorothy Stang, conflitos continuam - O Arcanjo no ar","og_description":"Coodena\u00e7\u00e3o Nacional da CPT - Comiss\u00e3o Pastoral da Terra - divulga Nota P\u00fablica sobre os seis anos do assassinato de irm\u00e3 Dorothy e os conflitos que permanecem no Par\u00e1","og_url":"https:\/\/www.oarcanjo.net\/site\/seis-anos-depois-do-assassinato-de-irma-dorothy-stang-conflitos-continuam\/","og_site_name":"O Arcanjo no ar","article_publisher":"https:\/\/www.facebook.com\/OArcanjoNoAr\/","article_published_time":"2011-02-12T15:35:09+00:00","article_modified_time":"2011-02-12T15:56:08+00:00","og_image":[{"width":300,"height":300,"url":"https:\/\/www.oarcanjo.net\/site\/wp-content\/uploads\/logo-o-arcanjo-no-ar-facebook.png","type":"image\/png"}],"author":"editor","twitter_card":"summary_large_image","twitter_misc":{"Escrito por":"editor","Est. tempo de leitura":"3 minutos"},"schema":{"@context":"https:\/\/schema.org","@graph":[{"@type":"Article","@id":"https:\/\/www.oarcanjo.net\/site\/seis-anos-depois-do-assassinato-de-irma-dorothy-stang-conflitos-continuam\/#article","isPartOf":{"@id":"https:\/\/www.oarcanjo.net\/site\/seis-anos-depois-do-assassinato-de-irma-dorothy-stang-conflitos-continuam\/"},"author":{"name":"editor","@id":"https:\/\/www.oarcanjo.net\/site\/#\/schema\/person\/f7024d007863202483a31326673a0838"},"headline":"Seis anos depois do assassinato de Irm\u00e3 Dorothy Stang, conflitos continuam","datePublished":"2011-02-12T15:35:09+00:00","dateModified":"2011-02-12T15:56:08+00:00","mainEntityOfPage":{"@id":"https:\/\/www.oarcanjo.net\/site\/seis-anos-depois-do-assassinato-de-irma-dorothy-stang-conflitos-continuam\/"},"wordCount":643,"commentCount":0,"publisher":{"@id":"https:\/\/www.oarcanjo.net\/site\/#organization"},"keywords":["CPT","Ir. Dorothy Stang","mart\u00edrio","Pastoral da Terra","Reforma agr\u00e1ria"],"articleSection":["Ir. Dorothy Stang","Not\u00edcias"],"inLanguage":"pt-BR","potentialAction":[{"@type":"CommentAction","name":"Comment","target":["https:\/\/www.oarcanjo.net\/site\/seis-anos-depois-do-assassinato-de-irma-dorothy-stang-conflitos-continuam\/#respond"]}]},{"@type":"WebPage","@id":"https:\/\/www.oarcanjo.net\/site\/seis-anos-depois-do-assassinato-de-irma-dorothy-stang-conflitos-continuam\/","url":"https:\/\/www.oarcanjo.net\/site\/seis-anos-depois-do-assassinato-de-irma-dorothy-stang-conflitos-continuam\/","name":"Seis anos depois do assassinato de Irm\u00e3 Dorothy Stang, conflitos continuam - O Arcanjo no ar","isPartOf":{"@id":"https:\/\/www.oarcanjo.net\/site\/#website"},"datePublished":"2011-02-12T15:35:09+00:00","dateModified":"2011-02-12T15:56:08+00:00","breadcrumb":{"@id":"https:\/\/www.oarcanjo.net\/site\/seis-anos-depois-do-assassinato-de-irma-dorothy-stang-conflitos-continuam\/#breadcrumb"},"inLanguage":"pt-BR","potentialAction":[{"@type":"ReadAction","target":["https:\/\/www.oarcanjo.net\/site\/seis-anos-depois-do-assassinato-de-irma-dorothy-stang-conflitos-continuam\/"]}]},{"@type":"BreadcrumbList","@id":"https:\/\/www.oarcanjo.net\/site\/seis-anos-depois-do-assassinato-de-irma-dorothy-stang-conflitos-continuam\/#breadcrumb","itemListElement":[{"@type":"ListItem","position":1,"name":"In\u00edcio","item":"https:\/\/www.oarcanjo.net\/site\/"},{"@type":"ListItem","position":2,"name":"Seis anos depois do assassinato de Irm\u00e3 Dorothy Stang, conflitos continuam"}]},{"@type":"WebSite","@id":"https:\/\/www.oarcanjo.net\/site\/#website","url":"https:\/\/www.oarcanjo.net\/site\/","name":"O Arcanjo no ar","description":"Site da Par\u00f3quia S\u00e3o Miguel Arcanjo (Arquidiocese de SP)","publisher":{"@id":"https:\/\/www.oarcanjo.net\/site\/#organization"},"potentialAction":[{"@type":"SearchAction","target":{"@type":"EntryPoint","urlTemplate":"https:\/\/www.oarcanjo.net\/site\/?s={search_term_string}"},"query-input":{"@type":"PropertyValueSpecification","valueRequired":true,"valueName":"search_term_string"}}],"inLanguage":"pt-BR"},{"@type":"Organization","@id":"https:\/\/www.oarcanjo.net\/site\/#organization","name":"Par\u00f3quia S\u00e3o Miguel Arcanjo","url":"https:\/\/www.oarcanjo.net\/site\/","logo":{"@type":"ImageObject","inLanguage":"pt-BR","@id":"https:\/\/www.oarcanjo.net\/site\/#\/schema\/logo\/image\/","url":"https:\/\/www.oarcanjo.net\/site\/wp-content\/uploads\/LogoOArcanjo.png","contentUrl":"https:\/\/www.oarcanjo.net\/site\/wp-content\/uploads\/LogoOArcanjo.png","width":319,"height":99,"caption":"Par\u00f3quia S\u00e3o Miguel Arcanjo"},"image":{"@id":"https:\/\/www.oarcanjo.net\/site\/#\/schema\/logo\/image\/"},"sameAs":["https:\/\/www.facebook.com\/OArcanjoNoAr\/"]},{"@type":"Person","@id":"https:\/\/www.oarcanjo.net\/site\/#\/schema\/person\/f7024d007863202483a31326673a0838","name":"editor","sameAs":["http:\/\/www.oarcanjo.net"]}]}},"publishpress_future_action":{"enabled":false,"date":"2026-05-07 07:46:01","action":"category","newStatus":"draft","terms":[],"taxonomy":"category"},"publishpress_future_workflow_manual_trigger":{"enabledWorkflows":[]},"_links":{"self":[{"href":"https:\/\/www.oarcanjo.net\/site\/wp-json\/wp\/v2\/posts\/13028"}],"collection":[{"href":"https:\/\/www.oarcanjo.net\/site\/wp-json\/wp\/v2\/posts"}],"about":[{"href":"https:\/\/www.oarcanjo.net\/site\/wp-json\/wp\/v2\/types\/post"}],"author":[{"embeddable":true,"href":"https:\/\/www.oarcanjo.net\/site\/wp-json\/wp\/v2\/users\/5"}],"replies":[{"embeddable":true,"href":"https:\/\/www.oarcanjo.net\/site\/wp-json\/wp\/v2\/comments?post=13028"}],"version-history":[{"count":0,"href":"https:\/\/www.oarcanjo.net\/site\/wp-json\/wp\/v2\/posts\/13028\/revisions"}],"wp:attachment":[{"href":"https:\/\/www.oarcanjo.net\/site\/wp-json\/wp\/v2\/media?parent=13028"}],"wp:term":[{"taxonomy":"category","embeddable":true,"href":"https:\/\/www.oarcanjo.net\/site\/wp-json\/wp\/v2\/categories?post=13028"},{"taxonomy":"post_tag","embeddable":true,"href":"https:\/\/www.oarcanjo.net\/site\/wp-json\/wp\/v2\/tags?post=13028"}],"curies":[{"name":"wp","href":"https:\/\/api.w.org\/{rel}","templated":true}]}}