
{"id":13037,"date":"2011-02-14T05:39:24","date_gmt":"2011-02-14T07:39:24","guid":{"rendered":"http:\/\/www.oarcanjo.net\/site\/?p=13037"},"modified":"2011-02-15T08:39:31","modified_gmt":"2011-02-15T10:39:32","slug":"povo-da-rua-povo-de-deus-em-livro","status":"publish","type":"post","link":"https:\/\/www.oarcanjo.net\/site\/povo-da-rua-povo-de-deus-em-livro\/","title":{"rendered":"Povo da rua, Povo de Deus em livro"},"content":{"rendered":"<p>Danilo Santana<\/p>\n<p>A Pastoral do Povo da Rua realizou o evento do lan\u00e7amento do livro \u201cPovo da Rua, Povo de Deus\u201d no dia 10 de fevereiro na Casa de Ora\u00e7\u00e3o, em S\u00e3o Paulo.<\/p>\n<p><a href=\"http:\/\/www.oarcanjo.net\/site\/wp-content\/uploads\/livro-povo-da-rua-01.jpg\"><img loading=\"lazy\" decoding=\"async\" class=\"alignnone size-full wp-image-13069\" title=\"Lan\u00e7amento do livro Povo da Rua, Povo de Deus\" src=\"http:\/\/www.oarcanjo.net\/site\/wp-content\/uploads\/livro-povo-da-rua-01.jpg\" alt=\"Lan\u00e7amento do livro Povo da Rua, Povo de Deus\" width=\"450\" height=\"300\" srcset=\"https:\/\/www.oarcanjo.net\/site\/wp-content\/uploads\/livro-povo-da-rua-01.jpg 450w, https:\/\/www.oarcanjo.net\/site\/wp-content\/uploads\/livro-povo-da-rua-01-300x200.jpg 300w\" sizes=\"(max-width: 450px) 100vw, 450px\" \/><\/a><\/p>\n<p>O livro retrata as a\u00e7\u00f5es mission\u00e1rias de padres, leigos, volunt\u00e1rios e principalmente a luta de homens e mulheres, que numa sociedade divida por classes sociais, n\u00e3o est\u00e3o ao menos em nenhuma delas,  \u201cvivem\u201d num ex\u00edlio econ\u00f4mico e social permanentes em seu pr\u00f3prio pa\u00eds.<\/p>\n<p><a href=\"http:\/\/www.oarcanjo.net\/site\/wp-content\/uploads\/livro-povo-da-rua-02.jpg\"><img loading=\"lazy\" decoding=\"async\" class=\"alignnone size-full wp-image-13070\" title=\"Lan\u00e7amento do livro Povo da Rua, Povo de Deus\" src=\"http:\/\/www.oarcanjo.net\/site\/wp-content\/uploads\/livro-povo-da-rua-02.jpg\" alt=\"Lan\u00e7amento do livro Povo da Rua, Povo de Deus\" width=\"450\" height=\"300\" srcset=\"https:\/\/www.oarcanjo.net\/site\/wp-content\/uploads\/livro-povo-da-rua-02.jpg 450w, https:\/\/www.oarcanjo.net\/site\/wp-content\/uploads\/livro-povo-da-rua-02-300x200.jpg 300w\" sizes=\"(max-width: 450px) 100vw, 450px\" \/><\/a><\/p>\n<p>A luta por transforma\u00e7\u00e3o da realidade brasileira passa por uma pol\u00edtica p\u00fablica que inclua as milhares de pessoas em situa\u00e7\u00e3o de rua nas grandes capitais brasileiras como S\u00e3o Paulo, Rio, Recife, Porto Alegre e Belo Horizonte.<\/p>\n<p><a href=\"http:\/\/www.oarcanjo.net\/site\/wp-content\/uploads\/livro-povo-da-rua-03.jpg\"><img loading=\"lazy\" decoding=\"async\" class=\"alignnone size-full wp-image-13071\" title=\"Lan\u00e7amento do livro Povo da Rua, Povo de Deus\" src=\"http:\/\/www.oarcanjo.net\/site\/wp-content\/uploads\/livro-povo-da-rua-03.jpg\" alt=\"Lan\u00e7amento do livro Povo da Rua, Povo de Deus\" width=\"450\" height=\"300\" srcset=\"https:\/\/www.oarcanjo.net\/site\/wp-content\/uploads\/livro-povo-da-rua-03.jpg 450w, https:\/\/www.oarcanjo.net\/site\/wp-content\/uploads\/livro-povo-da-rua-03-300x200.jpg 300w\" sizes=\"(max-width: 450px) 100vw, 450px\" \/><\/a><\/p>\n<p><a href=\"http:\/\/www.oarcanjo.net\/site\/wp-content\/uploads\/livro-povo-da-rua-04.jpg\"><img loading=\"lazy\" decoding=\"async\" class=\"alignnone size-full wp-image-13072\" title=\"Lan\u00e7amento do livro Povo da Rua, Povo de Deus\" src=\"http:\/\/www.oarcanjo.net\/site\/wp-content\/uploads\/livro-povo-da-rua-04.jpg\" alt=\"Lan\u00e7amento do livro Povo da Rua, Povo de Deus\" width=\"450\" height=\"300\" srcset=\"https:\/\/www.oarcanjo.net\/site\/wp-content\/uploads\/livro-povo-da-rua-04.jpg 450w, https:\/\/www.oarcanjo.net\/site\/wp-content\/uploads\/livro-povo-da-rua-04-300x200.jpg 300w\" sizes=\"(max-width: 450px) 100vw, 450px\" \/><\/a><\/p>\n<p><a href=\"http:\/\/www.oarcanjo.net\/site\/wp-content\/uploads\/livro-povo-da-rua-05.jpg\"><img loading=\"lazy\" decoding=\"async\" class=\"alignnone size-full wp-image-13073\" title=\"Lan\u00e7amento do livro Povo da Rua, Povo de Deus\" src=\"http:\/\/www.oarcanjo.net\/site\/wp-content\/uploads\/livro-povo-da-rua-05.jpg\" alt=\"Lan\u00e7amento do livro Povo da Rua, Povo de Deus\" width=\"450\" height=\"300\" srcset=\"https:\/\/www.oarcanjo.net\/site\/wp-content\/uploads\/livro-povo-da-rua-05.jpg 450w, https:\/\/www.oarcanjo.net\/site\/wp-content\/uploads\/livro-povo-da-rua-05-300x200.jpg 300w\" sizes=\"(max-width: 450px) 100vw, 450px\" \/><\/a><\/p>\n<div id=\"themify_builder_content-13037\" data-postid=\"13037\" class=\"themify_builder_content themify_builder_content-13037 themify_builder themify_builder_front\">\n\t<\/div>\n<!-- \/themify_builder_content -->","protected":false},"excerpt":{"rendered":"<p>Danilo Santana A Pastoral do Povo da Rua realizou o evento do lan\u00e7amento do livro \u201cPovo da Rua, Povo de Deus\u201d no dia 10 de fevereiro na Casa de Ora\u00e7\u00e3o, em S\u00e3o Paulo. O livro retrata as a\u00e7\u00f5es mission\u00e1rias de padres, leigos, volunt\u00e1rios e principalmente a luta de homens e mulheres, que numa sociedade divida [&hellip;]<\/p>\n","protected":false},"author":14,"featured_media":0,"comment_status":"open","ping_status":"open","sticky":false,"template":"","format":"standard","meta":{"ngg_post_thumbnail":0,"footnotes":""},"categories":[3,8],"tags":[466,1831,91],"yoast_head":"<!-- This site is optimized with the Yoast SEO plugin v23.5 - https:\/\/yoast.com\/wordpress\/plugins\/seo\/ -->\n<title>Povo da rua, Povo de Deus em livro - O Arcanjo no ar<\/title>\n<meta name=\"robots\" content=\"index, follow, max-snippet:-1, max-image-preview:large, max-video-preview:-1\" \/>\n<link rel=\"canonical\" href=\"https:\/\/www.oarcanjo.net\/site\/povo-da-rua-povo-de-deus-em-livro\/\" \/>\n<meta property=\"og:locale\" content=\"pt_BR\" \/>\n<meta property=\"og:type\" content=\"article\" \/>\n<meta property=\"og:title\" content=\"Povo da rua, Povo de Deus em livro - O Arcanjo no ar\" \/>\n<meta property=\"og:description\" content=\"Danilo Santana A Pastoral do Povo da Rua realizou o evento do lan\u00e7amento do livro \u201cPovo da Rua, Povo de Deus\u201d no dia 10 de fevereiro na Casa de Ora\u00e7\u00e3o, em S\u00e3o Paulo. O livro retrata as a\u00e7\u00f5es mission\u00e1rias de padres, leigos, volunt\u00e1rios e principalmente a luta de homens e mulheres, que numa sociedade divida [&hellip;]\" \/>\n<meta property=\"og:url\" content=\"https:\/\/www.oarcanjo.net\/site\/povo-da-rua-povo-de-deus-em-livro\/\" \/>\n<meta property=\"og:site_name\" content=\"O Arcanjo no ar\" \/>\n<meta property=\"article:publisher\" content=\"https:\/\/www.facebook.com\/OArcanjoNoAr\/\" \/>\n<meta property=\"article:published_time\" content=\"2011-02-14T07:39:24+00:00\" \/>\n<meta property=\"article:modified_time\" content=\"2011-02-15T10:39:32+00:00\" \/>\n<meta property=\"og:image\" content=\"http:\/\/www.oarcanjo.net\/site\/wp-content\/uploads\/livro-povo-da-rua-01.jpg\" \/>\n<meta name=\"author\" content=\"danilo\" \/>\n<meta name=\"twitter:card\" content=\"summary_large_image\" \/>\n<meta name=\"twitter:label1\" content=\"Escrito por\" \/>\n\t<meta name=\"twitter:data1\" content=\"danilo\" \/>\n\t<meta name=\"twitter:label2\" content=\"Est. tempo de leitura\" \/>\n\t<meta name=\"twitter:data2\" content=\"1 minuto\" \/>\n<script type=\"application\/ld+json\" class=\"yoast-schema-graph\">{\"@context\":\"https:\/\/schema.org\",\"@graph\":[{\"@type\":\"Article\",\"@id\":\"https:\/\/www.oarcanjo.net\/site\/povo-da-rua-povo-de-deus-em-livro\/#article\",\"isPartOf\":{\"@id\":\"https:\/\/www.oarcanjo.net\/site\/povo-da-rua-povo-de-deus-em-livro\/\"},\"author\":{\"name\":\"danilo\",\"@id\":\"https:\/\/www.oarcanjo.net\/site\/#\/schema\/person\/5eb9480bedd2f3c97e430ce128c29c6c\"},\"headline\":\"Povo da rua, Povo de Deus em livro\",\"datePublished\":\"2011-02-14T07:39:24+00:00\",\"dateModified\":\"2011-02-15T10:39:32+00:00\",\"mainEntityOfPage\":{\"@id\":\"https:\/\/www.oarcanjo.net\/site\/povo-da-rua-povo-de-deus-em-livro\/\"},\"wordCount\":136,\"commentCount\":1,\"publisher\":{\"@id\":\"https:\/\/www.oarcanjo.net\/site\/#organization\"},\"image\":{\"@id\":\"https:\/\/www.oarcanjo.net\/site\/povo-da-rua-povo-de-deus-em-livro\/#primaryimage\"},\"thumbnailUrl\":\"http:\/\/www.oarcanjo.net\/site\/wp-content\/uploads\/livro-povo-da-rua-01.jpg\",\"keywords\":[\"exclus\u00e3o\",\"marginaliza\u00e7\u00e3o\",\"povo da rua\"],\"articleSection\":[\"Destaques\",\"Not\u00edcias\"],\"inLanguage\":\"pt-BR\",\"potentialAction\":[{\"@type\":\"CommentAction\",\"name\":\"Comment\",\"target\":[\"https:\/\/www.oarcanjo.net\/site\/povo-da-rua-povo-de-deus-em-livro\/#respond\"]}]},{\"@type\":\"WebPage\",\"@id\":\"https:\/\/www.oarcanjo.net\/site\/povo-da-rua-povo-de-deus-em-livro\/\",\"url\":\"https:\/\/www.oarcanjo.net\/site\/povo-da-rua-povo-de-deus-em-livro\/\",\"name\":\"Povo da rua, Povo de Deus em livro - O Arcanjo no ar\",\"isPartOf\":{\"@id\":\"https:\/\/www.oarcanjo.net\/site\/#website\"},\"primaryImageOfPage\":{\"@id\":\"https:\/\/www.oarcanjo.net\/site\/povo-da-rua-povo-de-deus-em-livro\/#primaryimage\"},\"image\":{\"@id\":\"https:\/\/www.oarcanjo.net\/site\/povo-da-rua-povo-de-deus-em-livro\/#primaryimage\"},\"thumbnailUrl\":\"http:\/\/www.oarcanjo.net\/site\/wp-content\/uploads\/livro-povo-da-rua-01.jpg\",\"datePublished\":\"2011-02-14T07:39:24+00:00\",\"dateModified\":\"2011-02-15T10:39:32+00:00\",\"breadcrumb\":{\"@id\":\"https:\/\/www.oarcanjo.net\/site\/povo-da-rua-povo-de-deus-em-livro\/#breadcrumb\"},\"inLanguage\":\"pt-BR\",\"potentialAction\":[{\"@type\":\"ReadAction\",\"target\":[\"https:\/\/www.oarcanjo.net\/site\/povo-da-rua-povo-de-deus-em-livro\/\"]}]},{\"@type\":\"ImageObject\",\"inLanguage\":\"pt-BR\",\"@id\":\"https:\/\/www.oarcanjo.net\/site\/povo-da-rua-povo-de-deus-em-livro\/#primaryimage\",\"url\":\"http:\/\/www.oarcanjo.net\/site\/wp-content\/uploads\/livro-povo-da-rua-01.jpg\",\"contentUrl\":\"http:\/\/www.oarcanjo.net\/site\/wp-content\/uploads\/livro-povo-da-rua-01.jpg\"},{\"@type\":\"BreadcrumbList\",\"@id\":\"https:\/\/www.oarcanjo.net\/site\/povo-da-rua-povo-de-deus-em-livro\/#breadcrumb\",\"itemListElement\":[{\"@type\":\"ListItem\",\"position\":1,\"name\":\"In\u00edcio\",\"item\":\"https:\/\/www.oarcanjo.net\/site\/\"},{\"@type\":\"ListItem\",\"position\":2,\"name\":\"Povo da rua, Povo de Deus em livro\"}]},{\"@type\":\"WebSite\",\"@id\":\"https:\/\/www.oarcanjo.net\/site\/#website\",\"url\":\"https:\/\/www.oarcanjo.net\/site\/\",\"name\":\"O Arcanjo no ar\",\"description\":\"Site da Par\u00f3quia S\u00e3o Miguel Arcanjo (Arquidiocese de SP)\",\"publisher\":{\"@id\":\"https:\/\/www.oarcanjo.net\/site\/#organization\"},\"potentialAction\":[{\"@type\":\"SearchAction\",\"target\":{\"@type\":\"EntryPoint\",\"urlTemplate\":\"https:\/\/www.oarcanjo.net\/site\/?s={search_term_string}\"},\"query-input\":{\"@type\":\"PropertyValueSpecification\",\"valueRequired\":true,\"valueName\":\"search_term_string\"}}],\"inLanguage\":\"pt-BR\"},{\"@type\":\"Organization\",\"@id\":\"https:\/\/www.oarcanjo.net\/site\/#organization\",\"name\":\"Par\u00f3quia S\u00e3o Miguel Arcanjo\",\"url\":\"https:\/\/www.oarcanjo.net\/site\/\",\"logo\":{\"@type\":\"ImageObject\",\"inLanguage\":\"pt-BR\",\"@id\":\"https:\/\/www.oarcanjo.net\/site\/#\/schema\/logo\/image\/\",\"url\":\"https:\/\/www.oarcanjo.net\/site\/wp-content\/uploads\/LogoOArcanjo.png\",\"contentUrl\":\"https:\/\/www.oarcanjo.net\/site\/wp-content\/uploads\/LogoOArcanjo.png\",\"width\":319,\"height\":99,\"caption\":\"Par\u00f3quia S\u00e3o Miguel Arcanjo\"},\"image\":{\"@id\":\"https:\/\/www.oarcanjo.net\/site\/#\/schema\/logo\/image\/\"},\"sameAs\":[\"https:\/\/www.facebook.com\/OArcanjoNoAr\/\"]},{\"@type\":\"Person\",\"@id\":\"https:\/\/www.oarcanjo.net\/site\/#\/schema\/person\/5eb9480bedd2f3c97e430ce128c29c6c\",\"name\":\"danilo\"}]}<\/script>\n<!-- \/ Yoast SEO plugin. -->","yoast_head_json":{"title":"Povo da rua, Povo de Deus em livro - O Arcanjo no ar","robots":{"index":"index","follow":"follow","max-snippet":"max-snippet:-1","max-image-preview":"max-image-preview:large","max-video-preview":"max-video-preview:-1"},"canonical":"https:\/\/www.oarcanjo.net\/site\/povo-da-rua-povo-de-deus-em-livro\/","og_locale":"pt_BR","og_type":"article","og_title":"Povo da rua, Povo de Deus em livro - O Arcanjo no ar","og_description":"Danilo Santana A Pastoral do Povo da Rua realizou o evento do lan\u00e7amento do livro \u201cPovo da Rua, Povo de Deus\u201d no dia 10 de fevereiro na Casa de Ora\u00e7\u00e3o, em S\u00e3o Paulo. O livro retrata as a\u00e7\u00f5es mission\u00e1rias de padres, leigos, volunt\u00e1rios e principalmente a luta de homens e mulheres, que numa sociedade divida [&hellip;]","og_url":"https:\/\/www.oarcanjo.net\/site\/povo-da-rua-povo-de-deus-em-livro\/","og_site_name":"O Arcanjo no ar","article_publisher":"https:\/\/www.facebook.com\/OArcanjoNoAr\/","article_published_time":"2011-02-14T07:39:24+00:00","article_modified_time":"2011-02-15T10:39:32+00:00","og_image":[{"url":"http:\/\/www.oarcanjo.net\/site\/wp-content\/uploads\/livro-povo-da-rua-01.jpg"}],"author":"danilo","twitter_card":"summary_large_image","twitter_misc":{"Escrito por":"danilo","Est. tempo de leitura":"1 minuto"},"schema":{"@context":"https:\/\/schema.org","@graph":[{"@type":"Article","@id":"https:\/\/www.oarcanjo.net\/site\/povo-da-rua-povo-de-deus-em-livro\/#article","isPartOf":{"@id":"https:\/\/www.oarcanjo.net\/site\/povo-da-rua-povo-de-deus-em-livro\/"},"author":{"name":"danilo","@id":"https:\/\/www.oarcanjo.net\/site\/#\/schema\/person\/5eb9480bedd2f3c97e430ce128c29c6c"},"headline":"Povo da rua, Povo de Deus em livro","datePublished":"2011-02-14T07:39:24+00:00","dateModified":"2011-02-15T10:39:32+00:00","mainEntityOfPage":{"@id":"https:\/\/www.oarcanjo.net\/site\/povo-da-rua-povo-de-deus-em-livro\/"},"wordCount":136,"commentCount":1,"publisher":{"@id":"https:\/\/www.oarcanjo.net\/site\/#organization"},"image":{"@id":"https:\/\/www.oarcanjo.net\/site\/povo-da-rua-povo-de-deus-em-livro\/#primaryimage"},"thumbnailUrl":"http:\/\/www.oarcanjo.net\/site\/wp-content\/uploads\/livro-povo-da-rua-01.jpg","keywords":["exclus\u00e3o","marginaliza\u00e7\u00e3o","povo da rua"],"articleSection":["Destaques","Not\u00edcias"],"inLanguage":"pt-BR","potentialAction":[{"@type":"CommentAction","name":"Comment","target":["https:\/\/www.oarcanjo.net\/site\/povo-da-rua-povo-de-deus-em-livro\/#respond"]}]},{"@type":"WebPage","@id":"https:\/\/www.oarcanjo.net\/site\/povo-da-rua-povo-de-deus-em-livro\/","url":"https:\/\/www.oarcanjo.net\/site\/povo-da-rua-povo-de-deus-em-livro\/","name":"Povo da rua, Povo de Deus em livro - O Arcanjo no ar","isPartOf":{"@id":"https:\/\/www.oarcanjo.net\/site\/#website"},"primaryImageOfPage":{"@id":"https:\/\/www.oarcanjo.net\/site\/povo-da-rua-povo-de-deus-em-livro\/#primaryimage"},"image":{"@id":"https:\/\/www.oarcanjo.net\/site\/povo-da-rua-povo-de-deus-em-livro\/#primaryimage"},"thumbnailUrl":"http:\/\/www.oarcanjo.net\/site\/wp-content\/uploads\/livro-povo-da-rua-01.jpg","datePublished":"2011-02-14T07:39:24+00:00","dateModified":"2011-02-15T10:39:32+00:00","breadcrumb":{"@id":"https:\/\/www.oarcanjo.net\/site\/povo-da-rua-povo-de-deus-em-livro\/#breadcrumb"},"inLanguage":"pt-BR","potentialAction":[{"@type":"ReadAction","target":["https:\/\/www.oarcanjo.net\/site\/povo-da-rua-povo-de-deus-em-livro\/"]}]},{"@type":"ImageObject","inLanguage":"pt-BR","@id":"https:\/\/www.oarcanjo.net\/site\/povo-da-rua-povo-de-deus-em-livro\/#primaryimage","url":"http:\/\/www.oarcanjo.net\/site\/wp-content\/uploads\/livro-povo-da-rua-01.jpg","contentUrl":"http:\/\/www.oarcanjo.net\/site\/wp-content\/uploads\/livro-povo-da-rua-01.jpg"},{"@type":"BreadcrumbList","@id":"https:\/\/www.oarcanjo.net\/site\/povo-da-rua-povo-de-deus-em-livro\/#breadcrumb","itemListElement":[{"@type":"ListItem","position":1,"name":"In\u00edcio","item":"https:\/\/www.oarcanjo.net\/site\/"},{"@type":"ListItem","position":2,"name":"Povo da rua, Povo de Deus em livro"}]},{"@type":"WebSite","@id":"https:\/\/www.oarcanjo.net\/site\/#website","url":"https:\/\/www.oarcanjo.net\/site\/","name":"O Arcanjo no ar","description":"Site da Par\u00f3quia S\u00e3o Miguel Arcanjo (Arquidiocese de SP)","publisher":{"@id":"https:\/\/www.oarcanjo.net\/site\/#organization"},"potentialAction":[{"@type":"SearchAction","target":{"@type":"EntryPoint","urlTemplate":"https:\/\/www.oarcanjo.net\/site\/?s={search_term_string}"},"query-input":{"@type":"PropertyValueSpecification","valueRequired":true,"valueName":"search_term_string"}}],"inLanguage":"pt-BR"},{"@type":"Organization","@id":"https:\/\/www.oarcanjo.net\/site\/#organization","name":"Par\u00f3quia S\u00e3o Miguel Arcanjo","url":"https:\/\/www.oarcanjo.net\/site\/","logo":{"@type":"ImageObject","inLanguage":"pt-BR","@id":"https:\/\/www.oarcanjo.net\/site\/#\/schema\/logo\/image\/","url":"https:\/\/www.oarcanjo.net\/site\/wp-content\/uploads\/LogoOArcanjo.png","contentUrl":"https:\/\/www.oarcanjo.net\/site\/wp-content\/uploads\/LogoOArcanjo.png","width":319,"height":99,"caption":"Par\u00f3quia S\u00e3o Miguel Arcanjo"},"image":{"@id":"https:\/\/www.oarcanjo.net\/site\/#\/schema\/logo\/image\/"},"sameAs":["https:\/\/www.facebook.com\/OArcanjoNoAr\/"]},{"@type":"Person","@id":"https:\/\/www.oarcanjo.net\/site\/#\/schema\/person\/5eb9480bedd2f3c97e430ce128c29c6c","name":"danilo"}]}},"publishpress_future_action":{"enabled":false,"date":"2026-05-09 04:23:17","action":"category","newStatus":"draft","terms":[],"taxonomy":"category"},"publishpress_future_workflow_manual_trigger":{"enabledWorkflows":[]},"_links":{"self":[{"href":"https:\/\/www.oarcanjo.net\/site\/wp-json\/wp\/v2\/posts\/13037"}],"collection":[{"href":"https:\/\/www.oarcanjo.net\/site\/wp-json\/wp\/v2\/posts"}],"about":[{"href":"https:\/\/www.oarcanjo.net\/site\/wp-json\/wp\/v2\/types\/post"}],"author":[{"embeddable":true,"href":"https:\/\/www.oarcanjo.net\/site\/wp-json\/wp\/v2\/users\/14"}],"replies":[{"embeddable":true,"href":"https:\/\/www.oarcanjo.net\/site\/wp-json\/wp\/v2\/comments?post=13037"}],"version-history":[{"count":0,"href":"https:\/\/www.oarcanjo.net\/site\/wp-json\/wp\/v2\/posts\/13037\/revisions"}],"wp:attachment":[{"href":"https:\/\/www.oarcanjo.net\/site\/wp-json\/wp\/v2\/media?parent=13037"}],"wp:term":[{"taxonomy":"category","embeddable":true,"href":"https:\/\/www.oarcanjo.net\/site\/wp-json\/wp\/v2\/categories?post=13037"},{"taxonomy":"post_tag","embeddable":true,"href":"https:\/\/www.oarcanjo.net\/site\/wp-json\/wp\/v2\/tags?post=13037"}],"curies":[{"name":"wp","href":"https:\/\/api.w.org\/{rel}","templated":true}]}}