
{"id":13047,"date":"2011-03-03T22:05:38","date_gmt":"2011-03-04T01:05:38","guid":{"rendered":"http:\/\/www.oarcanjo.net\/site\/?p=13047"},"modified":"2011-03-07T00:41:50","modified_gmt":"2011-03-07T03:41:50","slug":"campanha-da-fraternidade-2011","status":"publish","type":"post","link":"https:\/\/www.oarcanjo.net\/site\/campanha-da-fraternidade-2011\/","title":{"rendered":"Campanha da Fraternidade 2011"},"content":{"rendered":"<p>Este \u00e9 um texto que fala um pouco mais sobre o tema\u00a0da Campanha da Fraternidade,e sobre a quest\u00e3o do aquecimento global e suas consequ\u00eancias que hoje em dia nos preocupa tanto.<\/p>\n<p>A Campanha da Fraternidade de 2011aborda o tema do aquecimento global e das mudan\u00e7as clim\u00e1ticas. A considerar as intemp\u00e9ries clim\u00e1ticas que est\u00e3o sistematicamente assolando as popula\u00e7\u00f5es,de forma cada vez mais intensa e em quantidade sempre crescente, a tem\u00e1tica \u00e9 plenamente justific\u00e1vel.<\/p>\n<p>No entanto,\u00e9 necess\u00e1rio dizer que a quest\u00e3o \u00e9 envolta de pol\u00eamicas.A causa desse desequil\u00edbrio clim\u00e1tico \u00e9 discutida pelos pesquisadores e basicamente existem dois grupos.H\u00e1 os que entendem que o aquecimento global \u00e9 oriundo de processos da pr\u00f3pria natureza e os que afirmam que o planeta est\u00e1 apresentando aquecimento devido \u00e1s grandes quantidades de emiss\u00f5es de gases de efeito estufa, que se intensificarem a partir do momento da industrializa\u00e7\u00e3o de muitos pa\u00edses, ou como alguns preferem, \u00e9 resultante de causas antr\u00f3picas.<\/p>\n<p>A resolu\u00e7\u00e3o deste impasse nos meios especializados n\u00e3o parece ser f\u00e1cil, e nem pretendemos resolv\u00ea &#8211; lo.Mas uma coisa \u00e9 indubit\u00e1vel,nossa experi\u00eancia constata que mudan\u00e7as clim\u00e1ticas est\u00e3o em curso e que j\u00e1 alteramos substancialmente o planeta.E, considerando que o clima da Terra \u00e9 resultante, em parte, da intera\u00e7\u00e3o dos seres que o habitam, torna &#8211; se dif\u00edcil negar que altera\u00e7\u00f5es, como as derrubadas de florestas, modifica\u00e7\u00f5es nas \u00e1guas marinhas e na atmosfera, que recebeu uma carga imensa de gases de efeitos estufa, n\u00e3o contribuam para mudan\u00e7as clim\u00e1ticas que verificamos.<\/p>\n<p>E a considerar a gravidade da situa\u00e7\u00e3o e de suas consequ\u00eancias, basta citar que os org\u00e3os da ONU j\u00e1 falam na exist\u00eancia de 50 milh\u00f5es de &#8220;migrantes do clima&#8221;, n\u00e3o podemos deixar de agir em prol de melhores condi\u00e7\u00f5es para o nosso planeta.Sobretudo, porque, o aquecimento global e as mudan\u00e7as clim\u00e1ticas exigir\u00e3o mais sacrif\u00edcios dos mais pobres e menos protegidos.Cruzar os bra\u00e7os diante de tal desafio significa irresponsabilidade tamanha para com as gera\u00e7\u00f5es futuras, pois ainda podemos fazer algo em prol da vida do planeta.<\/p>\n<p>Neste sentido, a identifica\u00e7\u00e3o das a\u00e7\u00f5es que mais emitem gases de efeito estufa \u00e9 um passo importante para buscarmos alternativas que resultem em menores \u00edndices de emiss\u00f5es de gases efeito estufa, como pretendemos com o texto.<\/p>\n<p>E que a palavra de Deus e a caminhada quaresmal rumo a P\u00e1scoa do Senhor Jesus Cristo possam nos despertar para o exerc\u00edcio do cuidado para com a vida do planeta que pede socorro.<\/p>\n<p>Texto retirado do livro da Campanha da Fraternidade 2011 Texto-Base<\/p>\n<div id=\"themify_builder_content-13047\" data-postid=\"13047\" class=\"themify_builder_content themify_builder_content-13047 themify_builder themify_builder_front\">\n\t<\/div>\n<!-- \/themify_builder_content -->","protected":false},"excerpt":{"rendered":"<p>Este \u00e9 um texto que fala um pouco mais sobre o tema\u00a0da Campanha da Fraternidade,e sobre a quest\u00e3o do aquecimento global e suas consequ\u00eancias que hoje em dia nos preocupa tanto. A Campanha da Fraternidade de 2011aborda o tema do aquecimento global e das mudan\u00e7as clim\u00e1ticas. A considerar as intemp\u00e9ries clim\u00e1ticas que est\u00e3o sistematicamente assolando [&hellip;]<\/p>\n","protected":false},"author":12,"featured_media":0,"comment_status":"open","ping_status":"open","sticky":false,"template":"","format":"standard","meta":{"ngg_post_thumbnail":0,"footnotes":""},"categories":[241,395],"tags":[],"yoast_head":"<!-- This site is optimized with the Yoast SEO plugin v23.5 - https:\/\/yoast.com\/wordpress\/plugins\/seo\/ -->\n<title>Campanha da Fraternidade 2011 - O Arcanjo no ar<\/title>\n<meta name=\"robots\" content=\"index, follow, max-snippet:-1, max-image-preview:large, max-video-preview:-1\" \/>\n<link rel=\"canonical\" href=\"https:\/\/www.oarcanjo.net\/site\/campanha-da-fraternidade-2011\/\" \/>\n<meta property=\"og:locale\" content=\"pt_BR\" \/>\n<meta property=\"og:type\" content=\"article\" \/>\n<meta property=\"og:title\" content=\"Campanha da Fraternidade 2011 - O Arcanjo no ar\" \/>\n<meta property=\"og:description\" content=\"Este \u00e9 um texto que fala um pouco mais sobre o tema\u00a0da Campanha da Fraternidade,e sobre a quest\u00e3o do aquecimento global e suas consequ\u00eancias que hoje em dia nos preocupa tanto. A Campanha da Fraternidade de 2011aborda o tema do aquecimento global e das mudan\u00e7as clim\u00e1ticas. A considerar as intemp\u00e9ries clim\u00e1ticas que est\u00e3o sistematicamente assolando [&hellip;]\" \/>\n<meta property=\"og:url\" content=\"https:\/\/www.oarcanjo.net\/site\/campanha-da-fraternidade-2011\/\" \/>\n<meta property=\"og:site_name\" content=\"O Arcanjo no ar\" \/>\n<meta property=\"article:publisher\" content=\"https:\/\/www.facebook.com\/OArcanjoNoAr\/\" \/>\n<meta property=\"article:published_time\" content=\"2011-03-04T01:05:38+00:00\" \/>\n<meta property=\"article:modified_time\" content=\"2011-03-07T03:41:50+00:00\" \/>\n<meta property=\"og:image\" content=\"https:\/\/www.oarcanjo.net\/site\/wp-content\/uploads\/logo-o-arcanjo-no-ar-facebook.png\" \/>\n\t<meta property=\"og:image:width\" content=\"300\" \/>\n\t<meta property=\"og:image:height\" content=\"300\" \/>\n\t<meta property=\"og:image:type\" content=\"image\/png\" \/>\n<meta name=\"author\" content=\"mariana\" \/>\n<meta name=\"twitter:card\" content=\"summary_large_image\" \/>\n<meta name=\"twitter:label1\" content=\"Escrito por\" \/>\n\t<meta name=\"twitter:data1\" content=\"mariana\" \/>\n\t<meta name=\"twitter:label2\" content=\"Est. tempo de leitura\" \/>\n\t<meta name=\"twitter:data2\" content=\"2 minutos\" \/>\n<script type=\"application\/ld+json\" class=\"yoast-schema-graph\">{\"@context\":\"https:\/\/schema.org\",\"@graph\":[{\"@type\":\"Article\",\"@id\":\"https:\/\/www.oarcanjo.net\/site\/campanha-da-fraternidade-2011\/#article\",\"isPartOf\":{\"@id\":\"https:\/\/www.oarcanjo.net\/site\/campanha-da-fraternidade-2011\/\"},\"author\":{\"name\":\"mariana\",\"@id\":\"https:\/\/www.oarcanjo.net\/site\/#\/schema\/person\/e54a5c62347067e278a5d0cf64f6a6e6\"},\"headline\":\"Campanha da Fraternidade 2011\",\"datePublished\":\"2011-03-04T01:05:38+00:00\",\"dateModified\":\"2011-03-07T03:41:50+00:00\",\"mainEntityOfPage\":{\"@id\":\"https:\/\/www.oarcanjo.net\/site\/campanha-da-fraternidade-2011\/\"},\"wordCount\":461,\"commentCount\":24,\"publisher\":{\"@id\":\"https:\/\/www.oarcanjo.net\/site\/#organization\"},\"articleSection\":[\"CF\",\"Jovens\"],\"inLanguage\":\"pt-BR\",\"potentialAction\":[{\"@type\":\"CommentAction\",\"name\":\"Comment\",\"target\":[\"https:\/\/www.oarcanjo.net\/site\/campanha-da-fraternidade-2011\/#respond\"]}]},{\"@type\":\"WebPage\",\"@id\":\"https:\/\/www.oarcanjo.net\/site\/campanha-da-fraternidade-2011\/\",\"url\":\"https:\/\/www.oarcanjo.net\/site\/campanha-da-fraternidade-2011\/\",\"name\":\"Campanha da Fraternidade 2011 - O Arcanjo no ar\",\"isPartOf\":{\"@id\":\"https:\/\/www.oarcanjo.net\/site\/#website\"},\"datePublished\":\"2011-03-04T01:05:38+00:00\",\"dateModified\":\"2011-03-07T03:41:50+00:00\",\"breadcrumb\":{\"@id\":\"https:\/\/www.oarcanjo.net\/site\/campanha-da-fraternidade-2011\/#breadcrumb\"},\"inLanguage\":\"pt-BR\",\"potentialAction\":[{\"@type\":\"ReadAction\",\"target\":[\"https:\/\/www.oarcanjo.net\/site\/campanha-da-fraternidade-2011\/\"]}]},{\"@type\":\"BreadcrumbList\",\"@id\":\"https:\/\/www.oarcanjo.net\/site\/campanha-da-fraternidade-2011\/#breadcrumb\",\"itemListElement\":[{\"@type\":\"ListItem\",\"position\":1,\"name\":\"In\u00edcio\",\"item\":\"https:\/\/www.oarcanjo.net\/site\/\"},{\"@type\":\"ListItem\",\"position\":2,\"name\":\"Campanha da Fraternidade 2011\"}]},{\"@type\":\"WebSite\",\"@id\":\"https:\/\/www.oarcanjo.net\/site\/#website\",\"url\":\"https:\/\/www.oarcanjo.net\/site\/\",\"name\":\"O Arcanjo no ar\",\"description\":\"Site da Par\u00f3quia S\u00e3o Miguel Arcanjo (Arquidiocese de SP)\",\"publisher\":{\"@id\":\"https:\/\/www.oarcanjo.net\/site\/#organization\"},\"potentialAction\":[{\"@type\":\"SearchAction\",\"target\":{\"@type\":\"EntryPoint\",\"urlTemplate\":\"https:\/\/www.oarcanjo.net\/site\/?s={search_term_string}\"},\"query-input\":{\"@type\":\"PropertyValueSpecification\",\"valueRequired\":true,\"valueName\":\"search_term_string\"}}],\"inLanguage\":\"pt-BR\"},{\"@type\":\"Organization\",\"@id\":\"https:\/\/www.oarcanjo.net\/site\/#organization\",\"name\":\"Par\u00f3quia S\u00e3o Miguel Arcanjo\",\"url\":\"https:\/\/www.oarcanjo.net\/site\/\",\"logo\":{\"@type\":\"ImageObject\",\"inLanguage\":\"pt-BR\",\"@id\":\"https:\/\/www.oarcanjo.net\/site\/#\/schema\/logo\/image\/\",\"url\":\"https:\/\/www.oarcanjo.net\/site\/wp-content\/uploads\/LogoOArcanjo.png\",\"contentUrl\":\"https:\/\/www.oarcanjo.net\/site\/wp-content\/uploads\/LogoOArcanjo.png\",\"width\":319,\"height\":99,\"caption\":\"Par\u00f3quia S\u00e3o Miguel Arcanjo\"},\"image\":{\"@id\":\"https:\/\/www.oarcanjo.net\/site\/#\/schema\/logo\/image\/\"},\"sameAs\":[\"https:\/\/www.facebook.com\/OArcanjoNoAr\/\"]},{\"@type\":\"Person\",\"@id\":\"https:\/\/www.oarcanjo.net\/site\/#\/schema\/person\/e54a5c62347067e278a5d0cf64f6a6e6\",\"name\":\"mariana\"}]}<\/script>\n<!-- \/ Yoast SEO plugin. -->","yoast_head_json":{"title":"Campanha da Fraternidade 2011 - O Arcanjo no ar","robots":{"index":"index","follow":"follow","max-snippet":"max-snippet:-1","max-image-preview":"max-image-preview:large","max-video-preview":"max-video-preview:-1"},"canonical":"https:\/\/www.oarcanjo.net\/site\/campanha-da-fraternidade-2011\/","og_locale":"pt_BR","og_type":"article","og_title":"Campanha da Fraternidade 2011 - O Arcanjo no ar","og_description":"Este \u00e9 um texto que fala um pouco mais sobre o tema\u00a0da Campanha da Fraternidade,e sobre a quest\u00e3o do aquecimento global e suas consequ\u00eancias que hoje em dia nos preocupa tanto. A Campanha da Fraternidade de 2011aborda o tema do aquecimento global e das mudan\u00e7as clim\u00e1ticas. A considerar as intemp\u00e9ries clim\u00e1ticas que est\u00e3o sistematicamente assolando [&hellip;]","og_url":"https:\/\/www.oarcanjo.net\/site\/campanha-da-fraternidade-2011\/","og_site_name":"O Arcanjo no ar","article_publisher":"https:\/\/www.facebook.com\/OArcanjoNoAr\/","article_published_time":"2011-03-04T01:05:38+00:00","article_modified_time":"2011-03-07T03:41:50+00:00","og_image":[{"width":300,"height":300,"url":"https:\/\/www.oarcanjo.net\/site\/wp-content\/uploads\/logo-o-arcanjo-no-ar-facebook.png","type":"image\/png"}],"author":"mariana","twitter_card":"summary_large_image","twitter_misc":{"Escrito por":"mariana","Est. tempo de leitura":"2 minutos"},"schema":{"@context":"https:\/\/schema.org","@graph":[{"@type":"Article","@id":"https:\/\/www.oarcanjo.net\/site\/campanha-da-fraternidade-2011\/#article","isPartOf":{"@id":"https:\/\/www.oarcanjo.net\/site\/campanha-da-fraternidade-2011\/"},"author":{"name":"mariana","@id":"https:\/\/www.oarcanjo.net\/site\/#\/schema\/person\/e54a5c62347067e278a5d0cf64f6a6e6"},"headline":"Campanha da Fraternidade 2011","datePublished":"2011-03-04T01:05:38+00:00","dateModified":"2011-03-07T03:41:50+00:00","mainEntityOfPage":{"@id":"https:\/\/www.oarcanjo.net\/site\/campanha-da-fraternidade-2011\/"},"wordCount":461,"commentCount":24,"publisher":{"@id":"https:\/\/www.oarcanjo.net\/site\/#organization"},"articleSection":["CF","Jovens"],"inLanguage":"pt-BR","potentialAction":[{"@type":"CommentAction","name":"Comment","target":["https:\/\/www.oarcanjo.net\/site\/campanha-da-fraternidade-2011\/#respond"]}]},{"@type":"WebPage","@id":"https:\/\/www.oarcanjo.net\/site\/campanha-da-fraternidade-2011\/","url":"https:\/\/www.oarcanjo.net\/site\/campanha-da-fraternidade-2011\/","name":"Campanha da Fraternidade 2011 - O Arcanjo no ar","isPartOf":{"@id":"https:\/\/www.oarcanjo.net\/site\/#website"},"datePublished":"2011-03-04T01:05:38+00:00","dateModified":"2011-03-07T03:41:50+00:00","breadcrumb":{"@id":"https:\/\/www.oarcanjo.net\/site\/campanha-da-fraternidade-2011\/#breadcrumb"},"inLanguage":"pt-BR","potentialAction":[{"@type":"ReadAction","target":["https:\/\/www.oarcanjo.net\/site\/campanha-da-fraternidade-2011\/"]}]},{"@type":"BreadcrumbList","@id":"https:\/\/www.oarcanjo.net\/site\/campanha-da-fraternidade-2011\/#breadcrumb","itemListElement":[{"@type":"ListItem","position":1,"name":"In\u00edcio","item":"https:\/\/www.oarcanjo.net\/site\/"},{"@type":"ListItem","position":2,"name":"Campanha da Fraternidade 2011"}]},{"@type":"WebSite","@id":"https:\/\/www.oarcanjo.net\/site\/#website","url":"https:\/\/www.oarcanjo.net\/site\/","name":"O Arcanjo no ar","description":"Site da Par\u00f3quia S\u00e3o Miguel Arcanjo (Arquidiocese de SP)","publisher":{"@id":"https:\/\/www.oarcanjo.net\/site\/#organization"},"potentialAction":[{"@type":"SearchAction","target":{"@type":"EntryPoint","urlTemplate":"https:\/\/www.oarcanjo.net\/site\/?s={search_term_string}"},"query-input":{"@type":"PropertyValueSpecification","valueRequired":true,"valueName":"search_term_string"}}],"inLanguage":"pt-BR"},{"@type":"Organization","@id":"https:\/\/www.oarcanjo.net\/site\/#organization","name":"Par\u00f3quia S\u00e3o Miguel Arcanjo","url":"https:\/\/www.oarcanjo.net\/site\/","logo":{"@type":"ImageObject","inLanguage":"pt-BR","@id":"https:\/\/www.oarcanjo.net\/site\/#\/schema\/logo\/image\/","url":"https:\/\/www.oarcanjo.net\/site\/wp-content\/uploads\/LogoOArcanjo.png","contentUrl":"https:\/\/www.oarcanjo.net\/site\/wp-content\/uploads\/LogoOArcanjo.png","width":319,"height":99,"caption":"Par\u00f3quia S\u00e3o Miguel Arcanjo"},"image":{"@id":"https:\/\/www.oarcanjo.net\/site\/#\/schema\/logo\/image\/"},"sameAs":["https:\/\/www.facebook.com\/OArcanjoNoAr\/"]},{"@type":"Person","@id":"https:\/\/www.oarcanjo.net\/site\/#\/schema\/person\/e54a5c62347067e278a5d0cf64f6a6e6","name":"mariana"}]}},"publishpress_future_action":{"enabled":false,"date":"2026-05-07 07:54:33","action":"category","newStatus":"draft","terms":[],"taxonomy":"category"},"publishpress_future_workflow_manual_trigger":{"enabledWorkflows":[]},"_links":{"self":[{"href":"https:\/\/www.oarcanjo.net\/site\/wp-json\/wp\/v2\/posts\/13047"}],"collection":[{"href":"https:\/\/www.oarcanjo.net\/site\/wp-json\/wp\/v2\/posts"}],"about":[{"href":"https:\/\/www.oarcanjo.net\/site\/wp-json\/wp\/v2\/types\/post"}],"author":[{"embeddable":true,"href":"https:\/\/www.oarcanjo.net\/site\/wp-json\/wp\/v2\/users\/12"}],"replies":[{"embeddable":true,"href":"https:\/\/www.oarcanjo.net\/site\/wp-json\/wp\/v2\/comments?post=13047"}],"version-history":[{"count":0,"href":"https:\/\/www.oarcanjo.net\/site\/wp-json\/wp\/v2\/posts\/13047\/revisions"}],"wp:attachment":[{"href":"https:\/\/www.oarcanjo.net\/site\/wp-json\/wp\/v2\/media?parent=13047"}],"wp:term":[{"taxonomy":"category","embeddable":true,"href":"https:\/\/www.oarcanjo.net\/site\/wp-json\/wp\/v2\/categories?post=13047"},{"taxonomy":"post_tag","embeddable":true,"href":"https:\/\/www.oarcanjo.net\/site\/wp-json\/wp\/v2\/tags?post=13047"}],"curies":[{"name":"wp","href":"https:\/\/api.w.org\/{rel}","templated":true}]}}