
{"id":1305,"date":"2009-01-01T09:32:54","date_gmt":"2009-01-01T11:32:54","guid":{"rendered":"http:\/\/www.oarcanjo.net\/site\/?p=1305"},"modified":"2009-01-01T11:17:09","modified_gmt":"2009-01-01T13:17:09","slug":"amanheceu-2009","status":"publish","type":"post","link":"https:\/\/www.oarcanjo.net\/site\/amanheceu-2009\/","title":{"rendered":"Amanheceu 2009!"},"content":{"rendered":"<p>O novo ano amanheceu na cidade silenciosa e vazia. Depois de tanto barulho o sil\u00eancio faz bem aos ouvidos e \u00e0 mente e nossa ora\u00e7\u00e3o mais recolhida. A missa desta manh\u00e3 na solenidade da Santa M\u00e3e de Deus nos fez mais pr\u00f3ximos do mist\u00e9rio do amor de Deus em nossas vidas!<\/p>\n<p>A missa solene, os cantos, o incenso, as ora\u00e7\u00f5es, parec\u00edamos monges e monjas em um mosteiro. O novo ano revigore as nossas pastorais e nosso empenho em evangelizar a cidade e pricipalmente em sermos d\u00edscipulos de Jesus. A <a href=\"\/site\/index.php\/noticias\/bento-xvi-combater-a-pobreza-construir-a-paz\/\">mensagem do Papa<\/a> pelo Dia da Paz nos compromete a apoiarmos todas as iniciativas pela supera\u00e7\u00e3o da mis\u00e9ria e pela humaniza\u00e7\u00e3o da VIDA.<\/p>\n<p>O  Papa nos convoca \u00e0 luta contra a pobreza e solidariedade global, e lan\u00e7a um desafio para a Igreja e para toda a humanidade: <a href=\"\/site\/index.php\/noticias\/bento-xvi-combater-a-pobreza-construir-a-paz\/\">COMBATER A POBREZA, CONSTRUIR A PAZ<\/a>.<\/p>\n<p>Este desafio em todos os n\u00edveis, no pol\u00edtico e social, e a partir dele estaremos cobrando as polit\u00edcas p\u00fablicas da prefeitura de S\u00e3o Paulo, onde o prefeito assume com uma promessa para cada 36 h da segunda gest\u00e3o. Que a cidade seja limpa e a consci\u00eancia tamb\u00e9m! Que a popula\u00e7\u00e3o em situa\u00e7\u00e3o de rua seja respeitada e possa sair da rua por pol\u00edticas p\u00fablicas e n\u00e3o por a\u00e7\u00f5es violentas e higienistas.<\/p>\n<div id=\"themify_builder_content-1305\" data-postid=\"1305\" class=\"themify_builder_content themify_builder_content-1305 themify_builder themify_builder_front\">\n\t<\/div>\n<!-- \/themify_builder_content -->","protected":false},"excerpt":{"rendered":"<p>O novo ano amanheceu na cidade silenciosa e vazia. Depois de tanto barulho o sil\u00eancio faz bem aos ouvidos e \u00e0 mente e nossa ora\u00e7\u00e3o mais recolhida. A missa desta manh\u00e3 na solenidade da Santa M\u00e3e de Deus nos fez mais pr\u00f3ximos do mist\u00e9rio do amor de Deus em nossas vidas! A missa solene, os [&hellip;]<\/p>\n","protected":false},"author":4,"featured_media":0,"comment_status":"open","ping_status":"open","sticky":false,"template":"","format":"standard","meta":{"ngg_post_thumbnail":0,"footnotes":""},"categories":[4],"tags":[170,169,157,167,37,168],"yoast_head":"<!-- This site is optimized with the Yoast SEO plugin v23.5 - https:\/\/yoast.com\/wordpress\/plugins\/seo\/ -->\n<title>Amanheceu 2009! - O Arcanjo no ar<\/title>\n<meta name=\"robots\" content=\"index, follow, max-snippet:-1, max-image-preview:large, max-video-preview:-1\" \/>\n<link rel=\"canonical\" href=\"https:\/\/www.oarcanjo.net\/site\/amanheceu-2009\/\" \/>\n<meta property=\"og:locale\" content=\"pt_BR\" \/>\n<meta property=\"og:type\" content=\"article\" \/>\n<meta property=\"og:title\" content=\"Amanheceu 2009! - O Arcanjo no ar\" \/>\n<meta property=\"og:description\" content=\"O novo ano amanheceu na cidade silenciosa e vazia. Depois de tanto barulho o sil\u00eancio faz bem aos ouvidos e \u00e0 mente e nossa ora\u00e7\u00e3o mais recolhida. A missa desta manh\u00e3 na solenidade da Santa M\u00e3e de Deus nos fez mais pr\u00f3ximos do mist\u00e9rio do amor de Deus em nossas vidas! A missa solene, os [&hellip;]\" \/>\n<meta property=\"og:url\" content=\"https:\/\/www.oarcanjo.net\/site\/amanheceu-2009\/\" \/>\n<meta property=\"og:site_name\" content=\"O Arcanjo no ar\" \/>\n<meta property=\"article:publisher\" content=\"https:\/\/www.facebook.com\/OArcanjoNoAr\/\" \/>\n<meta property=\"article:published_time\" content=\"2009-01-01T11:32:54+00:00\" \/>\n<meta property=\"article:modified_time\" content=\"2009-01-01T13:17:09+00:00\" \/>\n<meta property=\"og:image\" content=\"https:\/\/www.oarcanjo.net\/site\/wp-content\/uploads\/logo-o-arcanjo-no-ar-facebook.png\" \/>\n\t<meta property=\"og:image:width\" content=\"300\" \/>\n\t<meta property=\"og:image:height\" content=\"300\" \/>\n\t<meta property=\"og:image:type\" content=\"image\/png\" \/>\n<meta name=\"author\" content=\"julio\" \/>\n<meta name=\"twitter:card\" content=\"summary_large_image\" \/>\n<meta name=\"twitter:label1\" content=\"Escrito por\" \/>\n\t<meta name=\"twitter:data1\" content=\"julio\" \/>\n\t<meta name=\"twitter:label2\" content=\"Est. tempo de leitura\" \/>\n\t<meta name=\"twitter:data2\" content=\"1 minuto\" \/>\n<script type=\"application\/ld+json\" class=\"yoast-schema-graph\">{\"@context\":\"https:\/\/schema.org\",\"@graph\":[{\"@type\":\"Article\",\"@id\":\"https:\/\/www.oarcanjo.net\/site\/amanheceu-2009\/#article\",\"isPartOf\":{\"@id\":\"https:\/\/www.oarcanjo.net\/site\/amanheceu-2009\/\"},\"author\":{\"name\":\"julio\",\"@id\":\"https:\/\/www.oarcanjo.net\/site\/#\/schema\/person\/d78ea01c648c91e29c364b516767079e\"},\"headline\":\"Amanheceu 2009!\",\"datePublished\":\"2009-01-01T11:32:54+00:00\",\"dateModified\":\"2009-01-01T13:17:09+00:00\",\"mainEntityOfPage\":{\"@id\":\"https:\/\/www.oarcanjo.net\/site\/amanheceu-2009\/\"},\"wordCount\":237,\"commentCount\":2,\"publisher\":{\"@id\":\"https:\/\/www.oarcanjo.net\/site\/#organization\"},\"keywords\":[\"cidade\",\"higienista\",\"papa\",\"paz\",\"pobreza\",\"pol\u00edticas p\u00fablicas\"],\"articleSection\":[\"Blog\"],\"inLanguage\":\"pt-BR\",\"potentialAction\":[{\"@type\":\"CommentAction\",\"name\":\"Comment\",\"target\":[\"https:\/\/www.oarcanjo.net\/site\/amanheceu-2009\/#respond\"]}]},{\"@type\":\"WebPage\",\"@id\":\"https:\/\/www.oarcanjo.net\/site\/amanheceu-2009\/\",\"url\":\"https:\/\/www.oarcanjo.net\/site\/amanheceu-2009\/\",\"name\":\"Amanheceu 2009! - O Arcanjo no ar\",\"isPartOf\":{\"@id\":\"https:\/\/www.oarcanjo.net\/site\/#website\"},\"datePublished\":\"2009-01-01T11:32:54+00:00\",\"dateModified\":\"2009-01-01T13:17:09+00:00\",\"breadcrumb\":{\"@id\":\"https:\/\/www.oarcanjo.net\/site\/amanheceu-2009\/#breadcrumb\"},\"inLanguage\":\"pt-BR\",\"potentialAction\":[{\"@type\":\"ReadAction\",\"target\":[\"https:\/\/www.oarcanjo.net\/site\/amanheceu-2009\/\"]}]},{\"@type\":\"BreadcrumbList\",\"@id\":\"https:\/\/www.oarcanjo.net\/site\/amanheceu-2009\/#breadcrumb\",\"itemListElement\":[{\"@type\":\"ListItem\",\"position\":1,\"name\":\"In\u00edcio\",\"item\":\"https:\/\/www.oarcanjo.net\/site\/\"},{\"@type\":\"ListItem\",\"position\":2,\"name\":\"Amanheceu 2009!\"}]},{\"@type\":\"WebSite\",\"@id\":\"https:\/\/www.oarcanjo.net\/site\/#website\",\"url\":\"https:\/\/www.oarcanjo.net\/site\/\",\"name\":\"O Arcanjo no ar\",\"description\":\"Site da Par\u00f3quia S\u00e3o Miguel Arcanjo (Arquidiocese de SP)\",\"publisher\":{\"@id\":\"https:\/\/www.oarcanjo.net\/site\/#organization\"},\"potentialAction\":[{\"@type\":\"SearchAction\",\"target\":{\"@type\":\"EntryPoint\",\"urlTemplate\":\"https:\/\/www.oarcanjo.net\/site\/?s={search_term_string}\"},\"query-input\":{\"@type\":\"PropertyValueSpecification\",\"valueRequired\":true,\"valueName\":\"search_term_string\"}}],\"inLanguage\":\"pt-BR\"},{\"@type\":\"Organization\",\"@id\":\"https:\/\/www.oarcanjo.net\/site\/#organization\",\"name\":\"Par\u00f3quia S\u00e3o Miguel Arcanjo\",\"url\":\"https:\/\/www.oarcanjo.net\/site\/\",\"logo\":{\"@type\":\"ImageObject\",\"inLanguage\":\"pt-BR\",\"@id\":\"https:\/\/www.oarcanjo.net\/site\/#\/schema\/logo\/image\/\",\"url\":\"https:\/\/www.oarcanjo.net\/site\/wp-content\/uploads\/LogoOArcanjo.png\",\"contentUrl\":\"https:\/\/www.oarcanjo.net\/site\/wp-content\/uploads\/LogoOArcanjo.png\",\"width\":319,\"height\":99,\"caption\":\"Par\u00f3quia S\u00e3o Miguel Arcanjo\"},\"image\":{\"@id\":\"https:\/\/www.oarcanjo.net\/site\/#\/schema\/logo\/image\/\"},\"sameAs\":[\"https:\/\/www.facebook.com\/OArcanjoNoAr\/\"]},{\"@type\":\"Person\",\"@id\":\"https:\/\/www.oarcanjo.net\/site\/#\/schema\/person\/d78ea01c648c91e29c364b516767079e\",\"name\":\"julio\",\"sameAs\":[\"http:\/\/www.oarcanjo.net\"]}]}<\/script>\n<!-- \/ Yoast SEO plugin. -->","yoast_head_json":{"title":"Amanheceu 2009! - O Arcanjo no ar","robots":{"index":"index","follow":"follow","max-snippet":"max-snippet:-1","max-image-preview":"max-image-preview:large","max-video-preview":"max-video-preview:-1"},"canonical":"https:\/\/www.oarcanjo.net\/site\/amanheceu-2009\/","og_locale":"pt_BR","og_type":"article","og_title":"Amanheceu 2009! - O Arcanjo no ar","og_description":"O novo ano amanheceu na cidade silenciosa e vazia. Depois de tanto barulho o sil\u00eancio faz bem aos ouvidos e \u00e0 mente e nossa ora\u00e7\u00e3o mais recolhida. A missa desta manh\u00e3 na solenidade da Santa M\u00e3e de Deus nos fez mais pr\u00f3ximos do mist\u00e9rio do amor de Deus em nossas vidas! A missa solene, os [&hellip;]","og_url":"https:\/\/www.oarcanjo.net\/site\/amanheceu-2009\/","og_site_name":"O Arcanjo no ar","article_publisher":"https:\/\/www.facebook.com\/OArcanjoNoAr\/","article_published_time":"2009-01-01T11:32:54+00:00","article_modified_time":"2009-01-01T13:17:09+00:00","og_image":[{"width":300,"height":300,"url":"https:\/\/www.oarcanjo.net\/site\/wp-content\/uploads\/logo-o-arcanjo-no-ar-facebook.png","type":"image\/png"}],"author":"julio","twitter_card":"summary_large_image","twitter_misc":{"Escrito por":"julio","Est. tempo de leitura":"1 minuto"},"schema":{"@context":"https:\/\/schema.org","@graph":[{"@type":"Article","@id":"https:\/\/www.oarcanjo.net\/site\/amanheceu-2009\/#article","isPartOf":{"@id":"https:\/\/www.oarcanjo.net\/site\/amanheceu-2009\/"},"author":{"name":"julio","@id":"https:\/\/www.oarcanjo.net\/site\/#\/schema\/person\/d78ea01c648c91e29c364b516767079e"},"headline":"Amanheceu 2009!","datePublished":"2009-01-01T11:32:54+00:00","dateModified":"2009-01-01T13:17:09+00:00","mainEntityOfPage":{"@id":"https:\/\/www.oarcanjo.net\/site\/amanheceu-2009\/"},"wordCount":237,"commentCount":2,"publisher":{"@id":"https:\/\/www.oarcanjo.net\/site\/#organization"},"keywords":["cidade","higienista","papa","paz","pobreza","pol\u00edticas p\u00fablicas"],"articleSection":["Blog"],"inLanguage":"pt-BR","potentialAction":[{"@type":"CommentAction","name":"Comment","target":["https:\/\/www.oarcanjo.net\/site\/amanheceu-2009\/#respond"]}]},{"@type":"WebPage","@id":"https:\/\/www.oarcanjo.net\/site\/amanheceu-2009\/","url":"https:\/\/www.oarcanjo.net\/site\/amanheceu-2009\/","name":"Amanheceu 2009! - O Arcanjo no ar","isPartOf":{"@id":"https:\/\/www.oarcanjo.net\/site\/#website"},"datePublished":"2009-01-01T11:32:54+00:00","dateModified":"2009-01-01T13:17:09+00:00","breadcrumb":{"@id":"https:\/\/www.oarcanjo.net\/site\/amanheceu-2009\/#breadcrumb"},"inLanguage":"pt-BR","potentialAction":[{"@type":"ReadAction","target":["https:\/\/www.oarcanjo.net\/site\/amanheceu-2009\/"]}]},{"@type":"BreadcrumbList","@id":"https:\/\/www.oarcanjo.net\/site\/amanheceu-2009\/#breadcrumb","itemListElement":[{"@type":"ListItem","position":1,"name":"In\u00edcio","item":"https:\/\/www.oarcanjo.net\/site\/"},{"@type":"ListItem","position":2,"name":"Amanheceu 2009!"}]},{"@type":"WebSite","@id":"https:\/\/www.oarcanjo.net\/site\/#website","url":"https:\/\/www.oarcanjo.net\/site\/","name":"O Arcanjo no ar","description":"Site da Par\u00f3quia S\u00e3o Miguel Arcanjo (Arquidiocese de SP)","publisher":{"@id":"https:\/\/www.oarcanjo.net\/site\/#organization"},"potentialAction":[{"@type":"SearchAction","target":{"@type":"EntryPoint","urlTemplate":"https:\/\/www.oarcanjo.net\/site\/?s={search_term_string}"},"query-input":{"@type":"PropertyValueSpecification","valueRequired":true,"valueName":"search_term_string"}}],"inLanguage":"pt-BR"},{"@type":"Organization","@id":"https:\/\/www.oarcanjo.net\/site\/#organization","name":"Par\u00f3quia S\u00e3o Miguel Arcanjo","url":"https:\/\/www.oarcanjo.net\/site\/","logo":{"@type":"ImageObject","inLanguage":"pt-BR","@id":"https:\/\/www.oarcanjo.net\/site\/#\/schema\/logo\/image\/","url":"https:\/\/www.oarcanjo.net\/site\/wp-content\/uploads\/LogoOArcanjo.png","contentUrl":"https:\/\/www.oarcanjo.net\/site\/wp-content\/uploads\/LogoOArcanjo.png","width":319,"height":99,"caption":"Par\u00f3quia S\u00e3o Miguel Arcanjo"},"image":{"@id":"https:\/\/www.oarcanjo.net\/site\/#\/schema\/logo\/image\/"},"sameAs":["https:\/\/www.facebook.com\/OArcanjoNoAr\/"]},{"@type":"Person","@id":"https:\/\/www.oarcanjo.net\/site\/#\/schema\/person\/d78ea01c648c91e29c364b516767079e","name":"julio","sameAs":["http:\/\/www.oarcanjo.net"]}]}},"publishpress_future_action":{"enabled":false,"date":"2026-05-07 18:46:09","action":"category","newStatus":"draft","terms":[],"taxonomy":"category"},"publishpress_future_workflow_manual_trigger":{"enabledWorkflows":[]},"_links":{"self":[{"href":"https:\/\/www.oarcanjo.net\/site\/wp-json\/wp\/v2\/posts\/1305"}],"collection":[{"href":"https:\/\/www.oarcanjo.net\/site\/wp-json\/wp\/v2\/posts"}],"about":[{"href":"https:\/\/www.oarcanjo.net\/site\/wp-json\/wp\/v2\/types\/post"}],"author":[{"embeddable":true,"href":"https:\/\/www.oarcanjo.net\/site\/wp-json\/wp\/v2\/users\/4"}],"replies":[{"embeddable":true,"href":"https:\/\/www.oarcanjo.net\/site\/wp-json\/wp\/v2\/comments?post=1305"}],"version-history":[{"count":0,"href":"https:\/\/www.oarcanjo.net\/site\/wp-json\/wp\/v2\/posts\/1305\/revisions"}],"wp:attachment":[{"href":"https:\/\/www.oarcanjo.net\/site\/wp-json\/wp\/v2\/media?parent=1305"}],"wp:term":[{"taxonomy":"category","embeddable":true,"href":"https:\/\/www.oarcanjo.net\/site\/wp-json\/wp\/v2\/categories?post=1305"},{"taxonomy":"post_tag","embeddable":true,"href":"https:\/\/www.oarcanjo.net\/site\/wp-json\/wp\/v2\/tags?post=1305"}],"curies":[{"name":"wp","href":"https:\/\/api.w.org\/{rel}","templated":true}]}}