
{"id":13060,"date":"2011-02-14T23:19:38","date_gmt":"2011-02-15T01:19:38","guid":{"rendered":"http:\/\/www.oarcanjo.net\/site\/?p=13060"},"modified":"2011-02-14T23:20:59","modified_gmt":"2011-02-15T01:20:59","slug":"um-outro-mundo-e-possivel","status":"publish","type":"post","link":"https:\/\/www.oarcanjo.net\/site\/um-outro-mundo-e-possivel\/","title":{"rendered":"Um outro mundo \u00e9 poss\u00edvel"},"content":{"rendered":"<p>Marcelo Barros<\/p>\n<p><a href=\"http:\/\/www.oarcanjo.net\/site\/wp-content\/uploads\/logoFSM2011.png\"><img loading=\"lazy\" decoding=\"async\" class=\"alignleft\" style=\"margin-left: 6px; margin-right: 6px;\" title=\"logoFSM2011\" src=\"http:\/\/www.oarcanjo.net\/site\/wp-content\/uploads\/logoFSM2011.png\" alt=\"\" width=\"151\" height=\"110\" \/><\/a><\/p>\n<p><a href=\"http:\/\/www.oarcanjo.net\/site\/wp-content\/uploads\/logoFSM2011.png\"><\/a>Nestes dias, milhares de pessoas de todo o mundo voltam de Dakar, no Senegal, onde na semana passada (de 06 a 10 de fevereiro), se encerrou o 9\u00ba F\u00f3rum Social Mundial. Desde os anos 70, a cada ano, os homens mais ricos do mundo se re\u00fanem em Davos, na Su\u00ed\u00e7a, para um F\u00f3rum Econ\u00f4mico Mundial. H\u00e1 dez anos, educadores e militantes de direitos humanos tiveram a id\u00e9ia de promover um encontro diferente. Para mostrar que o dinheiro \u00e9 importante, mas n\u00e3o \u00e9 tudo, propuseram um encontro no qual as pessoas se encontrassem como cidad\u00e3s do mundo e para pensar a possibilidade de um mundo mais justo e de paz. Os grandes meios de comunica\u00e7\u00e3o, ligados aos propriet\u00e1rios do Capital, n\u00e3o aprovaram a id\u00e9ia e a ridicularizaram de todos os modos que puderam. Os promotores do 1\u00ba F\u00f3rum Social Mundial, ocorrido em Porto Alegre (2001), pensaram em reunir umas cem pessoas. A surpresa foi que, espontaneamente, sem convites e sem maior estrutura econ\u00f4mica, chegaram mais de tr\u00eas mil. No 2\u00ba F\u00f3rum, j\u00e1 eram mais de 20.000 e nos f\u00f3runs seguintes, v\u00e1rias vezes, o n\u00famero ultrapassou cem mil. O regulamento do f\u00f3rum o mant\u00e9m como espa\u00e7o aberto \u00e0 participa\u00e7\u00e3o de toda a humanidade. N\u00e3o tem v\u00ednculos religiosos, nem pol\u00edtico-partid\u00e1rios. Nos f\u00f3runs, nenhuma autoridade pol\u00edtica \u00e9 maior do que qualquer outro cidad\u00e3o. Nele participam \u00edndios, comunidades afro-descendentes, lavradores e pessoas sem teto, discutindo de igual para igual com doutores de universidade e pol\u00edticos profissionais. Desde o 4\u00ba F\u00f3rum Mundial, ocorrido em Bangladesh na \u00cdndia, centenas de dalits, considerados impuros por muitos de seu pa\u00eds, t\u00eam o direito de falar e propor outro modo de organizar a sociedade. Em 2009, o f\u00f3rum aconteceu em Bel\u00e9m e assumiu a preocupa\u00e7\u00e3o maior da defesa da Amaz\u00f4nia e da solidariedade aos povos ind\u00edgenas. Neste ano, de 06 a 13 de fevereiro, o F\u00f3rum se reuniu pela segunda vez na \u00c1frica, desta vez no Senegal, um dos pa\u00edses mais pobres do continente.<\/p>\n<p>Se comparamos o mundo de 2001, quando ocorreu o primeiro f\u00f3rum social e a realidade atual, constatamos mudan\u00e7as imensas e nem sempre para melhor. Ao mesmo tempo que o sistema econ\u00f4mico capitalista vive uma crise estrutural imensa que j\u00e1 dura mais de dois anos, a maior parte dos governos n\u00e3o busca alternativas. Simplesmente investem somas de dinheiro para salvar bancos e concentrar mais ainda as grandes multinacionais, enquanto exigem dos pobres sacrif\u00edcios maiores e mais inseguran\u00e7a social. Em pa\u00edses antes equilibrados, as taxas de desemprego sobem \u00e0s alturas e o n\u00famero de pobres aumenta assustadoramente. Ao mesmo tempo, al\u00e9m das v\u00edtimas asiladas de regimes pol\u00edticos opressores, agora se multiplicam tamb\u00e9m as v\u00edtimas de cat\u00e1strofes naturais, cada vez mais freq\u00fcentes e descontroladas. Na Austr\u00e1lia, \u00e0s mais fortes inunda\u00e7\u00f5es dos \u00faltimos anos, se sucederam tuf\u00f5es e tempestades destruidoras. Assim mesmo, diferentemente do Brasil, o poder p\u00fablico organizou o povo e n\u00e3o houve v\u00edtimas fatais. Isso n\u00e3o impede que milhares de pessoas estejam desabrigadas e carentes. Os governos do Congo e da Austr\u00e1lia, assim como os governantes brasileiros prometem ajudar as v\u00edtimas da natureza, mas n\u00e3o rev\u00eaem seus programas que continuam a destruir o planeta e provocar tais cat\u00e1strofes. Para a sociedade dominante, ganhar dinheiro continua o objetivo fundamental, mesmo com m\u00e9todos que, a m\u00e9dio prazo, incidem contra a pr\u00f3pria vida e provocam mais gastos. Afinal, quem vai devolver aos desabrigados do Congo, da Austr\u00e1lia, do Brasil e tantas outras partes do mundo o que estas pessoas perderam, em termos humanos, emocionais e materiais?<\/p>\n<p>O F\u00f3rum Social de Dakar retomou estas quest\u00f5es, procurou formas novas de apoiar os movimentos sociais organizados e fortalecer o processo de descoloniza\u00e7\u00e3o de pa\u00edses africanos e latino-americanos. Certamente, o sucesso deste f\u00f3rum repercutir\u00e1 em f\u00f3runs locais e tem\u00e1ticos que se espalhar\u00e3o pelo mundo todo. Apesar de todas as dificuldades e desafios, como dizia Dom H\u00e9lder C\u00e2mara: &#8220;H\u00e1 mil raz\u00f5es para acreditar no futuro e apostar no melhor\u201d. Para quem participou de algum dos f\u00f3runs sociais, certamente ainda ressoa o refr\u00e3o da m\u00fasica mais cantada nos f\u00f3runs que ocorreram no Brasil: &#8220;Aqui, um outro mundo \u00e9 poss\u00edvel, se a gente quiser!\u201d.<\/p>\n<div id=\"themify_builder_content-13060\" data-postid=\"13060\" class=\"themify_builder_content themify_builder_content-13060 themify_builder themify_builder_front\">\n\t<\/div>\n<!-- \/themify_builder_content -->","protected":false},"excerpt":{"rendered":"<p>Marcelo Barros Nestes dias, milhares de pessoas de todo o mundo voltam de Dakar, no Senegal, onde na semana passada (de 06 a 10 de fevereiro), se encerrou o 9\u00ba F\u00f3rum Social Mundial. Desde os anos 70, a cada ano, os homens mais ricos do mundo se re\u00fanem em Davos, na Su\u00ed\u00e7a, para um F\u00f3rum [&hellip;]<\/p>\n","protected":false},"author":5,"featured_media":0,"comment_status":"open","ping_status":"open","sticky":false,"template":"","format":"standard","meta":{"ngg_post_thumbnail":0,"footnotes":""},"categories":[9],"tags":[1636,1832,1833,916,209,208,708],"yoast_head":"<!-- This site is optimized with the Yoast SEO plugin v23.5 - https:\/\/yoast.com\/wordpress\/plugins\/seo\/ -->\n<title>Um outro mundo \u00e9 poss\u00edvel - O Arcanjo no ar<\/title>\n<meta name=\"robots\" content=\"index, follow, max-snippet:-1, max-image-preview:large, max-video-preview:-1\" \/>\n<link rel=\"canonical\" href=\"https:\/\/www.oarcanjo.net\/site\/um-outro-mundo-e-possivel\/\" \/>\n<meta property=\"og:locale\" content=\"pt_BR\" \/>\n<meta property=\"og:type\" content=\"article\" \/>\n<meta property=\"og:title\" content=\"Um outro mundo \u00e9 poss\u00edvel - O Arcanjo no ar\" \/>\n<meta property=\"og:description\" content=\"Marcelo Barros Nestes dias, milhares de pessoas de todo o mundo voltam de Dakar, no Senegal, onde na semana passada (de 06 a 10 de fevereiro), se encerrou o 9\u00ba F\u00f3rum Social Mundial. Desde os anos 70, a cada ano, os homens mais ricos do mundo se re\u00fanem em Davos, na Su\u00ed\u00e7a, para um F\u00f3rum [&hellip;]\" \/>\n<meta property=\"og:url\" content=\"https:\/\/www.oarcanjo.net\/site\/um-outro-mundo-e-possivel\/\" \/>\n<meta property=\"og:site_name\" content=\"O Arcanjo no ar\" \/>\n<meta property=\"article:publisher\" content=\"https:\/\/www.facebook.com\/OArcanjoNoAr\/\" \/>\n<meta property=\"article:published_time\" content=\"2011-02-15T01:19:38+00:00\" \/>\n<meta property=\"article:modified_time\" content=\"2011-02-15T01:20:59+00:00\" \/>\n<meta property=\"og:image\" content=\"http:\/\/www.oarcanjo.net\/site\/wp-content\/uploads\/logoFSM2011.png\" \/>\n<meta name=\"author\" content=\"editor\" \/>\n<meta name=\"twitter:card\" content=\"summary_large_image\" \/>\n<meta name=\"twitter:label1\" content=\"Escrito por\" \/>\n\t<meta name=\"twitter:data1\" content=\"editor\" \/>\n\t<meta name=\"twitter:label2\" content=\"Est. tempo de leitura\" \/>\n\t<meta name=\"twitter:data2\" content=\"4 minutos\" \/>\n<script type=\"application\/ld+json\" class=\"yoast-schema-graph\">{\"@context\":\"https:\/\/schema.org\",\"@graph\":[{\"@type\":\"Article\",\"@id\":\"https:\/\/www.oarcanjo.net\/site\/um-outro-mundo-e-possivel\/#article\",\"isPartOf\":{\"@id\":\"https:\/\/www.oarcanjo.net\/site\/um-outro-mundo-e-possivel\/\"},\"author\":{\"name\":\"editor\",\"@id\":\"https:\/\/www.oarcanjo.net\/site\/#\/schema\/person\/f7024d007863202483a31326673a0838\"},\"headline\":\"Um outro mundo \u00e9 poss\u00edvel\",\"datePublished\":\"2011-02-15T01:19:38+00:00\",\"dateModified\":\"2011-02-15T01:20:59+00:00\",\"mainEntityOfPage\":{\"@id\":\"https:\/\/www.oarcanjo.net\/site\/um-outro-mundo-e-possivel\/\"},\"wordCount\":753,\"commentCount\":0,\"publisher\":{\"@id\":\"https:\/\/www.oarcanjo.net\/site\/#organization\"},\"image\":{\"@id\":\"https:\/\/www.oarcanjo.net\/site\/um-outro-mundo-e-possivel\/#primaryimage\"},\"thumbnailUrl\":\"http:\/\/www.oarcanjo.net\/site\/wp-content\/uploads\/logoFSM2011.png\",\"keywords\":[\"\u00c1frica\",\"Dakar\",\"Davos\",\"exclus\u00e3o social\",\"F\u00f3rum Social Mundial\",\"FSM\",\"participa\u00e7\u00e3o popular\"],\"articleSection\":[\"Reflex\u00f5es\"],\"inLanguage\":\"pt-BR\",\"potentialAction\":[{\"@type\":\"CommentAction\",\"name\":\"Comment\",\"target\":[\"https:\/\/www.oarcanjo.net\/site\/um-outro-mundo-e-possivel\/#respond\"]}]},{\"@type\":\"WebPage\",\"@id\":\"https:\/\/www.oarcanjo.net\/site\/um-outro-mundo-e-possivel\/\",\"url\":\"https:\/\/www.oarcanjo.net\/site\/um-outro-mundo-e-possivel\/\",\"name\":\"Um outro mundo \u00e9 poss\u00edvel - O Arcanjo no ar\",\"isPartOf\":{\"@id\":\"https:\/\/www.oarcanjo.net\/site\/#website\"},\"primaryImageOfPage\":{\"@id\":\"https:\/\/www.oarcanjo.net\/site\/um-outro-mundo-e-possivel\/#primaryimage\"},\"image\":{\"@id\":\"https:\/\/www.oarcanjo.net\/site\/um-outro-mundo-e-possivel\/#primaryimage\"},\"thumbnailUrl\":\"http:\/\/www.oarcanjo.net\/site\/wp-content\/uploads\/logoFSM2011.png\",\"datePublished\":\"2011-02-15T01:19:38+00:00\",\"dateModified\":\"2011-02-15T01:20:59+00:00\",\"breadcrumb\":{\"@id\":\"https:\/\/www.oarcanjo.net\/site\/um-outro-mundo-e-possivel\/#breadcrumb\"},\"inLanguage\":\"pt-BR\",\"potentialAction\":[{\"@type\":\"ReadAction\",\"target\":[\"https:\/\/www.oarcanjo.net\/site\/um-outro-mundo-e-possivel\/\"]}]},{\"@type\":\"ImageObject\",\"inLanguage\":\"pt-BR\",\"@id\":\"https:\/\/www.oarcanjo.net\/site\/um-outro-mundo-e-possivel\/#primaryimage\",\"url\":\"http:\/\/www.oarcanjo.net\/site\/wp-content\/uploads\/logoFSM2011.png\",\"contentUrl\":\"http:\/\/www.oarcanjo.net\/site\/wp-content\/uploads\/logoFSM2011.png\"},{\"@type\":\"BreadcrumbList\",\"@id\":\"https:\/\/www.oarcanjo.net\/site\/um-outro-mundo-e-possivel\/#breadcrumb\",\"itemListElement\":[{\"@type\":\"ListItem\",\"position\":1,\"name\":\"In\u00edcio\",\"item\":\"https:\/\/www.oarcanjo.net\/site\/\"},{\"@type\":\"ListItem\",\"position\":2,\"name\":\"Um outro mundo \u00e9 poss\u00edvel\"}]},{\"@type\":\"WebSite\",\"@id\":\"https:\/\/www.oarcanjo.net\/site\/#website\",\"url\":\"https:\/\/www.oarcanjo.net\/site\/\",\"name\":\"O Arcanjo no ar\",\"description\":\"Site da Par\u00f3quia S\u00e3o Miguel Arcanjo (Arquidiocese de SP)\",\"publisher\":{\"@id\":\"https:\/\/www.oarcanjo.net\/site\/#organization\"},\"potentialAction\":[{\"@type\":\"SearchAction\",\"target\":{\"@type\":\"EntryPoint\",\"urlTemplate\":\"https:\/\/www.oarcanjo.net\/site\/?s={search_term_string}\"},\"query-input\":{\"@type\":\"PropertyValueSpecification\",\"valueRequired\":true,\"valueName\":\"search_term_string\"}}],\"inLanguage\":\"pt-BR\"},{\"@type\":\"Organization\",\"@id\":\"https:\/\/www.oarcanjo.net\/site\/#organization\",\"name\":\"Par\u00f3quia S\u00e3o Miguel Arcanjo\",\"url\":\"https:\/\/www.oarcanjo.net\/site\/\",\"logo\":{\"@type\":\"ImageObject\",\"inLanguage\":\"pt-BR\",\"@id\":\"https:\/\/www.oarcanjo.net\/site\/#\/schema\/logo\/image\/\",\"url\":\"https:\/\/www.oarcanjo.net\/site\/wp-content\/uploads\/LogoOArcanjo.png\",\"contentUrl\":\"https:\/\/www.oarcanjo.net\/site\/wp-content\/uploads\/LogoOArcanjo.png\",\"width\":319,\"height\":99,\"caption\":\"Par\u00f3quia S\u00e3o Miguel Arcanjo\"},\"image\":{\"@id\":\"https:\/\/www.oarcanjo.net\/site\/#\/schema\/logo\/image\/\"},\"sameAs\":[\"https:\/\/www.facebook.com\/OArcanjoNoAr\/\"]},{\"@type\":\"Person\",\"@id\":\"https:\/\/www.oarcanjo.net\/site\/#\/schema\/person\/f7024d007863202483a31326673a0838\",\"name\":\"editor\",\"sameAs\":[\"http:\/\/www.oarcanjo.net\"]}]}<\/script>\n<!-- \/ Yoast SEO plugin. -->","yoast_head_json":{"title":"Um outro mundo \u00e9 poss\u00edvel - O Arcanjo no ar","robots":{"index":"index","follow":"follow","max-snippet":"max-snippet:-1","max-image-preview":"max-image-preview:large","max-video-preview":"max-video-preview:-1"},"canonical":"https:\/\/www.oarcanjo.net\/site\/um-outro-mundo-e-possivel\/","og_locale":"pt_BR","og_type":"article","og_title":"Um outro mundo \u00e9 poss\u00edvel - O Arcanjo no ar","og_description":"Marcelo Barros Nestes dias, milhares de pessoas de todo o mundo voltam de Dakar, no Senegal, onde na semana passada (de 06 a 10 de fevereiro), se encerrou o 9\u00ba F\u00f3rum Social Mundial. Desde os anos 70, a cada ano, os homens mais ricos do mundo se re\u00fanem em Davos, na Su\u00ed\u00e7a, para um F\u00f3rum [&hellip;]","og_url":"https:\/\/www.oarcanjo.net\/site\/um-outro-mundo-e-possivel\/","og_site_name":"O Arcanjo no ar","article_publisher":"https:\/\/www.facebook.com\/OArcanjoNoAr\/","article_published_time":"2011-02-15T01:19:38+00:00","article_modified_time":"2011-02-15T01:20:59+00:00","og_image":[{"url":"http:\/\/www.oarcanjo.net\/site\/wp-content\/uploads\/logoFSM2011.png"}],"author":"editor","twitter_card":"summary_large_image","twitter_misc":{"Escrito por":"editor","Est. tempo de leitura":"4 minutos"},"schema":{"@context":"https:\/\/schema.org","@graph":[{"@type":"Article","@id":"https:\/\/www.oarcanjo.net\/site\/um-outro-mundo-e-possivel\/#article","isPartOf":{"@id":"https:\/\/www.oarcanjo.net\/site\/um-outro-mundo-e-possivel\/"},"author":{"name":"editor","@id":"https:\/\/www.oarcanjo.net\/site\/#\/schema\/person\/f7024d007863202483a31326673a0838"},"headline":"Um outro mundo \u00e9 poss\u00edvel","datePublished":"2011-02-15T01:19:38+00:00","dateModified":"2011-02-15T01:20:59+00:00","mainEntityOfPage":{"@id":"https:\/\/www.oarcanjo.net\/site\/um-outro-mundo-e-possivel\/"},"wordCount":753,"commentCount":0,"publisher":{"@id":"https:\/\/www.oarcanjo.net\/site\/#organization"},"image":{"@id":"https:\/\/www.oarcanjo.net\/site\/um-outro-mundo-e-possivel\/#primaryimage"},"thumbnailUrl":"http:\/\/www.oarcanjo.net\/site\/wp-content\/uploads\/logoFSM2011.png","keywords":["\u00c1frica","Dakar","Davos","exclus\u00e3o social","F\u00f3rum Social Mundial","FSM","participa\u00e7\u00e3o popular"],"articleSection":["Reflex\u00f5es"],"inLanguage":"pt-BR","potentialAction":[{"@type":"CommentAction","name":"Comment","target":["https:\/\/www.oarcanjo.net\/site\/um-outro-mundo-e-possivel\/#respond"]}]},{"@type":"WebPage","@id":"https:\/\/www.oarcanjo.net\/site\/um-outro-mundo-e-possivel\/","url":"https:\/\/www.oarcanjo.net\/site\/um-outro-mundo-e-possivel\/","name":"Um outro mundo \u00e9 poss\u00edvel - O Arcanjo no ar","isPartOf":{"@id":"https:\/\/www.oarcanjo.net\/site\/#website"},"primaryImageOfPage":{"@id":"https:\/\/www.oarcanjo.net\/site\/um-outro-mundo-e-possivel\/#primaryimage"},"image":{"@id":"https:\/\/www.oarcanjo.net\/site\/um-outro-mundo-e-possivel\/#primaryimage"},"thumbnailUrl":"http:\/\/www.oarcanjo.net\/site\/wp-content\/uploads\/logoFSM2011.png","datePublished":"2011-02-15T01:19:38+00:00","dateModified":"2011-02-15T01:20:59+00:00","breadcrumb":{"@id":"https:\/\/www.oarcanjo.net\/site\/um-outro-mundo-e-possivel\/#breadcrumb"},"inLanguage":"pt-BR","potentialAction":[{"@type":"ReadAction","target":["https:\/\/www.oarcanjo.net\/site\/um-outro-mundo-e-possivel\/"]}]},{"@type":"ImageObject","inLanguage":"pt-BR","@id":"https:\/\/www.oarcanjo.net\/site\/um-outro-mundo-e-possivel\/#primaryimage","url":"http:\/\/www.oarcanjo.net\/site\/wp-content\/uploads\/logoFSM2011.png","contentUrl":"http:\/\/www.oarcanjo.net\/site\/wp-content\/uploads\/logoFSM2011.png"},{"@type":"BreadcrumbList","@id":"https:\/\/www.oarcanjo.net\/site\/um-outro-mundo-e-possivel\/#breadcrumb","itemListElement":[{"@type":"ListItem","position":1,"name":"In\u00edcio","item":"https:\/\/www.oarcanjo.net\/site\/"},{"@type":"ListItem","position":2,"name":"Um outro mundo \u00e9 poss\u00edvel"}]},{"@type":"WebSite","@id":"https:\/\/www.oarcanjo.net\/site\/#website","url":"https:\/\/www.oarcanjo.net\/site\/","name":"O Arcanjo no ar","description":"Site da Par\u00f3quia S\u00e3o Miguel Arcanjo (Arquidiocese de SP)","publisher":{"@id":"https:\/\/www.oarcanjo.net\/site\/#organization"},"potentialAction":[{"@type":"SearchAction","target":{"@type":"EntryPoint","urlTemplate":"https:\/\/www.oarcanjo.net\/site\/?s={search_term_string}"},"query-input":{"@type":"PropertyValueSpecification","valueRequired":true,"valueName":"search_term_string"}}],"inLanguage":"pt-BR"},{"@type":"Organization","@id":"https:\/\/www.oarcanjo.net\/site\/#organization","name":"Par\u00f3quia S\u00e3o Miguel Arcanjo","url":"https:\/\/www.oarcanjo.net\/site\/","logo":{"@type":"ImageObject","inLanguage":"pt-BR","@id":"https:\/\/www.oarcanjo.net\/site\/#\/schema\/logo\/image\/","url":"https:\/\/www.oarcanjo.net\/site\/wp-content\/uploads\/LogoOArcanjo.png","contentUrl":"https:\/\/www.oarcanjo.net\/site\/wp-content\/uploads\/LogoOArcanjo.png","width":319,"height":99,"caption":"Par\u00f3quia S\u00e3o Miguel Arcanjo"},"image":{"@id":"https:\/\/www.oarcanjo.net\/site\/#\/schema\/logo\/image\/"},"sameAs":["https:\/\/www.facebook.com\/OArcanjoNoAr\/"]},{"@type":"Person","@id":"https:\/\/www.oarcanjo.net\/site\/#\/schema\/person\/f7024d007863202483a31326673a0838","name":"editor","sameAs":["http:\/\/www.oarcanjo.net"]}]}},"publishpress_future_action":{"enabled":false,"date":"2026-05-10 08:22:44","action":"category","newStatus":"draft","terms":[],"taxonomy":"category"},"publishpress_future_workflow_manual_trigger":{"enabledWorkflows":[]},"_links":{"self":[{"href":"https:\/\/www.oarcanjo.net\/site\/wp-json\/wp\/v2\/posts\/13060"}],"collection":[{"href":"https:\/\/www.oarcanjo.net\/site\/wp-json\/wp\/v2\/posts"}],"about":[{"href":"https:\/\/www.oarcanjo.net\/site\/wp-json\/wp\/v2\/types\/post"}],"author":[{"embeddable":true,"href":"https:\/\/www.oarcanjo.net\/site\/wp-json\/wp\/v2\/users\/5"}],"replies":[{"embeddable":true,"href":"https:\/\/www.oarcanjo.net\/site\/wp-json\/wp\/v2\/comments?post=13060"}],"version-history":[{"count":0,"href":"https:\/\/www.oarcanjo.net\/site\/wp-json\/wp\/v2\/posts\/13060\/revisions"}],"wp:attachment":[{"href":"https:\/\/www.oarcanjo.net\/site\/wp-json\/wp\/v2\/media?parent=13060"}],"wp:term":[{"taxonomy":"category","embeddable":true,"href":"https:\/\/www.oarcanjo.net\/site\/wp-json\/wp\/v2\/categories?post=13060"},{"taxonomy":"post_tag","embeddable":true,"href":"https:\/\/www.oarcanjo.net\/site\/wp-json\/wp\/v2\/tags?post=13060"}],"curies":[{"name":"wp","href":"https:\/\/api.w.org\/{rel}","templated":true}]}}