
{"id":13082,"date":"2011-02-15T23:57:51","date_gmt":"2011-02-16T01:57:51","guid":{"rendered":"http:\/\/www.oarcanjo.net\/site\/?p=13082"},"modified":"2011-02-15T23:59:58","modified_gmt":"2011-02-16T01:59:58","slug":"o-que-a-tv-nos-manda-ver","status":"publish","type":"post","link":"https:\/\/www.oarcanjo.net\/site\/o-que-a-tv-nos-manda-ver\/","title":{"rendered":"O que a TV nos manda ver"},"content":{"rendered":"<p>Sandra Fernandes<\/p>\n<p>Voc\u00ea j\u00e1 reparou que temos o h\u00e1bito consolidado de sentar no sof\u00e1, ligar a TV e esperar por informa\u00e7\u00f5es acerca do que est\u00e1 acontecendo no mundo, dia ap\u00f3s dia, ouvindo, consumindo, mas nunca questionando? Alguma vez j\u00e1 se perguntou que fatia dos acontecimentos mundiais, nacionais e locais est\u00e1 representada ali? J\u00e1 pensou em quanta coisa fica fora dos notici\u00e1rios? J\u00e1 parou para refletir que existe algu\u00e9m que decide o que entra no ar e o que n\u00e3o entra? J\u00e1 se perguntou quais crit\u00e9rios essa pessoa usa para fazer essa triagem noticiosa decidindo o que ser\u00e1 e o que n\u00e3o ser\u00e1 repassado ao telespectador? Ser\u00e1 que aquilo que ela considera importante seria o mesmo que voc\u00ea consideraria importante? Se voc\u00ea pudesse selecionar as informa\u00e7\u00f5es, ser\u00e1 que escolheria as mesmas not\u00edcias? O que eles mostram ali realmente influencia sua vida?<\/p>\n<p>\u00c9 assustador pensar que tem algu\u00e9m decidindo por n\u00f3s o que iremos saber e aquilo de que n\u00e3o tomaremos conhecimento. A quem servem esses senhores an\u00f4nimos, mas conscientes do que fazem, levando mensagens a um p\u00fablico semi-adormecido? Precisamos acordar, despertar de nossa passividade e refletir acerca de como s\u00e3o fabricados, distribu\u00eddos e vendidos esses produtos chamados not\u00edcias, bens intang\u00edveis, mas que nem por isso deixam de ser bens de consumo. Ligamos nossa TV despreocupadamente acreditando que iremos ouvir verdades. Ser\u00e1? Acreditamos que seus \u201cconselhos\u201d s\u00e3o bons. Ser\u00e1 que s\u00e3o? Pensamos que as not\u00edcias veiculadas refletem realmente o que h\u00e1 de mais importante para saber. Ser\u00e1 mesmo?<\/p>\n<p>Voc\u00ea j\u00e1 reparou nos an\u00fancios que assiste enquanto espera pelo pr\u00f3ximo bloco? Quem s\u00e3o aquelas empresas que investem milh\u00f5es para veicular seus nomes e seus produtos naquele chamado hor\u00e1rio nobre em que milh\u00f5es e milh\u00f5es de pessoas est\u00e3o, tal qual voc\u00ea, sentados assistindo aquele programa jornal\u00edstico? Claro, elas bancam o custo da produ\u00e7\u00e3o televisiva que, todos sabemos, \u00e9 muito alto e que n\u00f3s recebemos gratuitamente em nossos lares.<\/p>\n<p>Mas, ser\u00e1 que em algum momento n\u00e3o pode haver um choque entre os interesses deles (patrocinadores) e nosso direito de conhecer os fatos e suas verdades? Se houver esse conflito, que sair\u00e1 ganhando, n\u00f3s, simples consumidores \u2013 e no mais das vezes, nem consumidores somos porque n\u00e3o podemos comprar o que eles vendem \u2013 ou os grandes e poderosos grupos que patrocinam os telejornais e enchem de glamour e de dinheiro os concession\u00e1rios de canais de TV? Ali\u00e1s, vale lembrar que as TVs t\u00eam apenas concess\u00f5es e que, portanto, prestam um servi\u00e7o publico por delega\u00e7\u00e3o do Estado.<\/p>\n<p>Voc\u00ea j\u00e1 reparou que h\u00e1 varias formas de contar a mesma hist\u00f3ria? V\u00e1rias abordagens, v\u00e1rias \u00eanfases, v\u00e1rios significados? J\u00e1 reparou que normalmente a primeira frase de uma mat\u00e9ria televisiva j\u00e1 determina de que forma ela deve ser interpretada e j\u00e1 prepara o caminho para a conclus\u00e3o que deve ser tomada sobre o que foi dito? J\u00e1 reparou que n\u00e3o h\u00e1 quest\u00f5es em aberto para voc\u00ea refletir? Tudo vem pronto, mastigado, resolvido. Em perfeita harmonia como roupa pr\u00eat-\u00e0-porter e como a comida fast-food, tamb\u00e9m algu\u00e9m j\u00e1 lhe poupa o trabalho de pensar, de refletir, de analisar os fatos. O risco \u00e9 voc\u00ea come\u00e7ar a acreditar que n\u00e3o tem capacidade para pensar, j\u00e1 que n\u00e3o lhe d\u00e3o essa oportunidade.<\/p>\n<p>Voc\u00ea j\u00e1 reparou que todos os dias as pessoas repetem, nas ruas, no trabalho, nos bares, a surrada frase \u201cvoc\u00ea viu\u2026 na TV ontem, que coisa horr\u00edvel\/engra\u00e7ada\/triste\/absurda?\u201d E se voc\u00ea, naquela fat\u00eddica noite, precisou levar sua sogra para a rodovi\u00e1ria e perdeu o famigerado pautador de assuntos, passa a ser considerado um desprez\u00edvel e desatualizado cidad\u00e3o que n\u00e3o leu na cartilha da boiada a li\u00e7\u00e3o da noite anterior. O curioso \u00e9 que todos saem com a mesma opini\u00e3o pasteurizada sobre os assuntos e ai de voc\u00ea se discordar do senso comum!<\/p>\n<p>Em suma, algu\u00e9m decide sobre o que voc\u00ea vai conversar no dia seguinte e que impress\u00e3o voc\u00ea vai causar no seu grupo social. Curioso, n\u00e3o? Mais curioso ainda \u00e9 que tudo isso nos parece normal. Estranho \u00e9 questionar essas coisas. Mas precisamos question\u00e1-las. N\u00e3o podemos permanecer adormecidos, passivos, conformados. Precisamos ansiar pela verdade simples, clara e objetiva e, sobretudo, n\u00e3o podemos deixar de considerar que toda mensagem \u00e9 transmitida por algu\u00e9m que est\u00e1 dentro de um contexto, que faz escolhas, que tem um objetivo ao transmiti-la. \u00c9 necess\u00e1rio que essas mensagens astutamente elaboradas cheguem a cabe\u00e7as cr\u00edticas e conscientes e n\u00e3o apenas dep\u00f3sitos cerebrais de informa\u00e7\u00f5es e interpreta\u00e7\u00f5es pr\u00e9-fabricadas.<\/p>\n<p><em>(publicado originalmente no blog <a href=\"http:\/\/passelivreonline.wordpress.com\/\" target=\"_blank\">Passe Livre<\/a>)<\/em><\/p>\n<div id=\"themify_builder_content-13082\" data-postid=\"13082\" class=\"themify_builder_content themify_builder_content-13082 themify_builder themify_builder_front\">\n\t<\/div>\n<!-- \/themify_builder_content -->","protected":false},"excerpt":{"rendered":"<p>Sandra Fernandes Voc\u00ea j\u00e1 reparou que temos o h\u00e1bito consolidado de sentar no sof\u00e1, ligar a TV e esperar por informa\u00e7\u00f5es acerca do que est\u00e1 acontecendo no mundo, dia ap\u00f3s dia, ouvindo, consumindo, mas nunca questionando? Alguma vez j\u00e1 se perguntou que fatia dos acontecimentos mundiais, nacionais e locais est\u00e1 representada ali? J\u00e1 pensou em [&hellip;]<\/p>\n","protected":false},"author":5,"featured_media":0,"comment_status":"open","ping_status":"open","sticky":false,"template":"","format":"standard","meta":{"ngg_post_thumbnail":0,"footnotes":""},"categories":[9],"tags":[1403,182,625],"yoast_head":"<!-- This site is optimized with the Yoast SEO plugin v23.5 - https:\/\/yoast.com\/wordpress\/plugins\/seo\/ -->\n<title>O que a TV nos manda ver - O Arcanjo no ar<\/title>\n<meta name=\"robots\" content=\"index, follow, max-snippet:-1, max-image-preview:large, max-video-preview:-1\" \/>\n<link rel=\"canonical\" href=\"https:\/\/www.oarcanjo.net\/site\/o-que-a-tv-nos-manda-ver\/\" \/>\n<meta property=\"og:locale\" content=\"pt_BR\" \/>\n<meta property=\"og:type\" content=\"article\" \/>\n<meta property=\"og:title\" content=\"O que a TV nos manda ver - O Arcanjo no ar\" \/>\n<meta property=\"og:description\" content=\"Sandra Fernandes Voc\u00ea j\u00e1 reparou que temos o h\u00e1bito consolidado de sentar no sof\u00e1, ligar a TV e esperar por informa\u00e7\u00f5es acerca do que est\u00e1 acontecendo no mundo, dia ap\u00f3s dia, ouvindo, consumindo, mas nunca questionando? Alguma vez j\u00e1 se perguntou que fatia dos acontecimentos mundiais, nacionais e locais est\u00e1 representada ali? J\u00e1 pensou em [&hellip;]\" \/>\n<meta property=\"og:url\" content=\"https:\/\/www.oarcanjo.net\/site\/o-que-a-tv-nos-manda-ver\/\" \/>\n<meta property=\"og:site_name\" content=\"O Arcanjo no ar\" \/>\n<meta property=\"article:publisher\" content=\"https:\/\/www.facebook.com\/OArcanjoNoAr\/\" \/>\n<meta property=\"article:published_time\" content=\"2011-02-16T01:57:51+00:00\" \/>\n<meta property=\"article:modified_time\" content=\"2011-02-16T01:59:58+00:00\" \/>\n<meta property=\"og:image\" content=\"https:\/\/www.oarcanjo.net\/site\/wp-content\/uploads\/logo-o-arcanjo-no-ar-facebook.png\" \/>\n\t<meta property=\"og:image:width\" content=\"300\" \/>\n\t<meta property=\"og:image:height\" content=\"300\" \/>\n\t<meta property=\"og:image:type\" content=\"image\/png\" \/>\n<meta name=\"author\" content=\"editor\" \/>\n<meta name=\"twitter:card\" content=\"summary_large_image\" \/>\n<meta name=\"twitter:label1\" content=\"Escrito por\" \/>\n\t<meta name=\"twitter:data1\" content=\"editor\" \/>\n\t<meta name=\"twitter:label2\" content=\"Est. tempo de leitura\" \/>\n\t<meta name=\"twitter:data2\" content=\"4 minutos\" \/>\n<script type=\"application\/ld+json\" class=\"yoast-schema-graph\">{\"@context\":\"https:\/\/schema.org\",\"@graph\":[{\"@type\":\"Article\",\"@id\":\"https:\/\/www.oarcanjo.net\/site\/o-que-a-tv-nos-manda-ver\/#article\",\"isPartOf\":{\"@id\":\"https:\/\/www.oarcanjo.net\/site\/o-que-a-tv-nos-manda-ver\/\"},\"author\":{\"name\":\"editor\",\"@id\":\"https:\/\/www.oarcanjo.net\/site\/#\/schema\/person\/f7024d007863202483a31326673a0838\"},\"headline\":\"O que a TV nos manda ver\",\"datePublished\":\"2011-02-16T01:57:51+00:00\",\"dateModified\":\"2011-02-16T01:59:58+00:00\",\"mainEntityOfPage\":{\"@id\":\"https:\/\/www.oarcanjo.net\/site\/o-que-a-tv-nos-manda-ver\/\"},\"wordCount\":816,\"commentCount\":0,\"publisher\":{\"@id\":\"https:\/\/www.oarcanjo.net\/site\/#organization\"},\"keywords\":[\"leitura cr\u00edtica da comunica\u00e7\u00e3o\",\"meios de comunica\u00e7\u00e3o\",\"TV\"],\"articleSection\":[\"Reflex\u00f5es\"],\"inLanguage\":\"pt-BR\",\"potentialAction\":[{\"@type\":\"CommentAction\",\"name\":\"Comment\",\"target\":[\"https:\/\/www.oarcanjo.net\/site\/o-que-a-tv-nos-manda-ver\/#respond\"]}]},{\"@type\":\"WebPage\",\"@id\":\"https:\/\/www.oarcanjo.net\/site\/o-que-a-tv-nos-manda-ver\/\",\"url\":\"https:\/\/www.oarcanjo.net\/site\/o-que-a-tv-nos-manda-ver\/\",\"name\":\"O que a TV nos manda ver - O Arcanjo no ar\",\"isPartOf\":{\"@id\":\"https:\/\/www.oarcanjo.net\/site\/#website\"},\"datePublished\":\"2011-02-16T01:57:51+00:00\",\"dateModified\":\"2011-02-16T01:59:58+00:00\",\"breadcrumb\":{\"@id\":\"https:\/\/www.oarcanjo.net\/site\/o-que-a-tv-nos-manda-ver\/#breadcrumb\"},\"inLanguage\":\"pt-BR\",\"potentialAction\":[{\"@type\":\"ReadAction\",\"target\":[\"https:\/\/www.oarcanjo.net\/site\/o-que-a-tv-nos-manda-ver\/\"]}]},{\"@type\":\"BreadcrumbList\",\"@id\":\"https:\/\/www.oarcanjo.net\/site\/o-que-a-tv-nos-manda-ver\/#breadcrumb\",\"itemListElement\":[{\"@type\":\"ListItem\",\"position\":1,\"name\":\"In\u00edcio\",\"item\":\"https:\/\/www.oarcanjo.net\/site\/\"},{\"@type\":\"ListItem\",\"position\":2,\"name\":\"O que a TV nos manda ver\"}]},{\"@type\":\"WebSite\",\"@id\":\"https:\/\/www.oarcanjo.net\/site\/#website\",\"url\":\"https:\/\/www.oarcanjo.net\/site\/\",\"name\":\"O Arcanjo no ar\",\"description\":\"Site da Par\u00f3quia S\u00e3o Miguel Arcanjo (Arquidiocese de SP)\",\"publisher\":{\"@id\":\"https:\/\/www.oarcanjo.net\/site\/#organization\"},\"potentialAction\":[{\"@type\":\"SearchAction\",\"target\":{\"@type\":\"EntryPoint\",\"urlTemplate\":\"https:\/\/www.oarcanjo.net\/site\/?s={search_term_string}\"},\"query-input\":{\"@type\":\"PropertyValueSpecification\",\"valueRequired\":true,\"valueName\":\"search_term_string\"}}],\"inLanguage\":\"pt-BR\"},{\"@type\":\"Organization\",\"@id\":\"https:\/\/www.oarcanjo.net\/site\/#organization\",\"name\":\"Par\u00f3quia S\u00e3o Miguel Arcanjo\",\"url\":\"https:\/\/www.oarcanjo.net\/site\/\",\"logo\":{\"@type\":\"ImageObject\",\"inLanguage\":\"pt-BR\",\"@id\":\"https:\/\/www.oarcanjo.net\/site\/#\/schema\/logo\/image\/\",\"url\":\"https:\/\/www.oarcanjo.net\/site\/wp-content\/uploads\/LogoOArcanjo.png\",\"contentUrl\":\"https:\/\/www.oarcanjo.net\/site\/wp-content\/uploads\/LogoOArcanjo.png\",\"width\":319,\"height\":99,\"caption\":\"Par\u00f3quia S\u00e3o Miguel Arcanjo\"},\"image\":{\"@id\":\"https:\/\/www.oarcanjo.net\/site\/#\/schema\/logo\/image\/\"},\"sameAs\":[\"https:\/\/www.facebook.com\/OArcanjoNoAr\/\"]},{\"@type\":\"Person\",\"@id\":\"https:\/\/www.oarcanjo.net\/site\/#\/schema\/person\/f7024d007863202483a31326673a0838\",\"name\":\"editor\",\"sameAs\":[\"http:\/\/www.oarcanjo.net\"]}]}<\/script>\n<!-- \/ Yoast SEO plugin. -->","yoast_head_json":{"title":"O que a TV nos manda ver - O Arcanjo no ar","robots":{"index":"index","follow":"follow","max-snippet":"max-snippet:-1","max-image-preview":"max-image-preview:large","max-video-preview":"max-video-preview:-1"},"canonical":"https:\/\/www.oarcanjo.net\/site\/o-que-a-tv-nos-manda-ver\/","og_locale":"pt_BR","og_type":"article","og_title":"O que a TV nos manda ver - O Arcanjo no ar","og_description":"Sandra Fernandes Voc\u00ea j\u00e1 reparou que temos o h\u00e1bito consolidado de sentar no sof\u00e1, ligar a TV e esperar por informa\u00e7\u00f5es acerca do que est\u00e1 acontecendo no mundo, dia ap\u00f3s dia, ouvindo, consumindo, mas nunca questionando? Alguma vez j\u00e1 se perguntou que fatia dos acontecimentos mundiais, nacionais e locais est\u00e1 representada ali? J\u00e1 pensou em [&hellip;]","og_url":"https:\/\/www.oarcanjo.net\/site\/o-que-a-tv-nos-manda-ver\/","og_site_name":"O Arcanjo no ar","article_publisher":"https:\/\/www.facebook.com\/OArcanjoNoAr\/","article_published_time":"2011-02-16T01:57:51+00:00","article_modified_time":"2011-02-16T01:59:58+00:00","og_image":[{"width":300,"height":300,"url":"https:\/\/www.oarcanjo.net\/site\/wp-content\/uploads\/logo-o-arcanjo-no-ar-facebook.png","type":"image\/png"}],"author":"editor","twitter_card":"summary_large_image","twitter_misc":{"Escrito por":"editor","Est. tempo de leitura":"4 minutos"},"schema":{"@context":"https:\/\/schema.org","@graph":[{"@type":"Article","@id":"https:\/\/www.oarcanjo.net\/site\/o-que-a-tv-nos-manda-ver\/#article","isPartOf":{"@id":"https:\/\/www.oarcanjo.net\/site\/o-que-a-tv-nos-manda-ver\/"},"author":{"name":"editor","@id":"https:\/\/www.oarcanjo.net\/site\/#\/schema\/person\/f7024d007863202483a31326673a0838"},"headline":"O que a TV nos manda ver","datePublished":"2011-02-16T01:57:51+00:00","dateModified":"2011-02-16T01:59:58+00:00","mainEntityOfPage":{"@id":"https:\/\/www.oarcanjo.net\/site\/o-que-a-tv-nos-manda-ver\/"},"wordCount":816,"commentCount":0,"publisher":{"@id":"https:\/\/www.oarcanjo.net\/site\/#organization"},"keywords":["leitura cr\u00edtica da comunica\u00e7\u00e3o","meios de comunica\u00e7\u00e3o","TV"],"articleSection":["Reflex\u00f5es"],"inLanguage":"pt-BR","potentialAction":[{"@type":"CommentAction","name":"Comment","target":["https:\/\/www.oarcanjo.net\/site\/o-que-a-tv-nos-manda-ver\/#respond"]}]},{"@type":"WebPage","@id":"https:\/\/www.oarcanjo.net\/site\/o-que-a-tv-nos-manda-ver\/","url":"https:\/\/www.oarcanjo.net\/site\/o-que-a-tv-nos-manda-ver\/","name":"O que a TV nos manda ver - O Arcanjo no ar","isPartOf":{"@id":"https:\/\/www.oarcanjo.net\/site\/#website"},"datePublished":"2011-02-16T01:57:51+00:00","dateModified":"2011-02-16T01:59:58+00:00","breadcrumb":{"@id":"https:\/\/www.oarcanjo.net\/site\/o-que-a-tv-nos-manda-ver\/#breadcrumb"},"inLanguage":"pt-BR","potentialAction":[{"@type":"ReadAction","target":["https:\/\/www.oarcanjo.net\/site\/o-que-a-tv-nos-manda-ver\/"]}]},{"@type":"BreadcrumbList","@id":"https:\/\/www.oarcanjo.net\/site\/o-que-a-tv-nos-manda-ver\/#breadcrumb","itemListElement":[{"@type":"ListItem","position":1,"name":"In\u00edcio","item":"https:\/\/www.oarcanjo.net\/site\/"},{"@type":"ListItem","position":2,"name":"O que a TV nos manda ver"}]},{"@type":"WebSite","@id":"https:\/\/www.oarcanjo.net\/site\/#website","url":"https:\/\/www.oarcanjo.net\/site\/","name":"O Arcanjo no ar","description":"Site da Par\u00f3quia S\u00e3o Miguel Arcanjo (Arquidiocese de SP)","publisher":{"@id":"https:\/\/www.oarcanjo.net\/site\/#organization"},"potentialAction":[{"@type":"SearchAction","target":{"@type":"EntryPoint","urlTemplate":"https:\/\/www.oarcanjo.net\/site\/?s={search_term_string}"},"query-input":{"@type":"PropertyValueSpecification","valueRequired":true,"valueName":"search_term_string"}}],"inLanguage":"pt-BR"},{"@type":"Organization","@id":"https:\/\/www.oarcanjo.net\/site\/#organization","name":"Par\u00f3quia S\u00e3o Miguel Arcanjo","url":"https:\/\/www.oarcanjo.net\/site\/","logo":{"@type":"ImageObject","inLanguage":"pt-BR","@id":"https:\/\/www.oarcanjo.net\/site\/#\/schema\/logo\/image\/","url":"https:\/\/www.oarcanjo.net\/site\/wp-content\/uploads\/LogoOArcanjo.png","contentUrl":"https:\/\/www.oarcanjo.net\/site\/wp-content\/uploads\/LogoOArcanjo.png","width":319,"height":99,"caption":"Par\u00f3quia S\u00e3o Miguel Arcanjo"},"image":{"@id":"https:\/\/www.oarcanjo.net\/site\/#\/schema\/logo\/image\/"},"sameAs":["https:\/\/www.facebook.com\/OArcanjoNoAr\/"]},{"@type":"Person","@id":"https:\/\/www.oarcanjo.net\/site\/#\/schema\/person\/f7024d007863202483a31326673a0838","name":"editor","sameAs":["http:\/\/www.oarcanjo.net"]}]}},"publishpress_future_action":{"enabled":false,"date":"2026-05-10 08:22:04","action":"category","newStatus":"draft","terms":[],"taxonomy":"category"},"publishpress_future_workflow_manual_trigger":{"enabledWorkflows":[]},"_links":{"self":[{"href":"https:\/\/www.oarcanjo.net\/site\/wp-json\/wp\/v2\/posts\/13082"}],"collection":[{"href":"https:\/\/www.oarcanjo.net\/site\/wp-json\/wp\/v2\/posts"}],"about":[{"href":"https:\/\/www.oarcanjo.net\/site\/wp-json\/wp\/v2\/types\/post"}],"author":[{"embeddable":true,"href":"https:\/\/www.oarcanjo.net\/site\/wp-json\/wp\/v2\/users\/5"}],"replies":[{"embeddable":true,"href":"https:\/\/www.oarcanjo.net\/site\/wp-json\/wp\/v2\/comments?post=13082"}],"version-history":[{"count":0,"href":"https:\/\/www.oarcanjo.net\/site\/wp-json\/wp\/v2\/posts\/13082\/revisions"}],"wp:attachment":[{"href":"https:\/\/www.oarcanjo.net\/site\/wp-json\/wp\/v2\/media?parent=13082"}],"wp:term":[{"taxonomy":"category","embeddable":true,"href":"https:\/\/www.oarcanjo.net\/site\/wp-json\/wp\/v2\/categories?post=13082"},{"taxonomy":"post_tag","embeddable":true,"href":"https:\/\/www.oarcanjo.net\/site\/wp-json\/wp\/v2\/tags?post=13082"}],"curies":[{"name":"wp","href":"https:\/\/api.w.org\/{rel}","templated":true}]}}