
{"id":13090,"date":"2011-02-17T17:57:46","date_gmt":"2011-02-17T19:57:46","guid":{"rendered":"http:\/\/www.oarcanjo.net\/site\/?p=13090"},"modified":"2011-02-17T21:58:45","modified_gmt":"2011-02-17T23:58:45","slug":"nossa-senhora-%e2%80%93-imagem-peregrina-vinda-de-fatima-em-portugal","status":"publish","type":"post","link":"https:\/\/www.oarcanjo.net\/site\/nossa-senhora-%e2%80%93-imagem-peregrina-vinda-de-fatima-em-portugal\/","title":{"rendered":"Nossa Senhora \u2013 Imagem peregrina vinda de F\u00e1tima em Portugal"},"content":{"rendered":"<p>No dia 16\/02\/11, a imagem peregrina de Nossa Senhora de F\u00e1tima visitou a Par\u00f3quia\u00a0S\u00e3o Miguel Arcanjo. Peregrinando pelo Brasil, ela veio da regi\u00e3o serrana do Rio de Janeiro, que viveu recente trag\u00e9dia, aben\u00e7oando aquela localidade\u00a0 t\u00e3o necessitada.<\/p>\n<p>\u201cA treze de maio na cova da Iria, no c\u00e9u aparece a Virgem Maria. A tr\u00eas pastorinhos cercada de luz, visita Maria a M\u00e3e de Jesus. A Virgem lhes manda o ter\u00e7o rezar, assim diz, meus filhos vos hei de salvar\u201d.<\/p>\n<p>J\u00e1 na parte da manh\u00e3 a igreja estava lotada. O Ter\u00e7o foi rezado com muito fervor. Depois, com a marcante presen\u00e7a da imagem de Nossa Senhora, a celebra\u00e7\u00e3o eucar\u00edstica foi presidida pelo Padre J\u00falio Lancellotti.<\/p>\n<p>A igreja ficou aberta o dia todo e, como relatou Ign\u00eas Foglia: &#8220;<em>Tivemos uma participa\u00e7\u00e3o significativa no Ter\u00e7o da tarde em louvor a Nossa Senhora de F\u00e1tima. O hor\u00e1rio propiciou a vinda de um grande n\u00famero de senhoras. A Igreja ficou com todos os bancos ocupados e isso demonstrou o Amor e a F\u00e9 que o nosso povo tem por Nossa Senhora a M\u00e3e de Jesus. Por isso demos Gra\u00e7as a Deus.&#8221;<\/em><\/p>\n<p>Agradecemos ao Euz\u00e9bio a disponibilidade em nos trazer a imagem.<\/p>\n<p>\u00c0 noite, o \u00faltimo Ter\u00e7o, novamente com a Igreja repleta de pessoas. O Padre J\u00falio acentuou: <em>\u201cN\u00f3s vamos a Jesus por Maria, que \u00e9 mensageira da paz. Precisamos de caminhos que nos fa\u00e7am mais humanos, que nos transformem.\u201d<\/em><\/p>\n<p>Vejam as fotos por Carlos A. Beatriz e Ign\u00eas Foglia<\/p>\nngg_shortcode_0_placeholder\n<div id=\"themify_builder_content-13090\" data-postid=\"13090\" class=\"themify_builder_content themify_builder_content-13090 themify_builder themify_builder_front\">\n\t<\/div>\n<!-- \/themify_builder_content -->","protected":false},"excerpt":{"rendered":"<p>No dia 16\/02\/11, a imagem peregrina de Nossa Senhora de F\u00e1tima visitou a Par\u00f3quia\u00a0S\u00e3o Miguel Arcanjo. Peregrinando pelo Brasil, ela veio da regi\u00e3o serrana do Rio de Janeiro, que viveu recente trag\u00e9dia, aben\u00e7oando aquela localidade\u00a0 t\u00e3o necessitada. \u201cA treze de maio na cova da Iria, no c\u00e9u aparece a Virgem Maria. A tr\u00eas pastorinhos cercada [&hellip;]<\/p>\n","protected":false},"author":10,"featured_media":0,"comment_status":"open","ping_status":"open","sticky":false,"template":"","format":"standard","meta":{"ngg_post_thumbnail":0,"footnotes":""},"categories":[3,8],"tags":[],"yoast_head":"<!-- This site is optimized with the Yoast SEO plugin v23.5 - https:\/\/yoast.com\/wordpress\/plugins\/seo\/ -->\n<title>Nossa Senhora \u2013 Imagem peregrina vinda de F\u00e1tima em Portugal - O Arcanjo no ar<\/title>\n<meta name=\"robots\" content=\"index, follow, max-snippet:-1, max-image-preview:large, max-video-preview:-1\" \/>\n<link rel=\"canonical\" href=\"https:\/\/www.oarcanjo.net\/site\/nossa-senhora-\u2013-imagem-peregrina-vinda-de-fatima-em-portugal\/\" \/>\n<meta property=\"og:locale\" content=\"pt_BR\" \/>\n<meta property=\"og:type\" content=\"article\" \/>\n<meta property=\"og:title\" content=\"Nossa Senhora \u2013 Imagem peregrina vinda de F\u00e1tima em Portugal - O Arcanjo no ar\" \/>\n<meta property=\"og:description\" content=\"No dia 16\/02\/11, a imagem peregrina de Nossa Senhora de F\u00e1tima visitou a Par\u00f3quia\u00a0S\u00e3o Miguel Arcanjo. Peregrinando pelo Brasil, ela veio da regi\u00e3o serrana do Rio de Janeiro, que viveu recente trag\u00e9dia, aben\u00e7oando aquela localidade\u00a0 t\u00e3o necessitada. \u201cA treze de maio na cova da Iria, no c\u00e9u aparece a Virgem Maria. A tr\u00eas pastorinhos cercada [&hellip;]\" \/>\n<meta property=\"og:url\" content=\"https:\/\/www.oarcanjo.net\/site\/nossa-senhora-\u2013-imagem-peregrina-vinda-de-fatima-em-portugal\/\" \/>\n<meta property=\"og:site_name\" content=\"O Arcanjo no ar\" \/>\n<meta property=\"article:publisher\" content=\"https:\/\/www.facebook.com\/OArcanjoNoAr\/\" \/>\n<meta property=\"article:published_time\" content=\"2011-02-17T19:57:46+00:00\" \/>\n<meta property=\"article:modified_time\" content=\"2011-02-17T23:58:45+00:00\" \/>\n<meta property=\"og:image\" content=\"https:\/\/www.oarcanjo.net\/site\/wp-content\/uploads\/logo-o-arcanjo-no-ar-facebook.png\" \/>\n\t<meta property=\"og:image:width\" content=\"300\" \/>\n\t<meta property=\"og:image:height\" content=\"300\" \/>\n\t<meta property=\"og:image:type\" content=\"image\/png\" \/>\n<meta name=\"author\" content=\"carlos\" \/>\n<meta name=\"twitter:card\" content=\"summary_large_image\" \/>\n<meta name=\"twitter:label1\" content=\"Escrito por\" \/>\n\t<meta name=\"twitter:data1\" content=\"carlos\" \/>\n\t<meta name=\"twitter:label2\" content=\"Est. tempo de leitura\" \/>\n\t<meta name=\"twitter:data2\" content=\"1 minuto\" \/>\n<script type=\"application\/ld+json\" class=\"yoast-schema-graph\">{\"@context\":\"https:\/\/schema.org\",\"@graph\":[{\"@type\":\"Article\",\"@id\":\"https:\/\/www.oarcanjo.net\/site\/nossa-senhora-%e2%80%93-imagem-peregrina-vinda-de-fatima-em-portugal\/#article\",\"isPartOf\":{\"@id\":\"https:\/\/www.oarcanjo.net\/site\/nossa-senhora-%e2%80%93-imagem-peregrina-vinda-de-fatima-em-portugal\/\"},\"author\":{\"name\":\"carlos\",\"@id\":\"https:\/\/www.oarcanjo.net\/site\/#\/schema\/person\/f7870e710d8c8c30673de3a0ac2e451d\"},\"headline\":\"Nossa Senhora \u2013 Imagem peregrina vinda de F\u00e1tima em Portugal\",\"datePublished\":\"2011-02-17T19:57:46+00:00\",\"dateModified\":\"2011-02-17T23:58:45+00:00\",\"mainEntityOfPage\":{\"@id\":\"https:\/\/www.oarcanjo.net\/site\/nossa-senhora-%e2%80%93-imagem-peregrina-vinda-de-fatima-em-portugal\/\"},\"wordCount\":283,\"commentCount\":4,\"publisher\":{\"@id\":\"https:\/\/www.oarcanjo.net\/site\/#organization\"},\"articleSection\":[\"Destaques\",\"Not\u00edcias\"],\"inLanguage\":\"pt-BR\",\"potentialAction\":[{\"@type\":\"CommentAction\",\"name\":\"Comment\",\"target\":[\"https:\/\/www.oarcanjo.net\/site\/nossa-senhora-%e2%80%93-imagem-peregrina-vinda-de-fatima-em-portugal\/#respond\"]}]},{\"@type\":\"WebPage\",\"@id\":\"https:\/\/www.oarcanjo.net\/site\/nossa-senhora-%e2%80%93-imagem-peregrina-vinda-de-fatima-em-portugal\/\",\"url\":\"https:\/\/www.oarcanjo.net\/site\/nossa-senhora-%e2%80%93-imagem-peregrina-vinda-de-fatima-em-portugal\/\",\"name\":\"Nossa Senhora \u2013 Imagem peregrina vinda de F\u00e1tima em Portugal - O Arcanjo no ar\",\"isPartOf\":{\"@id\":\"https:\/\/www.oarcanjo.net\/site\/#website\"},\"datePublished\":\"2011-02-17T19:57:46+00:00\",\"dateModified\":\"2011-02-17T23:58:45+00:00\",\"breadcrumb\":{\"@id\":\"https:\/\/www.oarcanjo.net\/site\/nossa-senhora-%e2%80%93-imagem-peregrina-vinda-de-fatima-em-portugal\/#breadcrumb\"},\"inLanguage\":\"pt-BR\",\"potentialAction\":[{\"@type\":\"ReadAction\",\"target\":[\"https:\/\/www.oarcanjo.net\/site\/nossa-senhora-%e2%80%93-imagem-peregrina-vinda-de-fatima-em-portugal\/\"]}]},{\"@type\":\"BreadcrumbList\",\"@id\":\"https:\/\/www.oarcanjo.net\/site\/nossa-senhora-%e2%80%93-imagem-peregrina-vinda-de-fatima-em-portugal\/#breadcrumb\",\"itemListElement\":[{\"@type\":\"ListItem\",\"position\":1,\"name\":\"In\u00edcio\",\"item\":\"https:\/\/www.oarcanjo.net\/site\/\"},{\"@type\":\"ListItem\",\"position\":2,\"name\":\"Nossa Senhora \u2013 Imagem peregrina vinda de F\u00e1tima em Portugal\"}]},{\"@type\":\"WebSite\",\"@id\":\"https:\/\/www.oarcanjo.net\/site\/#website\",\"url\":\"https:\/\/www.oarcanjo.net\/site\/\",\"name\":\"O Arcanjo no ar\",\"description\":\"Site da Par\u00f3quia S\u00e3o Miguel Arcanjo (Arquidiocese de SP)\",\"publisher\":{\"@id\":\"https:\/\/www.oarcanjo.net\/site\/#organization\"},\"potentialAction\":[{\"@type\":\"SearchAction\",\"target\":{\"@type\":\"EntryPoint\",\"urlTemplate\":\"https:\/\/www.oarcanjo.net\/site\/?s={search_term_string}\"},\"query-input\":{\"@type\":\"PropertyValueSpecification\",\"valueRequired\":true,\"valueName\":\"search_term_string\"}}],\"inLanguage\":\"pt-BR\"},{\"@type\":\"Organization\",\"@id\":\"https:\/\/www.oarcanjo.net\/site\/#organization\",\"name\":\"Par\u00f3quia S\u00e3o Miguel Arcanjo\",\"url\":\"https:\/\/www.oarcanjo.net\/site\/\",\"logo\":{\"@type\":\"ImageObject\",\"inLanguage\":\"pt-BR\",\"@id\":\"https:\/\/www.oarcanjo.net\/site\/#\/schema\/logo\/image\/\",\"url\":\"https:\/\/www.oarcanjo.net\/site\/wp-content\/uploads\/LogoOArcanjo.png\",\"contentUrl\":\"https:\/\/www.oarcanjo.net\/site\/wp-content\/uploads\/LogoOArcanjo.png\",\"width\":319,\"height\":99,\"caption\":\"Par\u00f3quia S\u00e3o Miguel Arcanjo\"},\"image\":{\"@id\":\"https:\/\/www.oarcanjo.net\/site\/#\/schema\/logo\/image\/\"},\"sameAs\":[\"https:\/\/www.facebook.com\/OArcanjoNoAr\/\"]},{\"@type\":\"Person\",\"@id\":\"https:\/\/www.oarcanjo.net\/site\/#\/schema\/person\/f7870e710d8c8c30673de3a0ac2e451d\",\"name\":\"carlos\"}]}<\/script>\n<!-- \/ Yoast SEO plugin. -->","yoast_head_json":{"title":"Nossa Senhora \u2013 Imagem peregrina vinda de F\u00e1tima em Portugal - O Arcanjo no ar","robots":{"index":"index","follow":"follow","max-snippet":"max-snippet:-1","max-image-preview":"max-image-preview:large","max-video-preview":"max-video-preview:-1"},"canonical":"https:\/\/www.oarcanjo.net\/site\/nossa-senhora-\u2013-imagem-peregrina-vinda-de-fatima-em-portugal\/","og_locale":"pt_BR","og_type":"article","og_title":"Nossa Senhora \u2013 Imagem peregrina vinda de F\u00e1tima em Portugal - O Arcanjo no ar","og_description":"No dia 16\/02\/11, a imagem peregrina de Nossa Senhora de F\u00e1tima visitou a Par\u00f3quia\u00a0S\u00e3o Miguel Arcanjo. Peregrinando pelo Brasil, ela veio da regi\u00e3o serrana do Rio de Janeiro, que viveu recente trag\u00e9dia, aben\u00e7oando aquela localidade\u00a0 t\u00e3o necessitada. \u201cA treze de maio na cova da Iria, no c\u00e9u aparece a Virgem Maria. A tr\u00eas pastorinhos cercada [&hellip;]","og_url":"https:\/\/www.oarcanjo.net\/site\/nossa-senhora-\u2013-imagem-peregrina-vinda-de-fatima-em-portugal\/","og_site_name":"O Arcanjo no ar","article_publisher":"https:\/\/www.facebook.com\/OArcanjoNoAr\/","article_published_time":"2011-02-17T19:57:46+00:00","article_modified_time":"2011-02-17T23:58:45+00:00","og_image":[{"width":300,"height":300,"url":"https:\/\/www.oarcanjo.net\/site\/wp-content\/uploads\/logo-o-arcanjo-no-ar-facebook.png","type":"image\/png"}],"author":"carlos","twitter_card":"summary_large_image","twitter_misc":{"Escrito por":"carlos","Est. tempo de leitura":"1 minuto"},"schema":{"@context":"https:\/\/schema.org","@graph":[{"@type":"Article","@id":"https:\/\/www.oarcanjo.net\/site\/nossa-senhora-%e2%80%93-imagem-peregrina-vinda-de-fatima-em-portugal\/#article","isPartOf":{"@id":"https:\/\/www.oarcanjo.net\/site\/nossa-senhora-%e2%80%93-imagem-peregrina-vinda-de-fatima-em-portugal\/"},"author":{"name":"carlos","@id":"https:\/\/www.oarcanjo.net\/site\/#\/schema\/person\/f7870e710d8c8c30673de3a0ac2e451d"},"headline":"Nossa Senhora \u2013 Imagem peregrina vinda de F\u00e1tima em Portugal","datePublished":"2011-02-17T19:57:46+00:00","dateModified":"2011-02-17T23:58:45+00:00","mainEntityOfPage":{"@id":"https:\/\/www.oarcanjo.net\/site\/nossa-senhora-%e2%80%93-imagem-peregrina-vinda-de-fatima-em-portugal\/"},"wordCount":283,"commentCount":4,"publisher":{"@id":"https:\/\/www.oarcanjo.net\/site\/#organization"},"articleSection":["Destaques","Not\u00edcias"],"inLanguage":"pt-BR","potentialAction":[{"@type":"CommentAction","name":"Comment","target":["https:\/\/www.oarcanjo.net\/site\/nossa-senhora-%e2%80%93-imagem-peregrina-vinda-de-fatima-em-portugal\/#respond"]}]},{"@type":"WebPage","@id":"https:\/\/www.oarcanjo.net\/site\/nossa-senhora-%e2%80%93-imagem-peregrina-vinda-de-fatima-em-portugal\/","url":"https:\/\/www.oarcanjo.net\/site\/nossa-senhora-%e2%80%93-imagem-peregrina-vinda-de-fatima-em-portugal\/","name":"Nossa Senhora \u2013 Imagem peregrina vinda de F\u00e1tima em Portugal - O Arcanjo no ar","isPartOf":{"@id":"https:\/\/www.oarcanjo.net\/site\/#website"},"datePublished":"2011-02-17T19:57:46+00:00","dateModified":"2011-02-17T23:58:45+00:00","breadcrumb":{"@id":"https:\/\/www.oarcanjo.net\/site\/nossa-senhora-%e2%80%93-imagem-peregrina-vinda-de-fatima-em-portugal\/#breadcrumb"},"inLanguage":"pt-BR","potentialAction":[{"@type":"ReadAction","target":["https:\/\/www.oarcanjo.net\/site\/nossa-senhora-%e2%80%93-imagem-peregrina-vinda-de-fatima-em-portugal\/"]}]},{"@type":"BreadcrumbList","@id":"https:\/\/www.oarcanjo.net\/site\/nossa-senhora-%e2%80%93-imagem-peregrina-vinda-de-fatima-em-portugal\/#breadcrumb","itemListElement":[{"@type":"ListItem","position":1,"name":"In\u00edcio","item":"https:\/\/www.oarcanjo.net\/site\/"},{"@type":"ListItem","position":2,"name":"Nossa Senhora \u2013 Imagem peregrina vinda de F\u00e1tima em Portugal"}]},{"@type":"WebSite","@id":"https:\/\/www.oarcanjo.net\/site\/#website","url":"https:\/\/www.oarcanjo.net\/site\/","name":"O Arcanjo no ar","description":"Site da Par\u00f3quia S\u00e3o Miguel Arcanjo (Arquidiocese de SP)","publisher":{"@id":"https:\/\/www.oarcanjo.net\/site\/#organization"},"potentialAction":[{"@type":"SearchAction","target":{"@type":"EntryPoint","urlTemplate":"https:\/\/www.oarcanjo.net\/site\/?s={search_term_string}"},"query-input":{"@type":"PropertyValueSpecification","valueRequired":true,"valueName":"search_term_string"}}],"inLanguage":"pt-BR"},{"@type":"Organization","@id":"https:\/\/www.oarcanjo.net\/site\/#organization","name":"Par\u00f3quia S\u00e3o Miguel Arcanjo","url":"https:\/\/www.oarcanjo.net\/site\/","logo":{"@type":"ImageObject","inLanguage":"pt-BR","@id":"https:\/\/www.oarcanjo.net\/site\/#\/schema\/logo\/image\/","url":"https:\/\/www.oarcanjo.net\/site\/wp-content\/uploads\/LogoOArcanjo.png","contentUrl":"https:\/\/www.oarcanjo.net\/site\/wp-content\/uploads\/LogoOArcanjo.png","width":319,"height":99,"caption":"Par\u00f3quia S\u00e3o Miguel Arcanjo"},"image":{"@id":"https:\/\/www.oarcanjo.net\/site\/#\/schema\/logo\/image\/"},"sameAs":["https:\/\/www.facebook.com\/OArcanjoNoAr\/"]},{"@type":"Person","@id":"https:\/\/www.oarcanjo.net\/site\/#\/schema\/person\/f7870e710d8c8c30673de3a0ac2e451d","name":"carlos"}]}},"publishpress_future_action":{"enabled":false,"date":"2026-05-09 06:08:58","action":"category","newStatus":"draft","terms":[],"taxonomy":"category"},"publishpress_future_workflow_manual_trigger":{"enabledWorkflows":[]},"_links":{"self":[{"href":"https:\/\/www.oarcanjo.net\/site\/wp-json\/wp\/v2\/posts\/13090"}],"collection":[{"href":"https:\/\/www.oarcanjo.net\/site\/wp-json\/wp\/v2\/posts"}],"about":[{"href":"https:\/\/www.oarcanjo.net\/site\/wp-json\/wp\/v2\/types\/post"}],"author":[{"embeddable":true,"href":"https:\/\/www.oarcanjo.net\/site\/wp-json\/wp\/v2\/users\/10"}],"replies":[{"embeddable":true,"href":"https:\/\/www.oarcanjo.net\/site\/wp-json\/wp\/v2\/comments?post=13090"}],"version-history":[{"count":0,"href":"https:\/\/www.oarcanjo.net\/site\/wp-json\/wp\/v2\/posts\/13090\/revisions"}],"wp:attachment":[{"href":"https:\/\/www.oarcanjo.net\/site\/wp-json\/wp\/v2\/media?parent=13090"}],"wp:term":[{"taxonomy":"category","embeddable":true,"href":"https:\/\/www.oarcanjo.net\/site\/wp-json\/wp\/v2\/categories?post=13090"},{"taxonomy":"post_tag","embeddable":true,"href":"https:\/\/www.oarcanjo.net\/site\/wp-json\/wp\/v2\/tags?post=13090"}],"curies":[{"name":"wp","href":"https:\/\/api.w.org\/{rel}","templated":true}]}}