
{"id":13096,"date":"2011-02-18T01:30:49","date_gmt":"2011-02-18T03:30:49","guid":{"rendered":"http:\/\/www.oarcanjo.net\/site\/?p=13096"},"modified":"2011-02-18T02:17:49","modified_gmt":"2011-02-18T04:17:49","slug":"o-paladino-foi-para-a-casa-do-pai","status":"publish","type":"post","link":"https:\/\/www.oarcanjo.net\/site\/o-paladino-foi-para-a-casa-do-pai\/","title":{"rendered":"O Palladino foi para a casa do Pai"},"content":{"rendered":"<p style=\"text-align: justify;\">Por Alexandre Leone<\/p>\n<p style=\"text-align: justify;\">Car\u00edssimos<\/p>\n<p style=\"text-align: justify;\"><a href=\"http:\/\/www.oarcanjo.net\/site\/wp-content\/uploads\/nat-ars-48a.jpg\"><img loading=\"lazy\" decoding=\"async\" class=\"alignleft size-medium wp-image-13097\" title=\"nat ars (48a)\" src=\"http:\/\/www.oarcanjo.net\/site\/wp-content\/uploads\/nat-ars-48a-300x200.jpg\" alt=\"\" width=\"300\" height=\"200\" srcset=\"https:\/\/www.oarcanjo.net\/site\/wp-content\/uploads\/nat-ars-48a-300x200.jpg 300w, https:\/\/www.oarcanjo.net\/site\/wp-content\/uploads\/nat-ars-48a.jpg 640w\" sizes=\"(max-width: 300px) 100vw, 300px\" \/><\/a><\/p>\n<p style=\"text-align: justify;\">Quem conheceu o Palladino, sempre sentiu que esse homem era aben\u00e7oado pelo Pai. Homem de bem, viveu para a comunidade S\u00e3o Rafael, foi dirigente por muitos anos do Encontro de Casais com Cristo, foi diretor do Lions e um dos fundadores do Arsenal da Esperan\u00e7a Dom Luciano Pedro Mendes de Almeida, um lugar que acolhe e cuida do povo da Rua, recebe e alimenta, distribui dignidade para quem a perdeu, d\u00e1 oportunidades para profissionaliza\u00e7\u00e3o, educa e distribui f\u00e9 e compaix\u00e3o. Esse lugar aben\u00e7oado, al\u00e9m de ser um Arsenal de Esperan\u00e7a, foi tamb\u00e9m a casa do Antonio Palladino. Um homem que sempre dizia que n\u00e3o tinha tempo.<br \/>\n\u00a0<br \/>\nEle contava as horas para iniciar o dia, mas nunca lembrava de termin\u00e1-lo. Vivia para todos sem pensar nele pr\u00f3prio. Seu hoje sempre, foi o seu amanh\u00e3. Era virtuoso e celebre. Um homem com uma voz postada, forte, grossa, mas carinhosa com aqueles que convivia.<br \/>\n\u00a0<br \/>\nMinha conviv\u00eancia com esse homem casado com Dona Maria Teresa foi pequena. Estivemos juntos durante 4 anos seguidos, trabalhando nos Encontro de Casais com Cristo,\u00a0 momentos foram intensos, amistosos, cheios de amor, confian\u00e7a e dedica\u00e7\u00e3o.<br \/>\n\u00a0<br \/>\nLembro-me que o Palladino sempre declamava um texto bel\u00edssimo, onde ele dizia: &#8220;N\u00c3O TENHO TEMPO&#8221;. Bem meu caro amigo Palladino, hoje eu tenho tempo para falar de voc\u00ea, tenho tempo para rezar por voc\u00ea, tenho tempo para lembrar de voc\u00ea.<br \/>\n\u00a0<br \/>\nEstamos abatidos, por\u00e9m fortalecidos, sabendo que voc\u00ea Antonio Palladino, no dia 16\/02\/11, \u00a0foi para a Casa do Pai.<br \/>\n\u00a0<br \/>\nUm forte abra\u00e7o, e at\u00e9 breve,<br \/>\n\u00a0<br \/>\nAlexandre Leone\u00a0<\/p>\n<p style=\"text-align: justify;\">\u00a0<\/p>\n<div id=\"themify_builder_content-13096\" data-postid=\"13096\" class=\"themify_builder_content themify_builder_content-13096 themify_builder themify_builder_front\">\n\t<\/div>\n<!-- \/themify_builder_content -->","protected":false},"excerpt":{"rendered":"<p>Por Alexandre Leone Car\u00edssimos Quem conheceu o Palladino, sempre sentiu que esse homem era aben\u00e7oado pelo Pai. Homem de bem, viveu para a comunidade S\u00e3o Rafael, foi dirigente por muitos anos do Encontro de Casais com Cristo, foi diretor do Lions e um dos fundadores do Arsenal da Esperan\u00e7a Dom Luciano Pedro Mendes de Almeida, [&hellip;]<\/p>\n","protected":false},"author":10,"featured_media":0,"comment_status":"open","ping_status":"open","sticky":false,"template":"","format":"standard","meta":{"ngg_post_thumbnail":0,"footnotes":""},"categories":[8],"tags":[],"yoast_head":"<!-- This site is optimized with the Yoast SEO plugin v23.5 - https:\/\/yoast.com\/wordpress\/plugins\/seo\/ -->\n<title>O Palladino foi para a casa do Pai - O Arcanjo no ar<\/title>\n<meta name=\"robots\" content=\"index, follow, max-snippet:-1, max-image-preview:large, max-video-preview:-1\" \/>\n<link rel=\"canonical\" href=\"https:\/\/www.oarcanjo.net\/site\/o-paladino-foi-para-a-casa-do-pai\/\" \/>\n<meta property=\"og:locale\" content=\"pt_BR\" \/>\n<meta property=\"og:type\" content=\"article\" \/>\n<meta property=\"og:title\" content=\"O Palladino foi para a casa do Pai - O Arcanjo no ar\" \/>\n<meta property=\"og:description\" content=\"Por Alexandre Leone Car\u00edssimos Quem conheceu o Palladino, sempre sentiu que esse homem era aben\u00e7oado pelo Pai. Homem de bem, viveu para a comunidade S\u00e3o Rafael, foi dirigente por muitos anos do Encontro de Casais com Cristo, foi diretor do Lions e um dos fundadores do Arsenal da Esperan\u00e7a Dom Luciano Pedro Mendes de Almeida, [&hellip;]\" \/>\n<meta property=\"og:url\" content=\"https:\/\/www.oarcanjo.net\/site\/o-paladino-foi-para-a-casa-do-pai\/\" \/>\n<meta property=\"og:site_name\" content=\"O Arcanjo no ar\" \/>\n<meta property=\"article:publisher\" content=\"https:\/\/www.facebook.com\/OArcanjoNoAr\/\" \/>\n<meta property=\"article:published_time\" content=\"2011-02-18T03:30:49+00:00\" \/>\n<meta property=\"article:modified_time\" content=\"2011-02-18T04:17:49+00:00\" \/>\n<meta property=\"og:image\" content=\"http:\/\/www.oarcanjo.net\/site\/wp-content\/uploads\/nat-ars-48a-300x200.jpg\" \/>\n<meta name=\"author\" content=\"carlos\" \/>\n<meta name=\"twitter:card\" content=\"summary_large_image\" \/>\n<meta name=\"twitter:label1\" content=\"Escrito por\" \/>\n\t<meta name=\"twitter:data1\" content=\"carlos\" \/>\n\t<meta name=\"twitter:label2\" content=\"Est. tempo de leitura\" \/>\n\t<meta name=\"twitter:data2\" content=\"1 minuto\" \/>\n<script type=\"application\/ld+json\" class=\"yoast-schema-graph\">{\"@context\":\"https:\/\/schema.org\",\"@graph\":[{\"@type\":\"Article\",\"@id\":\"https:\/\/www.oarcanjo.net\/site\/o-paladino-foi-para-a-casa-do-pai\/#article\",\"isPartOf\":{\"@id\":\"https:\/\/www.oarcanjo.net\/site\/o-paladino-foi-para-a-casa-do-pai\/\"},\"author\":{\"name\":\"carlos\",\"@id\":\"https:\/\/www.oarcanjo.net\/site\/#\/schema\/person\/f7870e710d8c8c30673de3a0ac2e451d\"},\"headline\":\"O Palladino foi para a casa do Pai\",\"datePublished\":\"2011-02-18T03:30:49+00:00\",\"dateModified\":\"2011-02-18T04:17:49+00:00\",\"mainEntityOfPage\":{\"@id\":\"https:\/\/www.oarcanjo.net\/site\/o-paladino-foi-para-a-casa-do-pai\/\"},\"wordCount\":282,\"commentCount\":0,\"publisher\":{\"@id\":\"https:\/\/www.oarcanjo.net\/site\/#organization\"},\"image\":{\"@id\":\"https:\/\/www.oarcanjo.net\/site\/o-paladino-foi-para-a-casa-do-pai\/#primaryimage\"},\"thumbnailUrl\":\"http:\/\/www.oarcanjo.net\/site\/wp-content\/uploads\/nat-ars-48a-300x200.jpg\",\"articleSection\":[\"Not\u00edcias\"],\"inLanguage\":\"pt-BR\",\"potentialAction\":[{\"@type\":\"CommentAction\",\"name\":\"Comment\",\"target\":[\"https:\/\/www.oarcanjo.net\/site\/o-paladino-foi-para-a-casa-do-pai\/#respond\"]}]},{\"@type\":\"WebPage\",\"@id\":\"https:\/\/www.oarcanjo.net\/site\/o-paladino-foi-para-a-casa-do-pai\/\",\"url\":\"https:\/\/www.oarcanjo.net\/site\/o-paladino-foi-para-a-casa-do-pai\/\",\"name\":\"O Palladino foi para a casa do Pai - O Arcanjo no ar\",\"isPartOf\":{\"@id\":\"https:\/\/www.oarcanjo.net\/site\/#website\"},\"primaryImageOfPage\":{\"@id\":\"https:\/\/www.oarcanjo.net\/site\/o-paladino-foi-para-a-casa-do-pai\/#primaryimage\"},\"image\":{\"@id\":\"https:\/\/www.oarcanjo.net\/site\/o-paladino-foi-para-a-casa-do-pai\/#primaryimage\"},\"thumbnailUrl\":\"http:\/\/www.oarcanjo.net\/site\/wp-content\/uploads\/nat-ars-48a-300x200.jpg\",\"datePublished\":\"2011-02-18T03:30:49+00:00\",\"dateModified\":\"2011-02-18T04:17:49+00:00\",\"breadcrumb\":{\"@id\":\"https:\/\/www.oarcanjo.net\/site\/o-paladino-foi-para-a-casa-do-pai\/#breadcrumb\"},\"inLanguage\":\"pt-BR\",\"potentialAction\":[{\"@type\":\"ReadAction\",\"target\":[\"https:\/\/www.oarcanjo.net\/site\/o-paladino-foi-para-a-casa-do-pai\/\"]}]},{\"@type\":\"ImageObject\",\"inLanguage\":\"pt-BR\",\"@id\":\"https:\/\/www.oarcanjo.net\/site\/o-paladino-foi-para-a-casa-do-pai\/#primaryimage\",\"url\":\"https:\/\/www.oarcanjo.net\/site\/wp-content\/uploads\/nat-ars-48a.jpg\",\"contentUrl\":\"https:\/\/www.oarcanjo.net\/site\/wp-content\/uploads\/nat-ars-48a.jpg\",\"width\":\"640\",\"height\":\"427\"},{\"@type\":\"BreadcrumbList\",\"@id\":\"https:\/\/www.oarcanjo.net\/site\/o-paladino-foi-para-a-casa-do-pai\/#breadcrumb\",\"itemListElement\":[{\"@type\":\"ListItem\",\"position\":1,\"name\":\"In\u00edcio\",\"item\":\"https:\/\/www.oarcanjo.net\/site\/\"},{\"@type\":\"ListItem\",\"position\":2,\"name\":\"O Palladino foi para a casa do Pai\"}]},{\"@type\":\"WebSite\",\"@id\":\"https:\/\/www.oarcanjo.net\/site\/#website\",\"url\":\"https:\/\/www.oarcanjo.net\/site\/\",\"name\":\"O Arcanjo no ar\",\"description\":\"Site da Par\u00f3quia S\u00e3o Miguel Arcanjo (Arquidiocese de SP)\",\"publisher\":{\"@id\":\"https:\/\/www.oarcanjo.net\/site\/#organization\"},\"potentialAction\":[{\"@type\":\"SearchAction\",\"target\":{\"@type\":\"EntryPoint\",\"urlTemplate\":\"https:\/\/www.oarcanjo.net\/site\/?s={search_term_string}\"},\"query-input\":{\"@type\":\"PropertyValueSpecification\",\"valueRequired\":true,\"valueName\":\"search_term_string\"}}],\"inLanguage\":\"pt-BR\"},{\"@type\":\"Organization\",\"@id\":\"https:\/\/www.oarcanjo.net\/site\/#organization\",\"name\":\"Par\u00f3quia S\u00e3o Miguel Arcanjo\",\"url\":\"https:\/\/www.oarcanjo.net\/site\/\",\"logo\":{\"@type\":\"ImageObject\",\"inLanguage\":\"pt-BR\",\"@id\":\"https:\/\/www.oarcanjo.net\/site\/#\/schema\/logo\/image\/\",\"url\":\"https:\/\/www.oarcanjo.net\/site\/wp-content\/uploads\/LogoOArcanjo.png\",\"contentUrl\":\"https:\/\/www.oarcanjo.net\/site\/wp-content\/uploads\/LogoOArcanjo.png\",\"width\":319,\"height\":99,\"caption\":\"Par\u00f3quia S\u00e3o Miguel Arcanjo\"},\"image\":{\"@id\":\"https:\/\/www.oarcanjo.net\/site\/#\/schema\/logo\/image\/\"},\"sameAs\":[\"https:\/\/www.facebook.com\/OArcanjoNoAr\/\"]},{\"@type\":\"Person\",\"@id\":\"https:\/\/www.oarcanjo.net\/site\/#\/schema\/person\/f7870e710d8c8c30673de3a0ac2e451d\",\"name\":\"carlos\"}]}<\/script>\n<!-- \/ Yoast SEO plugin. -->","yoast_head_json":{"title":"O Palladino foi para a casa do Pai - O Arcanjo no ar","robots":{"index":"index","follow":"follow","max-snippet":"max-snippet:-1","max-image-preview":"max-image-preview:large","max-video-preview":"max-video-preview:-1"},"canonical":"https:\/\/www.oarcanjo.net\/site\/o-paladino-foi-para-a-casa-do-pai\/","og_locale":"pt_BR","og_type":"article","og_title":"O Palladino foi para a casa do Pai - O Arcanjo no ar","og_description":"Por Alexandre Leone Car\u00edssimos Quem conheceu o Palladino, sempre sentiu que esse homem era aben\u00e7oado pelo Pai. Homem de bem, viveu para a comunidade S\u00e3o Rafael, foi dirigente por muitos anos do Encontro de Casais com Cristo, foi diretor do Lions e um dos fundadores do Arsenal da Esperan\u00e7a Dom Luciano Pedro Mendes de Almeida, [&hellip;]","og_url":"https:\/\/www.oarcanjo.net\/site\/o-paladino-foi-para-a-casa-do-pai\/","og_site_name":"O Arcanjo no ar","article_publisher":"https:\/\/www.facebook.com\/OArcanjoNoAr\/","article_published_time":"2011-02-18T03:30:49+00:00","article_modified_time":"2011-02-18T04:17:49+00:00","og_image":[{"url":"http:\/\/www.oarcanjo.net\/site\/wp-content\/uploads\/nat-ars-48a-300x200.jpg"}],"author":"carlos","twitter_card":"summary_large_image","twitter_misc":{"Escrito por":"carlos","Est. tempo de leitura":"1 minuto"},"schema":{"@context":"https:\/\/schema.org","@graph":[{"@type":"Article","@id":"https:\/\/www.oarcanjo.net\/site\/o-paladino-foi-para-a-casa-do-pai\/#article","isPartOf":{"@id":"https:\/\/www.oarcanjo.net\/site\/o-paladino-foi-para-a-casa-do-pai\/"},"author":{"name":"carlos","@id":"https:\/\/www.oarcanjo.net\/site\/#\/schema\/person\/f7870e710d8c8c30673de3a0ac2e451d"},"headline":"O Palladino foi para a casa do Pai","datePublished":"2011-02-18T03:30:49+00:00","dateModified":"2011-02-18T04:17:49+00:00","mainEntityOfPage":{"@id":"https:\/\/www.oarcanjo.net\/site\/o-paladino-foi-para-a-casa-do-pai\/"},"wordCount":282,"commentCount":0,"publisher":{"@id":"https:\/\/www.oarcanjo.net\/site\/#organization"},"image":{"@id":"https:\/\/www.oarcanjo.net\/site\/o-paladino-foi-para-a-casa-do-pai\/#primaryimage"},"thumbnailUrl":"http:\/\/www.oarcanjo.net\/site\/wp-content\/uploads\/nat-ars-48a-300x200.jpg","articleSection":["Not\u00edcias"],"inLanguage":"pt-BR","potentialAction":[{"@type":"CommentAction","name":"Comment","target":["https:\/\/www.oarcanjo.net\/site\/o-paladino-foi-para-a-casa-do-pai\/#respond"]}]},{"@type":"WebPage","@id":"https:\/\/www.oarcanjo.net\/site\/o-paladino-foi-para-a-casa-do-pai\/","url":"https:\/\/www.oarcanjo.net\/site\/o-paladino-foi-para-a-casa-do-pai\/","name":"O Palladino foi para a casa do Pai - O Arcanjo no ar","isPartOf":{"@id":"https:\/\/www.oarcanjo.net\/site\/#website"},"primaryImageOfPage":{"@id":"https:\/\/www.oarcanjo.net\/site\/o-paladino-foi-para-a-casa-do-pai\/#primaryimage"},"image":{"@id":"https:\/\/www.oarcanjo.net\/site\/o-paladino-foi-para-a-casa-do-pai\/#primaryimage"},"thumbnailUrl":"http:\/\/www.oarcanjo.net\/site\/wp-content\/uploads\/nat-ars-48a-300x200.jpg","datePublished":"2011-02-18T03:30:49+00:00","dateModified":"2011-02-18T04:17:49+00:00","breadcrumb":{"@id":"https:\/\/www.oarcanjo.net\/site\/o-paladino-foi-para-a-casa-do-pai\/#breadcrumb"},"inLanguage":"pt-BR","potentialAction":[{"@type":"ReadAction","target":["https:\/\/www.oarcanjo.net\/site\/o-paladino-foi-para-a-casa-do-pai\/"]}]},{"@type":"ImageObject","inLanguage":"pt-BR","@id":"https:\/\/www.oarcanjo.net\/site\/o-paladino-foi-para-a-casa-do-pai\/#primaryimage","url":"https:\/\/www.oarcanjo.net\/site\/wp-content\/uploads\/nat-ars-48a.jpg","contentUrl":"https:\/\/www.oarcanjo.net\/site\/wp-content\/uploads\/nat-ars-48a.jpg","width":"640","height":"427"},{"@type":"BreadcrumbList","@id":"https:\/\/www.oarcanjo.net\/site\/o-paladino-foi-para-a-casa-do-pai\/#breadcrumb","itemListElement":[{"@type":"ListItem","position":1,"name":"In\u00edcio","item":"https:\/\/www.oarcanjo.net\/site\/"},{"@type":"ListItem","position":2,"name":"O Palladino foi para a casa do Pai"}]},{"@type":"WebSite","@id":"https:\/\/www.oarcanjo.net\/site\/#website","url":"https:\/\/www.oarcanjo.net\/site\/","name":"O Arcanjo no ar","description":"Site da Par\u00f3quia S\u00e3o Miguel Arcanjo (Arquidiocese de SP)","publisher":{"@id":"https:\/\/www.oarcanjo.net\/site\/#organization"},"potentialAction":[{"@type":"SearchAction","target":{"@type":"EntryPoint","urlTemplate":"https:\/\/www.oarcanjo.net\/site\/?s={search_term_string}"},"query-input":{"@type":"PropertyValueSpecification","valueRequired":true,"valueName":"search_term_string"}}],"inLanguage":"pt-BR"},{"@type":"Organization","@id":"https:\/\/www.oarcanjo.net\/site\/#organization","name":"Par\u00f3quia S\u00e3o Miguel Arcanjo","url":"https:\/\/www.oarcanjo.net\/site\/","logo":{"@type":"ImageObject","inLanguage":"pt-BR","@id":"https:\/\/www.oarcanjo.net\/site\/#\/schema\/logo\/image\/","url":"https:\/\/www.oarcanjo.net\/site\/wp-content\/uploads\/LogoOArcanjo.png","contentUrl":"https:\/\/www.oarcanjo.net\/site\/wp-content\/uploads\/LogoOArcanjo.png","width":319,"height":99,"caption":"Par\u00f3quia S\u00e3o Miguel Arcanjo"},"image":{"@id":"https:\/\/www.oarcanjo.net\/site\/#\/schema\/logo\/image\/"},"sameAs":["https:\/\/www.facebook.com\/OArcanjoNoAr\/"]},{"@type":"Person","@id":"https:\/\/www.oarcanjo.net\/site\/#\/schema\/person\/f7870e710d8c8c30673de3a0ac2e451d","name":"carlos"}]}},"publishpress_future_action":{"enabled":false,"date":"2026-05-09 07:37:11","action":"category","newStatus":"draft","terms":[],"taxonomy":"category"},"publishpress_future_workflow_manual_trigger":{"enabledWorkflows":[]},"_links":{"self":[{"href":"https:\/\/www.oarcanjo.net\/site\/wp-json\/wp\/v2\/posts\/13096"}],"collection":[{"href":"https:\/\/www.oarcanjo.net\/site\/wp-json\/wp\/v2\/posts"}],"about":[{"href":"https:\/\/www.oarcanjo.net\/site\/wp-json\/wp\/v2\/types\/post"}],"author":[{"embeddable":true,"href":"https:\/\/www.oarcanjo.net\/site\/wp-json\/wp\/v2\/users\/10"}],"replies":[{"embeddable":true,"href":"https:\/\/www.oarcanjo.net\/site\/wp-json\/wp\/v2\/comments?post=13096"}],"version-history":[{"count":0,"href":"https:\/\/www.oarcanjo.net\/site\/wp-json\/wp\/v2\/posts\/13096\/revisions"}],"wp:attachment":[{"href":"https:\/\/www.oarcanjo.net\/site\/wp-json\/wp\/v2\/media?parent=13096"}],"wp:term":[{"taxonomy":"category","embeddable":true,"href":"https:\/\/www.oarcanjo.net\/site\/wp-json\/wp\/v2\/categories?post=13096"},{"taxonomy":"post_tag","embeddable":true,"href":"https:\/\/www.oarcanjo.net\/site\/wp-json\/wp\/v2\/tags?post=13096"}],"curies":[{"name":"wp","href":"https:\/\/api.w.org\/{rel}","templated":true}]}}