
{"id":1311,"date":"2009-01-01T11:13:05","date_gmt":"2009-01-01T13:13:05","guid":{"rendered":"http:\/\/www.oarcanjo.net\/site\/?p=1311"},"modified":"2009-01-01T11:13:05","modified_gmt":"2009-01-01T13:13:05","slug":"pobreza-e-paz","status":"publish","type":"post","link":"https:\/\/www.oarcanjo.net\/site\/pobreza-e-paz\/","title":{"rendered":"Pobreza e Paz"},"content":{"rendered":"<p>Dom Dem\u00e9trio Valentini<\/p>\n<p>Para o Dia Mundial da Paz, Bento 16 prop\u00f5e \u00e0 reflex\u00e3o de todos a vincula\u00e7\u00e3o entre a pobreza e a paz. Come\u00e7a constatando a din\u00e2mica, onde a pobreza se encontra entre os fatores que desencadeiam os conflitos, que por sua vez acabam agravando ainda mais as situa\u00e7\u00f5es de pobreza. <\/p>\n<p>Diante desta constata\u00e7\u00e3o, Bento 16 lan\u00e7a o desafio, para ser assumido solidariamente, neste tempo de globaliza\u00e7\u00e3o em que nos encontramos: &#8220;combater a pobreza &#8211; construir a paz&#8221;.<\/p>\n<p>O ano de 2009 come\u00e7a cheio de apreens\u00f5es, face \u00e0 crise econ\u00f4mica, nascida no centro do sistema, trazendo em conseq\u00fc\u00eancia uma din\u00e2mica inerente de propaga\u00e7\u00e3o. As interroga\u00e7\u00f5es se referem n\u00e3o s\u00f3 \u00e0 extens\u00e3o da contamina\u00e7\u00e3o da crise, mas tamb\u00e9m \u00e0 profundidade que ela ter\u00e1, levantando s\u00e9rias quest\u00f5es sobre o agravamento das situa\u00e7\u00f5es de pobreza no mundo.<\/p>\n<p>Em meio aos desafios que a situa\u00e7\u00e3o de crise generalizada do sistema econ\u00f4mico mundial est\u00e1 levantando, \u00e9 muito oportuno o apelo do Papa para uma convicta atitude de solidariedade para com as popula\u00e7\u00f5es que ser\u00e3o mais atingidas pelas conseq\u00fc\u00eancias da crise, tanto nos pa\u00edses centrais como nos pa\u00edses perif\u00e9ricos do sistema econ\u00f4mico mundial.<\/p>\n<p>O desencadear da crise j\u00e1 mostrou uma despropor\u00e7\u00e3o evidente na destina\u00e7\u00e3o dos recursos. Quando se trata de socorrer institui\u00e7\u00f5es financeiras, as cifras s\u00e3o astron\u00f4micas, e parece n\u00e3o existirem limites para salvar os bancos. Mas quando se faz as contas de quanto se precisaria para acabar com a fome no mundo, o montante nem seria tanto, mas paira sempre no ar a constrangedora impress\u00e3o de que n\u00e3o vale a pena gastar dinheiro para salvar os pobres.<\/p>\n<p>O apelo do Papa, vinculando a pobreza com a paz,  independente do que ele diz ou deixa de dizer, traz consigo o inelud\u00edvel  desafio de colocar a quest\u00e3o b\u00e1sica da finalidade verdadeira da economia: ela est\u00e1 a servi\u00e7o da vida, ou n\u00e3o?  E se est\u00e1, o crit\u00e9rio de averigua\u00e7\u00e3o do seu sucesso n\u00e3o pode ser o lucro, mas o atendimento das necessidades vitais de toda a popula\u00e7\u00e3o mundial, independentemente das regi\u00f5es geogr\u00e1ficas em que esta popula\u00e7\u00e3o se encontre.<\/p>\n<p>A atual crise econ\u00f4mica mundial oferece a oportunidade para repensar as finalidades essenciais e as condi\u00e7\u00f5es b\u00e1sicas para um verdadeiro projeto de desenvolvimento sustent\u00e1vel, em n\u00edvel mundial, compat\u00edvel com os recursos que o planeta nos oferece, e que precisam ser usados com crit\u00e9rio e com responsabilidade.<\/p>\n<p>Para evitar caminhos equivocados de combate \u00e0 pobreza, o Papa aponta alguns \u00e2mbitos que mais necessitam de aten\u00e7\u00e3o. O primeiro deles \u00e9 ligado \u00e0 demografia, em que entra em jogo o tamanho da popula\u00e7\u00e3o mundial. Ele observa que os pa\u00edses que mostram dinamismo demogr\u00e1fico s\u00e3o os que apresentam hoje melhores \u00edndices de crescimento econ\u00f4mico, e com isto fica desmentida a suposi\u00e7\u00e3o de que as taxas de natalidade s\u00e3o empecilho para o crescimento econ\u00f4mico. Mas \u00e9 de observar que, neste contexto, ao mesmo tempo o Papa cita a surpreendente cifra da duplica\u00e7\u00e3o da popula\u00e7\u00e3o mundial a partir da segunda grande guerra at\u00e9 hoje, numa evidente alus\u00e3o \u00e0 responsabilidade com que deve ser olhado hoje o crescimento demogr\u00e1fico, que transcende a dimens\u00e3o da \u00e9tica individual para assumir dimens\u00e3o de esp\u00e9cie humana.<\/p>\n<p>O Papa faz tamb\u00e9m refer\u00eancia \u00e0s pandemias, citando a mal\u00e1ria, a tuberculose e a aids, para cujo combate ele advoga, corajosamente, a quebra dos patenteamentos, em vista da urg\u00eancia de sua utiliza\u00e7\u00e3o em defesa da vida das popula\u00e7\u00f5es pobres. Ele questiona com for\u00e7a os gastos que ainda hoje s\u00e3o destinados a programas armamentistas sem sentido e sem justificativas. Lembra que as primeiras v\u00edtimas da fome s\u00e3o as crian\u00e7as, e observa que a crise alimentar atual est\u00e1 elevando as cifras dos desnutridos no mundo.<\/p>\n<p>Uma mensagem, portanto, carregada de raz\u00f5es, e dirigida \u00e0 consci\u00eancia de todos. <\/p>\n<div id=\"themify_builder_content-1311\" data-postid=\"1311\" class=\"themify_builder_content themify_builder_content-1311 themify_builder themify_builder_front\">\n\t<\/div>\n<!-- \/themify_builder_content -->","protected":false},"excerpt":{"rendered":"<p>Dom Dem\u00e9trio Valentini Para o Dia Mundial da Paz, Bento 16 prop\u00f5e \u00e0 reflex\u00e3o de todos a vincula\u00e7\u00e3o entre a pobreza e a paz. Come\u00e7a constatando a din\u00e2mica, onde a pobreza se encontra entre os fatores que desencadeiam os conflitos, que por sua vez acabam agravando ainda mais as situa\u00e7\u00f5es de pobreza. Diante desta constata\u00e7\u00e3o, [&hellip;]<\/p>\n","protected":false},"author":5,"featured_media":0,"comment_status":"open","ping_status":"open","sticky":false,"template":"","format":"standard","meta":{"ngg_post_thumbnail":0,"footnotes":""},"categories":[9],"tags":[157,167,37],"yoast_head":"<!-- This site is optimized with the Yoast SEO plugin v23.5 - https:\/\/yoast.com\/wordpress\/plugins\/seo\/ -->\n<title>Pobreza e Paz - O Arcanjo no ar<\/title>\n<meta name=\"robots\" content=\"index, follow, max-snippet:-1, max-image-preview:large, max-video-preview:-1\" \/>\n<link rel=\"canonical\" href=\"https:\/\/www.oarcanjo.net\/site\/pobreza-e-paz\/\" \/>\n<meta property=\"og:locale\" content=\"pt_BR\" \/>\n<meta property=\"og:type\" content=\"article\" \/>\n<meta property=\"og:title\" content=\"Pobreza e Paz - O Arcanjo no ar\" \/>\n<meta property=\"og:description\" content=\"Dom Dem\u00e9trio Valentini Para o Dia Mundial da Paz, Bento 16 prop\u00f5e \u00e0 reflex\u00e3o de todos a vincula\u00e7\u00e3o entre a pobreza e a paz. Come\u00e7a constatando a din\u00e2mica, onde a pobreza se encontra entre os fatores que desencadeiam os conflitos, que por sua vez acabam agravando ainda mais as situa\u00e7\u00f5es de pobreza. Diante desta constata\u00e7\u00e3o, [&hellip;]\" \/>\n<meta property=\"og:url\" content=\"https:\/\/www.oarcanjo.net\/site\/pobreza-e-paz\/\" \/>\n<meta property=\"og:site_name\" content=\"O Arcanjo no ar\" \/>\n<meta property=\"article:publisher\" content=\"https:\/\/www.facebook.com\/OArcanjoNoAr\/\" \/>\n<meta property=\"article:published_time\" content=\"2009-01-01T13:13:05+00:00\" \/>\n<meta property=\"og:image\" content=\"https:\/\/www.oarcanjo.net\/site\/wp-content\/uploads\/logo-o-arcanjo-no-ar-facebook.png\" \/>\n\t<meta property=\"og:image:width\" content=\"300\" \/>\n\t<meta property=\"og:image:height\" content=\"300\" \/>\n\t<meta property=\"og:image:type\" content=\"image\/png\" \/>\n<meta name=\"author\" content=\"editor\" \/>\n<meta name=\"twitter:card\" content=\"summary_large_image\" \/>\n<meta name=\"twitter:label1\" content=\"Escrito por\" \/>\n\t<meta name=\"twitter:data1\" content=\"editor\" \/>\n\t<meta name=\"twitter:label2\" content=\"Est. tempo de leitura\" \/>\n\t<meta name=\"twitter:data2\" content=\"3 minutos\" \/>\n<script type=\"application\/ld+json\" class=\"yoast-schema-graph\">{\"@context\":\"https:\/\/schema.org\",\"@graph\":[{\"@type\":\"Article\",\"@id\":\"https:\/\/www.oarcanjo.net\/site\/pobreza-e-paz\/#article\",\"isPartOf\":{\"@id\":\"https:\/\/www.oarcanjo.net\/site\/pobreza-e-paz\/\"},\"author\":{\"name\":\"editor\",\"@id\":\"https:\/\/www.oarcanjo.net\/site\/#\/schema\/person\/f7024d007863202483a31326673a0838\"},\"headline\":\"Pobreza e Paz\",\"datePublished\":\"2009-01-01T13:13:05+00:00\",\"dateModified\":\"2009-01-01T13:13:05+00:00\",\"mainEntityOfPage\":{\"@id\":\"https:\/\/www.oarcanjo.net\/site\/pobreza-e-paz\/\"},\"wordCount\":689,\"commentCount\":3,\"publisher\":{\"@id\":\"https:\/\/www.oarcanjo.net\/site\/#organization\"},\"keywords\":[\"papa\",\"paz\",\"pobreza\"],\"articleSection\":[\"Reflex\u00f5es\"],\"inLanguage\":\"pt-BR\",\"potentialAction\":[{\"@type\":\"CommentAction\",\"name\":\"Comment\",\"target\":[\"https:\/\/www.oarcanjo.net\/site\/pobreza-e-paz\/#respond\"]}]},{\"@type\":\"WebPage\",\"@id\":\"https:\/\/www.oarcanjo.net\/site\/pobreza-e-paz\/\",\"url\":\"https:\/\/www.oarcanjo.net\/site\/pobreza-e-paz\/\",\"name\":\"Pobreza e Paz - O Arcanjo no ar\",\"isPartOf\":{\"@id\":\"https:\/\/www.oarcanjo.net\/site\/#website\"},\"datePublished\":\"2009-01-01T13:13:05+00:00\",\"dateModified\":\"2009-01-01T13:13:05+00:00\",\"breadcrumb\":{\"@id\":\"https:\/\/www.oarcanjo.net\/site\/pobreza-e-paz\/#breadcrumb\"},\"inLanguage\":\"pt-BR\",\"potentialAction\":[{\"@type\":\"ReadAction\",\"target\":[\"https:\/\/www.oarcanjo.net\/site\/pobreza-e-paz\/\"]}]},{\"@type\":\"BreadcrumbList\",\"@id\":\"https:\/\/www.oarcanjo.net\/site\/pobreza-e-paz\/#breadcrumb\",\"itemListElement\":[{\"@type\":\"ListItem\",\"position\":1,\"name\":\"In\u00edcio\",\"item\":\"https:\/\/www.oarcanjo.net\/site\/\"},{\"@type\":\"ListItem\",\"position\":2,\"name\":\"Pobreza e Paz\"}]},{\"@type\":\"WebSite\",\"@id\":\"https:\/\/www.oarcanjo.net\/site\/#website\",\"url\":\"https:\/\/www.oarcanjo.net\/site\/\",\"name\":\"O Arcanjo no ar\",\"description\":\"Site da Par\u00f3quia S\u00e3o Miguel Arcanjo (Arquidiocese de SP)\",\"publisher\":{\"@id\":\"https:\/\/www.oarcanjo.net\/site\/#organization\"},\"potentialAction\":[{\"@type\":\"SearchAction\",\"target\":{\"@type\":\"EntryPoint\",\"urlTemplate\":\"https:\/\/www.oarcanjo.net\/site\/?s={search_term_string}\"},\"query-input\":{\"@type\":\"PropertyValueSpecification\",\"valueRequired\":true,\"valueName\":\"search_term_string\"}}],\"inLanguage\":\"pt-BR\"},{\"@type\":\"Organization\",\"@id\":\"https:\/\/www.oarcanjo.net\/site\/#organization\",\"name\":\"Par\u00f3quia S\u00e3o Miguel Arcanjo\",\"url\":\"https:\/\/www.oarcanjo.net\/site\/\",\"logo\":{\"@type\":\"ImageObject\",\"inLanguage\":\"pt-BR\",\"@id\":\"https:\/\/www.oarcanjo.net\/site\/#\/schema\/logo\/image\/\",\"url\":\"https:\/\/www.oarcanjo.net\/site\/wp-content\/uploads\/LogoOArcanjo.png\",\"contentUrl\":\"https:\/\/www.oarcanjo.net\/site\/wp-content\/uploads\/LogoOArcanjo.png\",\"width\":319,\"height\":99,\"caption\":\"Par\u00f3quia S\u00e3o Miguel Arcanjo\"},\"image\":{\"@id\":\"https:\/\/www.oarcanjo.net\/site\/#\/schema\/logo\/image\/\"},\"sameAs\":[\"https:\/\/www.facebook.com\/OArcanjoNoAr\/\"]},{\"@type\":\"Person\",\"@id\":\"https:\/\/www.oarcanjo.net\/site\/#\/schema\/person\/f7024d007863202483a31326673a0838\",\"name\":\"editor\",\"sameAs\":[\"http:\/\/www.oarcanjo.net\"]}]}<\/script>\n<!-- \/ Yoast SEO plugin. -->","yoast_head_json":{"title":"Pobreza e Paz - O Arcanjo no ar","robots":{"index":"index","follow":"follow","max-snippet":"max-snippet:-1","max-image-preview":"max-image-preview:large","max-video-preview":"max-video-preview:-1"},"canonical":"https:\/\/www.oarcanjo.net\/site\/pobreza-e-paz\/","og_locale":"pt_BR","og_type":"article","og_title":"Pobreza e Paz - O Arcanjo no ar","og_description":"Dom Dem\u00e9trio Valentini Para o Dia Mundial da Paz, Bento 16 prop\u00f5e \u00e0 reflex\u00e3o de todos a vincula\u00e7\u00e3o entre a pobreza e a paz. Come\u00e7a constatando a din\u00e2mica, onde a pobreza se encontra entre os fatores que desencadeiam os conflitos, que por sua vez acabam agravando ainda mais as situa\u00e7\u00f5es de pobreza. Diante desta constata\u00e7\u00e3o, [&hellip;]","og_url":"https:\/\/www.oarcanjo.net\/site\/pobreza-e-paz\/","og_site_name":"O Arcanjo no ar","article_publisher":"https:\/\/www.facebook.com\/OArcanjoNoAr\/","article_published_time":"2009-01-01T13:13:05+00:00","og_image":[{"width":300,"height":300,"url":"https:\/\/www.oarcanjo.net\/site\/wp-content\/uploads\/logo-o-arcanjo-no-ar-facebook.png","type":"image\/png"}],"author":"editor","twitter_card":"summary_large_image","twitter_misc":{"Escrito por":"editor","Est. tempo de leitura":"3 minutos"},"schema":{"@context":"https:\/\/schema.org","@graph":[{"@type":"Article","@id":"https:\/\/www.oarcanjo.net\/site\/pobreza-e-paz\/#article","isPartOf":{"@id":"https:\/\/www.oarcanjo.net\/site\/pobreza-e-paz\/"},"author":{"name":"editor","@id":"https:\/\/www.oarcanjo.net\/site\/#\/schema\/person\/f7024d007863202483a31326673a0838"},"headline":"Pobreza e Paz","datePublished":"2009-01-01T13:13:05+00:00","dateModified":"2009-01-01T13:13:05+00:00","mainEntityOfPage":{"@id":"https:\/\/www.oarcanjo.net\/site\/pobreza-e-paz\/"},"wordCount":689,"commentCount":3,"publisher":{"@id":"https:\/\/www.oarcanjo.net\/site\/#organization"},"keywords":["papa","paz","pobreza"],"articleSection":["Reflex\u00f5es"],"inLanguage":"pt-BR","potentialAction":[{"@type":"CommentAction","name":"Comment","target":["https:\/\/www.oarcanjo.net\/site\/pobreza-e-paz\/#respond"]}]},{"@type":"WebPage","@id":"https:\/\/www.oarcanjo.net\/site\/pobreza-e-paz\/","url":"https:\/\/www.oarcanjo.net\/site\/pobreza-e-paz\/","name":"Pobreza e Paz - O Arcanjo no ar","isPartOf":{"@id":"https:\/\/www.oarcanjo.net\/site\/#website"},"datePublished":"2009-01-01T13:13:05+00:00","dateModified":"2009-01-01T13:13:05+00:00","breadcrumb":{"@id":"https:\/\/www.oarcanjo.net\/site\/pobreza-e-paz\/#breadcrumb"},"inLanguage":"pt-BR","potentialAction":[{"@type":"ReadAction","target":["https:\/\/www.oarcanjo.net\/site\/pobreza-e-paz\/"]}]},{"@type":"BreadcrumbList","@id":"https:\/\/www.oarcanjo.net\/site\/pobreza-e-paz\/#breadcrumb","itemListElement":[{"@type":"ListItem","position":1,"name":"In\u00edcio","item":"https:\/\/www.oarcanjo.net\/site\/"},{"@type":"ListItem","position":2,"name":"Pobreza e Paz"}]},{"@type":"WebSite","@id":"https:\/\/www.oarcanjo.net\/site\/#website","url":"https:\/\/www.oarcanjo.net\/site\/","name":"O Arcanjo no ar","description":"Site da Par\u00f3quia S\u00e3o Miguel Arcanjo (Arquidiocese de SP)","publisher":{"@id":"https:\/\/www.oarcanjo.net\/site\/#organization"},"potentialAction":[{"@type":"SearchAction","target":{"@type":"EntryPoint","urlTemplate":"https:\/\/www.oarcanjo.net\/site\/?s={search_term_string}"},"query-input":{"@type":"PropertyValueSpecification","valueRequired":true,"valueName":"search_term_string"}}],"inLanguage":"pt-BR"},{"@type":"Organization","@id":"https:\/\/www.oarcanjo.net\/site\/#organization","name":"Par\u00f3quia S\u00e3o Miguel Arcanjo","url":"https:\/\/www.oarcanjo.net\/site\/","logo":{"@type":"ImageObject","inLanguage":"pt-BR","@id":"https:\/\/www.oarcanjo.net\/site\/#\/schema\/logo\/image\/","url":"https:\/\/www.oarcanjo.net\/site\/wp-content\/uploads\/LogoOArcanjo.png","contentUrl":"https:\/\/www.oarcanjo.net\/site\/wp-content\/uploads\/LogoOArcanjo.png","width":319,"height":99,"caption":"Par\u00f3quia S\u00e3o Miguel Arcanjo"},"image":{"@id":"https:\/\/www.oarcanjo.net\/site\/#\/schema\/logo\/image\/"},"sameAs":["https:\/\/www.facebook.com\/OArcanjoNoAr\/"]},{"@type":"Person","@id":"https:\/\/www.oarcanjo.net\/site\/#\/schema\/person\/f7024d007863202483a31326673a0838","name":"editor","sameAs":["http:\/\/www.oarcanjo.net"]}]}},"publishpress_future_action":{"enabled":false,"date":"2026-05-07 16:04:36","action":"category","newStatus":"draft","terms":[],"taxonomy":"category"},"publishpress_future_workflow_manual_trigger":{"enabledWorkflows":[]},"_links":{"self":[{"href":"https:\/\/www.oarcanjo.net\/site\/wp-json\/wp\/v2\/posts\/1311"}],"collection":[{"href":"https:\/\/www.oarcanjo.net\/site\/wp-json\/wp\/v2\/posts"}],"about":[{"href":"https:\/\/www.oarcanjo.net\/site\/wp-json\/wp\/v2\/types\/post"}],"author":[{"embeddable":true,"href":"https:\/\/www.oarcanjo.net\/site\/wp-json\/wp\/v2\/users\/5"}],"replies":[{"embeddable":true,"href":"https:\/\/www.oarcanjo.net\/site\/wp-json\/wp\/v2\/comments?post=1311"}],"version-history":[{"count":0,"href":"https:\/\/www.oarcanjo.net\/site\/wp-json\/wp\/v2\/posts\/1311\/revisions"}],"wp:attachment":[{"href":"https:\/\/www.oarcanjo.net\/site\/wp-json\/wp\/v2\/media?parent=1311"}],"wp:term":[{"taxonomy":"category","embeddable":true,"href":"https:\/\/www.oarcanjo.net\/site\/wp-json\/wp\/v2\/categories?post=1311"},{"taxonomy":"post_tag","embeddable":true,"href":"https:\/\/www.oarcanjo.net\/site\/wp-json\/wp\/v2\/tags?post=1311"}],"curies":[{"name":"wp","href":"https:\/\/api.w.org\/{rel}","templated":true}]}}