
{"id":13147,"date":"2011-02-19T01:33:11","date_gmt":"2011-02-19T03:33:11","guid":{"rendered":"http:\/\/www.oarcanjo.net\/site\/?p=13147"},"modified":"2011-02-19T09:50:52","modified_gmt":"2011-02-19T11:50:52","slug":"pastoral-de-exequias-se-reune-com-o-bispo-da-regiao-belem","status":"publish","type":"post","link":"https:\/\/www.oarcanjo.net\/site\/pastoral-de-exequias-se-reune-com-o-bispo-da-regiao-belem\/","title":{"rendered":"Pastoral de Ex\u00e9quias se re\u00fane com o Bispo da Regi\u00e3o Bel\u00e9m"},"content":{"rendered":"<p>Dom Edmar promoveu reuni\u00e3o com a Pastoral de Ex\u00e9quias do Setor Bel\u00e9m, nesta quinta-feira 17\/02\/11,<a href=\"http:\/\/www.oarcanjo.net\/site\/wp-content\/uploads\/IMG_0002.jpg\"><\/a> na Igreja Nossa Senhora do Bom Conselho. Os ministros de ex\u00e9quias atendem no Cemit\u00e9rio da Quarta Parada, em sistema de plant\u00e3o permanente. O Carlos e o Mauro Fagundes representaram a Par\u00f3quia S\u00e3o Miguel Arcanjo.<\/p>\n<p>Foram abordadas as quest\u00f5es envolvendo a participa\u00e7\u00e3o dos outros Setores da Regi\u00e3o Bel\u00e9m; o aprofundamento dos textos b\u00edblicos utilizados nos vel\u00f3rios; \u00a0os folhetos em uso e a possibilidade de elabora\u00e7\u00e3o de um novo, adequado \u00e0s atuais situa\u00e7\u00f5es vivenciadas pelos ministros; as vestes e; com destaque, a forma\u00e7\u00e3o de novos ministros.<\/p>\n<p>O Bispo ouviu dos ministros da descri\u00e7\u00e3o da rotina das atividades da Pastoral, considerando as particularidades do Cemit\u00e9rio da Quarta Parada, tendo sido salientada a import\u00e2ncia da Igreja estar presente at\u00e9 o \u00faltimo momento das pessoas.<\/p>\n<p>Foto por Carlos Alberto Beatriz<\/p>\n<p><a href=\"http:\/\/www.oarcanjo.net\/site\/wp-content\/uploads\/IMG_0002.jpg\"><img loading=\"lazy\" decoding=\"async\" title=\"IMG_0002\" src=\"http:\/\/www.oarcanjo.net\/site\/wp-content\/uploads\/IMG_0002-300x200.jpg\" alt=\"\" width=\"300\" height=\"200\" \/><\/a><\/p>\n<div id=\"themify_builder_content-13147\" data-postid=\"13147\" class=\"themify_builder_content themify_builder_content-13147 themify_builder themify_builder_front\">\n\t<\/div>\n<!-- \/themify_builder_content -->","protected":false},"excerpt":{"rendered":"<p>Dom Edmar promoveu reuni\u00e3o com a Pastoral de Ex\u00e9quias do Setor Bel\u00e9m, nesta quinta-feira 17\/02\/11, na Igreja Nossa Senhora do Bom Conselho. Os ministros de ex\u00e9quias atendem no Cemit\u00e9rio da Quarta Parada, em sistema de plant\u00e3o permanente. O Carlos e o Mauro Fagundes representaram a Par\u00f3quia S\u00e3o Miguel Arcanjo. Foram abordadas as quest\u00f5es envolvendo a [&hellip;]<\/p>\n","protected":false},"author":10,"featured_media":0,"comment_status":"open","ping_status":"open","sticky":false,"template":"","format":"standard","meta":{"ngg_post_thumbnail":0,"footnotes":""},"categories":[8],"tags":[1835],"yoast_head":"<!-- This site is optimized with the Yoast SEO plugin v23.5 - https:\/\/yoast.com\/wordpress\/plugins\/seo\/ -->\n<title>Pastoral de Ex\u00e9quias se re\u00fane com o Bispo da Regi\u00e3o Bel\u00e9m - O Arcanjo no ar<\/title>\n<meta name=\"robots\" content=\"index, follow, max-snippet:-1, max-image-preview:large, max-video-preview:-1\" \/>\n<link rel=\"canonical\" href=\"https:\/\/www.oarcanjo.net\/site\/pastoral-de-exequias-se-reune-com-o-bispo-da-regiao-belem\/\" \/>\n<meta property=\"og:locale\" content=\"pt_BR\" \/>\n<meta property=\"og:type\" content=\"article\" \/>\n<meta property=\"og:title\" content=\"Pastoral de Ex\u00e9quias se re\u00fane com o Bispo da Regi\u00e3o Bel\u00e9m - O Arcanjo no ar\" \/>\n<meta property=\"og:description\" content=\"Dom Edmar promoveu reuni\u00e3o com a Pastoral de Ex\u00e9quias do Setor Bel\u00e9m, nesta quinta-feira 17\/02\/11, na Igreja Nossa Senhora do Bom Conselho. Os ministros de ex\u00e9quias atendem no Cemit\u00e9rio da Quarta Parada, em sistema de plant\u00e3o permanente. O Carlos e o Mauro Fagundes representaram a Par\u00f3quia S\u00e3o Miguel Arcanjo. Foram abordadas as quest\u00f5es envolvendo a [&hellip;]\" \/>\n<meta property=\"og:url\" content=\"https:\/\/www.oarcanjo.net\/site\/pastoral-de-exequias-se-reune-com-o-bispo-da-regiao-belem\/\" \/>\n<meta property=\"og:site_name\" content=\"O Arcanjo no ar\" \/>\n<meta property=\"article:publisher\" content=\"https:\/\/www.facebook.com\/OArcanjoNoAr\/\" \/>\n<meta property=\"article:published_time\" content=\"2011-02-19T03:33:11+00:00\" \/>\n<meta property=\"article:modified_time\" content=\"2011-02-19T11:50:52+00:00\" \/>\n<meta property=\"og:image\" content=\"http:\/\/www.oarcanjo.net\/site\/wp-content\/uploads\/IMG_0002-300x200.jpg\" \/>\n<meta name=\"author\" content=\"carlos\" \/>\n<meta name=\"twitter:card\" content=\"summary_large_image\" \/>\n<meta name=\"twitter:label1\" content=\"Escrito por\" \/>\n\t<meta name=\"twitter:data1\" content=\"carlos\" \/>\n\t<meta name=\"twitter:label2\" content=\"Est. tempo de leitura\" \/>\n\t<meta name=\"twitter:data2\" content=\"1 minuto\" \/>\n<script type=\"application\/ld+json\" class=\"yoast-schema-graph\">{\"@context\":\"https:\/\/schema.org\",\"@graph\":[{\"@type\":\"Article\",\"@id\":\"https:\/\/www.oarcanjo.net\/site\/pastoral-de-exequias-se-reune-com-o-bispo-da-regiao-belem\/#article\",\"isPartOf\":{\"@id\":\"https:\/\/www.oarcanjo.net\/site\/pastoral-de-exequias-se-reune-com-o-bispo-da-regiao-belem\/\"},\"author\":{\"name\":\"carlos\",\"@id\":\"https:\/\/www.oarcanjo.net\/site\/#\/schema\/person\/f7870e710d8c8c30673de3a0ac2e451d\"},\"headline\":\"Pastoral de Ex\u00e9quias se re\u00fane com o Bispo da Regi\u00e3o Bel\u00e9m\",\"datePublished\":\"2011-02-19T03:33:11+00:00\",\"dateModified\":\"2011-02-19T11:50:52+00:00\",\"mainEntityOfPage\":{\"@id\":\"https:\/\/www.oarcanjo.net\/site\/pastoral-de-exequias-se-reune-com-o-bispo-da-regiao-belem\/\"},\"wordCount\":174,\"commentCount\":2,\"publisher\":{\"@id\":\"https:\/\/www.oarcanjo.net\/site\/#organization\"},\"image\":{\"@id\":\"https:\/\/www.oarcanjo.net\/site\/pastoral-de-exequias-se-reune-com-o-bispo-da-regiao-belem\/#primaryimage\"},\"thumbnailUrl\":\"http:\/\/www.oarcanjo.net\/site\/wp-content\/uploads\/IMG_0002-300x200.jpg\",\"keywords\":[\"Pastoral de Ex\u00e9quias\"],\"articleSection\":[\"Not\u00edcias\"],\"inLanguage\":\"pt-BR\",\"potentialAction\":[{\"@type\":\"CommentAction\",\"name\":\"Comment\",\"target\":[\"https:\/\/www.oarcanjo.net\/site\/pastoral-de-exequias-se-reune-com-o-bispo-da-regiao-belem\/#respond\"]}]},{\"@type\":\"WebPage\",\"@id\":\"https:\/\/www.oarcanjo.net\/site\/pastoral-de-exequias-se-reune-com-o-bispo-da-regiao-belem\/\",\"url\":\"https:\/\/www.oarcanjo.net\/site\/pastoral-de-exequias-se-reune-com-o-bispo-da-regiao-belem\/\",\"name\":\"Pastoral de Ex\u00e9quias se re\u00fane com o Bispo da Regi\u00e3o Bel\u00e9m - O Arcanjo no ar\",\"isPartOf\":{\"@id\":\"https:\/\/www.oarcanjo.net\/site\/#website\"},\"primaryImageOfPage\":{\"@id\":\"https:\/\/www.oarcanjo.net\/site\/pastoral-de-exequias-se-reune-com-o-bispo-da-regiao-belem\/#primaryimage\"},\"image\":{\"@id\":\"https:\/\/www.oarcanjo.net\/site\/pastoral-de-exequias-se-reune-com-o-bispo-da-regiao-belem\/#primaryimage\"},\"thumbnailUrl\":\"http:\/\/www.oarcanjo.net\/site\/wp-content\/uploads\/IMG_0002-300x200.jpg\",\"datePublished\":\"2011-02-19T03:33:11+00:00\",\"dateModified\":\"2011-02-19T11:50:52+00:00\",\"breadcrumb\":{\"@id\":\"https:\/\/www.oarcanjo.net\/site\/pastoral-de-exequias-se-reune-com-o-bispo-da-regiao-belem\/#breadcrumb\"},\"inLanguage\":\"pt-BR\",\"potentialAction\":[{\"@type\":\"ReadAction\",\"target\":[\"https:\/\/www.oarcanjo.net\/site\/pastoral-de-exequias-se-reune-com-o-bispo-da-regiao-belem\/\"]}]},{\"@type\":\"ImageObject\",\"inLanguage\":\"pt-BR\",\"@id\":\"https:\/\/www.oarcanjo.net\/site\/pastoral-de-exequias-se-reune-com-o-bispo-da-regiao-belem\/#primaryimage\",\"url\":\"https:\/\/www.oarcanjo.net\/site\/wp-content\/uploads\/IMG_0002.jpg\",\"contentUrl\":\"https:\/\/www.oarcanjo.net\/site\/wp-content\/uploads\/IMG_0002.jpg\",\"width\":\"645\",\"height\":\"431\"},{\"@type\":\"BreadcrumbList\",\"@id\":\"https:\/\/www.oarcanjo.net\/site\/pastoral-de-exequias-se-reune-com-o-bispo-da-regiao-belem\/#breadcrumb\",\"itemListElement\":[{\"@type\":\"ListItem\",\"position\":1,\"name\":\"In\u00edcio\",\"item\":\"https:\/\/www.oarcanjo.net\/site\/\"},{\"@type\":\"ListItem\",\"position\":2,\"name\":\"Pastoral de Ex\u00e9quias se re\u00fane com o Bispo da Regi\u00e3o Bel\u00e9m\"}]},{\"@type\":\"WebSite\",\"@id\":\"https:\/\/www.oarcanjo.net\/site\/#website\",\"url\":\"https:\/\/www.oarcanjo.net\/site\/\",\"name\":\"O Arcanjo no ar\",\"description\":\"Site da Par\u00f3quia S\u00e3o Miguel Arcanjo (Arquidiocese de SP)\",\"publisher\":{\"@id\":\"https:\/\/www.oarcanjo.net\/site\/#organization\"},\"potentialAction\":[{\"@type\":\"SearchAction\",\"target\":{\"@type\":\"EntryPoint\",\"urlTemplate\":\"https:\/\/www.oarcanjo.net\/site\/?s={search_term_string}\"},\"query-input\":{\"@type\":\"PropertyValueSpecification\",\"valueRequired\":true,\"valueName\":\"search_term_string\"}}],\"inLanguage\":\"pt-BR\"},{\"@type\":\"Organization\",\"@id\":\"https:\/\/www.oarcanjo.net\/site\/#organization\",\"name\":\"Par\u00f3quia S\u00e3o Miguel Arcanjo\",\"url\":\"https:\/\/www.oarcanjo.net\/site\/\",\"logo\":{\"@type\":\"ImageObject\",\"inLanguage\":\"pt-BR\",\"@id\":\"https:\/\/www.oarcanjo.net\/site\/#\/schema\/logo\/image\/\",\"url\":\"https:\/\/www.oarcanjo.net\/site\/wp-content\/uploads\/LogoOArcanjo.png\",\"contentUrl\":\"https:\/\/www.oarcanjo.net\/site\/wp-content\/uploads\/LogoOArcanjo.png\",\"width\":319,\"height\":99,\"caption\":\"Par\u00f3quia S\u00e3o Miguel Arcanjo\"},\"image\":{\"@id\":\"https:\/\/www.oarcanjo.net\/site\/#\/schema\/logo\/image\/\"},\"sameAs\":[\"https:\/\/www.facebook.com\/OArcanjoNoAr\/\"]},{\"@type\":\"Person\",\"@id\":\"https:\/\/www.oarcanjo.net\/site\/#\/schema\/person\/f7870e710d8c8c30673de3a0ac2e451d\",\"name\":\"carlos\"}]}<\/script>\n<!-- \/ Yoast SEO plugin. -->","yoast_head_json":{"title":"Pastoral de Ex\u00e9quias se re\u00fane com o Bispo da Regi\u00e3o Bel\u00e9m - O Arcanjo no ar","robots":{"index":"index","follow":"follow","max-snippet":"max-snippet:-1","max-image-preview":"max-image-preview:large","max-video-preview":"max-video-preview:-1"},"canonical":"https:\/\/www.oarcanjo.net\/site\/pastoral-de-exequias-se-reune-com-o-bispo-da-regiao-belem\/","og_locale":"pt_BR","og_type":"article","og_title":"Pastoral de Ex\u00e9quias se re\u00fane com o Bispo da Regi\u00e3o Bel\u00e9m - O Arcanjo no ar","og_description":"Dom Edmar promoveu reuni\u00e3o com a Pastoral de Ex\u00e9quias do Setor Bel\u00e9m, nesta quinta-feira 17\/02\/11, na Igreja Nossa Senhora do Bom Conselho. Os ministros de ex\u00e9quias atendem no Cemit\u00e9rio da Quarta Parada, em sistema de plant\u00e3o permanente. O Carlos e o Mauro Fagundes representaram a Par\u00f3quia S\u00e3o Miguel Arcanjo. Foram abordadas as quest\u00f5es envolvendo a [&hellip;]","og_url":"https:\/\/www.oarcanjo.net\/site\/pastoral-de-exequias-se-reune-com-o-bispo-da-regiao-belem\/","og_site_name":"O Arcanjo no ar","article_publisher":"https:\/\/www.facebook.com\/OArcanjoNoAr\/","article_published_time":"2011-02-19T03:33:11+00:00","article_modified_time":"2011-02-19T11:50:52+00:00","og_image":[{"url":"http:\/\/www.oarcanjo.net\/site\/wp-content\/uploads\/IMG_0002-300x200.jpg"}],"author":"carlos","twitter_card":"summary_large_image","twitter_misc":{"Escrito por":"carlos","Est. tempo de leitura":"1 minuto"},"schema":{"@context":"https:\/\/schema.org","@graph":[{"@type":"Article","@id":"https:\/\/www.oarcanjo.net\/site\/pastoral-de-exequias-se-reune-com-o-bispo-da-regiao-belem\/#article","isPartOf":{"@id":"https:\/\/www.oarcanjo.net\/site\/pastoral-de-exequias-se-reune-com-o-bispo-da-regiao-belem\/"},"author":{"name":"carlos","@id":"https:\/\/www.oarcanjo.net\/site\/#\/schema\/person\/f7870e710d8c8c30673de3a0ac2e451d"},"headline":"Pastoral de Ex\u00e9quias se re\u00fane com o Bispo da Regi\u00e3o Bel\u00e9m","datePublished":"2011-02-19T03:33:11+00:00","dateModified":"2011-02-19T11:50:52+00:00","mainEntityOfPage":{"@id":"https:\/\/www.oarcanjo.net\/site\/pastoral-de-exequias-se-reune-com-o-bispo-da-regiao-belem\/"},"wordCount":174,"commentCount":2,"publisher":{"@id":"https:\/\/www.oarcanjo.net\/site\/#organization"},"image":{"@id":"https:\/\/www.oarcanjo.net\/site\/pastoral-de-exequias-se-reune-com-o-bispo-da-regiao-belem\/#primaryimage"},"thumbnailUrl":"http:\/\/www.oarcanjo.net\/site\/wp-content\/uploads\/IMG_0002-300x200.jpg","keywords":["Pastoral de Ex\u00e9quias"],"articleSection":["Not\u00edcias"],"inLanguage":"pt-BR","potentialAction":[{"@type":"CommentAction","name":"Comment","target":["https:\/\/www.oarcanjo.net\/site\/pastoral-de-exequias-se-reune-com-o-bispo-da-regiao-belem\/#respond"]}]},{"@type":"WebPage","@id":"https:\/\/www.oarcanjo.net\/site\/pastoral-de-exequias-se-reune-com-o-bispo-da-regiao-belem\/","url":"https:\/\/www.oarcanjo.net\/site\/pastoral-de-exequias-se-reune-com-o-bispo-da-regiao-belem\/","name":"Pastoral de Ex\u00e9quias se re\u00fane com o Bispo da Regi\u00e3o Bel\u00e9m - O Arcanjo no ar","isPartOf":{"@id":"https:\/\/www.oarcanjo.net\/site\/#website"},"primaryImageOfPage":{"@id":"https:\/\/www.oarcanjo.net\/site\/pastoral-de-exequias-se-reune-com-o-bispo-da-regiao-belem\/#primaryimage"},"image":{"@id":"https:\/\/www.oarcanjo.net\/site\/pastoral-de-exequias-se-reune-com-o-bispo-da-regiao-belem\/#primaryimage"},"thumbnailUrl":"http:\/\/www.oarcanjo.net\/site\/wp-content\/uploads\/IMG_0002-300x200.jpg","datePublished":"2011-02-19T03:33:11+00:00","dateModified":"2011-02-19T11:50:52+00:00","breadcrumb":{"@id":"https:\/\/www.oarcanjo.net\/site\/pastoral-de-exequias-se-reune-com-o-bispo-da-regiao-belem\/#breadcrumb"},"inLanguage":"pt-BR","potentialAction":[{"@type":"ReadAction","target":["https:\/\/www.oarcanjo.net\/site\/pastoral-de-exequias-se-reune-com-o-bispo-da-regiao-belem\/"]}]},{"@type":"ImageObject","inLanguage":"pt-BR","@id":"https:\/\/www.oarcanjo.net\/site\/pastoral-de-exequias-se-reune-com-o-bispo-da-regiao-belem\/#primaryimage","url":"https:\/\/www.oarcanjo.net\/site\/wp-content\/uploads\/IMG_0002.jpg","contentUrl":"https:\/\/www.oarcanjo.net\/site\/wp-content\/uploads\/IMG_0002.jpg","width":"645","height":"431"},{"@type":"BreadcrumbList","@id":"https:\/\/www.oarcanjo.net\/site\/pastoral-de-exequias-se-reune-com-o-bispo-da-regiao-belem\/#breadcrumb","itemListElement":[{"@type":"ListItem","position":1,"name":"In\u00edcio","item":"https:\/\/www.oarcanjo.net\/site\/"},{"@type":"ListItem","position":2,"name":"Pastoral de Ex\u00e9quias se re\u00fane com o Bispo da Regi\u00e3o Bel\u00e9m"}]},{"@type":"WebSite","@id":"https:\/\/www.oarcanjo.net\/site\/#website","url":"https:\/\/www.oarcanjo.net\/site\/","name":"O Arcanjo no ar","description":"Site da Par\u00f3quia S\u00e3o Miguel Arcanjo (Arquidiocese de SP)","publisher":{"@id":"https:\/\/www.oarcanjo.net\/site\/#organization"},"potentialAction":[{"@type":"SearchAction","target":{"@type":"EntryPoint","urlTemplate":"https:\/\/www.oarcanjo.net\/site\/?s={search_term_string}"},"query-input":{"@type":"PropertyValueSpecification","valueRequired":true,"valueName":"search_term_string"}}],"inLanguage":"pt-BR"},{"@type":"Organization","@id":"https:\/\/www.oarcanjo.net\/site\/#organization","name":"Par\u00f3quia S\u00e3o Miguel Arcanjo","url":"https:\/\/www.oarcanjo.net\/site\/","logo":{"@type":"ImageObject","inLanguage":"pt-BR","@id":"https:\/\/www.oarcanjo.net\/site\/#\/schema\/logo\/image\/","url":"https:\/\/www.oarcanjo.net\/site\/wp-content\/uploads\/LogoOArcanjo.png","contentUrl":"https:\/\/www.oarcanjo.net\/site\/wp-content\/uploads\/LogoOArcanjo.png","width":319,"height":99,"caption":"Par\u00f3quia S\u00e3o Miguel Arcanjo"},"image":{"@id":"https:\/\/www.oarcanjo.net\/site\/#\/schema\/logo\/image\/"},"sameAs":["https:\/\/www.facebook.com\/OArcanjoNoAr\/"]},{"@type":"Person","@id":"https:\/\/www.oarcanjo.net\/site\/#\/schema\/person\/f7870e710d8c8c30673de3a0ac2e451d","name":"carlos"}]}},"publishpress_future_action":{"enabled":false,"date":"2026-05-09 09:05:06","action":"category","newStatus":"draft","terms":[],"taxonomy":"category"},"publishpress_future_workflow_manual_trigger":{"enabledWorkflows":[]},"_links":{"self":[{"href":"https:\/\/www.oarcanjo.net\/site\/wp-json\/wp\/v2\/posts\/13147"}],"collection":[{"href":"https:\/\/www.oarcanjo.net\/site\/wp-json\/wp\/v2\/posts"}],"about":[{"href":"https:\/\/www.oarcanjo.net\/site\/wp-json\/wp\/v2\/types\/post"}],"author":[{"embeddable":true,"href":"https:\/\/www.oarcanjo.net\/site\/wp-json\/wp\/v2\/users\/10"}],"replies":[{"embeddable":true,"href":"https:\/\/www.oarcanjo.net\/site\/wp-json\/wp\/v2\/comments?post=13147"}],"version-history":[{"count":0,"href":"https:\/\/www.oarcanjo.net\/site\/wp-json\/wp\/v2\/posts\/13147\/revisions"}],"wp:attachment":[{"href":"https:\/\/www.oarcanjo.net\/site\/wp-json\/wp\/v2\/media?parent=13147"}],"wp:term":[{"taxonomy":"category","embeddable":true,"href":"https:\/\/www.oarcanjo.net\/site\/wp-json\/wp\/v2\/categories?post=13147"},{"taxonomy":"post_tag","embeddable":true,"href":"https:\/\/www.oarcanjo.net\/site\/wp-json\/wp\/v2\/tags?post=13147"}],"curies":[{"name":"wp","href":"https:\/\/api.w.org\/{rel}","templated":true}]}}