
{"id":13166,"date":"2011-02-20T13:02:53","date_gmt":"2011-02-20T16:02:53","guid":{"rendered":"http:\/\/www.oarcanjo.net\/site\/?p=13166"},"modified":"2011-02-20T13:02:53","modified_gmt":"2011-02-20T16:02:53","slug":"amar-a-quem-nos-faz-o-mal","status":"publish","type":"post","link":"https:\/\/www.oarcanjo.net\/site\/amar-a-quem-nos-faz-o-mal\/","title":{"rendered":"Amar a quem nos faz o mal"},"content":{"rendered":"<p>Jos\u00e9 Antonio Pagola<\/p>\n<p>A chamada para amar \u00e9 sedutora. Seguramente, muitos escutavam com agrado o convite de Jesus a viver numa atitude aberta de amizade e generosidade para com todos. O que menos se podiam esperar era ouvi-Lo falar de amor aos inimigos.<\/p>\n<p>S\u00f3 um louco lhes podia dizer com aquela convic\u00e7\u00e3o algo t\u00e3o absurdo e impens\u00e1vel: &#8220;Amai os vossos inimigos, rezai pelos que vos perseguem, perdoai setenta vezes sete&#8230;&#8221; Sabe Jesus o que est\u00e1 dizendo? \u00c9 isso o que quer Deus?<\/p>\n<p>Os que O ouviam, escutavam-No escandalizados. Esquecia Jesus que o seu povo vive submetido a Roma? Esqueceu os estragos cometidos pelas suas legi\u00f5es? N\u00e3o conhece a explora\u00e7\u00e3o dos camponeses da Galileia, indefesos ante os abusos dos poderosos latifundi\u00e1rios? Como pode falar de perd\u00e3o aos inimigos, se tudo os est\u00e1 convidando ao \u00f3dio e \u00e0 vingan\u00e7a?<\/p>\n<p>Jesus n\u00e3o lhes fala arbitrariamente. O Seu convite nasce da Sua experi\u00eancia de Deus. O Pai de todos n\u00e3o \u00e9 violento mas compassivo. N\u00e3o procura a vingan\u00e7a nem conhece o \u00f3dio. O Seu amor \u00e9 incondicional para com todos: &#8220;Ele faz sair o Seu sol sobre bons e maus, manda a chuva a justos e injustos&#8221;. N\u00e3o discrimina ningu\u00e9m. N\u00e3o ama s\u00f3 \u00e0queles que lhe s\u00e3o fi\u00e9is. O Seu amor est\u00e1 aberto a todos.<\/p>\n<p>Este Deus que n\u00e3o exclui a ningu\u00e9m do seu amor atrai-nos a viver como Ele. Esta \u00e9 em s\u00edntese a chamada de Jesus. &#8220;Parecei-vos a Deus. N\u00e3o sejais inimigos de ningu\u00e9m, nem sequer de quem s\u00e3o vossos inimigos. Amai-os para que sejais dignos do vosso Pai do c\u00e9u&#8221;.<\/p>\n<p>Jesus n\u00e3o est\u00e1 a pensar em que os queiramos com o afecto e o carinho que sentimos pelos nossos seres mais queridos. Amar o inimigo \u00e9, simplesmente, n\u00e3o nos vingarmos, n\u00e3o fazer-lhe mal. Pensar, mais no que pode ser bom para ele. Trat\u00e1-lo como quer\u00edamos que nos tratassem a n\u00f3s.<\/p>\n<p>\u00c9 poss\u00edvel amar o inimigo? Jesus n\u00e3o imp\u00f5e uma lei universal. Convida os seus seguidores a parecer-nos com Deus para ir fazendo desaparecer o \u00f3dio e a inimizade entre os seus filhos. S\u00f3 quem vive tratando de identificar-se com Jesus chega a amar a quem lhe quer mal.<\/p>\n<p>Atra\u00eddos por Ele, aprendemos a n\u00e3o alimentar o \u00f3dio contra ningu\u00e9m, a superar o ressentimento, a fazer o bem a todos. Jesus convida-nos a \u00abrezar pelos que nos perseguem\u00bb, seguramente, para ir transformando pouco a pouco o nosso cora\u00e7\u00e3o. Amar a quem nos faz mal n\u00e3o \u00e9 f\u00e1cil, mas \u00e9 o que melhor nos identifica com aquele que morreu rezando por quem O estava a crucificar: &#8220;Pai, perdoa-os porque n\u00e3o sabem o que fazem&#8221;.<\/p>\n<div id=\"themify_builder_content-13166\" data-postid=\"13166\" class=\"themify_builder_content themify_builder_content-13166 themify_builder themify_builder_front\">\n\t<\/div>\n<!-- \/themify_builder_content -->","protected":false},"excerpt":{"rendered":"<p>Jos\u00e9 Antonio Pagola A chamada para amar \u00e9 sedutora. Seguramente, muitos escutavam com agrado o convite de Jesus a viver numa atitude aberta de amizade e generosidade para com todos. O que menos se podiam esperar era ouvi-Lo falar de amor aos inimigos. S\u00f3 um louco lhes podia dizer com aquela convic\u00e7\u00e3o algo t\u00e3o absurdo [&hellip;]<\/p>\n","protected":false},"author":5,"featured_media":0,"comment_status":"open","ping_status":"open","sticky":false,"template":"","format":"standard","meta":{"ngg_post_thumbnail":0,"footnotes":""},"categories":[9],"tags":[107],"yoast_head":"<!-- This site is optimized with the Yoast SEO plugin v23.5 - https:\/\/yoast.com\/wordpress\/plugins\/seo\/ -->\n<title>Amar a quem nos faz o mal - O Arcanjo no ar<\/title>\n<meta name=\"robots\" content=\"index, follow, max-snippet:-1, max-image-preview:large, max-video-preview:-1\" \/>\n<link rel=\"canonical\" href=\"https:\/\/www.oarcanjo.net\/site\/amar-a-quem-nos-faz-o-mal\/\" \/>\n<meta property=\"og:locale\" content=\"pt_BR\" \/>\n<meta property=\"og:type\" content=\"article\" \/>\n<meta property=\"og:title\" content=\"Amar a quem nos faz o mal - O Arcanjo no ar\" \/>\n<meta property=\"og:description\" content=\"Jos\u00e9 Antonio Pagola A chamada para amar \u00e9 sedutora. Seguramente, muitos escutavam com agrado o convite de Jesus a viver numa atitude aberta de amizade e generosidade para com todos. O que menos se podiam esperar era ouvi-Lo falar de amor aos inimigos. S\u00f3 um louco lhes podia dizer com aquela convic\u00e7\u00e3o algo t\u00e3o absurdo [&hellip;]\" \/>\n<meta property=\"og:url\" content=\"https:\/\/www.oarcanjo.net\/site\/amar-a-quem-nos-faz-o-mal\/\" \/>\n<meta property=\"og:site_name\" content=\"O Arcanjo no ar\" \/>\n<meta property=\"article:publisher\" content=\"https:\/\/www.facebook.com\/OArcanjoNoAr\/\" \/>\n<meta property=\"article:published_time\" content=\"2011-02-20T16:02:53+00:00\" \/>\n<meta property=\"og:image\" content=\"https:\/\/www.oarcanjo.net\/site\/wp-content\/uploads\/logo-o-arcanjo-no-ar-facebook.png\" \/>\n\t<meta property=\"og:image:width\" content=\"300\" \/>\n\t<meta property=\"og:image:height\" content=\"300\" \/>\n\t<meta property=\"og:image:type\" content=\"image\/png\" \/>\n<meta name=\"author\" content=\"editor\" \/>\n<meta name=\"twitter:card\" content=\"summary_large_image\" \/>\n<meta name=\"twitter:label1\" content=\"Escrito por\" \/>\n\t<meta name=\"twitter:data1\" content=\"editor\" \/>\n\t<meta name=\"twitter:label2\" content=\"Est. tempo de leitura\" \/>\n\t<meta name=\"twitter:data2\" content=\"2 minutos\" \/>\n<script type=\"application\/ld+json\" class=\"yoast-schema-graph\">{\"@context\":\"https:\/\/schema.org\",\"@graph\":[{\"@type\":\"Article\",\"@id\":\"https:\/\/www.oarcanjo.net\/site\/amar-a-quem-nos-faz-o-mal\/#article\",\"isPartOf\":{\"@id\":\"https:\/\/www.oarcanjo.net\/site\/amar-a-quem-nos-faz-o-mal\/\"},\"author\":{\"name\":\"editor\",\"@id\":\"https:\/\/www.oarcanjo.net\/site\/#\/schema\/person\/f7024d007863202483a31326673a0838\"},\"headline\":\"Amar a quem nos faz o mal\",\"datePublished\":\"2011-02-20T16:02:53+00:00\",\"dateModified\":\"2011-02-20T16:02:53+00:00\",\"mainEntityOfPage\":{\"@id\":\"https:\/\/www.oarcanjo.net\/site\/amar-a-quem-nos-faz-o-mal\/\"},\"wordCount\":470,\"commentCount\":0,\"publisher\":{\"@id\":\"https:\/\/www.oarcanjo.net\/site\/#organization\"},\"keywords\":[\"amor\"],\"articleSection\":[\"Reflex\u00f5es\"],\"inLanguage\":\"pt-BR\",\"potentialAction\":[{\"@type\":\"CommentAction\",\"name\":\"Comment\",\"target\":[\"https:\/\/www.oarcanjo.net\/site\/amar-a-quem-nos-faz-o-mal\/#respond\"]}]},{\"@type\":\"WebPage\",\"@id\":\"https:\/\/www.oarcanjo.net\/site\/amar-a-quem-nos-faz-o-mal\/\",\"url\":\"https:\/\/www.oarcanjo.net\/site\/amar-a-quem-nos-faz-o-mal\/\",\"name\":\"Amar a quem nos faz o mal - O Arcanjo no ar\",\"isPartOf\":{\"@id\":\"https:\/\/www.oarcanjo.net\/site\/#website\"},\"datePublished\":\"2011-02-20T16:02:53+00:00\",\"dateModified\":\"2011-02-20T16:02:53+00:00\",\"breadcrumb\":{\"@id\":\"https:\/\/www.oarcanjo.net\/site\/amar-a-quem-nos-faz-o-mal\/#breadcrumb\"},\"inLanguage\":\"pt-BR\",\"potentialAction\":[{\"@type\":\"ReadAction\",\"target\":[\"https:\/\/www.oarcanjo.net\/site\/amar-a-quem-nos-faz-o-mal\/\"]}]},{\"@type\":\"BreadcrumbList\",\"@id\":\"https:\/\/www.oarcanjo.net\/site\/amar-a-quem-nos-faz-o-mal\/#breadcrumb\",\"itemListElement\":[{\"@type\":\"ListItem\",\"position\":1,\"name\":\"In\u00edcio\",\"item\":\"https:\/\/www.oarcanjo.net\/site\/\"},{\"@type\":\"ListItem\",\"position\":2,\"name\":\"Amar a quem nos faz o mal\"}]},{\"@type\":\"WebSite\",\"@id\":\"https:\/\/www.oarcanjo.net\/site\/#website\",\"url\":\"https:\/\/www.oarcanjo.net\/site\/\",\"name\":\"O Arcanjo no ar\",\"description\":\"Site da Par\u00f3quia S\u00e3o Miguel Arcanjo (Arquidiocese de SP)\",\"publisher\":{\"@id\":\"https:\/\/www.oarcanjo.net\/site\/#organization\"},\"potentialAction\":[{\"@type\":\"SearchAction\",\"target\":{\"@type\":\"EntryPoint\",\"urlTemplate\":\"https:\/\/www.oarcanjo.net\/site\/?s={search_term_string}\"},\"query-input\":{\"@type\":\"PropertyValueSpecification\",\"valueRequired\":true,\"valueName\":\"search_term_string\"}}],\"inLanguage\":\"pt-BR\"},{\"@type\":\"Organization\",\"@id\":\"https:\/\/www.oarcanjo.net\/site\/#organization\",\"name\":\"Par\u00f3quia S\u00e3o Miguel Arcanjo\",\"url\":\"https:\/\/www.oarcanjo.net\/site\/\",\"logo\":{\"@type\":\"ImageObject\",\"inLanguage\":\"pt-BR\",\"@id\":\"https:\/\/www.oarcanjo.net\/site\/#\/schema\/logo\/image\/\",\"url\":\"https:\/\/www.oarcanjo.net\/site\/wp-content\/uploads\/LogoOArcanjo.png\",\"contentUrl\":\"https:\/\/www.oarcanjo.net\/site\/wp-content\/uploads\/LogoOArcanjo.png\",\"width\":319,\"height\":99,\"caption\":\"Par\u00f3quia S\u00e3o Miguel Arcanjo\"},\"image\":{\"@id\":\"https:\/\/www.oarcanjo.net\/site\/#\/schema\/logo\/image\/\"},\"sameAs\":[\"https:\/\/www.facebook.com\/OArcanjoNoAr\/\"]},{\"@type\":\"Person\",\"@id\":\"https:\/\/www.oarcanjo.net\/site\/#\/schema\/person\/f7024d007863202483a31326673a0838\",\"name\":\"editor\",\"sameAs\":[\"http:\/\/www.oarcanjo.net\"]}]}<\/script>\n<!-- \/ Yoast SEO plugin. -->","yoast_head_json":{"title":"Amar a quem nos faz o mal - O Arcanjo no ar","robots":{"index":"index","follow":"follow","max-snippet":"max-snippet:-1","max-image-preview":"max-image-preview:large","max-video-preview":"max-video-preview:-1"},"canonical":"https:\/\/www.oarcanjo.net\/site\/amar-a-quem-nos-faz-o-mal\/","og_locale":"pt_BR","og_type":"article","og_title":"Amar a quem nos faz o mal - O Arcanjo no ar","og_description":"Jos\u00e9 Antonio Pagola A chamada para amar \u00e9 sedutora. Seguramente, muitos escutavam com agrado o convite de Jesus a viver numa atitude aberta de amizade e generosidade para com todos. O que menos se podiam esperar era ouvi-Lo falar de amor aos inimigos. S\u00f3 um louco lhes podia dizer com aquela convic\u00e7\u00e3o algo t\u00e3o absurdo [&hellip;]","og_url":"https:\/\/www.oarcanjo.net\/site\/amar-a-quem-nos-faz-o-mal\/","og_site_name":"O Arcanjo no ar","article_publisher":"https:\/\/www.facebook.com\/OArcanjoNoAr\/","article_published_time":"2011-02-20T16:02:53+00:00","og_image":[{"width":300,"height":300,"url":"https:\/\/www.oarcanjo.net\/site\/wp-content\/uploads\/logo-o-arcanjo-no-ar-facebook.png","type":"image\/png"}],"author":"editor","twitter_card":"summary_large_image","twitter_misc":{"Escrito por":"editor","Est. tempo de leitura":"2 minutos"},"schema":{"@context":"https:\/\/schema.org","@graph":[{"@type":"Article","@id":"https:\/\/www.oarcanjo.net\/site\/amar-a-quem-nos-faz-o-mal\/#article","isPartOf":{"@id":"https:\/\/www.oarcanjo.net\/site\/amar-a-quem-nos-faz-o-mal\/"},"author":{"name":"editor","@id":"https:\/\/www.oarcanjo.net\/site\/#\/schema\/person\/f7024d007863202483a31326673a0838"},"headline":"Amar a quem nos faz o mal","datePublished":"2011-02-20T16:02:53+00:00","dateModified":"2011-02-20T16:02:53+00:00","mainEntityOfPage":{"@id":"https:\/\/www.oarcanjo.net\/site\/amar-a-quem-nos-faz-o-mal\/"},"wordCount":470,"commentCount":0,"publisher":{"@id":"https:\/\/www.oarcanjo.net\/site\/#organization"},"keywords":["amor"],"articleSection":["Reflex\u00f5es"],"inLanguage":"pt-BR","potentialAction":[{"@type":"CommentAction","name":"Comment","target":["https:\/\/www.oarcanjo.net\/site\/amar-a-quem-nos-faz-o-mal\/#respond"]}]},{"@type":"WebPage","@id":"https:\/\/www.oarcanjo.net\/site\/amar-a-quem-nos-faz-o-mal\/","url":"https:\/\/www.oarcanjo.net\/site\/amar-a-quem-nos-faz-o-mal\/","name":"Amar a quem nos faz o mal - O Arcanjo no ar","isPartOf":{"@id":"https:\/\/www.oarcanjo.net\/site\/#website"},"datePublished":"2011-02-20T16:02:53+00:00","dateModified":"2011-02-20T16:02:53+00:00","breadcrumb":{"@id":"https:\/\/www.oarcanjo.net\/site\/amar-a-quem-nos-faz-o-mal\/#breadcrumb"},"inLanguage":"pt-BR","potentialAction":[{"@type":"ReadAction","target":["https:\/\/www.oarcanjo.net\/site\/amar-a-quem-nos-faz-o-mal\/"]}]},{"@type":"BreadcrumbList","@id":"https:\/\/www.oarcanjo.net\/site\/amar-a-quem-nos-faz-o-mal\/#breadcrumb","itemListElement":[{"@type":"ListItem","position":1,"name":"In\u00edcio","item":"https:\/\/www.oarcanjo.net\/site\/"},{"@type":"ListItem","position":2,"name":"Amar a quem nos faz o mal"}]},{"@type":"WebSite","@id":"https:\/\/www.oarcanjo.net\/site\/#website","url":"https:\/\/www.oarcanjo.net\/site\/","name":"O Arcanjo no ar","description":"Site da Par\u00f3quia S\u00e3o Miguel Arcanjo (Arquidiocese de SP)","publisher":{"@id":"https:\/\/www.oarcanjo.net\/site\/#organization"},"potentialAction":[{"@type":"SearchAction","target":{"@type":"EntryPoint","urlTemplate":"https:\/\/www.oarcanjo.net\/site\/?s={search_term_string}"},"query-input":{"@type":"PropertyValueSpecification","valueRequired":true,"valueName":"search_term_string"}}],"inLanguage":"pt-BR"},{"@type":"Organization","@id":"https:\/\/www.oarcanjo.net\/site\/#organization","name":"Par\u00f3quia S\u00e3o Miguel Arcanjo","url":"https:\/\/www.oarcanjo.net\/site\/","logo":{"@type":"ImageObject","inLanguage":"pt-BR","@id":"https:\/\/www.oarcanjo.net\/site\/#\/schema\/logo\/image\/","url":"https:\/\/www.oarcanjo.net\/site\/wp-content\/uploads\/LogoOArcanjo.png","contentUrl":"https:\/\/www.oarcanjo.net\/site\/wp-content\/uploads\/LogoOArcanjo.png","width":319,"height":99,"caption":"Par\u00f3quia S\u00e3o Miguel Arcanjo"},"image":{"@id":"https:\/\/www.oarcanjo.net\/site\/#\/schema\/logo\/image\/"},"sameAs":["https:\/\/www.facebook.com\/OArcanjoNoAr\/"]},{"@type":"Person","@id":"https:\/\/www.oarcanjo.net\/site\/#\/schema\/person\/f7024d007863202483a31326673a0838","name":"editor","sameAs":["http:\/\/www.oarcanjo.net"]}]}},"publishpress_future_action":{"enabled":false,"date":"2026-05-10 08:22:44","action":"category","newStatus":"draft","terms":[],"taxonomy":"category"},"publishpress_future_workflow_manual_trigger":{"enabledWorkflows":[]},"_links":{"self":[{"href":"https:\/\/www.oarcanjo.net\/site\/wp-json\/wp\/v2\/posts\/13166"}],"collection":[{"href":"https:\/\/www.oarcanjo.net\/site\/wp-json\/wp\/v2\/posts"}],"about":[{"href":"https:\/\/www.oarcanjo.net\/site\/wp-json\/wp\/v2\/types\/post"}],"author":[{"embeddable":true,"href":"https:\/\/www.oarcanjo.net\/site\/wp-json\/wp\/v2\/users\/5"}],"replies":[{"embeddable":true,"href":"https:\/\/www.oarcanjo.net\/site\/wp-json\/wp\/v2\/comments?post=13166"}],"version-history":[{"count":0,"href":"https:\/\/www.oarcanjo.net\/site\/wp-json\/wp\/v2\/posts\/13166\/revisions"}],"wp:attachment":[{"href":"https:\/\/www.oarcanjo.net\/site\/wp-json\/wp\/v2\/media?parent=13166"}],"wp:term":[{"taxonomy":"category","embeddable":true,"href":"https:\/\/www.oarcanjo.net\/site\/wp-json\/wp\/v2\/categories?post=13166"},{"taxonomy":"post_tag","embeddable":true,"href":"https:\/\/www.oarcanjo.net\/site\/wp-json\/wp\/v2\/tags?post=13166"}],"curies":[{"name":"wp","href":"https:\/\/api.w.org\/{rel}","templated":true}]}}