
{"id":13168,"date":"2011-02-21T13:03:51","date_gmt":"2011-02-21T16:03:51","guid":{"rendered":"http:\/\/www.oarcanjo.net\/site\/?p=13168"},"modified":"2011-02-20T13:05:35","modified_gmt":"2011-02-20T16:05:35","slug":"o-fim-das-certezas","status":"publish","type":"post","link":"https:\/\/www.oarcanjo.net\/site\/o-fim-das-certezas\/","title":{"rendered":"O fim das certezas"},"content":{"rendered":"<p>Maria Clara Bingemer<\/p>\n<p>Nossa \u00e9poca \u00e9 um tempo feito de incerteza, de inseguran\u00e7a: a respeito da pr\u00f3pria identidade,  de uma posi\u00e7\u00e3o est\u00e1vel e s\u00f3lida na sociedade, da vis\u00e3o de mundo que realmente \u00e9 a minha.  Segundo Zygmunt Bauman, isto \u00e9 um passivo antes que um ativo, um peso que constrange o movimento.  E Bauman especifica aquilo que chama de l\u00edquido e que aparece em todas as suas obras.  N\u00e3o \u00e9 tanto o l\u00edquido da \u00e1gua pura e cristalina, que lava e desaltera, mas  um l\u00edquido pegajoso, viscoso, que gruda na pele e do qual n\u00e3o se consegue ficar livre.<\/p>\n<p>A \u201cviscosidade\u201d de que fala Bauman vai significar um novo\u201d habitat\u201d para aquilo que entendemos como verdade, certeza, cren\u00e7a, identidade.  A disputa sobre a veracidade ou falsidade de certas cren\u00e7as \u00e9 sempre simultaneamente a discuss\u00e3o sobre o direito de alguns de falar com autoridade o que alguns outros devem obedecer.  A disputa na verdade \u00e9 sobre o estabelecimento ou reafirma\u00e7\u00e3o das rela\u00e7\u00f5es de superioridade e inferioridade, de domina\u00e7\u00e3o e submiss\u00e3o entre os detentores das cren\u00e7as.<\/p>\n<p>Por isso o que \u00e9 ou n\u00e3o certo, o que \u00e9 ou n\u00e3o verdadeiro hoje se pluralizou&#8230; e os fil\u00f3sofos disputam isto, construindo n\u00e3o uma teoria da verdade, mas uma teoria das verdades, no plural.  E porque a pluralidade das verdades cessou de ser algo instigante e contest\u00e1vel radicalmente, ser\u00e1 cedo deixada para tr\u00e1s. E por causa da possibilidade de que diferentes cren\u00e7as possam n\u00e3o apenas simultaneamente ser consideradas e julgadas verdadeiras, mas ser de fato simultaneamente verdadeiras, a teoria da verdade que se situa no centro da aten\u00e7\u00e3o do pensar contempor\u00e2neo parece haver perdido muito de sua fun\u00e7\u00e3o de disputa com rela\u00e7\u00e3o ao status de conhecimento n\u00e3o s\u00f3 filos\u00f3fico mas transdisciplinar, relativo a v\u00e1rias \u00e1reas do saber.<\/p>\n<p>Um dos grandes desafios da tarde modernidade em que vivemos, talvez sem precedentes, seja a diversidade e pluralidade em que estamos mergulhados, diversidade esta situada no interior de uma fraca, negligente e impotente institucionaliza\u00e7\u00e3o de diferen\u00e7as, com suas resultantes de fugacidade, maleabilidade e curta sobrevida.<\/p>\n<p>Se antes o desafio para a quest\u00e3o da identidade era como constru\u00ed-la consistentemente e como dar-lhe uma forma que recebesse reconhecimento universal, hoje o problema da identidade emerge sobretudo da dificuldade de sustentar qualquer identidade por um prazo mais longo, da virtual impossibilidade de encontrar uma forma de express\u00e3o da identidade que tenha uma boa chance de ser reconhecida por toda a vida, e a resultante necessidade de n\u00e3o abra\u00e7ar nenhuma identidade muito estreitamente, a fim de poder abandon\u00e1-la da maneira mais r\u00e1pida poss\u00edvel.<\/p>\n<p>A medida do pensar e do conhecer n\u00e3o \u00e9 mais o logos, mas a imagem fugaz e brilhante que cativa a vista e impacta sensorialmente o ser humano, impedindo uma interpreta\u00e7\u00e3o e uma assimila\u00e7\u00e3o livre e profunda daquilo que v\u00ea e recebe como est\u00edmulo para poder realizar sua s\u00edntese pr\u00f3pria.<\/p>\n<p>N\u00e3o \u00e9 \u00e0 toa que no universo b\u00edblico o sentido humano privilegiado para viver plenamente \u00e9 o ouvido, a escuta.  O ver est\u00e1 sempre sob suspeita, pelos grandes riscos que corre de ser idol\u00e1trico.  O deserto, lugar de convers\u00e3o por excel\u00eancia para o povo b\u00edblico e por isso mesmo, o lugar da escuta absoluta,  \u00e9 o lugar onde a verdade pode manifestar-se, livre dos riscos de um ver banalizado e fechado, idol\u00e1trico.  O que est\u00e1  circunscrito a meu campo de vis\u00e3o pode ficar confinado aos meus limites e ser, portanto, manipulado por mim.  A escuta \u00e9 propiciada pelo Esp\u00edrito que, sopro divino vivificante, se comunica livremente e n\u00e3o se deixa agarrar nem dizer de onde vem nem para onde vai.<\/p>\n<p>A verdade que emerge dessa escuta se deixa, ent\u00e3o , encontrar, em experi\u00eancias profundas de sentido que a f\u00e9 denomina experi\u00eancia de Deus e que n\u00e3o seriam objeto de reflex\u00e3o apenas da teologia, mas tamb\u00e9m de todas as ci\u00eancias que se dizem humanas e se interessam pelo destino do ser humano neste mundo e neste momento hist\u00f3rico.<\/p>\n<p>A religi\u00e3o reduzida a um mero ato humano, natural, sem transcend\u00eancia n\u00e3o daria conta deste desafio.  Explica-se humanamente e a\u00ed se esgota.  H\u00e1 que voltar \u00e0s fontes, ou seja, \u00e0 Palavra Reveladora cuja origem misteriosa ensina ao ser humano qual sua verdadeira origem, sua aut\u00eantica morada e se manifesta como verdade que emerge das entranhas da hist\u00f3ria para brilhar epifanicamente na alteridade do rosto do outro.<\/p>\n<div id=\"themify_builder_content-13168\" data-postid=\"13168\" class=\"themify_builder_content themify_builder_content-13168 themify_builder themify_builder_front\">\n\t<\/div>\n<!-- \/themify_builder_content -->","protected":false},"excerpt":{"rendered":"<p>Maria Clara Bingemer Nossa \u00e9poca \u00e9 um tempo feito de incerteza, de inseguran\u00e7a: a respeito da pr\u00f3pria identidade, de uma posi\u00e7\u00e3o est\u00e1vel e s\u00f3lida na sociedade, da vis\u00e3o de mundo que realmente \u00e9 a minha. Segundo Zygmunt Bauman, isto \u00e9 um passivo antes que um ativo, um peso que constrange o movimento. E Bauman especifica [&hellip;]<\/p>\n","protected":false},"author":5,"featured_media":0,"comment_status":"open","ping_status":"open","sticky":false,"template":"","format":"standard","meta":{"ngg_post_thumbnail":0,"footnotes":""},"categories":[9],"tags":[],"yoast_head":"<!-- This site is optimized with the Yoast SEO plugin v23.5 - https:\/\/yoast.com\/wordpress\/plugins\/seo\/ -->\n<title>O fim das certezas - O Arcanjo no ar<\/title>\n<meta name=\"robots\" content=\"index, follow, max-snippet:-1, max-image-preview:large, max-video-preview:-1\" \/>\n<link rel=\"canonical\" href=\"https:\/\/www.oarcanjo.net\/site\/o-fim-das-certezas\/\" \/>\n<meta property=\"og:locale\" content=\"pt_BR\" \/>\n<meta property=\"og:type\" content=\"article\" \/>\n<meta property=\"og:title\" content=\"O fim das certezas - O Arcanjo no ar\" \/>\n<meta property=\"og:description\" content=\"Maria Clara Bingemer Nossa \u00e9poca \u00e9 um tempo feito de incerteza, de inseguran\u00e7a: a respeito da pr\u00f3pria identidade, de uma posi\u00e7\u00e3o est\u00e1vel e s\u00f3lida na sociedade, da vis\u00e3o de mundo que realmente \u00e9 a minha. Segundo Zygmunt Bauman, isto \u00e9 um passivo antes que um ativo, um peso que constrange o movimento. E Bauman especifica [&hellip;]\" \/>\n<meta property=\"og:url\" content=\"https:\/\/www.oarcanjo.net\/site\/o-fim-das-certezas\/\" \/>\n<meta property=\"og:site_name\" content=\"O Arcanjo no ar\" \/>\n<meta property=\"article:publisher\" content=\"https:\/\/www.facebook.com\/OArcanjoNoAr\/\" \/>\n<meta property=\"article:published_time\" content=\"2011-02-21T16:03:51+00:00\" \/>\n<meta property=\"article:modified_time\" content=\"2011-02-20T16:05:35+00:00\" \/>\n<meta property=\"og:image\" content=\"https:\/\/www.oarcanjo.net\/site\/wp-content\/uploads\/logo-o-arcanjo-no-ar-facebook.png\" \/>\n\t<meta property=\"og:image:width\" content=\"300\" \/>\n\t<meta property=\"og:image:height\" content=\"300\" \/>\n\t<meta property=\"og:image:type\" content=\"image\/png\" \/>\n<meta name=\"author\" content=\"editor\" \/>\n<meta name=\"twitter:card\" content=\"summary_large_image\" \/>\n<meta name=\"twitter:label1\" content=\"Escrito por\" \/>\n\t<meta name=\"twitter:data1\" content=\"editor\" \/>\n\t<meta name=\"twitter:label2\" content=\"Est. tempo de leitura\" \/>\n\t<meta name=\"twitter:data2\" content=\"4 minutos\" \/>\n<script type=\"application\/ld+json\" class=\"yoast-schema-graph\">{\"@context\":\"https:\/\/schema.org\",\"@graph\":[{\"@type\":\"Article\",\"@id\":\"https:\/\/www.oarcanjo.net\/site\/o-fim-das-certezas\/#article\",\"isPartOf\":{\"@id\":\"https:\/\/www.oarcanjo.net\/site\/o-fim-das-certezas\/\"},\"author\":{\"name\":\"editor\",\"@id\":\"https:\/\/www.oarcanjo.net\/site\/#\/schema\/person\/f7024d007863202483a31326673a0838\"},\"headline\":\"O fim das certezas\",\"datePublished\":\"2011-02-21T16:03:51+00:00\",\"dateModified\":\"2011-02-20T16:05:35+00:00\",\"mainEntityOfPage\":{\"@id\":\"https:\/\/www.oarcanjo.net\/site\/o-fim-das-certezas\/\"},\"wordCount\":775,\"commentCount\":0,\"publisher\":{\"@id\":\"https:\/\/www.oarcanjo.net\/site\/#organization\"},\"articleSection\":[\"Reflex\u00f5es\"],\"inLanguage\":\"pt-BR\",\"potentialAction\":[{\"@type\":\"CommentAction\",\"name\":\"Comment\",\"target\":[\"https:\/\/www.oarcanjo.net\/site\/o-fim-das-certezas\/#respond\"]}]},{\"@type\":\"WebPage\",\"@id\":\"https:\/\/www.oarcanjo.net\/site\/o-fim-das-certezas\/\",\"url\":\"https:\/\/www.oarcanjo.net\/site\/o-fim-das-certezas\/\",\"name\":\"O fim das certezas - O Arcanjo no ar\",\"isPartOf\":{\"@id\":\"https:\/\/www.oarcanjo.net\/site\/#website\"},\"datePublished\":\"2011-02-21T16:03:51+00:00\",\"dateModified\":\"2011-02-20T16:05:35+00:00\",\"breadcrumb\":{\"@id\":\"https:\/\/www.oarcanjo.net\/site\/o-fim-das-certezas\/#breadcrumb\"},\"inLanguage\":\"pt-BR\",\"potentialAction\":[{\"@type\":\"ReadAction\",\"target\":[\"https:\/\/www.oarcanjo.net\/site\/o-fim-das-certezas\/\"]}]},{\"@type\":\"BreadcrumbList\",\"@id\":\"https:\/\/www.oarcanjo.net\/site\/o-fim-das-certezas\/#breadcrumb\",\"itemListElement\":[{\"@type\":\"ListItem\",\"position\":1,\"name\":\"In\u00edcio\",\"item\":\"https:\/\/www.oarcanjo.net\/site\/\"},{\"@type\":\"ListItem\",\"position\":2,\"name\":\"O fim das certezas\"}]},{\"@type\":\"WebSite\",\"@id\":\"https:\/\/www.oarcanjo.net\/site\/#website\",\"url\":\"https:\/\/www.oarcanjo.net\/site\/\",\"name\":\"O Arcanjo no ar\",\"description\":\"Site da Par\u00f3quia S\u00e3o Miguel Arcanjo (Arquidiocese de SP)\",\"publisher\":{\"@id\":\"https:\/\/www.oarcanjo.net\/site\/#organization\"},\"potentialAction\":[{\"@type\":\"SearchAction\",\"target\":{\"@type\":\"EntryPoint\",\"urlTemplate\":\"https:\/\/www.oarcanjo.net\/site\/?s={search_term_string}\"},\"query-input\":{\"@type\":\"PropertyValueSpecification\",\"valueRequired\":true,\"valueName\":\"search_term_string\"}}],\"inLanguage\":\"pt-BR\"},{\"@type\":\"Organization\",\"@id\":\"https:\/\/www.oarcanjo.net\/site\/#organization\",\"name\":\"Par\u00f3quia S\u00e3o Miguel Arcanjo\",\"url\":\"https:\/\/www.oarcanjo.net\/site\/\",\"logo\":{\"@type\":\"ImageObject\",\"inLanguage\":\"pt-BR\",\"@id\":\"https:\/\/www.oarcanjo.net\/site\/#\/schema\/logo\/image\/\",\"url\":\"https:\/\/www.oarcanjo.net\/site\/wp-content\/uploads\/LogoOArcanjo.png\",\"contentUrl\":\"https:\/\/www.oarcanjo.net\/site\/wp-content\/uploads\/LogoOArcanjo.png\",\"width\":319,\"height\":99,\"caption\":\"Par\u00f3quia S\u00e3o Miguel Arcanjo\"},\"image\":{\"@id\":\"https:\/\/www.oarcanjo.net\/site\/#\/schema\/logo\/image\/\"},\"sameAs\":[\"https:\/\/www.facebook.com\/OArcanjoNoAr\/\"]},{\"@type\":\"Person\",\"@id\":\"https:\/\/www.oarcanjo.net\/site\/#\/schema\/person\/f7024d007863202483a31326673a0838\",\"name\":\"editor\",\"sameAs\":[\"http:\/\/www.oarcanjo.net\"]}]}<\/script>\n<!-- \/ Yoast SEO plugin. -->","yoast_head_json":{"title":"O fim das certezas - O Arcanjo no ar","robots":{"index":"index","follow":"follow","max-snippet":"max-snippet:-1","max-image-preview":"max-image-preview:large","max-video-preview":"max-video-preview:-1"},"canonical":"https:\/\/www.oarcanjo.net\/site\/o-fim-das-certezas\/","og_locale":"pt_BR","og_type":"article","og_title":"O fim das certezas - O Arcanjo no ar","og_description":"Maria Clara Bingemer Nossa \u00e9poca \u00e9 um tempo feito de incerteza, de inseguran\u00e7a: a respeito da pr\u00f3pria identidade, de uma posi\u00e7\u00e3o est\u00e1vel e s\u00f3lida na sociedade, da vis\u00e3o de mundo que realmente \u00e9 a minha. Segundo Zygmunt Bauman, isto \u00e9 um passivo antes que um ativo, um peso que constrange o movimento. E Bauman especifica [&hellip;]","og_url":"https:\/\/www.oarcanjo.net\/site\/o-fim-das-certezas\/","og_site_name":"O Arcanjo no ar","article_publisher":"https:\/\/www.facebook.com\/OArcanjoNoAr\/","article_published_time":"2011-02-21T16:03:51+00:00","article_modified_time":"2011-02-20T16:05:35+00:00","og_image":[{"width":300,"height":300,"url":"https:\/\/www.oarcanjo.net\/site\/wp-content\/uploads\/logo-o-arcanjo-no-ar-facebook.png","type":"image\/png"}],"author":"editor","twitter_card":"summary_large_image","twitter_misc":{"Escrito por":"editor","Est. tempo de leitura":"4 minutos"},"schema":{"@context":"https:\/\/schema.org","@graph":[{"@type":"Article","@id":"https:\/\/www.oarcanjo.net\/site\/o-fim-das-certezas\/#article","isPartOf":{"@id":"https:\/\/www.oarcanjo.net\/site\/o-fim-das-certezas\/"},"author":{"name":"editor","@id":"https:\/\/www.oarcanjo.net\/site\/#\/schema\/person\/f7024d007863202483a31326673a0838"},"headline":"O fim das certezas","datePublished":"2011-02-21T16:03:51+00:00","dateModified":"2011-02-20T16:05:35+00:00","mainEntityOfPage":{"@id":"https:\/\/www.oarcanjo.net\/site\/o-fim-das-certezas\/"},"wordCount":775,"commentCount":0,"publisher":{"@id":"https:\/\/www.oarcanjo.net\/site\/#organization"},"articleSection":["Reflex\u00f5es"],"inLanguage":"pt-BR","potentialAction":[{"@type":"CommentAction","name":"Comment","target":["https:\/\/www.oarcanjo.net\/site\/o-fim-das-certezas\/#respond"]}]},{"@type":"WebPage","@id":"https:\/\/www.oarcanjo.net\/site\/o-fim-das-certezas\/","url":"https:\/\/www.oarcanjo.net\/site\/o-fim-das-certezas\/","name":"O fim das certezas - O Arcanjo no ar","isPartOf":{"@id":"https:\/\/www.oarcanjo.net\/site\/#website"},"datePublished":"2011-02-21T16:03:51+00:00","dateModified":"2011-02-20T16:05:35+00:00","breadcrumb":{"@id":"https:\/\/www.oarcanjo.net\/site\/o-fim-das-certezas\/#breadcrumb"},"inLanguage":"pt-BR","potentialAction":[{"@type":"ReadAction","target":["https:\/\/www.oarcanjo.net\/site\/o-fim-das-certezas\/"]}]},{"@type":"BreadcrumbList","@id":"https:\/\/www.oarcanjo.net\/site\/o-fim-das-certezas\/#breadcrumb","itemListElement":[{"@type":"ListItem","position":1,"name":"In\u00edcio","item":"https:\/\/www.oarcanjo.net\/site\/"},{"@type":"ListItem","position":2,"name":"O fim das certezas"}]},{"@type":"WebSite","@id":"https:\/\/www.oarcanjo.net\/site\/#website","url":"https:\/\/www.oarcanjo.net\/site\/","name":"O Arcanjo no ar","description":"Site da Par\u00f3quia S\u00e3o Miguel Arcanjo (Arquidiocese de SP)","publisher":{"@id":"https:\/\/www.oarcanjo.net\/site\/#organization"},"potentialAction":[{"@type":"SearchAction","target":{"@type":"EntryPoint","urlTemplate":"https:\/\/www.oarcanjo.net\/site\/?s={search_term_string}"},"query-input":{"@type":"PropertyValueSpecification","valueRequired":true,"valueName":"search_term_string"}}],"inLanguage":"pt-BR"},{"@type":"Organization","@id":"https:\/\/www.oarcanjo.net\/site\/#organization","name":"Par\u00f3quia S\u00e3o Miguel Arcanjo","url":"https:\/\/www.oarcanjo.net\/site\/","logo":{"@type":"ImageObject","inLanguage":"pt-BR","@id":"https:\/\/www.oarcanjo.net\/site\/#\/schema\/logo\/image\/","url":"https:\/\/www.oarcanjo.net\/site\/wp-content\/uploads\/LogoOArcanjo.png","contentUrl":"https:\/\/www.oarcanjo.net\/site\/wp-content\/uploads\/LogoOArcanjo.png","width":319,"height":99,"caption":"Par\u00f3quia S\u00e3o Miguel Arcanjo"},"image":{"@id":"https:\/\/www.oarcanjo.net\/site\/#\/schema\/logo\/image\/"},"sameAs":["https:\/\/www.facebook.com\/OArcanjoNoAr\/"]},{"@type":"Person","@id":"https:\/\/www.oarcanjo.net\/site\/#\/schema\/person\/f7024d007863202483a31326673a0838","name":"editor","sameAs":["http:\/\/www.oarcanjo.net"]}]}},"publishpress_future_action":{"enabled":false,"date":"2026-05-10 08:23:46","action":"category","newStatus":"draft","terms":[],"taxonomy":"category"},"publishpress_future_workflow_manual_trigger":{"enabledWorkflows":[]},"_links":{"self":[{"href":"https:\/\/www.oarcanjo.net\/site\/wp-json\/wp\/v2\/posts\/13168"}],"collection":[{"href":"https:\/\/www.oarcanjo.net\/site\/wp-json\/wp\/v2\/posts"}],"about":[{"href":"https:\/\/www.oarcanjo.net\/site\/wp-json\/wp\/v2\/types\/post"}],"author":[{"embeddable":true,"href":"https:\/\/www.oarcanjo.net\/site\/wp-json\/wp\/v2\/users\/5"}],"replies":[{"embeddable":true,"href":"https:\/\/www.oarcanjo.net\/site\/wp-json\/wp\/v2\/comments?post=13168"}],"version-history":[{"count":0,"href":"https:\/\/www.oarcanjo.net\/site\/wp-json\/wp\/v2\/posts\/13168\/revisions"}],"wp:attachment":[{"href":"https:\/\/www.oarcanjo.net\/site\/wp-json\/wp\/v2\/media?parent=13168"}],"wp:term":[{"taxonomy":"category","embeddable":true,"href":"https:\/\/www.oarcanjo.net\/site\/wp-json\/wp\/v2\/categories?post=13168"},{"taxonomy":"post_tag","embeddable":true,"href":"https:\/\/www.oarcanjo.net\/site\/wp-json\/wp\/v2\/tags?post=13168"}],"curies":[{"name":"wp","href":"https:\/\/api.w.org\/{rel}","templated":true}]}}