
{"id":13172,"date":"2011-02-20T13:12:04","date_gmt":"2011-02-20T16:12:04","guid":{"rendered":"http:\/\/www.oarcanjo.net\/site\/?p=13172"},"modified":"2011-02-20T13:12:04","modified_gmt":"2011-02-20T16:12:04","slug":"consumo-responsavel-apesar-dos-avancos-nivel-de-consciencia-ecologica-e-baixo","status":"publish","type":"post","link":"https:\/\/www.oarcanjo.net\/site\/consumo-responsavel-apesar-dos-avancos-nivel-de-consciencia-ecologica-e-baixo\/","title":{"rendered":"Consumo Respons\u00e1vel: Apesar dos avan\u00e7os, n\u00edvel de consci\u00eancia ecol\u00f3gica \u00e9 baixo"},"content":{"rendered":"<p>A redu\u00e7\u00e3o da pobreza e a maior escolariza\u00e7\u00e3o s\u00e3o fatores estrat\u00e9gicos para despertar a consci\u00eancia ecol\u00f3gica, principalmente nas quest\u00f5es envolvendo o lixo urbano. A conclus\u00e3o \u00e9 da pesquisa &#8220;Sustentabilidade Aqui e Agora&#8221;, rec\u00e9m-conclu\u00edda pelo Minist\u00e9rio do Meio Ambiente (MMA), com entrevistas em 11 capitais brasileiras sobre h\u00e1bitos de consumo, descarte e reciclagem.<\/p>\n<p>O estudo revelou que apenas 17% da popula\u00e7\u00e3o deixa de comprar produtos pelos impactos ao meio ambiente &#8211; restri\u00e7\u00e3o que prevaleceu nas classes de maior poder aquisitivo. Embora 74% dos entrevistados estejam motivados a considerar o quesito ambiental no consumo, a maioria n\u00e3o est\u00e1 disposta a pagar mais caro por isso. Em geral, de acordo com a pesquisa, os consumidores est\u00e3o mais abertos a doar tempo e trabalho comunit\u00e1rio, mas n\u00e3o dinheiro.<\/p>\n<p>Separar res\u00edduos recicl\u00e1veis nas resid\u00eancias \u00e9 um h\u00e1bito para 47% da popula\u00e7\u00e3o, sobretudo a atendida pela coleta municipal, revelou o estudo. Existe a consci\u00eancia de que embalagens vazias e outros produtos p\u00f3s-consumo podem ser deixados em esta\u00e7\u00f5es de coleta nos supermercados. Mas a maior parte dos moradores mistura esses materiais no lixo comum, dificultando a reciclagem. H\u00e1 um abismo entre o maior n\u00edvel de informa\u00e7\u00e3o sobre meio ambiente e a mudan\u00e7a efetiva de comportamento no consumo. O Brasil est\u00e1 atr\u00e1s de pa\u00edses como Chile, M\u00e9xico, \u00c1frica do Sul e Col\u00f4mbia no h\u00e1bito de reciclar o lixo dom\u00e9stico, segundo dados colhidos globalmente pela empresa de consultoria Synovate Brasil, autora da pesquisa brasileira encomendada pelo governo, em parceria com o Walmart.<\/p>\n<p>&#8220;Apesar desse desafio, o n\u00edvel de consci\u00eancia ambiental \u00e9 crescente no pa\u00eds&#8221;, garante Samyra Crespo, diretora de qualidade ambiental do MMA, respons\u00e1vel pela coordena\u00e7\u00e3o de estudos sobre o tema desde 1991. Ela informa que o grupo dos &#8220;engajados&#8221; e dos &#8220;influenci\u00e1veis&#8221; comp\u00f5e 64% dos consumidores, com destaque para os mais jovens e de maior n\u00edvel de educa\u00e7\u00e3o e renda. &#8220;Essa disposi\u00e7\u00e3o do brasileiro indica um terreno f\u00e9rtil para atuarmos com campanhas nos pr\u00f3ximos anos&#8221;, analisa Samyra.<\/p>\n<p>A pesquisa mostrou que bens intang\u00edveis, mais que dinheiro, s\u00e3o o principal motivo de felicidade para a popula\u00e7\u00e3o brasileira. &#8220;Isso demonstra que nossa sociedade ainda n\u00e3o \u00e9 t\u00e3o consumista e que, por conta disso, h\u00e1 espa\u00e7o para pol\u00edticas voltadas ao consumo respons\u00e1vel&#8221;, completa Samyra, com uma ressalva: &#8220;diante do crescimento econ\u00f4mico do pa\u00eds, a estrat\u00e9gia n\u00e3o \u00e9 reduzir o consumo, mas melhorar sua qualidade.&#8221;<\/p>\n<p>Economia de \u00e1gua \u00e9 a principal atitude ecol\u00f3gica do dia a dia, de acordo com o levantamento. Em segundo lugar, est\u00e1 a separa\u00e7\u00e3o do lixo dom\u00e9stico e, em terceiro, a redu\u00e7\u00e3o no consumo de energia. Apesar dessa preocupa\u00e7\u00e3o, 75% jogam \u00f3leo de cozinha usado pelo ralo da pia. Al\u00e9m disso, quase um quinto dos consumidores guardam res\u00edduo eletr\u00f4nico em casa porque n\u00e3o sabem o que fazer com ele e 50% descartam pilhas e baterias no lixo comum. Para fazer frente a esse cen\u00e1rio e contribuir para que a log\u00edstica reversa dos aparelhos fora de uso seja realizada conforme determinada a lei, o governo estabeleceu acordo com o Programa das Na\u00e7\u00f5es Unidas sobre Meio Ambiente (Pnuma), em parceria com entidades do setor eletroeletr\u00f4nico, para montar no pa\u00eds um programa de conscientiza\u00e7\u00e3o.<\/p>\n<p>Os entrevistados apontaram a escola como sendo principal foco para trabalhos de educa\u00e7\u00e3o visando o consumo sustent\u00e1vel, o que indica a aposta nas gera\u00e7\u00f5es futuras. &#8220;Mas jogar a responsabilidade no ombro dos jovens pode tamb\u00e9m servir de justificativa para in\u00e9rcia dos mais velhos&#8221;, diz Samyra. Para 59% dos entrevistados, a preserva\u00e7\u00e3o dos recursos naturais deve estar acima das quest\u00f5es econ\u00f4micas. A maioria acredita que os problemas ambientais s\u00f3 podem ser resolvidos com grandes mudan\u00e7as no h\u00e1bito de consumo, como no transporte e alimenta\u00e7\u00e3o.<\/p>\n<p>Os dados mostram a disposi\u00e7\u00e3o dos brasileiros em aderir a pol\u00edticas p\u00fablicas que ser\u00e3o implementadas a partir da legisla\u00e7\u00e3o, sancionada em agosto, que criou a Pol\u00edtica Nacional de Res\u00edduos S\u00f3lidos. Pela nova lei, o consumidor precisar\u00e1 mudar atitudes dentro do conceito de responsabilidade compartilhada, que envolve tamb\u00e9m governo e empresas. Segundo a pesquisa, 60% da popula\u00e7\u00e3o reconhece os catadores como agentes da coleta seletiva em seus bairros. O assunto \u00e9 alvo do programa Pr\u00f3-Catador, lan\u00e7ado no fim dezembro. &#8220;O objetivo \u00e9 fortalecer as cooperativas e criar mecanismos de cr\u00e9dito e de capacita\u00e7\u00e3o, ressaltando a import\u00e2ncia dessa for\u00e7a de trabalho para a reciclagem.&#8221;<\/p>\n<p>Mais da metade dos consumidores brasileiros (60%) \u00e9 a favor de uma nova lei para eliminar o uso de sacolas pl\u00e1sticas, de acordo com a pesquisa do MMA. Somente 23% \u00e9 contra a proibi\u00e7\u00e3o. Os n\u00fameros revelaram que os supermercados s\u00e3o vistos como parceiros para a redu\u00e7\u00e3o desses res\u00edduos: 27% da popula\u00e7\u00e3o indica essa medida como a a\u00e7\u00e3o ambiental mais urgente que esses estabelecimentos deveriam empreender. O resultado da pesquisa nortear\u00e1 novas pol\u00edticas do governo, que recentemente fechou acordo com o setor supermercadista para diminuir 40% das sacolas at\u00e9 2015. Dependendo da ades\u00e3o dos consumidores, uma legisla\u00e7\u00e3o espec\u00edfica sobre o tema poder\u00e1 ser proposta pelo Executivo. Segundo o estudo, no mundo sem sacos pl\u00e1sticos, 70% das pessoas carregariam as compras em modelos de sacola reutiliz\u00e1veis, enquanto 25% utilizaram caixas de papel\u00e3o.<\/p>\n<div id=\"themify_builder_content-13172\" data-postid=\"13172\" class=\"themify_builder_content themify_builder_content-13172 themify_builder themify_builder_front\">\n\t<\/div>\n<!-- \/themify_builder_content -->","protected":false},"excerpt":{"rendered":"<p>A redu\u00e7\u00e3o da pobreza e a maior escolariza\u00e7\u00e3o s\u00e3o fatores estrat\u00e9gicos para despertar a consci\u00eancia ecol\u00f3gica, principalmente nas quest\u00f5es envolvendo o lixo urbano. A conclus\u00e3o \u00e9 da pesquisa &#8220;Sustentabilidade Aqui e Agora&#8221;, rec\u00e9m-conclu\u00edda pelo Minist\u00e9rio do Meio Ambiente (MMA), com entrevistas em 11 capitais brasileiras sobre h\u00e1bitos de consumo, descarte e reciclagem. O estudo revelou [&hellip;]<\/p>\n","protected":false},"author":5,"featured_media":0,"comment_status":"open","ping_status":"open","sticky":false,"template":"","format":"standard","meta":{"ngg_post_thumbnail":0,"footnotes":""},"categories":[241],"tags":[1838,1829,468,1794,1839,470],"yoast_head":"<!-- This site is optimized with the Yoast SEO plugin v23.5 - https:\/\/yoast.com\/wordpress\/plugins\/seo\/ -->\n<title>Consumo Respons\u00e1vel: Apesar dos avan\u00e7os, n\u00edvel de consci\u00eancia ecol\u00f3gica \u00e9 baixo - O Arcanjo no ar<\/title>\n<meta name=\"robots\" content=\"index, follow, max-snippet:-1, max-image-preview:large, max-video-preview:-1\" \/>\n<link rel=\"canonical\" href=\"https:\/\/www.oarcanjo.net\/site\/consumo-responsavel-apesar-dos-avancos-nivel-de-consciencia-ecologica-e-baixo\/\" \/>\n<meta property=\"og:locale\" content=\"pt_BR\" \/>\n<meta property=\"og:type\" content=\"article\" \/>\n<meta property=\"og:title\" content=\"Consumo Respons\u00e1vel: Apesar dos avan\u00e7os, n\u00edvel de consci\u00eancia ecol\u00f3gica \u00e9 baixo - O Arcanjo no ar\" \/>\n<meta property=\"og:description\" content=\"A redu\u00e7\u00e3o da pobreza e a maior escolariza\u00e7\u00e3o s\u00e3o fatores estrat\u00e9gicos para despertar a consci\u00eancia ecol\u00f3gica, principalmente nas quest\u00f5es envolvendo o lixo urbano. A conclus\u00e3o \u00e9 da pesquisa &#8220;Sustentabilidade Aqui e Agora&#8221;, rec\u00e9m-conclu\u00edda pelo Minist\u00e9rio do Meio Ambiente (MMA), com entrevistas em 11 capitais brasileiras sobre h\u00e1bitos de consumo, descarte e reciclagem. O estudo revelou [&hellip;]\" \/>\n<meta property=\"og:url\" content=\"https:\/\/www.oarcanjo.net\/site\/consumo-responsavel-apesar-dos-avancos-nivel-de-consciencia-ecologica-e-baixo\/\" \/>\n<meta property=\"og:site_name\" content=\"O Arcanjo no ar\" \/>\n<meta property=\"article:publisher\" content=\"https:\/\/www.facebook.com\/OArcanjoNoAr\/\" \/>\n<meta property=\"article:published_time\" content=\"2011-02-20T16:12:04+00:00\" \/>\n<meta property=\"og:image\" content=\"https:\/\/www.oarcanjo.net\/site\/wp-content\/uploads\/logo-o-arcanjo-no-ar-facebook.png\" \/>\n\t<meta property=\"og:image:width\" content=\"300\" \/>\n\t<meta property=\"og:image:height\" content=\"300\" \/>\n\t<meta property=\"og:image:type\" content=\"image\/png\" \/>\n<meta name=\"author\" content=\"editor\" \/>\n<meta name=\"twitter:card\" content=\"summary_large_image\" \/>\n<meta name=\"twitter:label1\" content=\"Escrito por\" \/>\n\t<meta name=\"twitter:data1\" content=\"editor\" \/>\n\t<meta name=\"twitter:label2\" content=\"Est. tempo de leitura\" \/>\n\t<meta name=\"twitter:data2\" content=\"5 minutos\" \/>\n<script type=\"application\/ld+json\" class=\"yoast-schema-graph\">{\"@context\":\"https:\/\/schema.org\",\"@graph\":[{\"@type\":\"Article\",\"@id\":\"https:\/\/www.oarcanjo.net\/site\/consumo-responsavel-apesar-dos-avancos-nivel-de-consciencia-ecologica-e-baixo\/#article\",\"isPartOf\":{\"@id\":\"https:\/\/www.oarcanjo.net\/site\/consumo-responsavel-apesar-dos-avancos-nivel-de-consciencia-ecologica-e-baixo\/\"},\"author\":{\"name\":\"editor\",\"@id\":\"https:\/\/www.oarcanjo.net\/site\/#\/schema\/person\/f7024d007863202483a31326673a0838\"},\"headline\":\"Consumo Respons\u00e1vel: Apesar dos avan\u00e7os, n\u00edvel de consci\u00eancia ecol\u00f3gica \u00e9 baixo\",\"datePublished\":\"2011-02-20T16:12:04+00:00\",\"dateModified\":\"2011-02-20T16:12:04+00:00\",\"mainEntityOfPage\":{\"@id\":\"https:\/\/www.oarcanjo.net\/site\/consumo-responsavel-apesar-dos-avancos-nivel-de-consciencia-ecologica-e-baixo\/\"},\"wordCount\":933,\"commentCount\":0,\"publisher\":{\"@id\":\"https:\/\/www.oarcanjo.net\/site\/#organization\"},\"keywords\":[\"consumo respons\u00e1vel\",\"lixo\",\"meio ambiente\",\"reciclagem\",\"res\u00edduos s\u00f3lidos\",\"sustentabilidade\"],\"articleSection\":[\"CF\"],\"inLanguage\":\"pt-BR\",\"potentialAction\":[{\"@type\":\"CommentAction\",\"name\":\"Comment\",\"target\":[\"https:\/\/www.oarcanjo.net\/site\/consumo-responsavel-apesar-dos-avancos-nivel-de-consciencia-ecologica-e-baixo\/#respond\"]}]},{\"@type\":\"WebPage\",\"@id\":\"https:\/\/www.oarcanjo.net\/site\/consumo-responsavel-apesar-dos-avancos-nivel-de-consciencia-ecologica-e-baixo\/\",\"url\":\"https:\/\/www.oarcanjo.net\/site\/consumo-responsavel-apesar-dos-avancos-nivel-de-consciencia-ecologica-e-baixo\/\",\"name\":\"Consumo Respons\u00e1vel: Apesar dos avan\u00e7os, n\u00edvel de consci\u00eancia ecol\u00f3gica \u00e9 baixo - O Arcanjo no ar\",\"isPartOf\":{\"@id\":\"https:\/\/www.oarcanjo.net\/site\/#website\"},\"datePublished\":\"2011-02-20T16:12:04+00:00\",\"dateModified\":\"2011-02-20T16:12:04+00:00\",\"breadcrumb\":{\"@id\":\"https:\/\/www.oarcanjo.net\/site\/consumo-responsavel-apesar-dos-avancos-nivel-de-consciencia-ecologica-e-baixo\/#breadcrumb\"},\"inLanguage\":\"pt-BR\",\"potentialAction\":[{\"@type\":\"ReadAction\",\"target\":[\"https:\/\/www.oarcanjo.net\/site\/consumo-responsavel-apesar-dos-avancos-nivel-de-consciencia-ecologica-e-baixo\/\"]}]},{\"@type\":\"BreadcrumbList\",\"@id\":\"https:\/\/www.oarcanjo.net\/site\/consumo-responsavel-apesar-dos-avancos-nivel-de-consciencia-ecologica-e-baixo\/#breadcrumb\",\"itemListElement\":[{\"@type\":\"ListItem\",\"position\":1,\"name\":\"In\u00edcio\",\"item\":\"https:\/\/www.oarcanjo.net\/site\/\"},{\"@type\":\"ListItem\",\"position\":2,\"name\":\"Consumo Respons\u00e1vel: Apesar dos avan\u00e7os, n\u00edvel de consci\u00eancia ecol\u00f3gica \u00e9 baixo\"}]},{\"@type\":\"WebSite\",\"@id\":\"https:\/\/www.oarcanjo.net\/site\/#website\",\"url\":\"https:\/\/www.oarcanjo.net\/site\/\",\"name\":\"O Arcanjo no ar\",\"description\":\"Site da Par\u00f3quia S\u00e3o Miguel Arcanjo (Arquidiocese de SP)\",\"publisher\":{\"@id\":\"https:\/\/www.oarcanjo.net\/site\/#organization\"},\"potentialAction\":[{\"@type\":\"SearchAction\",\"target\":{\"@type\":\"EntryPoint\",\"urlTemplate\":\"https:\/\/www.oarcanjo.net\/site\/?s={search_term_string}\"},\"query-input\":{\"@type\":\"PropertyValueSpecification\",\"valueRequired\":true,\"valueName\":\"search_term_string\"}}],\"inLanguage\":\"pt-BR\"},{\"@type\":\"Organization\",\"@id\":\"https:\/\/www.oarcanjo.net\/site\/#organization\",\"name\":\"Par\u00f3quia S\u00e3o Miguel Arcanjo\",\"url\":\"https:\/\/www.oarcanjo.net\/site\/\",\"logo\":{\"@type\":\"ImageObject\",\"inLanguage\":\"pt-BR\",\"@id\":\"https:\/\/www.oarcanjo.net\/site\/#\/schema\/logo\/image\/\",\"url\":\"https:\/\/www.oarcanjo.net\/site\/wp-content\/uploads\/LogoOArcanjo.png\",\"contentUrl\":\"https:\/\/www.oarcanjo.net\/site\/wp-content\/uploads\/LogoOArcanjo.png\",\"width\":319,\"height\":99,\"caption\":\"Par\u00f3quia S\u00e3o Miguel Arcanjo\"},\"image\":{\"@id\":\"https:\/\/www.oarcanjo.net\/site\/#\/schema\/logo\/image\/\"},\"sameAs\":[\"https:\/\/www.facebook.com\/OArcanjoNoAr\/\"]},{\"@type\":\"Person\",\"@id\":\"https:\/\/www.oarcanjo.net\/site\/#\/schema\/person\/f7024d007863202483a31326673a0838\",\"name\":\"editor\",\"sameAs\":[\"http:\/\/www.oarcanjo.net\"]}]}<\/script>\n<!-- \/ Yoast SEO plugin. -->","yoast_head_json":{"title":"Consumo Respons\u00e1vel: Apesar dos avan\u00e7os, n\u00edvel de consci\u00eancia ecol\u00f3gica \u00e9 baixo - O Arcanjo no ar","robots":{"index":"index","follow":"follow","max-snippet":"max-snippet:-1","max-image-preview":"max-image-preview:large","max-video-preview":"max-video-preview:-1"},"canonical":"https:\/\/www.oarcanjo.net\/site\/consumo-responsavel-apesar-dos-avancos-nivel-de-consciencia-ecologica-e-baixo\/","og_locale":"pt_BR","og_type":"article","og_title":"Consumo Respons\u00e1vel: Apesar dos avan\u00e7os, n\u00edvel de consci\u00eancia ecol\u00f3gica \u00e9 baixo - O Arcanjo no ar","og_description":"A redu\u00e7\u00e3o da pobreza e a maior escolariza\u00e7\u00e3o s\u00e3o fatores estrat\u00e9gicos para despertar a consci\u00eancia ecol\u00f3gica, principalmente nas quest\u00f5es envolvendo o lixo urbano. A conclus\u00e3o \u00e9 da pesquisa &#8220;Sustentabilidade Aqui e Agora&#8221;, rec\u00e9m-conclu\u00edda pelo Minist\u00e9rio do Meio Ambiente (MMA), com entrevistas em 11 capitais brasileiras sobre h\u00e1bitos de consumo, descarte e reciclagem. O estudo revelou [&hellip;]","og_url":"https:\/\/www.oarcanjo.net\/site\/consumo-responsavel-apesar-dos-avancos-nivel-de-consciencia-ecologica-e-baixo\/","og_site_name":"O Arcanjo no ar","article_publisher":"https:\/\/www.facebook.com\/OArcanjoNoAr\/","article_published_time":"2011-02-20T16:12:04+00:00","og_image":[{"width":300,"height":300,"url":"https:\/\/www.oarcanjo.net\/site\/wp-content\/uploads\/logo-o-arcanjo-no-ar-facebook.png","type":"image\/png"}],"author":"editor","twitter_card":"summary_large_image","twitter_misc":{"Escrito por":"editor","Est. tempo de leitura":"5 minutos"},"schema":{"@context":"https:\/\/schema.org","@graph":[{"@type":"Article","@id":"https:\/\/www.oarcanjo.net\/site\/consumo-responsavel-apesar-dos-avancos-nivel-de-consciencia-ecologica-e-baixo\/#article","isPartOf":{"@id":"https:\/\/www.oarcanjo.net\/site\/consumo-responsavel-apesar-dos-avancos-nivel-de-consciencia-ecologica-e-baixo\/"},"author":{"name":"editor","@id":"https:\/\/www.oarcanjo.net\/site\/#\/schema\/person\/f7024d007863202483a31326673a0838"},"headline":"Consumo Respons\u00e1vel: Apesar dos avan\u00e7os, n\u00edvel de consci\u00eancia ecol\u00f3gica \u00e9 baixo","datePublished":"2011-02-20T16:12:04+00:00","dateModified":"2011-02-20T16:12:04+00:00","mainEntityOfPage":{"@id":"https:\/\/www.oarcanjo.net\/site\/consumo-responsavel-apesar-dos-avancos-nivel-de-consciencia-ecologica-e-baixo\/"},"wordCount":933,"commentCount":0,"publisher":{"@id":"https:\/\/www.oarcanjo.net\/site\/#organization"},"keywords":["consumo respons\u00e1vel","lixo","meio ambiente","reciclagem","res\u00edduos s\u00f3lidos","sustentabilidade"],"articleSection":["CF"],"inLanguage":"pt-BR","potentialAction":[{"@type":"CommentAction","name":"Comment","target":["https:\/\/www.oarcanjo.net\/site\/consumo-responsavel-apesar-dos-avancos-nivel-de-consciencia-ecologica-e-baixo\/#respond"]}]},{"@type":"WebPage","@id":"https:\/\/www.oarcanjo.net\/site\/consumo-responsavel-apesar-dos-avancos-nivel-de-consciencia-ecologica-e-baixo\/","url":"https:\/\/www.oarcanjo.net\/site\/consumo-responsavel-apesar-dos-avancos-nivel-de-consciencia-ecologica-e-baixo\/","name":"Consumo Respons\u00e1vel: Apesar dos avan\u00e7os, n\u00edvel de consci\u00eancia ecol\u00f3gica \u00e9 baixo - O Arcanjo no ar","isPartOf":{"@id":"https:\/\/www.oarcanjo.net\/site\/#website"},"datePublished":"2011-02-20T16:12:04+00:00","dateModified":"2011-02-20T16:12:04+00:00","breadcrumb":{"@id":"https:\/\/www.oarcanjo.net\/site\/consumo-responsavel-apesar-dos-avancos-nivel-de-consciencia-ecologica-e-baixo\/#breadcrumb"},"inLanguage":"pt-BR","potentialAction":[{"@type":"ReadAction","target":["https:\/\/www.oarcanjo.net\/site\/consumo-responsavel-apesar-dos-avancos-nivel-de-consciencia-ecologica-e-baixo\/"]}]},{"@type":"BreadcrumbList","@id":"https:\/\/www.oarcanjo.net\/site\/consumo-responsavel-apesar-dos-avancos-nivel-de-consciencia-ecologica-e-baixo\/#breadcrumb","itemListElement":[{"@type":"ListItem","position":1,"name":"In\u00edcio","item":"https:\/\/www.oarcanjo.net\/site\/"},{"@type":"ListItem","position":2,"name":"Consumo Respons\u00e1vel: Apesar dos avan\u00e7os, n\u00edvel de consci\u00eancia ecol\u00f3gica \u00e9 baixo"}]},{"@type":"WebSite","@id":"https:\/\/www.oarcanjo.net\/site\/#website","url":"https:\/\/www.oarcanjo.net\/site\/","name":"O Arcanjo no ar","description":"Site da Par\u00f3quia S\u00e3o Miguel Arcanjo (Arquidiocese de SP)","publisher":{"@id":"https:\/\/www.oarcanjo.net\/site\/#organization"},"potentialAction":[{"@type":"SearchAction","target":{"@type":"EntryPoint","urlTemplate":"https:\/\/www.oarcanjo.net\/site\/?s={search_term_string}"},"query-input":{"@type":"PropertyValueSpecification","valueRequired":true,"valueName":"search_term_string"}}],"inLanguage":"pt-BR"},{"@type":"Organization","@id":"https:\/\/www.oarcanjo.net\/site\/#organization","name":"Par\u00f3quia S\u00e3o Miguel Arcanjo","url":"https:\/\/www.oarcanjo.net\/site\/","logo":{"@type":"ImageObject","inLanguage":"pt-BR","@id":"https:\/\/www.oarcanjo.net\/site\/#\/schema\/logo\/image\/","url":"https:\/\/www.oarcanjo.net\/site\/wp-content\/uploads\/LogoOArcanjo.png","contentUrl":"https:\/\/www.oarcanjo.net\/site\/wp-content\/uploads\/LogoOArcanjo.png","width":319,"height":99,"caption":"Par\u00f3quia S\u00e3o Miguel Arcanjo"},"image":{"@id":"https:\/\/www.oarcanjo.net\/site\/#\/schema\/logo\/image\/"},"sameAs":["https:\/\/www.facebook.com\/OArcanjoNoAr\/"]},{"@type":"Person","@id":"https:\/\/www.oarcanjo.net\/site\/#\/schema\/person\/f7024d007863202483a31326673a0838","name":"editor","sameAs":["http:\/\/www.oarcanjo.net"]}]}},"publishpress_future_action":{"enabled":false,"date":"2026-05-07 10:08:23","action":"category","newStatus":"draft","terms":[],"taxonomy":"category"},"publishpress_future_workflow_manual_trigger":{"enabledWorkflows":[]},"_links":{"self":[{"href":"https:\/\/www.oarcanjo.net\/site\/wp-json\/wp\/v2\/posts\/13172"}],"collection":[{"href":"https:\/\/www.oarcanjo.net\/site\/wp-json\/wp\/v2\/posts"}],"about":[{"href":"https:\/\/www.oarcanjo.net\/site\/wp-json\/wp\/v2\/types\/post"}],"author":[{"embeddable":true,"href":"https:\/\/www.oarcanjo.net\/site\/wp-json\/wp\/v2\/users\/5"}],"replies":[{"embeddable":true,"href":"https:\/\/www.oarcanjo.net\/site\/wp-json\/wp\/v2\/comments?post=13172"}],"version-history":[{"count":0,"href":"https:\/\/www.oarcanjo.net\/site\/wp-json\/wp\/v2\/posts\/13172\/revisions"}],"wp:attachment":[{"href":"https:\/\/www.oarcanjo.net\/site\/wp-json\/wp\/v2\/media?parent=13172"}],"wp:term":[{"taxonomy":"category","embeddable":true,"href":"https:\/\/www.oarcanjo.net\/site\/wp-json\/wp\/v2\/categories?post=13172"},{"taxonomy":"post_tag","embeddable":true,"href":"https:\/\/www.oarcanjo.net\/site\/wp-json\/wp\/v2\/tags?post=13172"}],"curies":[{"name":"wp","href":"https:\/\/api.w.org\/{rel}","templated":true}]}}