
{"id":13179,"date":"2011-02-21T08:52:44","date_gmt":"2011-02-21T11:52:44","guid":{"rendered":"http:\/\/www.oarcanjo.net\/site\/?p=13179"},"modified":"2011-02-21T08:52:44","modified_gmt":"2011-02-21T11:52:44","slug":"hospedes-do-planeta-terraagua","status":"publish","type":"post","link":"https:\/\/www.oarcanjo.net\/site\/hospedes-do-planeta-terraagua\/","title":{"rendered":"H\u00f3spedes do Planeta Terra\/\u00c1gua"},"content":{"rendered":"<p style=\"text-align: justify;\">Pe. Alfredo J. Gon\u00e7alves, CS<\/p>\n<p style=\"text-align: justify;\">Uma das maiores li\u00e7\u00f5es de todo forasteiro \u00e9 que, no curto per\u00edodo de nossa exist\u00eancia, somos todos h\u00f3spedes do Planeta Terra\/\u00c1gua. Homens e mulheres, e todos os seres vivos que se move na face da terra, permanecem sobre ela numa situa\u00e7\u00e3o de provisoriedade. Outras gera\u00e7\u00f5es nos precederam e novas gera\u00e7\u00f5es vir\u00e3o depois de n\u00f3s. Nessa imensa nave circular, seguimos na condi\u00e7\u00e3o de passageiros. E nossa passagem \u00e9 transit\u00f3ria, dura apenas algumas d\u00e9cadas, enquanto o planeta acumula milh\u00f5es de s\u00e9culos em sua hist\u00f3ria.<\/p>\n<p style=\"text-align: justify;\">Apesar disso, boa parte dos terr\u00e1queos tendem a utilizar os recursos naturais de forma abusiva e muitas vezes irrespons\u00e1vel. O modelo sociopol\u00edtico e econ\u00f4mico implantado especialmente a partir da Revolu\u00e7\u00e3o Industrial e do uso da tecnologia de ponta, com destaque para os pa\u00edses ocidentais, acaba levando adiante um desenvolvimento insustent\u00e1vel, impelido pela \u00e2nsia de lucro e centrado na acumula\u00e7\u00e3o de capital. A lei f\u00e9rrea do mercado \u00e9 produzir, vender, consumir, numa espiral crescente que, com a globaliza\u00e7\u00e3o, chega a todos os cantos do planeta. Com essa meta de crescimento a qualquer custo, os meios se imp\u00f5em por si s\u00f3, numa tr\u00edplice explora\u00e7\u00e3o: extorquir at\u00e9 a \u00faltima possibilidade os bens de que disp\u00f5e a terra, sugar at\u00e9 a \u00faltima gota de suor a for\u00e7a humana de trabalho e saquear o patrim\u00f4nio cultural da humanidade, longa e laboriosamente conquistado por centenas de gera\u00e7\u00f5es.<\/p>\n<p style=\"text-align: justify;\">H\u00e1 d\u00e9cadas uma nova safra de cientistas, em companhia de in\u00fameros movimentos sociais, entidades e organiza\u00e7\u00f5es n\u00e3o governamentais, com destaque para os ambientalistas, veem alertando para a alternativa de que ou salvamos o planeta ou perecemos junto com ele. Prova disso s\u00e3o a emerg\u00eancia e a populariza\u00e7\u00e3o recentes do prefixo grego bio (=vida) em sua dupla dimens\u00e3o: por um lado denunciando a agress\u00e3o humana ao meio ambiente, por outro anunciando a consci\u00eancia crescente com sua preserva\u00e7\u00e3o.<\/p>\n<p style=\"text-align: justify;\">O certo \u00e9 que crescem a cada ano os sintomas da a\u00e7\u00e3o humana sobre o Planeta Terra\/\u00c1gua: devasta\u00e7\u00e3o das florestas e progressiva desertifica\u00e7\u00e3o do solo; polui\u00e7\u00e3o do ar e das \u00e1guas; extin\u00e7\u00e3o de v\u00e1rias esp\u00e9cies de fauna e flora; emiss\u00e3o de gases de efeito estufa, gerando o aquecimento global; eleva\u00e7\u00e3o do n\u00edvel das \u00e1guas dos oceanos; uso indiscriminado de combust\u00edveis f\u00f3sseis&#8230; Da\u00ed o crescimento simult\u00e2neo de cat\u00e1strofes que ocorrem de forma cada vez mais freq\u00fcente e aleat\u00f3ria: furac\u00f5es, tornados, tuf\u00f5es, nevascas, estiagens, inunda\u00e7\u00f5es, e assim por diante.<\/p>\n<p style=\"text-align: justify;\">Entre as institui\u00e7\u00f5es alertas a essa agress\u00e3o do ser humano \u00e0 m\u00e3e Terra\/\u00c1gua, destaca-se a Campanha da Fraternidade da CNBB (CF). Pelo menos em tr\u00eas de suas edi\u00e7\u00f5es, o tema tem vindo \u00e1 tona (1979, 2004 e 2001), sempre com a dupla preocupa\u00e7\u00e3o de aprofundar as causas de modelos econ\u00f4micos predadores, por um lado, e de buscar solu\u00e7\u00f5es para alternativas sustent\u00e1veis, por outro. Nesta \u00faltima CF, de 2011, que tem como tema Fraternidade e a Vida no Planeta, o lema remonta \u00e0 Carta de S\u00e3o Paulo aos Romanos para insistir que \u201cA cria\u00e7\u00e3o geme em dores de parto\u201d (Rm 8,22), na esperan\u00e7a de mudan\u00e7as profundas e urgentes no relacionamento das pessoas entre si e delas com a natureza.<\/p>\n<p style=\"text-align: justify;\">N\u00e3o d\u00e1 mais para defender o crescimento a qualquer pre\u00e7o como panac\u00e9ia para todos os males sociais. Tampouco podemos ter como meta o padr\u00e3o de vida do Primeiro Mundo, que tem privilegiado as classes ricas do planeta, em detrimento da natureza e da grande maioria da popula\u00e7\u00e3o. Semelhante padr\u00e3o de consumo p\u00f5e em risco o ritmo da natureza, al\u00e9m de concentrar a riqueza e o luxo de um lado, e pobreza, mis\u00e9ria e fome do outro. Basta de concentra\u00e7\u00e3o e exclus\u00e3o social! Cen\u00e1rios faustosos e ostensivos como o de Las Vegas, Miami, Dubai, Abu Dhai, Qatar, Emirados \u00c1rabes, Alphaville e condom\u00ednios fechados, entre tantos outros, constituem o retrato vivo dos esc\u00e2ndalos modernos ou p\u00f3s-modernos. Se os colocamos lado a lado com o panorama das favelas e periferias de Ciudad de M\u00e9xico, Calcut\u00e1, Xangai, S\u00e3o Paulo, Lima, Nairobi, Joannesburgo, e assim por diante, o esc\u00e2ndalo torna-se ainda mais gritante.<\/p>\n<p style=\"text-align: justify;\">O desafio hoje \u00e9 encontrar caminhos para uma nova civiliza\u00e7\u00e3o, onde se leve em conta a primazia do cuidado, da conviv\u00eancia e da defesa de todas as formas de vida, levando em conta a justi\u00e7a e o direito, a solidariedade e a sustentabilidade do Planeta Terra\/\u00c1gua. Cuidado significa cultivo, preserva\u00e7\u00e3o, atitude de \u201cbem viver e bem conviver\u201d com as pessoas e as coisas, a biodiversidade e a o universo como um todo. Significa, ainda, a recria\u00e7\u00e3o de novos la\u00e7os, que levem \u00e0 costura de rela\u00e7\u00f5es sadias com a natureza humana, vegetal, animal e inorg\u00e2nica. O primado da explora\u00e7\u00e3o e da disseca\u00e7\u00e3o em busca do lucro e da acumula\u00e7\u00e3o capitalista d\u00e1 ao primado de uma coexist\u00eancia pac\u00edfica com tudo o que Deus colocou \u00e0 disposi\u00e7\u00e3o da vida.<\/p>\n<p style=\"text-align: justify;\">Se a passagem da Idade M\u00e9dia para o mundo moderno representou a transi\u00e7\u00e3o do teocentrismo para o antropocentrismo (marcadamente machista e patriarcal), hoje talvez estejamos assistindo \u00e0 emerg\u00eancia de uma esp\u00e9cie de geocentrismo, onde a m\u00e3e Terra\/\u00c1gua volta a ser o centro gerador e propulsor da vida em sua diversidade. A palavra de ordem \u00e9 redescobrir o direito do Planeta, que \u00e9 ser a m\u00e3e de todos os seres vivos.<\/p>\n<div id=\"themify_builder_content-13179\" data-postid=\"13179\" class=\"themify_builder_content themify_builder_content-13179 themify_builder themify_builder_front\">\n\t<\/div>\n<!-- \/themify_builder_content -->","protected":false},"excerpt":{"rendered":"<p>Pe. Alfredo J. Gon\u00e7alves, CS Uma das maiores li\u00e7\u00f5es de todo forasteiro \u00e9 que, no curto per\u00edodo de nossa exist\u00eancia, somos todos h\u00f3spedes do Planeta Terra\/\u00c1gua. Homens e mulheres, e todos os seres vivos que se move na face da terra, permanecem sobre ela numa situa\u00e7\u00e3o de provisoriedade. Outras gera\u00e7\u00f5es nos precederam e novas gera\u00e7\u00f5es [&hellip;]<\/p>\n","protected":false},"author":15,"featured_media":0,"comment_status":"open","ping_status":"open","sticky":false,"template":"","format":"standard","meta":{"ngg_post_thumbnail":0,"footnotes":""},"categories":[9],"tags":[],"yoast_head":"<!-- This site is optimized with the Yoast SEO plugin v23.5 - https:\/\/yoast.com\/wordpress\/plugins\/seo\/ -->\n<title>H\u00f3spedes do Planeta Terra\/\u00c1gua - O Arcanjo no ar<\/title>\n<meta name=\"robots\" content=\"index, follow, max-snippet:-1, max-image-preview:large, max-video-preview:-1\" \/>\n<link rel=\"canonical\" href=\"https:\/\/www.oarcanjo.net\/site\/hospedes-do-planeta-terraagua\/\" \/>\n<meta property=\"og:locale\" content=\"pt_BR\" \/>\n<meta property=\"og:type\" content=\"article\" \/>\n<meta property=\"og:title\" content=\"H\u00f3spedes do Planeta Terra\/\u00c1gua - O Arcanjo no ar\" \/>\n<meta property=\"og:description\" content=\"Pe. Alfredo J. Gon\u00e7alves, CS Uma das maiores li\u00e7\u00f5es de todo forasteiro \u00e9 que, no curto per\u00edodo de nossa exist\u00eancia, somos todos h\u00f3spedes do Planeta Terra\/\u00c1gua. Homens e mulheres, e todos os seres vivos que se move na face da terra, permanecem sobre ela numa situa\u00e7\u00e3o de provisoriedade. Outras gera\u00e7\u00f5es nos precederam e novas gera\u00e7\u00f5es [&hellip;]\" \/>\n<meta property=\"og:url\" content=\"https:\/\/www.oarcanjo.net\/site\/hospedes-do-planeta-terraagua\/\" \/>\n<meta property=\"og:site_name\" content=\"O Arcanjo no ar\" \/>\n<meta property=\"article:publisher\" content=\"https:\/\/www.facebook.com\/OArcanjoNoAr\/\" \/>\n<meta property=\"article:published_time\" content=\"2011-02-21T11:52:44+00:00\" \/>\n<meta property=\"og:image\" content=\"https:\/\/www.oarcanjo.net\/site\/wp-content\/uploads\/logo-o-arcanjo-no-ar-facebook.png\" \/>\n\t<meta property=\"og:image:width\" content=\"300\" \/>\n\t<meta property=\"og:image:height\" content=\"300\" \/>\n\t<meta property=\"og:image:type\" content=\"image\/png\" \/>\n<meta name=\"author\" content=\"Alexandre Nunes\" \/>\n<meta name=\"twitter:card\" content=\"summary_large_image\" \/>\n<meta name=\"twitter:label1\" content=\"Escrito por\" \/>\n\t<meta name=\"twitter:data1\" content=\"Alexandre Nunes\" \/>\n\t<meta name=\"twitter:label2\" content=\"Est. tempo de leitura\" \/>\n\t<meta name=\"twitter:data2\" content=\"5 minutos\" \/>\n<script type=\"application\/ld+json\" class=\"yoast-schema-graph\">{\"@context\":\"https:\/\/schema.org\",\"@graph\":[{\"@type\":\"Article\",\"@id\":\"https:\/\/www.oarcanjo.net\/site\/hospedes-do-planeta-terraagua\/#article\",\"isPartOf\":{\"@id\":\"https:\/\/www.oarcanjo.net\/site\/hospedes-do-planeta-terraagua\/\"},\"author\":{\"name\":\"Alexandre Nunes\",\"@id\":\"https:\/\/www.oarcanjo.net\/site\/#\/schema\/person\/0a2ae077c1a09b69d29928e3b9f1c0d1\"},\"headline\":\"H\u00f3spedes do Planeta Terra\/\u00c1gua\",\"datePublished\":\"2011-02-21T11:52:44+00:00\",\"dateModified\":\"2011-02-21T11:52:44+00:00\",\"mainEntityOfPage\":{\"@id\":\"https:\/\/www.oarcanjo.net\/site\/hospedes-do-planeta-terraagua\/\"},\"wordCount\":960,\"commentCount\":0,\"publisher\":{\"@id\":\"https:\/\/www.oarcanjo.net\/site\/#organization\"},\"articleSection\":[\"Reflex\u00f5es\"],\"inLanguage\":\"pt-BR\",\"potentialAction\":[{\"@type\":\"CommentAction\",\"name\":\"Comment\",\"target\":[\"https:\/\/www.oarcanjo.net\/site\/hospedes-do-planeta-terraagua\/#respond\"]}]},{\"@type\":\"WebPage\",\"@id\":\"https:\/\/www.oarcanjo.net\/site\/hospedes-do-planeta-terraagua\/\",\"url\":\"https:\/\/www.oarcanjo.net\/site\/hospedes-do-planeta-terraagua\/\",\"name\":\"H\u00f3spedes do Planeta Terra\/\u00c1gua - O Arcanjo no ar\",\"isPartOf\":{\"@id\":\"https:\/\/www.oarcanjo.net\/site\/#website\"},\"datePublished\":\"2011-02-21T11:52:44+00:00\",\"dateModified\":\"2011-02-21T11:52:44+00:00\",\"breadcrumb\":{\"@id\":\"https:\/\/www.oarcanjo.net\/site\/hospedes-do-planeta-terraagua\/#breadcrumb\"},\"inLanguage\":\"pt-BR\",\"potentialAction\":[{\"@type\":\"ReadAction\",\"target\":[\"https:\/\/www.oarcanjo.net\/site\/hospedes-do-planeta-terraagua\/\"]}]},{\"@type\":\"BreadcrumbList\",\"@id\":\"https:\/\/www.oarcanjo.net\/site\/hospedes-do-planeta-terraagua\/#breadcrumb\",\"itemListElement\":[{\"@type\":\"ListItem\",\"position\":1,\"name\":\"In\u00edcio\",\"item\":\"https:\/\/www.oarcanjo.net\/site\/\"},{\"@type\":\"ListItem\",\"position\":2,\"name\":\"H\u00f3spedes do Planeta Terra\/\u00c1gua\"}]},{\"@type\":\"WebSite\",\"@id\":\"https:\/\/www.oarcanjo.net\/site\/#website\",\"url\":\"https:\/\/www.oarcanjo.net\/site\/\",\"name\":\"O Arcanjo no ar\",\"description\":\"Site da Par\u00f3quia S\u00e3o Miguel Arcanjo (Arquidiocese de SP)\",\"publisher\":{\"@id\":\"https:\/\/www.oarcanjo.net\/site\/#organization\"},\"potentialAction\":[{\"@type\":\"SearchAction\",\"target\":{\"@type\":\"EntryPoint\",\"urlTemplate\":\"https:\/\/www.oarcanjo.net\/site\/?s={search_term_string}\"},\"query-input\":{\"@type\":\"PropertyValueSpecification\",\"valueRequired\":true,\"valueName\":\"search_term_string\"}}],\"inLanguage\":\"pt-BR\"},{\"@type\":\"Organization\",\"@id\":\"https:\/\/www.oarcanjo.net\/site\/#organization\",\"name\":\"Par\u00f3quia S\u00e3o Miguel Arcanjo\",\"url\":\"https:\/\/www.oarcanjo.net\/site\/\",\"logo\":{\"@type\":\"ImageObject\",\"inLanguage\":\"pt-BR\",\"@id\":\"https:\/\/www.oarcanjo.net\/site\/#\/schema\/logo\/image\/\",\"url\":\"https:\/\/www.oarcanjo.net\/site\/wp-content\/uploads\/LogoOArcanjo.png\",\"contentUrl\":\"https:\/\/www.oarcanjo.net\/site\/wp-content\/uploads\/LogoOArcanjo.png\",\"width\":319,\"height\":99,\"caption\":\"Par\u00f3quia S\u00e3o Miguel Arcanjo\"},\"image\":{\"@id\":\"https:\/\/www.oarcanjo.net\/site\/#\/schema\/logo\/image\/\"},\"sameAs\":[\"https:\/\/www.facebook.com\/OArcanjoNoAr\/\"]},{\"@type\":\"Person\",\"@id\":\"https:\/\/www.oarcanjo.net\/site\/#\/schema\/person\/0a2ae077c1a09b69d29928e3b9f1c0d1\",\"name\":\"Alexandre Nunes\",\"sameAs\":[\"http:\/\/alexandrenu.com\"]}]}<\/script>\n<!-- \/ Yoast SEO plugin. -->","yoast_head_json":{"title":"H\u00f3spedes do Planeta Terra\/\u00c1gua - O Arcanjo no ar","robots":{"index":"index","follow":"follow","max-snippet":"max-snippet:-1","max-image-preview":"max-image-preview:large","max-video-preview":"max-video-preview:-1"},"canonical":"https:\/\/www.oarcanjo.net\/site\/hospedes-do-planeta-terraagua\/","og_locale":"pt_BR","og_type":"article","og_title":"H\u00f3spedes do Planeta Terra\/\u00c1gua - O Arcanjo no ar","og_description":"Pe. Alfredo J. Gon\u00e7alves, CS Uma das maiores li\u00e7\u00f5es de todo forasteiro \u00e9 que, no curto per\u00edodo de nossa exist\u00eancia, somos todos h\u00f3spedes do Planeta Terra\/\u00c1gua. Homens e mulheres, e todos os seres vivos que se move na face da terra, permanecem sobre ela numa situa\u00e7\u00e3o de provisoriedade. Outras gera\u00e7\u00f5es nos precederam e novas gera\u00e7\u00f5es [&hellip;]","og_url":"https:\/\/www.oarcanjo.net\/site\/hospedes-do-planeta-terraagua\/","og_site_name":"O Arcanjo no ar","article_publisher":"https:\/\/www.facebook.com\/OArcanjoNoAr\/","article_published_time":"2011-02-21T11:52:44+00:00","og_image":[{"width":300,"height":300,"url":"https:\/\/www.oarcanjo.net\/site\/wp-content\/uploads\/logo-o-arcanjo-no-ar-facebook.png","type":"image\/png"}],"author":"Alexandre Nunes","twitter_card":"summary_large_image","twitter_misc":{"Escrito por":"Alexandre Nunes","Est. tempo de leitura":"5 minutos"},"schema":{"@context":"https:\/\/schema.org","@graph":[{"@type":"Article","@id":"https:\/\/www.oarcanjo.net\/site\/hospedes-do-planeta-terraagua\/#article","isPartOf":{"@id":"https:\/\/www.oarcanjo.net\/site\/hospedes-do-planeta-terraagua\/"},"author":{"name":"Alexandre Nunes","@id":"https:\/\/www.oarcanjo.net\/site\/#\/schema\/person\/0a2ae077c1a09b69d29928e3b9f1c0d1"},"headline":"H\u00f3spedes do Planeta Terra\/\u00c1gua","datePublished":"2011-02-21T11:52:44+00:00","dateModified":"2011-02-21T11:52:44+00:00","mainEntityOfPage":{"@id":"https:\/\/www.oarcanjo.net\/site\/hospedes-do-planeta-terraagua\/"},"wordCount":960,"commentCount":0,"publisher":{"@id":"https:\/\/www.oarcanjo.net\/site\/#organization"},"articleSection":["Reflex\u00f5es"],"inLanguage":"pt-BR","potentialAction":[{"@type":"CommentAction","name":"Comment","target":["https:\/\/www.oarcanjo.net\/site\/hospedes-do-planeta-terraagua\/#respond"]}]},{"@type":"WebPage","@id":"https:\/\/www.oarcanjo.net\/site\/hospedes-do-planeta-terraagua\/","url":"https:\/\/www.oarcanjo.net\/site\/hospedes-do-planeta-terraagua\/","name":"H\u00f3spedes do Planeta Terra\/\u00c1gua - O Arcanjo no ar","isPartOf":{"@id":"https:\/\/www.oarcanjo.net\/site\/#website"},"datePublished":"2011-02-21T11:52:44+00:00","dateModified":"2011-02-21T11:52:44+00:00","breadcrumb":{"@id":"https:\/\/www.oarcanjo.net\/site\/hospedes-do-planeta-terraagua\/#breadcrumb"},"inLanguage":"pt-BR","potentialAction":[{"@type":"ReadAction","target":["https:\/\/www.oarcanjo.net\/site\/hospedes-do-planeta-terraagua\/"]}]},{"@type":"BreadcrumbList","@id":"https:\/\/www.oarcanjo.net\/site\/hospedes-do-planeta-terraagua\/#breadcrumb","itemListElement":[{"@type":"ListItem","position":1,"name":"In\u00edcio","item":"https:\/\/www.oarcanjo.net\/site\/"},{"@type":"ListItem","position":2,"name":"H\u00f3spedes do Planeta Terra\/\u00c1gua"}]},{"@type":"WebSite","@id":"https:\/\/www.oarcanjo.net\/site\/#website","url":"https:\/\/www.oarcanjo.net\/site\/","name":"O Arcanjo no ar","description":"Site da Par\u00f3quia S\u00e3o Miguel Arcanjo (Arquidiocese de SP)","publisher":{"@id":"https:\/\/www.oarcanjo.net\/site\/#organization"},"potentialAction":[{"@type":"SearchAction","target":{"@type":"EntryPoint","urlTemplate":"https:\/\/www.oarcanjo.net\/site\/?s={search_term_string}"},"query-input":{"@type":"PropertyValueSpecification","valueRequired":true,"valueName":"search_term_string"}}],"inLanguage":"pt-BR"},{"@type":"Organization","@id":"https:\/\/www.oarcanjo.net\/site\/#organization","name":"Par\u00f3quia S\u00e3o Miguel Arcanjo","url":"https:\/\/www.oarcanjo.net\/site\/","logo":{"@type":"ImageObject","inLanguage":"pt-BR","@id":"https:\/\/www.oarcanjo.net\/site\/#\/schema\/logo\/image\/","url":"https:\/\/www.oarcanjo.net\/site\/wp-content\/uploads\/LogoOArcanjo.png","contentUrl":"https:\/\/www.oarcanjo.net\/site\/wp-content\/uploads\/LogoOArcanjo.png","width":319,"height":99,"caption":"Par\u00f3quia S\u00e3o Miguel Arcanjo"},"image":{"@id":"https:\/\/www.oarcanjo.net\/site\/#\/schema\/logo\/image\/"},"sameAs":["https:\/\/www.facebook.com\/OArcanjoNoAr\/"]},{"@type":"Person","@id":"https:\/\/www.oarcanjo.net\/site\/#\/schema\/person\/0a2ae077c1a09b69d29928e3b9f1c0d1","name":"Alexandre Nunes","sameAs":["http:\/\/alexandrenu.com"]}]}},"publishpress_future_action":{"enabled":false,"date":"2026-05-10 08:23:46","action":"category","newStatus":"draft","terms":[],"taxonomy":"category"},"publishpress_future_workflow_manual_trigger":{"enabledWorkflows":[]},"_links":{"self":[{"href":"https:\/\/www.oarcanjo.net\/site\/wp-json\/wp\/v2\/posts\/13179"}],"collection":[{"href":"https:\/\/www.oarcanjo.net\/site\/wp-json\/wp\/v2\/posts"}],"about":[{"href":"https:\/\/www.oarcanjo.net\/site\/wp-json\/wp\/v2\/types\/post"}],"author":[{"embeddable":true,"href":"https:\/\/www.oarcanjo.net\/site\/wp-json\/wp\/v2\/users\/15"}],"replies":[{"embeddable":true,"href":"https:\/\/www.oarcanjo.net\/site\/wp-json\/wp\/v2\/comments?post=13179"}],"version-history":[{"count":0,"href":"https:\/\/www.oarcanjo.net\/site\/wp-json\/wp\/v2\/posts\/13179\/revisions"}],"wp:attachment":[{"href":"https:\/\/www.oarcanjo.net\/site\/wp-json\/wp\/v2\/media?parent=13179"}],"wp:term":[{"taxonomy":"category","embeddable":true,"href":"https:\/\/www.oarcanjo.net\/site\/wp-json\/wp\/v2\/categories?post=13179"},{"taxonomy":"post_tag","embeddable":true,"href":"https:\/\/www.oarcanjo.net\/site\/wp-json\/wp\/v2\/tags?post=13179"}],"curies":[{"name":"wp","href":"https:\/\/api.w.org\/{rel}","templated":true}]}}