
{"id":13201,"date":"2011-02-26T22:55:37","date_gmt":"2011-02-27T01:55:37","guid":{"rendered":"http:\/\/www.oarcanjo.net\/site\/?p=13201"},"modified":"2011-02-28T08:12:59","modified_gmt":"2011-02-28T11:12:59","slug":"reflexao-sobre-a-cf-2011-no-centro-pastoral-sao-jose","status":"publish","type":"post","link":"https:\/\/www.oarcanjo.net\/site\/reflexao-sobre-a-cf-2011-no-centro-pastoral-sao-jose\/","title":{"rendered":"Reflex\u00e3o sobre a CF 2011 no Centro Pastoral S\u00e3o Jos\u00e9"},"content":{"rendered":"<p style=\"text-align: justify;\">A Par\u00f3quia S\u00e3o Miguel Arcanjo participou na quarta-feira \u2013 23\/02\/11, \u00a0da reflex\u00e3o sobre a situa\u00e7\u00e3o que estamos passando, como encontro de prepara\u00e7\u00e3o para\u00a0a CF deste ano \u2013 Fraternidade e a Vida do Planeta. Estavam l\u00e1 a Ign\u00eas, Silvia, Edgar, Roseli, Joaquim, Carlos, Deolinda e o Padre Julio. Tamb\u00e9m outros padres e representantes das demais par\u00f3quias do Setor Bel\u00e9m.<\/p>\n<h1><a href=\"http:\/\/www.oarcanjo.net\/site\/wp-content\/uploads\/IMG_0041.jpg\"><img loading=\"lazy\" decoding=\"async\" class=\"alignleft size-medium wp-image-13202\" title=\"IMG_0041\" src=\"http:\/\/www.oarcanjo.net\/site\/wp-content\/uploads\/IMG_0041-300x167.jpg\" alt=\"\" width=\"300\" height=\"167\" srcset=\"https:\/\/www.oarcanjo.net\/site\/wp-content\/uploads\/IMG_0041-300x167.jpg 300w, https:\/\/www.oarcanjo.net\/site\/wp-content\/uploads\/IMG_0041.jpg 604w\" sizes=\"(max-width: 300px) 100vw, 300px\" \/><\/a><\/h1>\n<p style=\"text-align: justify;\">O evento ocorreu no Centro Pastoral S\u00e3o Jos\u00e9, conduzido pela irm\u00e3 Iracema. Ela acentuou que precisamos fazer algo e que tudo depende de n\u00f3s. O objetivo, ent\u00e3o, \u00e9 mobilizar as comunidades para tomar consci\u00eancia da gravidade da situa\u00e7\u00e3o que passamos. Aduziu que o lan\u00e7amento da Campanha da Fraternidade no per\u00edodo da Quaresma \u00e9 exatamente prop\u00edcio para a convers\u00e3o.<\/p>\n<p style=\"text-align: justify;\">Foram abordados v\u00e1rios aspectos que envolvem o aquecimento global, mas destacando que a Igreja sempre se preocupou com a quest\u00e3o, inclusive em Campanhas da Fraternidade anteriores. Lembrou que a CNBB\u00a0 produziu v\u00e1rios materiais sobre esse tema t\u00e3o relevante para n\u00f3s e para as futuras gera\u00e7\u00f5es.<\/p>\n<p style=\"text-align: justify;\"><a href=\"http:\/\/www.oarcanjo.net\/site\/wp-content\/uploads\/IMG_00141.jpg\"><img loading=\"lazy\" decoding=\"async\" class=\"alignleft size-medium wp-image-13207\" title=\"IMG_0014\" src=\"http:\/\/www.oarcanjo.net\/site\/wp-content\/uploads\/IMG_00141-300x200.jpg\" alt=\"\" width=\"300\" height=\"200\" srcset=\"https:\/\/www.oarcanjo.net\/site\/wp-content\/uploads\/IMG_00141-300x200.jpg 300w, https:\/\/www.oarcanjo.net\/site\/wp-content\/uploads\/IMG_00141.jpg 645w\" sizes=\"(max-width: 300px) 100vw, 300px\" \/><\/a><\/p>\n<p style=\"text-align: justify;\">Irm\u00e3 Iracema tamb\u00e9m lembrou das dificuldades do Poder P\u00fablico no trato do lixo, eis que mesmo havendo coleta seletiva, o resultado \u00e9 o mesmo, com o despejo nos aterros sanit\u00e1rios.<\/p>\n<p style=\"text-align: justify;\">Nesse aspecto o Padre J\u00falio prop\u00f4s que fossem realizadas reuni\u00f5es com os Subprefeitos para discuss\u00e3o da indica\u00e7\u00e3o dos locais adequados para a coleta seletiva e sua adequada destina\u00e7\u00e3o. Tamb\u00e9m apontou que \u00e9 necess\u00e1rio divulgar as cooperativas de reciclagem e incentivar sua utiliza\u00e7\u00e3o, n\u00e3o afastando os catadores, que igualmente prestam relevantes servi\u00e7os \u00e0 natureza.<\/p>\n<p style=\"text-align: justify;\">Ficou assentado que o objetivo geral \u00e9 contribuir para um aprofundamento do debate e buscar caminhos de supera\u00e7\u00e3o dos problemas ambientais provocados pelo aquecimento global e seus impactos sobre as condi\u00e7\u00f5es de vida do planeta.<\/p>\n<p style=\"text-align: justify;\">Ainda, foram demonstrados os subs\u00eddios para a Campanha, incluindo aquele para a Via Sacra e o Banner. Nesse \u00faltimo o destaque: \u201cA cria\u00e7\u00e3o geme em dores de parto\u201d.<\/p>\n<p><a href=\"http:\/\/www.oarcanjo.net\/site\/wp-content\/uploads\/IMG_0027.jpg\"><img loading=\"lazy\" decoding=\"async\" class=\"alignleft size-medium wp-image-13203\" title=\"IMG_0027\" src=\"http:\/\/www.oarcanjo.net\/site\/wp-content\/uploads\/IMG_0027-300x160.jpg\" alt=\"\" width=\"300\" height=\"160\" srcset=\"https:\/\/www.oarcanjo.net\/site\/wp-content\/uploads\/IMG_0027-300x160.jpg 300w, https:\/\/www.oarcanjo.net\/site\/wp-content\/uploads\/IMG_0027.jpg 588w\" sizes=\"(max-width: 300px) 100vw, 300px\" \/><\/a><\/p>\n<p><a href=\"http:\/\/www.oarcanjo.net\/site\/wp-content\/uploads\/IMG_0017.jpg\"><img loading=\"lazy\" decoding=\"async\" class=\"alignleft size-medium wp-image-13204\" title=\"IMG_0017\" src=\"http:\/\/www.oarcanjo.net\/site\/wp-content\/uploads\/IMG_0017-245x300.jpg\" alt=\"\" width=\"245\" height=\"300\" srcset=\"https:\/\/www.oarcanjo.net\/site\/wp-content\/uploads\/IMG_0017-245x300.jpg 245w, https:\/\/www.oarcanjo.net\/site\/wp-content\/uploads\/IMG_0017.jpg 337w\" sizes=\"(max-width: 245px) 100vw, 245px\" \/><\/a><\/p>\n<p>Foto por Carlos A. Beatriz<\/p>\n<div id=\"themify_builder_content-13201\" data-postid=\"13201\" class=\"themify_builder_content themify_builder_content-13201 themify_builder themify_builder_front\">\n\t<\/div>\n<!-- \/themify_builder_content -->","protected":false},"excerpt":{"rendered":"<p>A Par\u00f3quia S\u00e3o Miguel Arcanjo participou na quarta-feira \u2013 23\/02\/11, \u00a0da reflex\u00e3o sobre a situa\u00e7\u00e3o que estamos passando, como encontro de prepara\u00e7\u00e3o para\u00a0a CF deste ano \u2013 Fraternidade e a Vida do Planeta. Estavam l\u00e1 a Ign\u00eas, Silvia, Edgar, Roseli, Joaquim, Carlos, Deolinda e o Padre Julio. Tamb\u00e9m outros padres e representantes das demais par\u00f3quias [&hellip;]<\/p>\n","protected":false},"author":10,"featured_media":0,"comment_status":"open","ping_status":"open","sticky":false,"template":"","format":"standard","meta":{"ngg_post_thumbnail":0,"footnotes":""},"categories":[241,8],"tags":[],"yoast_head":"<!-- This site is optimized with the Yoast SEO plugin v23.5 - https:\/\/yoast.com\/wordpress\/plugins\/seo\/ -->\n<title>Reflex\u00e3o sobre a CF 2011 no Centro Pastoral S\u00e3o Jos\u00e9 - O Arcanjo no ar<\/title>\n<meta name=\"robots\" content=\"index, follow, max-snippet:-1, max-image-preview:large, max-video-preview:-1\" \/>\n<link rel=\"canonical\" href=\"https:\/\/www.oarcanjo.net\/site\/reflexao-sobre-a-cf-2011-no-centro-pastoral-sao-jose\/\" \/>\n<meta property=\"og:locale\" content=\"pt_BR\" \/>\n<meta property=\"og:type\" content=\"article\" \/>\n<meta property=\"og:title\" content=\"Reflex\u00e3o sobre a CF 2011 no Centro Pastoral S\u00e3o Jos\u00e9 - O Arcanjo no ar\" \/>\n<meta property=\"og:description\" content=\"A Par\u00f3quia S\u00e3o Miguel Arcanjo participou na quarta-feira \u2013 23\/02\/11, \u00a0da reflex\u00e3o sobre a situa\u00e7\u00e3o que estamos passando, como encontro de prepara\u00e7\u00e3o para\u00a0a CF deste ano \u2013 Fraternidade e a Vida do Planeta. Estavam l\u00e1 a Ign\u00eas, Silvia, Edgar, Roseli, Joaquim, Carlos, Deolinda e o Padre Julio. Tamb\u00e9m outros padres e representantes das demais par\u00f3quias [&hellip;]\" \/>\n<meta property=\"og:url\" content=\"https:\/\/www.oarcanjo.net\/site\/reflexao-sobre-a-cf-2011-no-centro-pastoral-sao-jose\/\" \/>\n<meta property=\"og:site_name\" content=\"O Arcanjo no ar\" \/>\n<meta property=\"article:publisher\" content=\"https:\/\/www.facebook.com\/OArcanjoNoAr\/\" \/>\n<meta property=\"article:published_time\" content=\"2011-02-27T01:55:37+00:00\" \/>\n<meta property=\"article:modified_time\" content=\"2011-02-28T11:12:59+00:00\" \/>\n<meta property=\"og:image\" content=\"http:\/\/www.oarcanjo.net\/site\/wp-content\/uploads\/IMG_0041-300x167.jpg\" \/>\n<meta name=\"author\" content=\"carlos\" \/>\n<meta name=\"twitter:card\" content=\"summary_large_image\" \/>\n<meta name=\"twitter:label1\" content=\"Escrito por\" \/>\n\t<meta name=\"twitter:data1\" content=\"carlos\" \/>\n\t<meta name=\"twitter:label2\" content=\"Est. tempo de leitura\" \/>\n\t<meta name=\"twitter:data2\" content=\"2 minutos\" \/>\n<script type=\"application\/ld+json\" class=\"yoast-schema-graph\">{\"@context\":\"https:\/\/schema.org\",\"@graph\":[{\"@type\":\"Article\",\"@id\":\"https:\/\/www.oarcanjo.net\/site\/reflexao-sobre-a-cf-2011-no-centro-pastoral-sao-jose\/#article\",\"isPartOf\":{\"@id\":\"https:\/\/www.oarcanjo.net\/site\/reflexao-sobre-a-cf-2011-no-centro-pastoral-sao-jose\/\"},\"author\":{\"name\":\"carlos\",\"@id\":\"https:\/\/www.oarcanjo.net\/site\/#\/schema\/person\/f7870e710d8c8c30673de3a0ac2e451d\"},\"headline\":\"Reflex\u00e3o sobre a CF 2011 no Centro Pastoral S\u00e3o Jos\u00e9\",\"datePublished\":\"2011-02-27T01:55:37+00:00\",\"dateModified\":\"2011-02-28T11:12:59+00:00\",\"mainEntityOfPage\":{\"@id\":\"https:\/\/www.oarcanjo.net\/site\/reflexao-sobre-a-cf-2011-no-centro-pastoral-sao-jose\/\"},\"wordCount\":357,\"commentCount\":3,\"publisher\":{\"@id\":\"https:\/\/www.oarcanjo.net\/site\/#organization\"},\"image\":{\"@id\":\"https:\/\/www.oarcanjo.net\/site\/reflexao-sobre-a-cf-2011-no-centro-pastoral-sao-jose\/#primaryimage\"},\"thumbnailUrl\":\"http:\/\/www.oarcanjo.net\/site\/wp-content\/uploads\/IMG_0041-300x167.jpg\",\"articleSection\":[\"CF\",\"Not\u00edcias\"],\"inLanguage\":\"pt-BR\",\"potentialAction\":[{\"@type\":\"CommentAction\",\"name\":\"Comment\",\"target\":[\"https:\/\/www.oarcanjo.net\/site\/reflexao-sobre-a-cf-2011-no-centro-pastoral-sao-jose\/#respond\"]}]},{\"@type\":\"WebPage\",\"@id\":\"https:\/\/www.oarcanjo.net\/site\/reflexao-sobre-a-cf-2011-no-centro-pastoral-sao-jose\/\",\"url\":\"https:\/\/www.oarcanjo.net\/site\/reflexao-sobre-a-cf-2011-no-centro-pastoral-sao-jose\/\",\"name\":\"Reflex\u00e3o sobre a CF 2011 no Centro Pastoral S\u00e3o Jos\u00e9 - O Arcanjo no ar\",\"isPartOf\":{\"@id\":\"https:\/\/www.oarcanjo.net\/site\/#website\"},\"primaryImageOfPage\":{\"@id\":\"https:\/\/www.oarcanjo.net\/site\/reflexao-sobre-a-cf-2011-no-centro-pastoral-sao-jose\/#primaryimage\"},\"image\":{\"@id\":\"https:\/\/www.oarcanjo.net\/site\/reflexao-sobre-a-cf-2011-no-centro-pastoral-sao-jose\/#primaryimage\"},\"thumbnailUrl\":\"http:\/\/www.oarcanjo.net\/site\/wp-content\/uploads\/IMG_0041-300x167.jpg\",\"datePublished\":\"2011-02-27T01:55:37+00:00\",\"dateModified\":\"2011-02-28T11:12:59+00:00\",\"breadcrumb\":{\"@id\":\"https:\/\/www.oarcanjo.net\/site\/reflexao-sobre-a-cf-2011-no-centro-pastoral-sao-jose\/#breadcrumb\"},\"inLanguage\":\"pt-BR\",\"potentialAction\":[{\"@type\":\"ReadAction\",\"target\":[\"https:\/\/www.oarcanjo.net\/site\/reflexao-sobre-a-cf-2011-no-centro-pastoral-sao-jose\/\"]}]},{\"@type\":\"ImageObject\",\"inLanguage\":\"pt-BR\",\"@id\":\"https:\/\/www.oarcanjo.net\/site\/reflexao-sobre-a-cf-2011-no-centro-pastoral-sao-jose\/#primaryimage\",\"url\":\"https:\/\/www.oarcanjo.net\/site\/wp-content\/uploads\/IMG_0041.jpg\",\"contentUrl\":\"https:\/\/www.oarcanjo.net\/site\/wp-content\/uploads\/IMG_0041.jpg\",\"width\":\"604\",\"height\":\"338\"},{\"@type\":\"BreadcrumbList\",\"@id\":\"https:\/\/www.oarcanjo.net\/site\/reflexao-sobre-a-cf-2011-no-centro-pastoral-sao-jose\/#breadcrumb\",\"itemListElement\":[{\"@type\":\"ListItem\",\"position\":1,\"name\":\"In\u00edcio\",\"item\":\"https:\/\/www.oarcanjo.net\/site\/\"},{\"@type\":\"ListItem\",\"position\":2,\"name\":\"Reflex\u00e3o sobre a CF 2011 no Centro Pastoral S\u00e3o Jos\u00e9\"}]},{\"@type\":\"WebSite\",\"@id\":\"https:\/\/www.oarcanjo.net\/site\/#website\",\"url\":\"https:\/\/www.oarcanjo.net\/site\/\",\"name\":\"O Arcanjo no ar\",\"description\":\"Site da Par\u00f3quia S\u00e3o Miguel Arcanjo (Arquidiocese de SP)\",\"publisher\":{\"@id\":\"https:\/\/www.oarcanjo.net\/site\/#organization\"},\"potentialAction\":[{\"@type\":\"SearchAction\",\"target\":{\"@type\":\"EntryPoint\",\"urlTemplate\":\"https:\/\/www.oarcanjo.net\/site\/?s={search_term_string}\"},\"query-input\":{\"@type\":\"PropertyValueSpecification\",\"valueRequired\":true,\"valueName\":\"search_term_string\"}}],\"inLanguage\":\"pt-BR\"},{\"@type\":\"Organization\",\"@id\":\"https:\/\/www.oarcanjo.net\/site\/#organization\",\"name\":\"Par\u00f3quia S\u00e3o Miguel Arcanjo\",\"url\":\"https:\/\/www.oarcanjo.net\/site\/\",\"logo\":{\"@type\":\"ImageObject\",\"inLanguage\":\"pt-BR\",\"@id\":\"https:\/\/www.oarcanjo.net\/site\/#\/schema\/logo\/image\/\",\"url\":\"https:\/\/www.oarcanjo.net\/site\/wp-content\/uploads\/LogoOArcanjo.png\",\"contentUrl\":\"https:\/\/www.oarcanjo.net\/site\/wp-content\/uploads\/LogoOArcanjo.png\",\"width\":319,\"height\":99,\"caption\":\"Par\u00f3quia S\u00e3o Miguel Arcanjo\"},\"image\":{\"@id\":\"https:\/\/www.oarcanjo.net\/site\/#\/schema\/logo\/image\/\"},\"sameAs\":[\"https:\/\/www.facebook.com\/OArcanjoNoAr\/\"]},{\"@type\":\"Person\",\"@id\":\"https:\/\/www.oarcanjo.net\/site\/#\/schema\/person\/f7870e710d8c8c30673de3a0ac2e451d\",\"name\":\"carlos\"}]}<\/script>\n<!-- \/ Yoast SEO plugin. -->","yoast_head_json":{"title":"Reflex\u00e3o sobre a CF 2011 no Centro Pastoral S\u00e3o Jos\u00e9 - O Arcanjo no ar","robots":{"index":"index","follow":"follow","max-snippet":"max-snippet:-1","max-image-preview":"max-image-preview:large","max-video-preview":"max-video-preview:-1"},"canonical":"https:\/\/www.oarcanjo.net\/site\/reflexao-sobre-a-cf-2011-no-centro-pastoral-sao-jose\/","og_locale":"pt_BR","og_type":"article","og_title":"Reflex\u00e3o sobre a CF 2011 no Centro Pastoral S\u00e3o Jos\u00e9 - O Arcanjo no ar","og_description":"A Par\u00f3quia S\u00e3o Miguel Arcanjo participou na quarta-feira \u2013 23\/02\/11, \u00a0da reflex\u00e3o sobre a situa\u00e7\u00e3o que estamos passando, como encontro de prepara\u00e7\u00e3o para\u00a0a CF deste ano \u2013 Fraternidade e a Vida do Planeta. Estavam l\u00e1 a Ign\u00eas, Silvia, Edgar, Roseli, Joaquim, Carlos, Deolinda e o Padre Julio. Tamb\u00e9m outros padres e representantes das demais par\u00f3quias [&hellip;]","og_url":"https:\/\/www.oarcanjo.net\/site\/reflexao-sobre-a-cf-2011-no-centro-pastoral-sao-jose\/","og_site_name":"O Arcanjo no ar","article_publisher":"https:\/\/www.facebook.com\/OArcanjoNoAr\/","article_published_time":"2011-02-27T01:55:37+00:00","article_modified_time":"2011-02-28T11:12:59+00:00","og_image":[{"url":"http:\/\/www.oarcanjo.net\/site\/wp-content\/uploads\/IMG_0041-300x167.jpg"}],"author":"carlos","twitter_card":"summary_large_image","twitter_misc":{"Escrito por":"carlos","Est. tempo de leitura":"2 minutos"},"schema":{"@context":"https:\/\/schema.org","@graph":[{"@type":"Article","@id":"https:\/\/www.oarcanjo.net\/site\/reflexao-sobre-a-cf-2011-no-centro-pastoral-sao-jose\/#article","isPartOf":{"@id":"https:\/\/www.oarcanjo.net\/site\/reflexao-sobre-a-cf-2011-no-centro-pastoral-sao-jose\/"},"author":{"name":"carlos","@id":"https:\/\/www.oarcanjo.net\/site\/#\/schema\/person\/f7870e710d8c8c30673de3a0ac2e451d"},"headline":"Reflex\u00e3o sobre a CF 2011 no Centro Pastoral S\u00e3o Jos\u00e9","datePublished":"2011-02-27T01:55:37+00:00","dateModified":"2011-02-28T11:12:59+00:00","mainEntityOfPage":{"@id":"https:\/\/www.oarcanjo.net\/site\/reflexao-sobre-a-cf-2011-no-centro-pastoral-sao-jose\/"},"wordCount":357,"commentCount":3,"publisher":{"@id":"https:\/\/www.oarcanjo.net\/site\/#organization"},"image":{"@id":"https:\/\/www.oarcanjo.net\/site\/reflexao-sobre-a-cf-2011-no-centro-pastoral-sao-jose\/#primaryimage"},"thumbnailUrl":"http:\/\/www.oarcanjo.net\/site\/wp-content\/uploads\/IMG_0041-300x167.jpg","articleSection":["CF","Not\u00edcias"],"inLanguage":"pt-BR","potentialAction":[{"@type":"CommentAction","name":"Comment","target":["https:\/\/www.oarcanjo.net\/site\/reflexao-sobre-a-cf-2011-no-centro-pastoral-sao-jose\/#respond"]}]},{"@type":"WebPage","@id":"https:\/\/www.oarcanjo.net\/site\/reflexao-sobre-a-cf-2011-no-centro-pastoral-sao-jose\/","url":"https:\/\/www.oarcanjo.net\/site\/reflexao-sobre-a-cf-2011-no-centro-pastoral-sao-jose\/","name":"Reflex\u00e3o sobre a CF 2011 no Centro Pastoral S\u00e3o Jos\u00e9 - O Arcanjo no ar","isPartOf":{"@id":"https:\/\/www.oarcanjo.net\/site\/#website"},"primaryImageOfPage":{"@id":"https:\/\/www.oarcanjo.net\/site\/reflexao-sobre-a-cf-2011-no-centro-pastoral-sao-jose\/#primaryimage"},"image":{"@id":"https:\/\/www.oarcanjo.net\/site\/reflexao-sobre-a-cf-2011-no-centro-pastoral-sao-jose\/#primaryimage"},"thumbnailUrl":"http:\/\/www.oarcanjo.net\/site\/wp-content\/uploads\/IMG_0041-300x167.jpg","datePublished":"2011-02-27T01:55:37+00:00","dateModified":"2011-02-28T11:12:59+00:00","breadcrumb":{"@id":"https:\/\/www.oarcanjo.net\/site\/reflexao-sobre-a-cf-2011-no-centro-pastoral-sao-jose\/#breadcrumb"},"inLanguage":"pt-BR","potentialAction":[{"@type":"ReadAction","target":["https:\/\/www.oarcanjo.net\/site\/reflexao-sobre-a-cf-2011-no-centro-pastoral-sao-jose\/"]}]},{"@type":"ImageObject","inLanguage":"pt-BR","@id":"https:\/\/www.oarcanjo.net\/site\/reflexao-sobre-a-cf-2011-no-centro-pastoral-sao-jose\/#primaryimage","url":"https:\/\/www.oarcanjo.net\/site\/wp-content\/uploads\/IMG_0041.jpg","contentUrl":"https:\/\/www.oarcanjo.net\/site\/wp-content\/uploads\/IMG_0041.jpg","width":"604","height":"338"},{"@type":"BreadcrumbList","@id":"https:\/\/www.oarcanjo.net\/site\/reflexao-sobre-a-cf-2011-no-centro-pastoral-sao-jose\/#breadcrumb","itemListElement":[{"@type":"ListItem","position":1,"name":"In\u00edcio","item":"https:\/\/www.oarcanjo.net\/site\/"},{"@type":"ListItem","position":2,"name":"Reflex\u00e3o sobre a CF 2011 no Centro Pastoral S\u00e3o Jos\u00e9"}]},{"@type":"WebSite","@id":"https:\/\/www.oarcanjo.net\/site\/#website","url":"https:\/\/www.oarcanjo.net\/site\/","name":"O Arcanjo no ar","description":"Site da Par\u00f3quia S\u00e3o Miguel Arcanjo (Arquidiocese de SP)","publisher":{"@id":"https:\/\/www.oarcanjo.net\/site\/#organization"},"potentialAction":[{"@type":"SearchAction","target":{"@type":"EntryPoint","urlTemplate":"https:\/\/www.oarcanjo.net\/site\/?s={search_term_string}"},"query-input":{"@type":"PropertyValueSpecification","valueRequired":true,"valueName":"search_term_string"}}],"inLanguage":"pt-BR"},{"@type":"Organization","@id":"https:\/\/www.oarcanjo.net\/site\/#organization","name":"Par\u00f3quia S\u00e3o Miguel Arcanjo","url":"https:\/\/www.oarcanjo.net\/site\/","logo":{"@type":"ImageObject","inLanguage":"pt-BR","@id":"https:\/\/www.oarcanjo.net\/site\/#\/schema\/logo\/image\/","url":"https:\/\/www.oarcanjo.net\/site\/wp-content\/uploads\/LogoOArcanjo.png","contentUrl":"https:\/\/www.oarcanjo.net\/site\/wp-content\/uploads\/LogoOArcanjo.png","width":319,"height":99,"caption":"Par\u00f3quia S\u00e3o Miguel Arcanjo"},"image":{"@id":"https:\/\/www.oarcanjo.net\/site\/#\/schema\/logo\/image\/"},"sameAs":["https:\/\/www.facebook.com\/OArcanjoNoAr\/"]},{"@type":"Person","@id":"https:\/\/www.oarcanjo.net\/site\/#\/schema\/person\/f7870e710d8c8c30673de3a0ac2e451d","name":"carlos"}]}},"publishpress_future_action":{"enabled":false,"date":"2026-05-07 09:36:27","action":"category","newStatus":"draft","terms":[],"taxonomy":"category"},"publishpress_future_workflow_manual_trigger":{"enabledWorkflows":[]},"_links":{"self":[{"href":"https:\/\/www.oarcanjo.net\/site\/wp-json\/wp\/v2\/posts\/13201"}],"collection":[{"href":"https:\/\/www.oarcanjo.net\/site\/wp-json\/wp\/v2\/posts"}],"about":[{"href":"https:\/\/www.oarcanjo.net\/site\/wp-json\/wp\/v2\/types\/post"}],"author":[{"embeddable":true,"href":"https:\/\/www.oarcanjo.net\/site\/wp-json\/wp\/v2\/users\/10"}],"replies":[{"embeddable":true,"href":"https:\/\/www.oarcanjo.net\/site\/wp-json\/wp\/v2\/comments?post=13201"}],"version-history":[{"count":0,"href":"https:\/\/www.oarcanjo.net\/site\/wp-json\/wp\/v2\/posts\/13201\/revisions"}],"wp:attachment":[{"href":"https:\/\/www.oarcanjo.net\/site\/wp-json\/wp\/v2\/media?parent=13201"}],"wp:term":[{"taxonomy":"category","embeddable":true,"href":"https:\/\/www.oarcanjo.net\/site\/wp-json\/wp\/v2\/categories?post=13201"},{"taxonomy":"post_tag","embeddable":true,"href":"https:\/\/www.oarcanjo.net\/site\/wp-json\/wp\/v2\/tags?post=13201"}],"curies":[{"name":"wp","href":"https:\/\/api.w.org\/{rel}","templated":true}]}}