
{"id":1322,"date":"2009-01-01T00:31:51","date_gmt":"2009-01-01T02:31:51","guid":{"rendered":"http:\/\/www.oarcanjo.net\/site\/?p=1322"},"modified":"2009-01-01T11:34:49","modified_gmt":"2009-01-01T13:34:49","slug":"como-escapar-do-fim-do-mundo","status":"publish","type":"post","link":"https:\/\/www.oarcanjo.net\/site\/como-escapar-do-fim-do-mundo\/","title":{"rendered":"Como escapar do fim do mundo"},"content":{"rendered":"<p>Leonardo Boff<\/p>\n<p>Chegamos a um tal ac\u00famulo de crises que, conjugadas, podem p\u00f4r fim a este tipo de mundo que nos \u00faltimos s\u00e9culos o Ocidente imp\u00f4s a todo o globo. Trata-se de uma crise de civiliza\u00e7\u00e3o e de paradigma de rela\u00e7\u00e3o com o conjunto dos ecossistemas que comp\u00f5em o planeta Terra, rela\u00e7\u00e3o de conquista e de domina\u00e7\u00e3o. N\u00e3o temos tempo para acobertamentos, meias-verdades ou simplesmente nega\u00e7\u00e3o daquilo que est\u00e1 \u00e0 vista de todos. O fato \u00e9 que assim como est\u00e1, a humanidade n\u00e3o pode continuar. Caso contr\u00e1rio, vai ao encontro de um colapso coletivo da esp\u00e9cie. \u00c9 tempo de balan\u00e7o face \u00e0 cat\u00e1strofe previs\u00edvel.  <\/p>\n<p>Inspira-nos uma escola de historiadores b\u00edblicos que vem sob o nome de escola deuteronomista, derivada do livro do Deuteron\u00f4mio que narra a tomada de Israel e a entroniza\u00e7\u00e3o de chefes tribais (ju\u00edzes). A escola refletiu sobre 500 anos da hist\u00f3ria de Israel, a idade do Brasil, fazendo uma esp\u00e9cie de balan\u00e7o das v\u00e1rias cat\u00e1strofes pol\u00edticas havidas, especialmente, a do ex\u00edlio babil\u00f4nico. Segue um esquema, diria, quase mec\u00e2nico: o povo rompe a alian\u00e7a; Deus castiga; o povo aprende a li\u00e7\u00e3o e reencontra o rumo certo; Deus aben\u00e7oa e faz surgir governantes s\u00e1bios.<\/p>\n<p>Usando um discurso secular, apliquemos, analogamente, o mesmo esquema \u00e0 presente situa\u00e7\u00e3o: a humanidade rompeu a alian\u00e7a de harmonia com a natureza; esta a castigou com secas, inunda\u00e7\u00f5es, tuf\u00f5es e mudan\u00e7as clim\u00e1ticas; a humanidade tirou as li\u00e7\u00f5es destes cataclismos e definiu um outro rumo para o futuro; a natureza resgatada favorece o surgimento de governos que mant\u00e9m a alian\u00e7a origin\u00e1ria de harmonia natureza-humanidade.<\/p>\n<p>Ocorre que apenas uma parte deste esquema est\u00e1 sendo vivida: estamos tirando algumas li\u00e7\u00f5es dos transtornos globais. Muitos se d\u00e3o conta de que temos que mudar os fundamentos da conviv\u00eancia humana e com a Terra, organismo vivo doente e incapaz de se auto-regular. Essa mudan\u00e7a deve possuir uma fun\u00e7\u00e3o terap\u00eautica: salvar a Terra e a Humanidade que se condicionam mutuamente. Outros, no entanto, querem continuar pela mesma rota que os conduziu ao desastre atual. O fato \u00e9 que precisamos escutar aqueles que com consci\u00eancia da situa\u00e7\u00e3o nos est\u00e3o oferecendo as melhores propostas. Eles n\u00e3o se encontram nos centros do poder decis\u00f3rio do Imp\u00e9rio. Est\u00e3o na periferia, no universo dos pobres, aqueles que para sobreviver t\u00eam que sonhar, sonhos de vida e de esperan\u00e7a.<\/p>\n<p>Uma destas vozes \u00e9 de um ind\u00edgena, o Presidente da Bol\u00edvia, Evo Morales. Ele escreveu, em novembro, uma carta aberta \u00e0 Conven\u00e7\u00e3o da ONU sobre mudan\u00e7as clim\u00e1ticas na Pol\u00f4nia. Escutando o chamado da Pacha Mama conclama:<\/p>\n<p>&#8220;Necessitamos de uma Organiza\u00e7\u00e3o Mundial do Meio Ambiente e da Mudan\u00e7a Clim\u00e1tica, a qual se subordinem as organiza\u00e7\u00f5es comerciais e financeiras multilaterais, para promover um modelo distinto de desenvolvimento, amig\u00e1vel com a natureza e que resolva os graves problemas da pobreza. Esta organiza\u00e7\u00e3o tem que contar com mecanismos efetivos de implanta\u00e7\u00e3o de programas, verifica\u00e7\u00e3o e san\u00e7\u00e3o para garantir o cumprimento dos acordos presentes e futuros\u2026 A humanidade \u00e9 capaz de salvar o planeta se recuperar os princ\u00edpios da solidariedade, da complementaridade e da harmonia com a natureza, em contraposi\u00e7\u00e3o ao imp\u00e9rio da competi\u00e7\u00e3o, do lucro e do consumismo dos recursos naturais&#8221;.<\/p>\n<p>Evo Morales \u00e9 ind\u00edgena de um pa\u00eds pobre. Temo que ele conhe\u00e7a o destino da triste hist\u00f3ria narrada pelo livro do Eclesiastes: &#8220;Um rei poderoso marchou sobre uma pequena cidade; cercou-a e levantou contra ela grandes obras de ass\u00e9dio. Havia na cidade um homem pobre, por\u00e9m s\u00e1bio que poderia ter salvo a cidade. Mas ningu\u00e9m se lembrou daquele homem pobre porque a sabedoria do pobre \u00e9 desprezada&#8221;(9,14-15). Que isso n\u00e3o se repita de novo.<\/p>\n<div id=\"themify_builder_content-1322\" data-postid=\"1322\" class=\"themify_builder_content themify_builder_content-1322 themify_builder themify_builder_front\">\n\t<\/div>\n<!-- \/themify_builder_content -->","protected":false},"excerpt":{"rendered":"<p>Leonardo Boff Chegamos a um tal ac\u00famulo de crises que, conjugadas, podem p\u00f4r fim a este tipo de mundo que nos \u00faltimos s\u00e9culos o Ocidente imp\u00f4s a todo o globo. Trata-se de uma crise de civiliza\u00e7\u00e3o e de paradigma de rela\u00e7\u00e3o com o conjunto dos ecossistemas que comp\u00f5em o planeta Terra, rela\u00e7\u00e3o de conquista e [&hellip;]<\/p>\n","protected":false},"author":5,"featured_media":0,"comment_status":"open","ping_status":"open","sticky":false,"template":"","format":"standard","meta":{"ngg_post_thumbnail":0,"footnotes":""},"categories":[9],"tags":[171,172],"yoast_head":"<!-- This site is optimized with the Yoast SEO plugin v23.5 - https:\/\/yoast.com\/wordpress\/plugins\/seo\/ -->\n<title>Como escapar do fim do mundo - O Arcanjo no ar<\/title>\n<meta name=\"robots\" content=\"index, follow, max-snippet:-1, max-image-preview:large, max-video-preview:-1\" \/>\n<link rel=\"canonical\" href=\"https:\/\/www.oarcanjo.net\/site\/como-escapar-do-fim-do-mundo\/\" \/>\n<meta property=\"og:locale\" content=\"pt_BR\" \/>\n<meta property=\"og:type\" content=\"article\" \/>\n<meta property=\"og:title\" content=\"Como escapar do fim do mundo - O Arcanjo no ar\" \/>\n<meta property=\"og:description\" content=\"Leonardo Boff Chegamos a um tal ac\u00famulo de crises que, conjugadas, podem p\u00f4r fim a este tipo de mundo que nos \u00faltimos s\u00e9culos o Ocidente imp\u00f4s a todo o globo. Trata-se de uma crise de civiliza\u00e7\u00e3o e de paradigma de rela\u00e7\u00e3o com o conjunto dos ecossistemas que comp\u00f5em o planeta Terra, rela\u00e7\u00e3o de conquista e [&hellip;]\" \/>\n<meta property=\"og:url\" content=\"https:\/\/www.oarcanjo.net\/site\/como-escapar-do-fim-do-mundo\/\" \/>\n<meta property=\"og:site_name\" content=\"O Arcanjo no ar\" \/>\n<meta property=\"article:publisher\" content=\"https:\/\/www.facebook.com\/OArcanjoNoAr\/\" \/>\n<meta property=\"article:published_time\" content=\"2009-01-01T02:31:51+00:00\" \/>\n<meta property=\"article:modified_time\" content=\"2009-01-01T13:34:49+00:00\" \/>\n<meta property=\"og:image\" content=\"https:\/\/www.oarcanjo.net\/site\/wp-content\/uploads\/logo-o-arcanjo-no-ar-facebook.png\" \/>\n\t<meta property=\"og:image:width\" content=\"300\" \/>\n\t<meta property=\"og:image:height\" content=\"300\" \/>\n\t<meta property=\"og:image:type\" content=\"image\/png\" \/>\n<meta name=\"author\" content=\"editor\" \/>\n<meta name=\"twitter:card\" content=\"summary_large_image\" \/>\n<meta name=\"twitter:label1\" content=\"Escrito por\" \/>\n\t<meta name=\"twitter:data1\" content=\"editor\" \/>\n\t<meta name=\"twitter:label2\" content=\"Est. tempo de leitura\" \/>\n\t<meta name=\"twitter:data2\" content=\"3 minutos\" \/>\n<script type=\"application\/ld+json\" class=\"yoast-schema-graph\">{\"@context\":\"https:\/\/schema.org\",\"@graph\":[{\"@type\":\"Article\",\"@id\":\"https:\/\/www.oarcanjo.net\/site\/como-escapar-do-fim-do-mundo\/#article\",\"isPartOf\":{\"@id\":\"https:\/\/www.oarcanjo.net\/site\/como-escapar-do-fim-do-mundo\/\"},\"author\":{\"name\":\"editor\",\"@id\":\"https:\/\/www.oarcanjo.net\/site\/#\/schema\/person\/f7024d007863202483a31326673a0838\"},\"headline\":\"Como escapar do fim do mundo\",\"datePublished\":\"2009-01-01T02:31:51+00:00\",\"dateModified\":\"2009-01-01T13:34:49+00:00\",\"mainEntityOfPage\":{\"@id\":\"https:\/\/www.oarcanjo.net\/site\/como-escapar-do-fim-do-mundo\/\"},\"wordCount\":674,\"commentCount\":0,\"publisher\":{\"@id\":\"https:\/\/www.oarcanjo.net\/site\/#organization\"},\"keywords\":[\"natureza\",\"Terra\"],\"articleSection\":[\"Reflex\u00f5es\"],\"inLanguage\":\"pt-BR\",\"potentialAction\":[{\"@type\":\"CommentAction\",\"name\":\"Comment\",\"target\":[\"https:\/\/www.oarcanjo.net\/site\/como-escapar-do-fim-do-mundo\/#respond\"]}]},{\"@type\":\"WebPage\",\"@id\":\"https:\/\/www.oarcanjo.net\/site\/como-escapar-do-fim-do-mundo\/\",\"url\":\"https:\/\/www.oarcanjo.net\/site\/como-escapar-do-fim-do-mundo\/\",\"name\":\"Como escapar do fim do mundo - O Arcanjo no ar\",\"isPartOf\":{\"@id\":\"https:\/\/www.oarcanjo.net\/site\/#website\"},\"datePublished\":\"2009-01-01T02:31:51+00:00\",\"dateModified\":\"2009-01-01T13:34:49+00:00\",\"breadcrumb\":{\"@id\":\"https:\/\/www.oarcanjo.net\/site\/como-escapar-do-fim-do-mundo\/#breadcrumb\"},\"inLanguage\":\"pt-BR\",\"potentialAction\":[{\"@type\":\"ReadAction\",\"target\":[\"https:\/\/www.oarcanjo.net\/site\/como-escapar-do-fim-do-mundo\/\"]}]},{\"@type\":\"BreadcrumbList\",\"@id\":\"https:\/\/www.oarcanjo.net\/site\/como-escapar-do-fim-do-mundo\/#breadcrumb\",\"itemListElement\":[{\"@type\":\"ListItem\",\"position\":1,\"name\":\"In\u00edcio\",\"item\":\"https:\/\/www.oarcanjo.net\/site\/\"},{\"@type\":\"ListItem\",\"position\":2,\"name\":\"Como escapar do fim do mundo\"}]},{\"@type\":\"WebSite\",\"@id\":\"https:\/\/www.oarcanjo.net\/site\/#website\",\"url\":\"https:\/\/www.oarcanjo.net\/site\/\",\"name\":\"O Arcanjo no ar\",\"description\":\"Site da Par\u00f3quia S\u00e3o Miguel Arcanjo (Arquidiocese de SP)\",\"publisher\":{\"@id\":\"https:\/\/www.oarcanjo.net\/site\/#organization\"},\"potentialAction\":[{\"@type\":\"SearchAction\",\"target\":{\"@type\":\"EntryPoint\",\"urlTemplate\":\"https:\/\/www.oarcanjo.net\/site\/?s={search_term_string}\"},\"query-input\":{\"@type\":\"PropertyValueSpecification\",\"valueRequired\":true,\"valueName\":\"search_term_string\"}}],\"inLanguage\":\"pt-BR\"},{\"@type\":\"Organization\",\"@id\":\"https:\/\/www.oarcanjo.net\/site\/#organization\",\"name\":\"Par\u00f3quia S\u00e3o Miguel Arcanjo\",\"url\":\"https:\/\/www.oarcanjo.net\/site\/\",\"logo\":{\"@type\":\"ImageObject\",\"inLanguage\":\"pt-BR\",\"@id\":\"https:\/\/www.oarcanjo.net\/site\/#\/schema\/logo\/image\/\",\"url\":\"https:\/\/www.oarcanjo.net\/site\/wp-content\/uploads\/LogoOArcanjo.png\",\"contentUrl\":\"https:\/\/www.oarcanjo.net\/site\/wp-content\/uploads\/LogoOArcanjo.png\",\"width\":319,\"height\":99,\"caption\":\"Par\u00f3quia S\u00e3o Miguel Arcanjo\"},\"image\":{\"@id\":\"https:\/\/www.oarcanjo.net\/site\/#\/schema\/logo\/image\/\"},\"sameAs\":[\"https:\/\/www.facebook.com\/OArcanjoNoAr\/\"]},{\"@type\":\"Person\",\"@id\":\"https:\/\/www.oarcanjo.net\/site\/#\/schema\/person\/f7024d007863202483a31326673a0838\",\"name\":\"editor\",\"sameAs\":[\"http:\/\/www.oarcanjo.net\"]}]}<\/script>\n<!-- \/ Yoast SEO plugin. -->","yoast_head_json":{"title":"Como escapar do fim do mundo - O Arcanjo no ar","robots":{"index":"index","follow":"follow","max-snippet":"max-snippet:-1","max-image-preview":"max-image-preview:large","max-video-preview":"max-video-preview:-1"},"canonical":"https:\/\/www.oarcanjo.net\/site\/como-escapar-do-fim-do-mundo\/","og_locale":"pt_BR","og_type":"article","og_title":"Como escapar do fim do mundo - O Arcanjo no ar","og_description":"Leonardo Boff Chegamos a um tal ac\u00famulo de crises que, conjugadas, podem p\u00f4r fim a este tipo de mundo que nos \u00faltimos s\u00e9culos o Ocidente imp\u00f4s a todo o globo. Trata-se de uma crise de civiliza\u00e7\u00e3o e de paradigma de rela\u00e7\u00e3o com o conjunto dos ecossistemas que comp\u00f5em o planeta Terra, rela\u00e7\u00e3o de conquista e [&hellip;]","og_url":"https:\/\/www.oarcanjo.net\/site\/como-escapar-do-fim-do-mundo\/","og_site_name":"O Arcanjo no ar","article_publisher":"https:\/\/www.facebook.com\/OArcanjoNoAr\/","article_published_time":"2009-01-01T02:31:51+00:00","article_modified_time":"2009-01-01T13:34:49+00:00","og_image":[{"width":300,"height":300,"url":"https:\/\/www.oarcanjo.net\/site\/wp-content\/uploads\/logo-o-arcanjo-no-ar-facebook.png","type":"image\/png"}],"author":"editor","twitter_card":"summary_large_image","twitter_misc":{"Escrito por":"editor","Est. tempo de leitura":"3 minutos"},"schema":{"@context":"https:\/\/schema.org","@graph":[{"@type":"Article","@id":"https:\/\/www.oarcanjo.net\/site\/como-escapar-do-fim-do-mundo\/#article","isPartOf":{"@id":"https:\/\/www.oarcanjo.net\/site\/como-escapar-do-fim-do-mundo\/"},"author":{"name":"editor","@id":"https:\/\/www.oarcanjo.net\/site\/#\/schema\/person\/f7024d007863202483a31326673a0838"},"headline":"Como escapar do fim do mundo","datePublished":"2009-01-01T02:31:51+00:00","dateModified":"2009-01-01T13:34:49+00:00","mainEntityOfPage":{"@id":"https:\/\/www.oarcanjo.net\/site\/como-escapar-do-fim-do-mundo\/"},"wordCount":674,"commentCount":0,"publisher":{"@id":"https:\/\/www.oarcanjo.net\/site\/#organization"},"keywords":["natureza","Terra"],"articleSection":["Reflex\u00f5es"],"inLanguage":"pt-BR","potentialAction":[{"@type":"CommentAction","name":"Comment","target":["https:\/\/www.oarcanjo.net\/site\/como-escapar-do-fim-do-mundo\/#respond"]}]},{"@type":"WebPage","@id":"https:\/\/www.oarcanjo.net\/site\/como-escapar-do-fim-do-mundo\/","url":"https:\/\/www.oarcanjo.net\/site\/como-escapar-do-fim-do-mundo\/","name":"Como escapar do fim do mundo - O Arcanjo no ar","isPartOf":{"@id":"https:\/\/www.oarcanjo.net\/site\/#website"},"datePublished":"2009-01-01T02:31:51+00:00","dateModified":"2009-01-01T13:34:49+00:00","breadcrumb":{"@id":"https:\/\/www.oarcanjo.net\/site\/como-escapar-do-fim-do-mundo\/#breadcrumb"},"inLanguage":"pt-BR","potentialAction":[{"@type":"ReadAction","target":["https:\/\/www.oarcanjo.net\/site\/como-escapar-do-fim-do-mundo\/"]}]},{"@type":"BreadcrumbList","@id":"https:\/\/www.oarcanjo.net\/site\/como-escapar-do-fim-do-mundo\/#breadcrumb","itemListElement":[{"@type":"ListItem","position":1,"name":"In\u00edcio","item":"https:\/\/www.oarcanjo.net\/site\/"},{"@type":"ListItem","position":2,"name":"Como escapar do fim do mundo"}]},{"@type":"WebSite","@id":"https:\/\/www.oarcanjo.net\/site\/#website","url":"https:\/\/www.oarcanjo.net\/site\/","name":"O Arcanjo no ar","description":"Site da Par\u00f3quia S\u00e3o Miguel Arcanjo (Arquidiocese de SP)","publisher":{"@id":"https:\/\/www.oarcanjo.net\/site\/#organization"},"potentialAction":[{"@type":"SearchAction","target":{"@type":"EntryPoint","urlTemplate":"https:\/\/www.oarcanjo.net\/site\/?s={search_term_string}"},"query-input":{"@type":"PropertyValueSpecification","valueRequired":true,"valueName":"search_term_string"}}],"inLanguage":"pt-BR"},{"@type":"Organization","@id":"https:\/\/www.oarcanjo.net\/site\/#organization","name":"Par\u00f3quia S\u00e3o Miguel Arcanjo","url":"https:\/\/www.oarcanjo.net\/site\/","logo":{"@type":"ImageObject","inLanguage":"pt-BR","@id":"https:\/\/www.oarcanjo.net\/site\/#\/schema\/logo\/image\/","url":"https:\/\/www.oarcanjo.net\/site\/wp-content\/uploads\/LogoOArcanjo.png","contentUrl":"https:\/\/www.oarcanjo.net\/site\/wp-content\/uploads\/LogoOArcanjo.png","width":319,"height":99,"caption":"Par\u00f3quia S\u00e3o Miguel Arcanjo"},"image":{"@id":"https:\/\/www.oarcanjo.net\/site\/#\/schema\/logo\/image\/"},"sameAs":["https:\/\/www.facebook.com\/OArcanjoNoAr\/"]},{"@type":"Person","@id":"https:\/\/www.oarcanjo.net\/site\/#\/schema\/person\/f7024d007863202483a31326673a0838","name":"editor","sameAs":["http:\/\/www.oarcanjo.net"]}]}},"publishpress_future_action":{"enabled":false,"date":"2026-05-07 18:47:38","action":"category","newStatus":"draft","terms":[],"taxonomy":"category"},"publishpress_future_workflow_manual_trigger":{"enabledWorkflows":[]},"_links":{"self":[{"href":"https:\/\/www.oarcanjo.net\/site\/wp-json\/wp\/v2\/posts\/1322"}],"collection":[{"href":"https:\/\/www.oarcanjo.net\/site\/wp-json\/wp\/v2\/posts"}],"about":[{"href":"https:\/\/www.oarcanjo.net\/site\/wp-json\/wp\/v2\/types\/post"}],"author":[{"embeddable":true,"href":"https:\/\/www.oarcanjo.net\/site\/wp-json\/wp\/v2\/users\/5"}],"replies":[{"embeddable":true,"href":"https:\/\/www.oarcanjo.net\/site\/wp-json\/wp\/v2\/comments?post=1322"}],"version-history":[{"count":0,"href":"https:\/\/www.oarcanjo.net\/site\/wp-json\/wp\/v2\/posts\/1322\/revisions"}],"wp:attachment":[{"href":"https:\/\/www.oarcanjo.net\/site\/wp-json\/wp\/v2\/media?parent=1322"}],"wp:term":[{"taxonomy":"category","embeddable":true,"href":"https:\/\/www.oarcanjo.net\/site\/wp-json\/wp\/v2\/categories?post=1322"},{"taxonomy":"post_tag","embeddable":true,"href":"https:\/\/www.oarcanjo.net\/site\/wp-json\/wp\/v2\/tags?post=1322"}],"curies":[{"name":"wp","href":"https:\/\/api.w.org\/{rel}","templated":true}]}}