
{"id":13230,"date":"2011-03-01T03:48:03","date_gmt":"2011-03-01T06:48:03","guid":{"rendered":"http:\/\/www.oarcanjo.net\/site\/?p=13230"},"modified":"2011-03-02T06:36:08","modified_gmt":"2011-03-02T09:36:08","slug":"batizado-27-de-fevereiro-de-2011","status":"publish","type":"post","link":"https:\/\/www.oarcanjo.net\/site\/batizado-27-de-fevereiro-de-2011\/","title":{"rendered":"Batizados do dia 27 de fevereiro de 2011"},"content":{"rendered":"<p>No domingo, 27 de fevereiro, celebrado pelo Pe. Julio Lancellotti, foram batizados: Bruna Lagula, Miguel Amorim Bezerra, Gabriela Castelhano Gois, Marcella Neves Maccari, Vinicius Pizzo G. da Silva, Isabella Celli, D\u00e9rick Dantas Bena, Henrique D\u2019Amore Nogueira, Beatriz Po\u00e7as de Moura, Th\u00e9o Dima Carrara, Giovanna S. Costa, Renan Pimentel Lario, Maria Eduarda, Guilherme Ley Bernardes.<\/p>\n<p>A liturgia deste dia apresentou Jesus Cristo na perspectiva messi\u00e2nica, e nos coloca diante da Divina Provid\u00eancia, alimentando a certeza de que Deus nos acompanha com um carinho que supera todos os cuidados maternos. Se, por um lado, temos um papel, muitas vezes dif\u00edcil e contrastante num mundo que segue a l\u00f3gica do ego\u00edsmo, por outro, temos a certeza de que Deus n\u00e3o nos abandona e combate, ele mesmo, as nossas lutas. Por isso, o crist\u00e3o n\u00e3o tem o que temer diante da sua miss\u00e3o ousada e prof\u00e9tica.<\/p>\n<p>Veja as fotos de Wanderley Oliveira abaixo:<\/p>\nngg_shortcode_0_placeholder\n<div id=\"themify_builder_content-13230\" data-postid=\"13230\" class=\"themify_builder_content themify_builder_content-13230 themify_builder themify_builder_front\">\n\t<\/div>\n<!-- \/themify_builder_content -->","protected":false},"excerpt":{"rendered":"<p>No domingo, 27 de fevereiro, celebrado pelo Pe. Julio Lancellotti, foram batizados: Bruna Lagula, Miguel Amorim Bezerra, Gabriela Castelhano Gois, Marcella Neves Maccari, Vinicius Pizzo G. da Silva, Isabella Celli, D\u00e9rick Dantas Bena, Henrique D\u2019Amore Nogueira, Beatriz Po\u00e7as de Moura, Th\u00e9o Dima Carrara, Giovanna S. Costa, Renan Pimentel Lario, Maria Eduarda, Guilherme Ley Bernardes. A [&hellip;]<\/p>\n","protected":false},"author":5,"featured_media":0,"comment_status":"open","ping_status":"open","sticky":false,"template":"","format":"standard","meta":{"ngg_post_thumbnail":0,"footnotes":""},"categories":[3,8,7],"tags":[1549],"yoast_head":"<!-- This site is optimized with the Yoast SEO plugin v23.5 - https:\/\/yoast.com\/wordpress\/plugins\/seo\/ -->\n<title>Batizados do dia 27 de fevereiro de 2011 - O Arcanjo no ar<\/title>\n<meta name=\"robots\" content=\"index, follow, max-snippet:-1, max-image-preview:large, max-video-preview:-1\" \/>\n<link rel=\"canonical\" href=\"https:\/\/www.oarcanjo.net\/site\/batizado-27-de-fevereiro-de-2011\/\" \/>\n<meta property=\"og:locale\" content=\"pt_BR\" \/>\n<meta property=\"og:type\" content=\"article\" \/>\n<meta property=\"og:title\" content=\"Batizados do dia 27 de fevereiro de 2011 - O Arcanjo no ar\" \/>\n<meta property=\"og:description\" content=\"No domingo, 27 de fevereiro, celebrado pelo Pe. Julio Lancellotti, foram batizados: Bruna Lagula, Miguel Amorim Bezerra, Gabriela Castelhano Gois, Marcella Neves Maccari, Vinicius Pizzo G. da Silva, Isabella Celli, D\u00e9rick Dantas Bena, Henrique D\u2019Amore Nogueira, Beatriz Po\u00e7as de Moura, Th\u00e9o Dima Carrara, Giovanna S. Costa, Renan Pimentel Lario, Maria Eduarda, Guilherme Ley Bernardes. A [&hellip;]\" \/>\n<meta property=\"og:url\" content=\"https:\/\/www.oarcanjo.net\/site\/batizado-27-de-fevereiro-de-2011\/\" \/>\n<meta property=\"og:site_name\" content=\"O Arcanjo no ar\" \/>\n<meta property=\"article:publisher\" content=\"https:\/\/www.facebook.com\/OArcanjoNoAr\/\" \/>\n<meta property=\"article:published_time\" content=\"2011-03-01T06:48:03+00:00\" \/>\n<meta property=\"article:modified_time\" content=\"2011-03-02T09:36:08+00:00\" \/>\n<meta property=\"og:image\" content=\"https:\/\/www.oarcanjo.net\/site\/wp-content\/uploads\/logo-o-arcanjo-no-ar-facebook.png\" \/>\n\t<meta property=\"og:image:width\" content=\"300\" \/>\n\t<meta property=\"og:image:height\" content=\"300\" \/>\n\t<meta property=\"og:image:type\" content=\"image\/png\" \/>\n<meta name=\"author\" content=\"editor\" \/>\n<meta name=\"twitter:card\" content=\"summary_large_image\" \/>\n<meta name=\"twitter:label1\" content=\"Escrito por\" \/>\n\t<meta name=\"twitter:data1\" content=\"editor\" \/>\n\t<meta name=\"twitter:label2\" content=\"Est. tempo de leitura\" \/>\n\t<meta name=\"twitter:data2\" content=\"1 minuto\" \/>\n<script type=\"application\/ld+json\" class=\"yoast-schema-graph\">{\"@context\":\"https:\/\/schema.org\",\"@graph\":[{\"@type\":\"Article\",\"@id\":\"https:\/\/www.oarcanjo.net\/site\/batizado-27-de-fevereiro-de-2011\/#article\",\"isPartOf\":{\"@id\":\"https:\/\/www.oarcanjo.net\/site\/batizado-27-de-fevereiro-de-2011\/\"},\"author\":{\"name\":\"editor\",\"@id\":\"https:\/\/www.oarcanjo.net\/site\/#\/schema\/person\/f7024d007863202483a31326673a0838\"},\"headline\":\"Batizados do dia 27 de fevereiro de 2011\",\"datePublished\":\"2011-03-01T06:48:03+00:00\",\"dateModified\":\"2011-03-02T09:36:08+00:00\",\"mainEntityOfPage\":{\"@id\":\"https:\/\/www.oarcanjo.net\/site\/batizado-27-de-fevereiro-de-2011\/\"},\"wordCount\":170,\"commentCount\":0,\"publisher\":{\"@id\":\"https:\/\/www.oarcanjo.net\/site\/#organization\"},\"keywords\":[\"Batizados\"],\"articleSection\":[\"Destaques\",\"Not\u00edcias\",\"Rosto da comunidade\"],\"inLanguage\":\"pt-BR\",\"potentialAction\":[{\"@type\":\"CommentAction\",\"name\":\"Comment\",\"target\":[\"https:\/\/www.oarcanjo.net\/site\/batizado-27-de-fevereiro-de-2011\/#respond\"]}]},{\"@type\":\"WebPage\",\"@id\":\"https:\/\/www.oarcanjo.net\/site\/batizado-27-de-fevereiro-de-2011\/\",\"url\":\"https:\/\/www.oarcanjo.net\/site\/batizado-27-de-fevereiro-de-2011\/\",\"name\":\"Batizados do dia 27 de fevereiro de 2011 - O Arcanjo no ar\",\"isPartOf\":{\"@id\":\"https:\/\/www.oarcanjo.net\/site\/#website\"},\"datePublished\":\"2011-03-01T06:48:03+00:00\",\"dateModified\":\"2011-03-02T09:36:08+00:00\",\"breadcrumb\":{\"@id\":\"https:\/\/www.oarcanjo.net\/site\/batizado-27-de-fevereiro-de-2011\/#breadcrumb\"},\"inLanguage\":\"pt-BR\",\"potentialAction\":[{\"@type\":\"ReadAction\",\"target\":[\"https:\/\/www.oarcanjo.net\/site\/batizado-27-de-fevereiro-de-2011\/\"]}]},{\"@type\":\"BreadcrumbList\",\"@id\":\"https:\/\/www.oarcanjo.net\/site\/batizado-27-de-fevereiro-de-2011\/#breadcrumb\",\"itemListElement\":[{\"@type\":\"ListItem\",\"position\":1,\"name\":\"In\u00edcio\",\"item\":\"https:\/\/www.oarcanjo.net\/site\/\"},{\"@type\":\"ListItem\",\"position\":2,\"name\":\"Batizados do dia 27 de fevereiro de 2011\"}]},{\"@type\":\"WebSite\",\"@id\":\"https:\/\/www.oarcanjo.net\/site\/#website\",\"url\":\"https:\/\/www.oarcanjo.net\/site\/\",\"name\":\"O Arcanjo no ar\",\"description\":\"Site da Par\u00f3quia S\u00e3o Miguel Arcanjo (Arquidiocese de SP)\",\"publisher\":{\"@id\":\"https:\/\/www.oarcanjo.net\/site\/#organization\"},\"potentialAction\":[{\"@type\":\"SearchAction\",\"target\":{\"@type\":\"EntryPoint\",\"urlTemplate\":\"https:\/\/www.oarcanjo.net\/site\/?s={search_term_string}\"},\"query-input\":{\"@type\":\"PropertyValueSpecification\",\"valueRequired\":true,\"valueName\":\"search_term_string\"}}],\"inLanguage\":\"pt-BR\"},{\"@type\":\"Organization\",\"@id\":\"https:\/\/www.oarcanjo.net\/site\/#organization\",\"name\":\"Par\u00f3quia S\u00e3o Miguel Arcanjo\",\"url\":\"https:\/\/www.oarcanjo.net\/site\/\",\"logo\":{\"@type\":\"ImageObject\",\"inLanguage\":\"pt-BR\",\"@id\":\"https:\/\/www.oarcanjo.net\/site\/#\/schema\/logo\/image\/\",\"url\":\"https:\/\/www.oarcanjo.net\/site\/wp-content\/uploads\/LogoOArcanjo.png\",\"contentUrl\":\"https:\/\/www.oarcanjo.net\/site\/wp-content\/uploads\/LogoOArcanjo.png\",\"width\":319,\"height\":99,\"caption\":\"Par\u00f3quia S\u00e3o Miguel Arcanjo\"},\"image\":{\"@id\":\"https:\/\/www.oarcanjo.net\/site\/#\/schema\/logo\/image\/\"},\"sameAs\":[\"https:\/\/www.facebook.com\/OArcanjoNoAr\/\"]},{\"@type\":\"Person\",\"@id\":\"https:\/\/www.oarcanjo.net\/site\/#\/schema\/person\/f7024d007863202483a31326673a0838\",\"name\":\"editor\",\"sameAs\":[\"http:\/\/www.oarcanjo.net\"]}]}<\/script>\n<!-- \/ Yoast SEO plugin. -->","yoast_head_json":{"title":"Batizados do dia 27 de fevereiro de 2011 - O Arcanjo no ar","robots":{"index":"index","follow":"follow","max-snippet":"max-snippet:-1","max-image-preview":"max-image-preview:large","max-video-preview":"max-video-preview:-1"},"canonical":"https:\/\/www.oarcanjo.net\/site\/batizado-27-de-fevereiro-de-2011\/","og_locale":"pt_BR","og_type":"article","og_title":"Batizados do dia 27 de fevereiro de 2011 - O Arcanjo no ar","og_description":"No domingo, 27 de fevereiro, celebrado pelo Pe. Julio Lancellotti, foram batizados: Bruna Lagula, Miguel Amorim Bezerra, Gabriela Castelhano Gois, Marcella Neves Maccari, Vinicius Pizzo G. da Silva, Isabella Celli, D\u00e9rick Dantas Bena, Henrique D\u2019Amore Nogueira, Beatriz Po\u00e7as de Moura, Th\u00e9o Dima Carrara, Giovanna S. Costa, Renan Pimentel Lario, Maria Eduarda, Guilherme Ley Bernardes. A [&hellip;]","og_url":"https:\/\/www.oarcanjo.net\/site\/batizado-27-de-fevereiro-de-2011\/","og_site_name":"O Arcanjo no ar","article_publisher":"https:\/\/www.facebook.com\/OArcanjoNoAr\/","article_published_time":"2011-03-01T06:48:03+00:00","article_modified_time":"2011-03-02T09:36:08+00:00","og_image":[{"width":300,"height":300,"url":"https:\/\/www.oarcanjo.net\/site\/wp-content\/uploads\/logo-o-arcanjo-no-ar-facebook.png","type":"image\/png"}],"author":"editor","twitter_card":"summary_large_image","twitter_misc":{"Escrito por":"editor","Est. tempo de leitura":"1 minuto"},"schema":{"@context":"https:\/\/schema.org","@graph":[{"@type":"Article","@id":"https:\/\/www.oarcanjo.net\/site\/batizado-27-de-fevereiro-de-2011\/#article","isPartOf":{"@id":"https:\/\/www.oarcanjo.net\/site\/batizado-27-de-fevereiro-de-2011\/"},"author":{"name":"editor","@id":"https:\/\/www.oarcanjo.net\/site\/#\/schema\/person\/f7024d007863202483a31326673a0838"},"headline":"Batizados do dia 27 de fevereiro de 2011","datePublished":"2011-03-01T06:48:03+00:00","dateModified":"2011-03-02T09:36:08+00:00","mainEntityOfPage":{"@id":"https:\/\/www.oarcanjo.net\/site\/batizado-27-de-fevereiro-de-2011\/"},"wordCount":170,"commentCount":0,"publisher":{"@id":"https:\/\/www.oarcanjo.net\/site\/#organization"},"keywords":["Batizados"],"articleSection":["Destaques","Not\u00edcias","Rosto da comunidade"],"inLanguage":"pt-BR","potentialAction":[{"@type":"CommentAction","name":"Comment","target":["https:\/\/www.oarcanjo.net\/site\/batizado-27-de-fevereiro-de-2011\/#respond"]}]},{"@type":"WebPage","@id":"https:\/\/www.oarcanjo.net\/site\/batizado-27-de-fevereiro-de-2011\/","url":"https:\/\/www.oarcanjo.net\/site\/batizado-27-de-fevereiro-de-2011\/","name":"Batizados do dia 27 de fevereiro de 2011 - O Arcanjo no ar","isPartOf":{"@id":"https:\/\/www.oarcanjo.net\/site\/#website"},"datePublished":"2011-03-01T06:48:03+00:00","dateModified":"2011-03-02T09:36:08+00:00","breadcrumb":{"@id":"https:\/\/www.oarcanjo.net\/site\/batizado-27-de-fevereiro-de-2011\/#breadcrumb"},"inLanguage":"pt-BR","potentialAction":[{"@type":"ReadAction","target":["https:\/\/www.oarcanjo.net\/site\/batizado-27-de-fevereiro-de-2011\/"]}]},{"@type":"BreadcrumbList","@id":"https:\/\/www.oarcanjo.net\/site\/batizado-27-de-fevereiro-de-2011\/#breadcrumb","itemListElement":[{"@type":"ListItem","position":1,"name":"In\u00edcio","item":"https:\/\/www.oarcanjo.net\/site\/"},{"@type":"ListItem","position":2,"name":"Batizados do dia 27 de fevereiro de 2011"}]},{"@type":"WebSite","@id":"https:\/\/www.oarcanjo.net\/site\/#website","url":"https:\/\/www.oarcanjo.net\/site\/","name":"O Arcanjo no ar","description":"Site da Par\u00f3quia S\u00e3o Miguel Arcanjo (Arquidiocese de SP)","publisher":{"@id":"https:\/\/www.oarcanjo.net\/site\/#organization"},"potentialAction":[{"@type":"SearchAction","target":{"@type":"EntryPoint","urlTemplate":"https:\/\/www.oarcanjo.net\/site\/?s={search_term_string}"},"query-input":{"@type":"PropertyValueSpecification","valueRequired":true,"valueName":"search_term_string"}}],"inLanguage":"pt-BR"},{"@type":"Organization","@id":"https:\/\/www.oarcanjo.net\/site\/#organization","name":"Par\u00f3quia S\u00e3o Miguel Arcanjo","url":"https:\/\/www.oarcanjo.net\/site\/","logo":{"@type":"ImageObject","inLanguage":"pt-BR","@id":"https:\/\/www.oarcanjo.net\/site\/#\/schema\/logo\/image\/","url":"https:\/\/www.oarcanjo.net\/site\/wp-content\/uploads\/LogoOArcanjo.png","contentUrl":"https:\/\/www.oarcanjo.net\/site\/wp-content\/uploads\/LogoOArcanjo.png","width":319,"height":99,"caption":"Par\u00f3quia S\u00e3o Miguel Arcanjo"},"image":{"@id":"https:\/\/www.oarcanjo.net\/site\/#\/schema\/logo\/image\/"},"sameAs":["https:\/\/www.facebook.com\/OArcanjoNoAr\/"]},{"@type":"Person","@id":"https:\/\/www.oarcanjo.net\/site\/#\/schema\/person\/f7024d007863202483a31326673a0838","name":"editor","sameAs":["http:\/\/www.oarcanjo.net"]}]}},"publishpress_future_action":{"enabled":false,"date":"2026-05-09 06:41:46","action":"category","newStatus":"draft","terms":[],"taxonomy":"category"},"publishpress_future_workflow_manual_trigger":{"enabledWorkflows":[]},"_links":{"self":[{"href":"https:\/\/www.oarcanjo.net\/site\/wp-json\/wp\/v2\/posts\/13230"}],"collection":[{"href":"https:\/\/www.oarcanjo.net\/site\/wp-json\/wp\/v2\/posts"}],"about":[{"href":"https:\/\/www.oarcanjo.net\/site\/wp-json\/wp\/v2\/types\/post"}],"author":[{"embeddable":true,"href":"https:\/\/www.oarcanjo.net\/site\/wp-json\/wp\/v2\/users\/5"}],"replies":[{"embeddable":true,"href":"https:\/\/www.oarcanjo.net\/site\/wp-json\/wp\/v2\/comments?post=13230"}],"version-history":[{"count":0,"href":"https:\/\/www.oarcanjo.net\/site\/wp-json\/wp\/v2\/posts\/13230\/revisions"}],"wp:attachment":[{"href":"https:\/\/www.oarcanjo.net\/site\/wp-json\/wp\/v2\/media?parent=13230"}],"wp:term":[{"taxonomy":"category","embeddable":true,"href":"https:\/\/www.oarcanjo.net\/site\/wp-json\/wp\/v2\/categories?post=13230"},{"taxonomy":"post_tag","embeddable":true,"href":"https:\/\/www.oarcanjo.net\/site\/wp-json\/wp\/v2\/tags?post=13230"}],"curies":[{"name":"wp","href":"https:\/\/api.w.org\/{rel}","templated":true}]}}