
{"id":1325,"date":"2009-01-02T09:07:54","date_gmt":"2009-01-02T11:07:54","guid":{"rendered":"http:\/\/www.oarcanjo.net\/site\/?p=1325"},"modified":"2009-01-02T09:26:16","modified_gmt":"2009-01-02T11:26:16","slug":"primeira-sexta-feira-do-ano","status":"publish","type":"post","link":"https:\/\/www.oarcanjo.net\/site\/primeira-sexta-feira-do-ano\/","title":{"rendered":"Primeira sexta-feira do ano!"},"content":{"rendered":"<p>A nossa comunidade guarda com carinho a primeira sexta-feira do m\u00eas, dedica ao Sagrado Cora\u00e7\u00e3o de Jesus, como sempre a nossa missa t\u00e3o cheia de beleza e afeto buscando no tesouro do Cora\u00e7\u00e3o Sacrat\u00edssimo for\u00e7a para caminhar e viver na fidelidade do Amor. Hoje a Igreja tamb\u00e9m faz mem\u00f3ria de dois grandes doutores, S\u00e3o Bas\u00edlio e S\u00e3o Greg\u00f3rio Nazienzeno, dois amigos e gigantes da caridade e do servi\u00e7o aos empobrecidos, pastores sofridos e fi\u00e9is tornaram-se doutores da Igreja, perseguidos e mal tratados passaram por toda sorte de maldades sem esmorecer.<\/p>\n<p>Junto de mim carrego uma ora\u00e7\u00e3o de S\u00e3o Greg\u00f3rio que a Ir. Miriam traduziu do franc\u00eas e me deu com dedicat\u00f3ria: &#8220;De um santo choraming\u00e3o, para outro choraming\u00e3o&#8221;.<\/p>\n<p>Esta ora\u00e7\u00e3o \u00e9 muito querida e foi a ora\u00e7\u00e3o que muitas vezes sofrendo repeti pensando em Greg\u00f3rio e na Ir. Miriam. A\u00ed vai seu conte\u00fado:<\/p>\n<p>&#8216; Ai de mim, eu n\u00e3o aguento mais,<br \/>\nCristo, for\u00e7a dos mortais<br \/>\nAi de mim, as lutas e as tempestades<br \/>\nme a\u00e7oitam por demais.<br \/>\nOh tristeza dessa vida, sem fim e sem delongas,<br \/>\nE as investidas que, por dentro e por fora,<br \/>\nempanam a beleza da imagem divina.<br \/>\nQual o carvalho que aguenta esta violencia dos ventos?<br \/>\nQual o navio que n\u00e3o afunda com semelhante tempestade?<br \/>\nEu estou quebrado de fadiga e cansado de muitos trabalhos<br \/>\nContra a minha vontade aceitei o encargo da casa paterna.<br \/>\nQuando cheguei l\u00e1, eu a encontrei em ru\u00ednas.<br \/>\nOs amigos me esgotaram, a doen\u00e7a me consumiu<br \/>\nFui recebido com pedras, quando outros s\u00e3o recebidos com flores.<br \/>\nFui abandonado pelo povo ao qual o Esp\u00edrito me tinha enviado.<br \/>\nMeus filhos, uns eu perdi, e eis-me separado dos outros,<br \/>\nO esc\u00e1rnio dos ultimos, \u00f3 pai infortunado!<br \/>\nMeus apoios espirituais me foram mais hostis que os inimigos:<br \/>\nN\u00e3o respeitaram nem a mesa m\u00edstica<br \/>\nNem mesmo as prova\u00e7\u00f5es que suportei.<br \/>\nOs seres mais abjetos teriam sido mais sens\u00edveis<br \/>\nMas eles s\u00f3 buscam uma coisa: me desonrar.&#8217;<\/p>\n<p>Que coisa! Esta ora\u00e7\u00e3o \u00e9 de fazer estremecer, mas tamb\u00e9m conforta e faz acreditar que quem ama vai rir e chorar, am\u00e9m!<\/p>\n<div id=\"themify_builder_content-1325\" data-postid=\"1325\" class=\"themify_builder_content themify_builder_content-1325 themify_builder themify_builder_front\">\n\t<\/div>\n<!-- \/themify_builder_content -->","protected":false},"excerpt":{"rendered":"<p>A nossa comunidade guarda com carinho a primeira sexta-feira do m\u00eas, dedica ao Sagrado Cora\u00e7\u00e3o de Jesus, como sempre a nossa missa t\u00e3o cheia de beleza e afeto buscando no tesouro do Cora\u00e7\u00e3o Sacrat\u00edssimo for\u00e7a para caminhar e viver na fidelidade do Amor. Hoje a Igreja tamb\u00e9m faz mem\u00f3ria de dois grandes doutores, S\u00e3o Bas\u00edlio [&hellip;]<\/p>\n","protected":false},"author":4,"featured_media":0,"comment_status":"open","ping_status":"open","sticky":false,"template":"","format":"standard","meta":{"ngg_post_thumbnail":0,"footnotes":""},"categories":[4],"tags":[14],"yoast_head":"<!-- This site is optimized with the Yoast SEO plugin v23.5 - https:\/\/yoast.com\/wordpress\/plugins\/seo\/ -->\n<title>Primeira sexta-feira do ano! - O Arcanjo no ar<\/title>\n<meta name=\"robots\" content=\"index, follow, max-snippet:-1, max-image-preview:large, max-video-preview:-1\" \/>\n<link rel=\"canonical\" href=\"https:\/\/www.oarcanjo.net\/site\/primeira-sexta-feira-do-ano\/\" \/>\n<meta property=\"og:locale\" content=\"pt_BR\" \/>\n<meta property=\"og:type\" content=\"article\" \/>\n<meta property=\"og:title\" content=\"Primeira sexta-feira do ano! - O Arcanjo no ar\" \/>\n<meta property=\"og:description\" content=\"A nossa comunidade guarda com carinho a primeira sexta-feira do m\u00eas, dedica ao Sagrado Cora\u00e7\u00e3o de Jesus, como sempre a nossa missa t\u00e3o cheia de beleza e afeto buscando no tesouro do Cora\u00e7\u00e3o Sacrat\u00edssimo for\u00e7a para caminhar e viver na fidelidade do Amor. Hoje a Igreja tamb\u00e9m faz mem\u00f3ria de dois grandes doutores, S\u00e3o Bas\u00edlio [&hellip;]\" \/>\n<meta property=\"og:url\" content=\"https:\/\/www.oarcanjo.net\/site\/primeira-sexta-feira-do-ano\/\" \/>\n<meta property=\"og:site_name\" content=\"O Arcanjo no ar\" \/>\n<meta property=\"article:publisher\" content=\"https:\/\/www.facebook.com\/OArcanjoNoAr\/\" \/>\n<meta property=\"article:published_time\" content=\"2009-01-02T11:07:54+00:00\" \/>\n<meta property=\"article:modified_time\" content=\"2009-01-02T11:26:16+00:00\" \/>\n<meta property=\"og:image\" content=\"https:\/\/www.oarcanjo.net\/site\/wp-content\/uploads\/logo-o-arcanjo-no-ar-facebook.png\" \/>\n\t<meta property=\"og:image:width\" content=\"300\" \/>\n\t<meta property=\"og:image:height\" content=\"300\" \/>\n\t<meta property=\"og:image:type\" content=\"image\/png\" \/>\n<meta name=\"author\" content=\"julio\" \/>\n<meta name=\"twitter:card\" content=\"summary_large_image\" \/>\n<meta name=\"twitter:label1\" content=\"Escrito por\" \/>\n\t<meta name=\"twitter:data1\" content=\"julio\" \/>\n\t<meta name=\"twitter:label2\" content=\"Est. tempo de leitura\" \/>\n\t<meta name=\"twitter:data2\" content=\"2 minutos\" \/>\n<script type=\"application\/ld+json\" class=\"yoast-schema-graph\">{\"@context\":\"https:\/\/schema.org\",\"@graph\":[{\"@type\":\"Article\",\"@id\":\"https:\/\/www.oarcanjo.net\/site\/primeira-sexta-feira-do-ano\/#article\",\"isPartOf\":{\"@id\":\"https:\/\/www.oarcanjo.net\/site\/primeira-sexta-feira-do-ano\/\"},\"author\":{\"name\":\"julio\",\"@id\":\"https:\/\/www.oarcanjo.net\/site\/#\/schema\/person\/d78ea01c648c91e29c364b516767079e\"},\"headline\":\"Primeira sexta-feira do ano!\",\"datePublished\":\"2009-01-02T11:07:54+00:00\",\"dateModified\":\"2009-01-02T11:26:16+00:00\",\"mainEntityOfPage\":{\"@id\":\"https:\/\/www.oarcanjo.net\/site\/primeira-sexta-feira-do-ano\/\"},\"wordCount\":386,\"commentCount\":2,\"publisher\":{\"@id\":\"https:\/\/www.oarcanjo.net\/site\/#organization\"},\"keywords\":[\"ora\u00e7\u00e3o\"],\"articleSection\":[\"Blog\"],\"inLanguage\":\"pt-BR\",\"potentialAction\":[{\"@type\":\"CommentAction\",\"name\":\"Comment\",\"target\":[\"https:\/\/www.oarcanjo.net\/site\/primeira-sexta-feira-do-ano\/#respond\"]}]},{\"@type\":\"WebPage\",\"@id\":\"https:\/\/www.oarcanjo.net\/site\/primeira-sexta-feira-do-ano\/\",\"url\":\"https:\/\/www.oarcanjo.net\/site\/primeira-sexta-feira-do-ano\/\",\"name\":\"Primeira sexta-feira do ano! - O Arcanjo no ar\",\"isPartOf\":{\"@id\":\"https:\/\/www.oarcanjo.net\/site\/#website\"},\"datePublished\":\"2009-01-02T11:07:54+00:00\",\"dateModified\":\"2009-01-02T11:26:16+00:00\",\"breadcrumb\":{\"@id\":\"https:\/\/www.oarcanjo.net\/site\/primeira-sexta-feira-do-ano\/#breadcrumb\"},\"inLanguage\":\"pt-BR\",\"potentialAction\":[{\"@type\":\"ReadAction\",\"target\":[\"https:\/\/www.oarcanjo.net\/site\/primeira-sexta-feira-do-ano\/\"]}]},{\"@type\":\"BreadcrumbList\",\"@id\":\"https:\/\/www.oarcanjo.net\/site\/primeira-sexta-feira-do-ano\/#breadcrumb\",\"itemListElement\":[{\"@type\":\"ListItem\",\"position\":1,\"name\":\"In\u00edcio\",\"item\":\"https:\/\/www.oarcanjo.net\/site\/\"},{\"@type\":\"ListItem\",\"position\":2,\"name\":\"Primeira sexta-feira do ano!\"}]},{\"@type\":\"WebSite\",\"@id\":\"https:\/\/www.oarcanjo.net\/site\/#website\",\"url\":\"https:\/\/www.oarcanjo.net\/site\/\",\"name\":\"O Arcanjo no ar\",\"description\":\"Site da Par\u00f3quia S\u00e3o Miguel Arcanjo (Arquidiocese de SP)\",\"publisher\":{\"@id\":\"https:\/\/www.oarcanjo.net\/site\/#organization\"},\"potentialAction\":[{\"@type\":\"SearchAction\",\"target\":{\"@type\":\"EntryPoint\",\"urlTemplate\":\"https:\/\/www.oarcanjo.net\/site\/?s={search_term_string}\"},\"query-input\":{\"@type\":\"PropertyValueSpecification\",\"valueRequired\":true,\"valueName\":\"search_term_string\"}}],\"inLanguage\":\"pt-BR\"},{\"@type\":\"Organization\",\"@id\":\"https:\/\/www.oarcanjo.net\/site\/#organization\",\"name\":\"Par\u00f3quia S\u00e3o Miguel Arcanjo\",\"url\":\"https:\/\/www.oarcanjo.net\/site\/\",\"logo\":{\"@type\":\"ImageObject\",\"inLanguage\":\"pt-BR\",\"@id\":\"https:\/\/www.oarcanjo.net\/site\/#\/schema\/logo\/image\/\",\"url\":\"https:\/\/www.oarcanjo.net\/site\/wp-content\/uploads\/LogoOArcanjo.png\",\"contentUrl\":\"https:\/\/www.oarcanjo.net\/site\/wp-content\/uploads\/LogoOArcanjo.png\",\"width\":319,\"height\":99,\"caption\":\"Par\u00f3quia S\u00e3o Miguel Arcanjo\"},\"image\":{\"@id\":\"https:\/\/www.oarcanjo.net\/site\/#\/schema\/logo\/image\/\"},\"sameAs\":[\"https:\/\/www.facebook.com\/OArcanjoNoAr\/\"]},{\"@type\":\"Person\",\"@id\":\"https:\/\/www.oarcanjo.net\/site\/#\/schema\/person\/d78ea01c648c91e29c364b516767079e\",\"name\":\"julio\",\"sameAs\":[\"http:\/\/www.oarcanjo.net\"]}]}<\/script>\n<!-- \/ Yoast SEO plugin. -->","yoast_head_json":{"title":"Primeira sexta-feira do ano! - O Arcanjo no ar","robots":{"index":"index","follow":"follow","max-snippet":"max-snippet:-1","max-image-preview":"max-image-preview:large","max-video-preview":"max-video-preview:-1"},"canonical":"https:\/\/www.oarcanjo.net\/site\/primeira-sexta-feira-do-ano\/","og_locale":"pt_BR","og_type":"article","og_title":"Primeira sexta-feira do ano! - O Arcanjo no ar","og_description":"A nossa comunidade guarda com carinho a primeira sexta-feira do m\u00eas, dedica ao Sagrado Cora\u00e7\u00e3o de Jesus, como sempre a nossa missa t\u00e3o cheia de beleza e afeto buscando no tesouro do Cora\u00e7\u00e3o Sacrat\u00edssimo for\u00e7a para caminhar e viver na fidelidade do Amor. Hoje a Igreja tamb\u00e9m faz mem\u00f3ria de dois grandes doutores, S\u00e3o Bas\u00edlio [&hellip;]","og_url":"https:\/\/www.oarcanjo.net\/site\/primeira-sexta-feira-do-ano\/","og_site_name":"O Arcanjo no ar","article_publisher":"https:\/\/www.facebook.com\/OArcanjoNoAr\/","article_published_time":"2009-01-02T11:07:54+00:00","article_modified_time":"2009-01-02T11:26:16+00:00","og_image":[{"width":300,"height":300,"url":"https:\/\/www.oarcanjo.net\/site\/wp-content\/uploads\/logo-o-arcanjo-no-ar-facebook.png","type":"image\/png"}],"author":"julio","twitter_card":"summary_large_image","twitter_misc":{"Escrito por":"julio","Est. tempo de leitura":"2 minutos"},"schema":{"@context":"https:\/\/schema.org","@graph":[{"@type":"Article","@id":"https:\/\/www.oarcanjo.net\/site\/primeira-sexta-feira-do-ano\/#article","isPartOf":{"@id":"https:\/\/www.oarcanjo.net\/site\/primeira-sexta-feira-do-ano\/"},"author":{"name":"julio","@id":"https:\/\/www.oarcanjo.net\/site\/#\/schema\/person\/d78ea01c648c91e29c364b516767079e"},"headline":"Primeira sexta-feira do ano!","datePublished":"2009-01-02T11:07:54+00:00","dateModified":"2009-01-02T11:26:16+00:00","mainEntityOfPage":{"@id":"https:\/\/www.oarcanjo.net\/site\/primeira-sexta-feira-do-ano\/"},"wordCount":386,"commentCount":2,"publisher":{"@id":"https:\/\/www.oarcanjo.net\/site\/#organization"},"keywords":["ora\u00e7\u00e3o"],"articleSection":["Blog"],"inLanguage":"pt-BR","potentialAction":[{"@type":"CommentAction","name":"Comment","target":["https:\/\/www.oarcanjo.net\/site\/primeira-sexta-feira-do-ano\/#respond"]}]},{"@type":"WebPage","@id":"https:\/\/www.oarcanjo.net\/site\/primeira-sexta-feira-do-ano\/","url":"https:\/\/www.oarcanjo.net\/site\/primeira-sexta-feira-do-ano\/","name":"Primeira sexta-feira do ano! - O Arcanjo no ar","isPartOf":{"@id":"https:\/\/www.oarcanjo.net\/site\/#website"},"datePublished":"2009-01-02T11:07:54+00:00","dateModified":"2009-01-02T11:26:16+00:00","breadcrumb":{"@id":"https:\/\/www.oarcanjo.net\/site\/primeira-sexta-feira-do-ano\/#breadcrumb"},"inLanguage":"pt-BR","potentialAction":[{"@type":"ReadAction","target":["https:\/\/www.oarcanjo.net\/site\/primeira-sexta-feira-do-ano\/"]}]},{"@type":"BreadcrumbList","@id":"https:\/\/www.oarcanjo.net\/site\/primeira-sexta-feira-do-ano\/#breadcrumb","itemListElement":[{"@type":"ListItem","position":1,"name":"In\u00edcio","item":"https:\/\/www.oarcanjo.net\/site\/"},{"@type":"ListItem","position":2,"name":"Primeira sexta-feira do ano!"}]},{"@type":"WebSite","@id":"https:\/\/www.oarcanjo.net\/site\/#website","url":"https:\/\/www.oarcanjo.net\/site\/","name":"O Arcanjo no ar","description":"Site da Par\u00f3quia S\u00e3o Miguel Arcanjo (Arquidiocese de SP)","publisher":{"@id":"https:\/\/www.oarcanjo.net\/site\/#organization"},"potentialAction":[{"@type":"SearchAction","target":{"@type":"EntryPoint","urlTemplate":"https:\/\/www.oarcanjo.net\/site\/?s={search_term_string}"},"query-input":{"@type":"PropertyValueSpecification","valueRequired":true,"valueName":"search_term_string"}}],"inLanguage":"pt-BR"},{"@type":"Organization","@id":"https:\/\/www.oarcanjo.net\/site\/#organization","name":"Par\u00f3quia S\u00e3o Miguel Arcanjo","url":"https:\/\/www.oarcanjo.net\/site\/","logo":{"@type":"ImageObject","inLanguage":"pt-BR","@id":"https:\/\/www.oarcanjo.net\/site\/#\/schema\/logo\/image\/","url":"https:\/\/www.oarcanjo.net\/site\/wp-content\/uploads\/LogoOArcanjo.png","contentUrl":"https:\/\/www.oarcanjo.net\/site\/wp-content\/uploads\/LogoOArcanjo.png","width":319,"height":99,"caption":"Par\u00f3quia S\u00e3o Miguel Arcanjo"},"image":{"@id":"https:\/\/www.oarcanjo.net\/site\/#\/schema\/logo\/image\/"},"sameAs":["https:\/\/www.facebook.com\/OArcanjoNoAr\/"]},{"@type":"Person","@id":"https:\/\/www.oarcanjo.net\/site\/#\/schema\/person\/d78ea01c648c91e29c364b516767079e","name":"julio","sameAs":["http:\/\/www.oarcanjo.net"]}]}},"publishpress_future_action":{"enabled":false,"date":"2026-05-07 17:18:22","action":"category","newStatus":"draft","terms":[],"taxonomy":"category"},"publishpress_future_workflow_manual_trigger":{"enabledWorkflows":[]},"_links":{"self":[{"href":"https:\/\/www.oarcanjo.net\/site\/wp-json\/wp\/v2\/posts\/1325"}],"collection":[{"href":"https:\/\/www.oarcanjo.net\/site\/wp-json\/wp\/v2\/posts"}],"about":[{"href":"https:\/\/www.oarcanjo.net\/site\/wp-json\/wp\/v2\/types\/post"}],"author":[{"embeddable":true,"href":"https:\/\/www.oarcanjo.net\/site\/wp-json\/wp\/v2\/users\/4"}],"replies":[{"embeddable":true,"href":"https:\/\/www.oarcanjo.net\/site\/wp-json\/wp\/v2\/comments?post=1325"}],"version-history":[{"count":0,"href":"https:\/\/www.oarcanjo.net\/site\/wp-json\/wp\/v2\/posts\/1325\/revisions"}],"wp:attachment":[{"href":"https:\/\/www.oarcanjo.net\/site\/wp-json\/wp\/v2\/media?parent=1325"}],"wp:term":[{"taxonomy":"category","embeddable":true,"href":"https:\/\/www.oarcanjo.net\/site\/wp-json\/wp\/v2\/categories?post=1325"},{"taxonomy":"post_tag","embeddable":true,"href":"https:\/\/www.oarcanjo.net\/site\/wp-json\/wp\/v2\/tags?post=1325"}],"curies":[{"name":"wp","href":"https:\/\/api.w.org\/{rel}","templated":true}]}}