
{"id":13280,"date":"2011-03-03T22:16:38","date_gmt":"2011-03-04T01:16:38","guid":{"rendered":"http:\/\/www.oarcanjo.net\/site\/?p=13280"},"modified":"2011-03-03T22:17:09","modified_gmt":"2011-03-04T01:17:09","slug":"locais-em-que-a-coleta-seletiva-existe","status":"publish","type":"post","link":"https:\/\/www.oarcanjo.net\/site\/locais-em-que-a-coleta-seletiva-existe\/","title":{"rendered":"Locais em que a coleta seletiva existe"},"content":{"rendered":"<p>Estes s\u00e3o alguns lugares e\u00a0os hor\u00e1rios em \u00a0que h\u00e1 a coleta seletiva ,\u00a0 s\u00e3o v\u00e1rias ruas onde pode se encontrar a reciclagem:<\/p>\n<p>Rua Jo\u00e3o da Costa &#8211; Hor\u00e1rio: 12:30 \u00e1s 14 horas<\/p>\n<p>Rua Itabaiana &#8211; Hor\u00e1rio: Todas \u00e1s segundas &#8211; feiras a partir das 8 horas<\/p>\n<p>Rua Ch\u00e1 de Frade &#8211; Hor\u00e1rio 13\u00a0\u00e1s 15 horas\u00a0<\/p>\n<p>Av. Cassandoca com a rua Itaqueri &#8211; Hor\u00e1rio: \u00a0Todas \u00e1s segundas\u00a0por volta das 10 horas.<\/p>\n<p>Rua Marcial &#8211; Hor\u00e1rio: Toda\u00a0 segunda\u00a0&#8211; feira\u00a0\u00a0\u00e1s 14 horas<\/p>\n<p><strong>Reciclar \u00e9 importante\u00a0,\u00a0\u00e9 uma a\u00e7\u00e3o que far\u00e1 a diferen\u00e7a.Vamos reciclar !<\/strong><\/p>\n<div id=\"themify_builder_content-13280\" data-postid=\"13280\" class=\"themify_builder_content themify_builder_content-13280 themify_builder themify_builder_front\">\n\t<\/div>\n<!-- \/themify_builder_content -->","protected":false},"excerpt":{"rendered":"<p>Estes s\u00e3o alguns lugares e\u00a0os hor\u00e1rios em \u00a0que h\u00e1 a coleta seletiva ,\u00a0 s\u00e3o v\u00e1rias ruas onde pode se encontrar a reciclagem: Rua Jo\u00e3o da Costa &#8211; Hor\u00e1rio: 12:30 \u00e1s 14 horas Rua Itabaiana &#8211; Hor\u00e1rio: Todas \u00e1s segundas &#8211; feiras a partir das 8 horas Rua Ch\u00e1 de Frade &#8211; Hor\u00e1rio 13\u00a0\u00e1s 15 horas\u00a0 [&hellip;]<\/p>\n","protected":false},"author":12,"featured_media":0,"comment_status":"open","ping_status":"open","sticky":false,"template":"","format":"standard","meta":{"ngg_post_thumbnail":0,"footnotes":""},"categories":[395],"tags":[],"yoast_head":"<!-- This site is optimized with the Yoast SEO plugin v23.5 - https:\/\/yoast.com\/wordpress\/plugins\/seo\/ -->\n<title>Locais em que a coleta seletiva existe - O Arcanjo no ar<\/title>\n<meta name=\"robots\" content=\"index, follow, max-snippet:-1, max-image-preview:large, max-video-preview:-1\" \/>\n<link rel=\"canonical\" href=\"https:\/\/www.oarcanjo.net\/site\/locais-em-que-a-coleta-seletiva-existe\/\" \/>\n<meta property=\"og:locale\" content=\"pt_BR\" \/>\n<meta property=\"og:type\" content=\"article\" \/>\n<meta property=\"og:title\" content=\"Locais em que a coleta seletiva existe - O Arcanjo no ar\" \/>\n<meta property=\"og:description\" content=\"Estes s\u00e3o alguns lugares e\u00a0os hor\u00e1rios em \u00a0que h\u00e1 a coleta seletiva ,\u00a0 s\u00e3o v\u00e1rias ruas onde pode se encontrar a reciclagem: Rua Jo\u00e3o da Costa &#8211; Hor\u00e1rio: 12:30 \u00e1s 14 horas Rua Itabaiana &#8211; Hor\u00e1rio: Todas \u00e1s segundas &#8211; feiras a partir das 8 horas Rua Ch\u00e1 de Frade &#8211; Hor\u00e1rio 13\u00a0\u00e1s 15 horas\u00a0 [&hellip;]\" \/>\n<meta property=\"og:url\" content=\"https:\/\/www.oarcanjo.net\/site\/locais-em-que-a-coleta-seletiva-existe\/\" \/>\n<meta property=\"og:site_name\" content=\"O Arcanjo no ar\" \/>\n<meta property=\"article:publisher\" content=\"https:\/\/www.facebook.com\/OArcanjoNoAr\/\" \/>\n<meta property=\"article:published_time\" content=\"2011-03-04T01:16:38+00:00\" \/>\n<meta property=\"article:modified_time\" content=\"2011-03-04T01:17:09+00:00\" \/>\n<meta property=\"og:image\" content=\"https:\/\/www.oarcanjo.net\/site\/wp-content\/uploads\/logo-o-arcanjo-no-ar-facebook.png\" \/>\n\t<meta property=\"og:image:width\" content=\"300\" \/>\n\t<meta property=\"og:image:height\" content=\"300\" \/>\n\t<meta property=\"og:image:type\" content=\"image\/png\" \/>\n<meta name=\"author\" content=\"mariana\" \/>\n<meta name=\"twitter:card\" content=\"summary_large_image\" \/>\n<meta name=\"twitter:label1\" content=\"Escrito por\" \/>\n\t<meta name=\"twitter:data1\" content=\"mariana\" \/>\n<script type=\"application\/ld+json\" class=\"yoast-schema-graph\">{\"@context\":\"https:\/\/schema.org\",\"@graph\":[{\"@type\":\"Article\",\"@id\":\"https:\/\/www.oarcanjo.net\/site\/locais-em-que-a-coleta-seletiva-existe\/#article\",\"isPartOf\":{\"@id\":\"https:\/\/www.oarcanjo.net\/site\/locais-em-que-a-coleta-seletiva-existe\/\"},\"author\":{\"name\":\"mariana\",\"@id\":\"https:\/\/www.oarcanjo.net\/site\/#\/schema\/person\/e54a5c62347067e278a5d0cf64f6a6e6\"},\"headline\":\"Locais em que a coleta seletiva existe\",\"datePublished\":\"2011-03-04T01:16:38+00:00\",\"dateModified\":\"2011-03-04T01:17:09+00:00\",\"mainEntityOfPage\":{\"@id\":\"https:\/\/www.oarcanjo.net\/site\/locais-em-que-a-coleta-seletiva-existe\/\"},\"wordCount\":105,\"commentCount\":0,\"publisher\":{\"@id\":\"https:\/\/www.oarcanjo.net\/site\/#organization\"},\"articleSection\":[\"Jovens\"],\"inLanguage\":\"pt-BR\",\"potentialAction\":[{\"@type\":\"CommentAction\",\"name\":\"Comment\",\"target\":[\"https:\/\/www.oarcanjo.net\/site\/locais-em-que-a-coleta-seletiva-existe\/#respond\"]}]},{\"@type\":\"WebPage\",\"@id\":\"https:\/\/www.oarcanjo.net\/site\/locais-em-que-a-coleta-seletiva-existe\/\",\"url\":\"https:\/\/www.oarcanjo.net\/site\/locais-em-que-a-coleta-seletiva-existe\/\",\"name\":\"Locais em que a coleta seletiva existe - O Arcanjo no ar\",\"isPartOf\":{\"@id\":\"https:\/\/www.oarcanjo.net\/site\/#website\"},\"datePublished\":\"2011-03-04T01:16:38+00:00\",\"dateModified\":\"2011-03-04T01:17:09+00:00\",\"breadcrumb\":{\"@id\":\"https:\/\/www.oarcanjo.net\/site\/locais-em-que-a-coleta-seletiva-existe\/#breadcrumb\"},\"inLanguage\":\"pt-BR\",\"potentialAction\":[{\"@type\":\"ReadAction\",\"target\":[\"https:\/\/www.oarcanjo.net\/site\/locais-em-que-a-coleta-seletiva-existe\/\"]}]},{\"@type\":\"BreadcrumbList\",\"@id\":\"https:\/\/www.oarcanjo.net\/site\/locais-em-que-a-coleta-seletiva-existe\/#breadcrumb\",\"itemListElement\":[{\"@type\":\"ListItem\",\"position\":1,\"name\":\"In\u00edcio\",\"item\":\"https:\/\/www.oarcanjo.net\/site\/\"},{\"@type\":\"ListItem\",\"position\":2,\"name\":\"Locais em que a coleta seletiva existe\"}]},{\"@type\":\"WebSite\",\"@id\":\"https:\/\/www.oarcanjo.net\/site\/#website\",\"url\":\"https:\/\/www.oarcanjo.net\/site\/\",\"name\":\"O Arcanjo no ar\",\"description\":\"Site da Par\u00f3quia S\u00e3o Miguel Arcanjo (Arquidiocese de SP)\",\"publisher\":{\"@id\":\"https:\/\/www.oarcanjo.net\/site\/#organization\"},\"potentialAction\":[{\"@type\":\"SearchAction\",\"target\":{\"@type\":\"EntryPoint\",\"urlTemplate\":\"https:\/\/www.oarcanjo.net\/site\/?s={search_term_string}\"},\"query-input\":{\"@type\":\"PropertyValueSpecification\",\"valueRequired\":true,\"valueName\":\"search_term_string\"}}],\"inLanguage\":\"pt-BR\"},{\"@type\":\"Organization\",\"@id\":\"https:\/\/www.oarcanjo.net\/site\/#organization\",\"name\":\"Par\u00f3quia S\u00e3o Miguel Arcanjo\",\"url\":\"https:\/\/www.oarcanjo.net\/site\/\",\"logo\":{\"@type\":\"ImageObject\",\"inLanguage\":\"pt-BR\",\"@id\":\"https:\/\/www.oarcanjo.net\/site\/#\/schema\/logo\/image\/\",\"url\":\"https:\/\/www.oarcanjo.net\/site\/wp-content\/uploads\/LogoOArcanjo.png\",\"contentUrl\":\"https:\/\/www.oarcanjo.net\/site\/wp-content\/uploads\/LogoOArcanjo.png\",\"width\":319,\"height\":99,\"caption\":\"Par\u00f3quia S\u00e3o Miguel Arcanjo\"},\"image\":{\"@id\":\"https:\/\/www.oarcanjo.net\/site\/#\/schema\/logo\/image\/\"},\"sameAs\":[\"https:\/\/www.facebook.com\/OArcanjoNoAr\/\"]},{\"@type\":\"Person\",\"@id\":\"https:\/\/www.oarcanjo.net\/site\/#\/schema\/person\/e54a5c62347067e278a5d0cf64f6a6e6\",\"name\":\"mariana\"}]}<\/script>\n<!-- \/ Yoast SEO plugin. -->","yoast_head_json":{"title":"Locais em que a coleta seletiva existe - O Arcanjo no ar","robots":{"index":"index","follow":"follow","max-snippet":"max-snippet:-1","max-image-preview":"max-image-preview:large","max-video-preview":"max-video-preview:-1"},"canonical":"https:\/\/www.oarcanjo.net\/site\/locais-em-que-a-coleta-seletiva-existe\/","og_locale":"pt_BR","og_type":"article","og_title":"Locais em que a coleta seletiva existe - O Arcanjo no ar","og_description":"Estes s\u00e3o alguns lugares e\u00a0os hor\u00e1rios em \u00a0que h\u00e1 a coleta seletiva ,\u00a0 s\u00e3o v\u00e1rias ruas onde pode se encontrar a reciclagem: Rua Jo\u00e3o da Costa &#8211; Hor\u00e1rio: 12:30 \u00e1s 14 horas Rua Itabaiana &#8211; Hor\u00e1rio: Todas \u00e1s segundas &#8211; feiras a partir das 8 horas Rua Ch\u00e1 de Frade &#8211; Hor\u00e1rio 13\u00a0\u00e1s 15 horas\u00a0 [&hellip;]","og_url":"https:\/\/www.oarcanjo.net\/site\/locais-em-que-a-coleta-seletiva-existe\/","og_site_name":"O Arcanjo no ar","article_publisher":"https:\/\/www.facebook.com\/OArcanjoNoAr\/","article_published_time":"2011-03-04T01:16:38+00:00","article_modified_time":"2011-03-04T01:17:09+00:00","og_image":[{"width":300,"height":300,"url":"https:\/\/www.oarcanjo.net\/site\/wp-content\/uploads\/logo-o-arcanjo-no-ar-facebook.png","type":"image\/png"}],"author":"mariana","twitter_card":"summary_large_image","twitter_misc":{"Escrito por":"mariana"},"schema":{"@context":"https:\/\/schema.org","@graph":[{"@type":"Article","@id":"https:\/\/www.oarcanjo.net\/site\/locais-em-que-a-coleta-seletiva-existe\/#article","isPartOf":{"@id":"https:\/\/www.oarcanjo.net\/site\/locais-em-que-a-coleta-seletiva-existe\/"},"author":{"name":"mariana","@id":"https:\/\/www.oarcanjo.net\/site\/#\/schema\/person\/e54a5c62347067e278a5d0cf64f6a6e6"},"headline":"Locais em que a coleta seletiva existe","datePublished":"2011-03-04T01:16:38+00:00","dateModified":"2011-03-04T01:17:09+00:00","mainEntityOfPage":{"@id":"https:\/\/www.oarcanjo.net\/site\/locais-em-que-a-coleta-seletiva-existe\/"},"wordCount":105,"commentCount":0,"publisher":{"@id":"https:\/\/www.oarcanjo.net\/site\/#organization"},"articleSection":["Jovens"],"inLanguage":"pt-BR","potentialAction":[{"@type":"CommentAction","name":"Comment","target":["https:\/\/www.oarcanjo.net\/site\/locais-em-que-a-coleta-seletiva-existe\/#respond"]}]},{"@type":"WebPage","@id":"https:\/\/www.oarcanjo.net\/site\/locais-em-que-a-coleta-seletiva-existe\/","url":"https:\/\/www.oarcanjo.net\/site\/locais-em-que-a-coleta-seletiva-existe\/","name":"Locais em que a coleta seletiva existe - O Arcanjo no ar","isPartOf":{"@id":"https:\/\/www.oarcanjo.net\/site\/#website"},"datePublished":"2011-03-04T01:16:38+00:00","dateModified":"2011-03-04T01:17:09+00:00","breadcrumb":{"@id":"https:\/\/www.oarcanjo.net\/site\/locais-em-que-a-coleta-seletiva-existe\/#breadcrumb"},"inLanguage":"pt-BR","potentialAction":[{"@type":"ReadAction","target":["https:\/\/www.oarcanjo.net\/site\/locais-em-que-a-coleta-seletiva-existe\/"]}]},{"@type":"BreadcrumbList","@id":"https:\/\/www.oarcanjo.net\/site\/locais-em-que-a-coleta-seletiva-existe\/#breadcrumb","itemListElement":[{"@type":"ListItem","position":1,"name":"In\u00edcio","item":"https:\/\/www.oarcanjo.net\/site\/"},{"@type":"ListItem","position":2,"name":"Locais em que a coleta seletiva existe"}]},{"@type":"WebSite","@id":"https:\/\/www.oarcanjo.net\/site\/#website","url":"https:\/\/www.oarcanjo.net\/site\/","name":"O Arcanjo no ar","description":"Site da Par\u00f3quia S\u00e3o Miguel Arcanjo (Arquidiocese de SP)","publisher":{"@id":"https:\/\/www.oarcanjo.net\/site\/#organization"},"potentialAction":[{"@type":"SearchAction","target":{"@type":"EntryPoint","urlTemplate":"https:\/\/www.oarcanjo.net\/site\/?s={search_term_string}"},"query-input":{"@type":"PropertyValueSpecification","valueRequired":true,"valueName":"search_term_string"}}],"inLanguage":"pt-BR"},{"@type":"Organization","@id":"https:\/\/www.oarcanjo.net\/site\/#organization","name":"Par\u00f3quia S\u00e3o Miguel Arcanjo","url":"https:\/\/www.oarcanjo.net\/site\/","logo":{"@type":"ImageObject","inLanguage":"pt-BR","@id":"https:\/\/www.oarcanjo.net\/site\/#\/schema\/logo\/image\/","url":"https:\/\/www.oarcanjo.net\/site\/wp-content\/uploads\/LogoOArcanjo.png","contentUrl":"https:\/\/www.oarcanjo.net\/site\/wp-content\/uploads\/LogoOArcanjo.png","width":319,"height":99,"caption":"Par\u00f3quia S\u00e3o Miguel Arcanjo"},"image":{"@id":"https:\/\/www.oarcanjo.net\/site\/#\/schema\/logo\/image\/"},"sameAs":["https:\/\/www.facebook.com\/OArcanjoNoAr\/"]},{"@type":"Person","@id":"https:\/\/www.oarcanjo.net\/site\/#\/schema\/person\/e54a5c62347067e278a5d0cf64f6a6e6","name":"mariana"}]}},"publishpress_future_action":{"enabled":false,"date":"2026-05-07 07:53:07","action":"category","newStatus":"draft","terms":[],"taxonomy":"category"},"publishpress_future_workflow_manual_trigger":{"enabledWorkflows":[]},"_links":{"self":[{"href":"https:\/\/www.oarcanjo.net\/site\/wp-json\/wp\/v2\/posts\/13280"}],"collection":[{"href":"https:\/\/www.oarcanjo.net\/site\/wp-json\/wp\/v2\/posts"}],"about":[{"href":"https:\/\/www.oarcanjo.net\/site\/wp-json\/wp\/v2\/types\/post"}],"author":[{"embeddable":true,"href":"https:\/\/www.oarcanjo.net\/site\/wp-json\/wp\/v2\/users\/12"}],"replies":[{"embeddable":true,"href":"https:\/\/www.oarcanjo.net\/site\/wp-json\/wp\/v2\/comments?post=13280"}],"version-history":[{"count":0,"href":"https:\/\/www.oarcanjo.net\/site\/wp-json\/wp\/v2\/posts\/13280\/revisions"}],"wp:attachment":[{"href":"https:\/\/www.oarcanjo.net\/site\/wp-json\/wp\/v2\/media?parent=13280"}],"wp:term":[{"taxonomy":"category","embeddable":true,"href":"https:\/\/www.oarcanjo.net\/site\/wp-json\/wp\/v2\/categories?post=13280"},{"taxonomy":"post_tag","embeddable":true,"href":"https:\/\/www.oarcanjo.net\/site\/wp-json\/wp\/v2\/tags?post=13280"}],"curies":[{"name":"wp","href":"https:\/\/api.w.org\/{rel}","templated":true}]}}