
{"id":13414,"date":"2011-03-08T10:04:17","date_gmt":"2011-03-08T13:04:17","guid":{"rendered":"http:\/\/www.oarcanjo.net\/site\/?p=13414"},"modified":"2011-03-09T00:11:17","modified_gmt":"2011-03-09T03:11:17","slug":"igreja-abre-campanha-da-fraternidade-sobre-a-vida-no-planeta","status":"publish","type":"post","link":"https:\/\/www.oarcanjo.net\/site\/igreja-abre-campanha-da-fraternidade-sobre-a-vida-no-planeta\/","title":{"rendered":"Igreja abre Campanha da Fraternidade sobre a &#8220;Vida no Planeta&#8221;"},"content":{"rendered":"<p><a href=\"http:\/\/www.oarcanjo.net\/site\/wp-content\/uploads\/cartazcf2011_270_260.jpg\"><img loading=\"lazy\" decoding=\"async\" class=\"alignleft size-full wp-image-13435\" style=\"margin-left: 5px; margin-right: 5px;\" title=\"Campanha da Fraternidade 2011 - A vida no planeta\" src=\"http:\/\/www.oarcanjo.net\/site\/wp-content\/uploads\/cartazcf2011_270_260.jpg\" alt=\"Campanha da Fraternidade 2011 - A vida no planeta\" width=\"270\" height=\"260\" \/><\/a><\/p>\n<p>Come\u00e7a nesta quarta-feira, 9, a Campanha da Fraternidade 2011 (CF), que tem por tema: \u201c<em>Fraternidade e a Vida no Planeta<\/em>\u201d e lema: \u201c<em>A cria\u00e7\u00e3o geme em dores de parto<\/em>\u201d (Rm 8,22).\u00a0O lan\u00e7amento nacional ser\u00e1 feito em Bras\u00edlia pelo secret\u00e1rio geral da CNBB &#8211; Confer\u00eancia Nacional dos Bispos do Brasil -, Dom Dimas Lara Barbosa, com\u00a0a apresenta\u00e7\u00e3o da mensagem do papa Bento XVI, saudando a Campanha. Em seguida, o secret\u00e1rio executivo da CF, padre Luiz Carlos Dias, expor\u00e1 os objetivos da CF, bem como a din\u00e2mica de sua realiza\u00e7\u00e3o nas dioceses, par\u00f3quias e comunidades do pa\u00eds. O secret\u00e1rio geral da CNBB, dom Dimas Lara Barbosa, encerra o ato falando sobre as expectativas da Igreja com a Campanha.<\/p>\n<p><em>Assista ao clipe do Hino da CF2011:<\/em><\/p>\n<p>&nbsp;<\/p>\n<p>Esta \u00e9 a 47\u00aa Campanha da Fraternidade desde que foi criada em 1964. A conscientiza\u00e7\u00e3o sobre o aquecimento global e as mudan\u00e7as clim\u00e1ticas est\u00e1 entre os principais objetivos da Campanha. A busca de a\u00e7\u00f5es que preservem a vida no planeta \u00e9 outra meta da CF.<\/p>\n<p>Com 124 p\u00e1ginas e dividido em quatro partes, o texto-base, carro-chefe da CF, apresenta o conte\u00fado a ser discutido ao longo da Campanha. Na primeira, faz uma an\u00e1lise da realidade procurando estabelecer as causas do aquecimento global e das mudan\u00e7as clim\u00e1ticas. Toca na rela\u00e7\u00e3o que h\u00e1 entre o aquecimento global e as atividades humanas; questiona o modelo energ\u00e9tico do pa\u00eds; denuncia o desmatamento e as queimadas, respons\u00e1veis por 50% da emiss\u00e3o de gases de efeito estufa no Brasil; interpela o agroneg\u00f3cio e o atual modelo de desenvolvimento. A Campanha vai alertar, ainda, para a amea\u00e7a \u00e0 biodiversidade e para o risco da escassez de \u00e1gua no planeta.<\/p>\n<p>A segunda parte do texto-base busca na B\u00edblia, na teologia e na palavra da Igreja a fundamenta\u00e7\u00e3o do tema e do lema da CF. J\u00e1 na terceira parte, aponta diversas atitudes que podem ser tomadas por pessoas, comunidades, governo, empresas e institui\u00e7\u00f5es, com o objetivo de preservar a vida no planeta terra.<\/p>\n<p>Para o secret\u00e1rio geral da CNBB, a Igreja \u00e9 motivada pela f\u00e9 quando discute temas como o proposto pela CF deste ano. \u201cA f\u00e9 nos torna espec\u00edficos numa discuss\u00e3o como essa. A nossa fundamenta\u00e7\u00e3o \u00e9 teol\u00f3gica e se baseia no pr\u00f3prio projeto de Deus para com a cria\u00e7\u00e3o e para com o ser humano\u201d, explica dom Dimas. \u201cA ecologia humana \u00e9 um tema fundamental trazido pelo papa Jo\u00e3o Paulo II e, depois, por Bento XVI. De acordo com o papa, o centro do universo est\u00e1 na pessoa humana e, muitas vezes, as pol\u00edticas p\u00fablicas n\u00e3o levam em conta esses dois pontos, principalmente as pessoas mais vulner\u00e1veis, os mais pobres\u201d, acrescenta.<\/p>\n<p>O secret\u00e1rio executivo da CF, padre Luiz Carlos Dias, diz que a preocupa\u00e7\u00e3o da Igreja com o meio ambiente est\u00e1 ligada \u00e0 sua miss\u00e3o de defender a vida. \u201cA Igreja demonstra suas preocupa\u00e7\u00f5es com o estado de nosso planeta, que precisa de cuidados para que continue a oferecer as condi\u00e7\u00f5es necess\u00e1rias para a vida nele instalada\u201d, disse o secret\u00e1rio.<\/p>\n<p>Esta n\u00e3o \u00e9 a primeira vez que a CF aborda o tema meio ambiente. Em 1979, a Campanha discutiu o tema \u201cPreserve o que \u00e9 de todos\u201d; em 2004, \u201cFraternidade e \u00c1gua \u2013 \u00c1gua, fonte de vida\u201d; e, em 2007, a Amaz\u00f4nia foi lembrada: \u201cFraternidade e Amaz\u00f4nia \u2013 vida e miss\u00e3o neste ch\u00e3o\u201d.<\/p>\n<p>&nbsp;<\/p>\n<div id=\"themify_builder_content-13414\" data-postid=\"13414\" class=\"themify_builder_content themify_builder_content-13414 themify_builder themify_builder_front\">\n\t<\/div>\n<!-- \/themify_builder_content -->","protected":false},"excerpt":{"rendered":"<p>Come\u00e7a nesta quarta-feira, 9, a Campanha da Fraternidade 2011 (CF), que tem por tema: \u201cFraternidade e a Vida no Planeta\u201d e lema: \u201cA cria\u00e7\u00e3o geme em dores de parto\u201d (Rm 8,22).\u00a0O lan\u00e7amento nacional ser\u00e1 feito em Bras\u00edlia pelo secret\u00e1rio geral da CNBB &#8211; Confer\u00eancia Nacional dos Bispos do Brasil -, Dom Dimas Lara Barbosa, com\u00a0a [&hellip;]<\/p>\n","protected":false},"author":5,"featured_media":0,"comment_status":"open","ping_status":"open","sticky":false,"template":"","format":"standard","meta":{"ngg_post_thumbnail":0,"footnotes":""},"categories":[241,3,8,280],"tags":[229,63,104,468,469,470,1844],"yoast_head":"<!-- This site is optimized with the Yoast SEO plugin v23.5 - https:\/\/yoast.com\/wordpress\/plugins\/seo\/ -->\n<title>Igreja abre Campanha da Fraternidade sobre a &quot;Vida no Planeta&quot; - O Arcanjo no ar<\/title>\n<meta name=\"robots\" content=\"index, follow, max-snippet:-1, max-image-preview:large, max-video-preview:-1\" \/>\n<link rel=\"canonical\" href=\"https:\/\/www.oarcanjo.net\/site\/igreja-abre-campanha-da-fraternidade-sobre-a-vida-no-planeta\/\" \/>\n<meta property=\"og:locale\" content=\"pt_BR\" \/>\n<meta property=\"og:type\" content=\"article\" \/>\n<meta property=\"og:title\" content=\"Igreja abre Campanha da Fraternidade sobre a &quot;Vida no Planeta&quot; - O Arcanjo no ar\" \/>\n<meta property=\"og:description\" content=\"Come\u00e7a nesta quarta-feira, 9, a Campanha da Fraternidade 2011 (CF), que tem por tema: \u201cFraternidade e a Vida no Planeta\u201d e lema: \u201cA cria\u00e7\u00e3o geme em dores de parto\u201d (Rm 8,22).\u00a0O lan\u00e7amento nacional ser\u00e1 feito em Bras\u00edlia pelo secret\u00e1rio geral da CNBB &#8211; Confer\u00eancia Nacional dos Bispos do Brasil -, Dom Dimas Lara Barbosa, com\u00a0a [&hellip;]\" \/>\n<meta property=\"og:url\" content=\"https:\/\/www.oarcanjo.net\/site\/igreja-abre-campanha-da-fraternidade-sobre-a-vida-no-planeta\/\" \/>\n<meta property=\"og:site_name\" content=\"O Arcanjo no ar\" \/>\n<meta property=\"article:publisher\" content=\"https:\/\/www.facebook.com\/OArcanjoNoAr\/\" \/>\n<meta property=\"article:published_time\" content=\"2011-03-08T13:04:17+00:00\" \/>\n<meta property=\"article:modified_time\" content=\"2011-03-09T03:11:17+00:00\" \/>\n<meta property=\"og:image\" content=\"http:\/\/www.oarcanjo.net\/site\/wp-content\/uploads\/cartazcf2011_270_260.jpg\" \/>\n<meta name=\"author\" content=\"editor\" \/>\n<meta name=\"twitter:card\" content=\"summary_large_image\" \/>\n<meta name=\"twitter:label1\" content=\"Escrito por\" \/>\n\t<meta name=\"twitter:data1\" content=\"editor\" \/>\n\t<meta name=\"twitter:label2\" content=\"Est. tempo de leitura\" \/>\n\t<meta name=\"twitter:data2\" content=\"3 minutos\" \/>\n<script type=\"application\/ld+json\" class=\"yoast-schema-graph\">{\"@context\":\"https:\/\/schema.org\",\"@graph\":[{\"@type\":\"Article\",\"@id\":\"https:\/\/www.oarcanjo.net\/site\/igreja-abre-campanha-da-fraternidade-sobre-a-vida-no-planeta\/#article\",\"isPartOf\":{\"@id\":\"https:\/\/www.oarcanjo.net\/site\/igreja-abre-campanha-da-fraternidade-sobre-a-vida-no-planeta\/\"},\"author\":{\"name\":\"editor\",\"@id\":\"https:\/\/www.oarcanjo.net\/site\/#\/schema\/person\/f7024d007863202483a31326673a0838\"},\"headline\":\"Igreja abre Campanha da Fraternidade sobre a &#8220;Vida no Planeta&#8221;\",\"datePublished\":\"2011-03-08T13:04:17+00:00\",\"dateModified\":\"2011-03-09T03:11:17+00:00\",\"mainEntityOfPage\":{\"@id\":\"https:\/\/www.oarcanjo.net\/site\/igreja-abre-campanha-da-fraternidade-sobre-a-vida-no-planeta\/\"},\"wordCount\":598,\"commentCount\":2,\"publisher\":{\"@id\":\"https:\/\/www.oarcanjo.net\/site\/#organization\"},\"image\":{\"@id\":\"https:\/\/www.oarcanjo.net\/site\/igreja-abre-campanha-da-fraternidade-sobre-a-vida-no-planeta\/#primaryimage\"},\"thumbnailUrl\":\"http:\/\/www.oarcanjo.net\/site\/wp-content\/uploads\/cartazcf2011_270_260.jpg\",\"keywords\":[\"Campanha da Fraternidade\",\"CNBB\",\"ecologia\",\"meio ambiente\",\"preserva\u00e7\u00e3o\",\"sustentabilidade\",\"Vida no Planeta\"],\"articleSection\":[\"CF\",\"Destaques\",\"Not\u00edcias\",\"V\u00eddeos\"],\"inLanguage\":\"pt-BR\",\"potentialAction\":[{\"@type\":\"CommentAction\",\"name\":\"Comment\",\"target\":[\"https:\/\/www.oarcanjo.net\/site\/igreja-abre-campanha-da-fraternidade-sobre-a-vida-no-planeta\/#respond\"]}]},{\"@type\":\"WebPage\",\"@id\":\"https:\/\/www.oarcanjo.net\/site\/igreja-abre-campanha-da-fraternidade-sobre-a-vida-no-planeta\/\",\"url\":\"https:\/\/www.oarcanjo.net\/site\/igreja-abre-campanha-da-fraternidade-sobre-a-vida-no-planeta\/\",\"name\":\"Igreja abre Campanha da Fraternidade sobre a \\\"Vida no Planeta\\\" - O Arcanjo no ar\",\"isPartOf\":{\"@id\":\"https:\/\/www.oarcanjo.net\/site\/#website\"},\"primaryImageOfPage\":{\"@id\":\"https:\/\/www.oarcanjo.net\/site\/igreja-abre-campanha-da-fraternidade-sobre-a-vida-no-planeta\/#primaryimage\"},\"image\":{\"@id\":\"https:\/\/www.oarcanjo.net\/site\/igreja-abre-campanha-da-fraternidade-sobre-a-vida-no-planeta\/#primaryimage\"},\"thumbnailUrl\":\"http:\/\/www.oarcanjo.net\/site\/wp-content\/uploads\/cartazcf2011_270_260.jpg\",\"datePublished\":\"2011-03-08T13:04:17+00:00\",\"dateModified\":\"2011-03-09T03:11:17+00:00\",\"breadcrumb\":{\"@id\":\"https:\/\/www.oarcanjo.net\/site\/igreja-abre-campanha-da-fraternidade-sobre-a-vida-no-planeta\/#breadcrumb\"},\"inLanguage\":\"pt-BR\",\"potentialAction\":[{\"@type\":\"ReadAction\",\"target\":[\"https:\/\/www.oarcanjo.net\/site\/igreja-abre-campanha-da-fraternidade-sobre-a-vida-no-planeta\/\"]}]},{\"@type\":\"ImageObject\",\"inLanguage\":\"pt-BR\",\"@id\":\"https:\/\/www.oarcanjo.net\/site\/igreja-abre-campanha-da-fraternidade-sobre-a-vida-no-planeta\/#primaryimage\",\"url\":\"http:\/\/www.oarcanjo.net\/site\/wp-content\/uploads\/cartazcf2011_270_260.jpg\",\"contentUrl\":\"http:\/\/www.oarcanjo.net\/site\/wp-content\/uploads\/cartazcf2011_270_260.jpg\"},{\"@type\":\"BreadcrumbList\",\"@id\":\"https:\/\/www.oarcanjo.net\/site\/igreja-abre-campanha-da-fraternidade-sobre-a-vida-no-planeta\/#breadcrumb\",\"itemListElement\":[{\"@type\":\"ListItem\",\"position\":1,\"name\":\"In\u00edcio\",\"item\":\"https:\/\/www.oarcanjo.net\/site\/\"},{\"@type\":\"ListItem\",\"position\":2,\"name\":\"Igreja abre Campanha da Fraternidade sobre a &#8220;Vida no Planeta&#8221;\"}]},{\"@type\":\"WebSite\",\"@id\":\"https:\/\/www.oarcanjo.net\/site\/#website\",\"url\":\"https:\/\/www.oarcanjo.net\/site\/\",\"name\":\"O Arcanjo no ar\",\"description\":\"Site da Par\u00f3quia S\u00e3o Miguel Arcanjo (Arquidiocese de SP)\",\"publisher\":{\"@id\":\"https:\/\/www.oarcanjo.net\/site\/#organization\"},\"potentialAction\":[{\"@type\":\"SearchAction\",\"target\":{\"@type\":\"EntryPoint\",\"urlTemplate\":\"https:\/\/www.oarcanjo.net\/site\/?s={search_term_string}\"},\"query-input\":{\"@type\":\"PropertyValueSpecification\",\"valueRequired\":true,\"valueName\":\"search_term_string\"}}],\"inLanguage\":\"pt-BR\"},{\"@type\":\"Organization\",\"@id\":\"https:\/\/www.oarcanjo.net\/site\/#organization\",\"name\":\"Par\u00f3quia S\u00e3o Miguel Arcanjo\",\"url\":\"https:\/\/www.oarcanjo.net\/site\/\",\"logo\":{\"@type\":\"ImageObject\",\"inLanguage\":\"pt-BR\",\"@id\":\"https:\/\/www.oarcanjo.net\/site\/#\/schema\/logo\/image\/\",\"url\":\"https:\/\/www.oarcanjo.net\/site\/wp-content\/uploads\/LogoOArcanjo.png\",\"contentUrl\":\"https:\/\/www.oarcanjo.net\/site\/wp-content\/uploads\/LogoOArcanjo.png\",\"width\":319,\"height\":99,\"caption\":\"Par\u00f3quia S\u00e3o Miguel Arcanjo\"},\"image\":{\"@id\":\"https:\/\/www.oarcanjo.net\/site\/#\/schema\/logo\/image\/\"},\"sameAs\":[\"https:\/\/www.facebook.com\/OArcanjoNoAr\/\"]},{\"@type\":\"Person\",\"@id\":\"https:\/\/www.oarcanjo.net\/site\/#\/schema\/person\/f7024d007863202483a31326673a0838\",\"name\":\"editor\",\"sameAs\":[\"http:\/\/www.oarcanjo.net\"]}]}<\/script>\n<!-- \/ Yoast SEO plugin. -->","yoast_head_json":{"title":"Igreja abre Campanha da Fraternidade sobre a \"Vida no Planeta\" - O Arcanjo no ar","robots":{"index":"index","follow":"follow","max-snippet":"max-snippet:-1","max-image-preview":"max-image-preview:large","max-video-preview":"max-video-preview:-1"},"canonical":"https:\/\/www.oarcanjo.net\/site\/igreja-abre-campanha-da-fraternidade-sobre-a-vida-no-planeta\/","og_locale":"pt_BR","og_type":"article","og_title":"Igreja abre Campanha da Fraternidade sobre a \"Vida no Planeta\" - O Arcanjo no ar","og_description":"Come\u00e7a nesta quarta-feira, 9, a Campanha da Fraternidade 2011 (CF), que tem por tema: \u201cFraternidade e a Vida no Planeta\u201d e lema: \u201cA cria\u00e7\u00e3o geme em dores de parto\u201d (Rm 8,22).\u00a0O lan\u00e7amento nacional ser\u00e1 feito em Bras\u00edlia pelo secret\u00e1rio geral da CNBB &#8211; Confer\u00eancia Nacional dos Bispos do Brasil -, Dom Dimas Lara Barbosa, com\u00a0a [&hellip;]","og_url":"https:\/\/www.oarcanjo.net\/site\/igreja-abre-campanha-da-fraternidade-sobre-a-vida-no-planeta\/","og_site_name":"O Arcanjo no ar","article_publisher":"https:\/\/www.facebook.com\/OArcanjoNoAr\/","article_published_time":"2011-03-08T13:04:17+00:00","article_modified_time":"2011-03-09T03:11:17+00:00","og_image":[{"url":"http:\/\/www.oarcanjo.net\/site\/wp-content\/uploads\/cartazcf2011_270_260.jpg"}],"author":"editor","twitter_card":"summary_large_image","twitter_misc":{"Escrito por":"editor","Est. tempo de leitura":"3 minutos"},"schema":{"@context":"https:\/\/schema.org","@graph":[{"@type":"Article","@id":"https:\/\/www.oarcanjo.net\/site\/igreja-abre-campanha-da-fraternidade-sobre-a-vida-no-planeta\/#article","isPartOf":{"@id":"https:\/\/www.oarcanjo.net\/site\/igreja-abre-campanha-da-fraternidade-sobre-a-vida-no-planeta\/"},"author":{"name":"editor","@id":"https:\/\/www.oarcanjo.net\/site\/#\/schema\/person\/f7024d007863202483a31326673a0838"},"headline":"Igreja abre Campanha da Fraternidade sobre a &#8220;Vida no Planeta&#8221;","datePublished":"2011-03-08T13:04:17+00:00","dateModified":"2011-03-09T03:11:17+00:00","mainEntityOfPage":{"@id":"https:\/\/www.oarcanjo.net\/site\/igreja-abre-campanha-da-fraternidade-sobre-a-vida-no-planeta\/"},"wordCount":598,"commentCount":2,"publisher":{"@id":"https:\/\/www.oarcanjo.net\/site\/#organization"},"image":{"@id":"https:\/\/www.oarcanjo.net\/site\/igreja-abre-campanha-da-fraternidade-sobre-a-vida-no-planeta\/#primaryimage"},"thumbnailUrl":"http:\/\/www.oarcanjo.net\/site\/wp-content\/uploads\/cartazcf2011_270_260.jpg","keywords":["Campanha da Fraternidade","CNBB","ecologia","meio ambiente","preserva\u00e7\u00e3o","sustentabilidade","Vida no Planeta"],"articleSection":["CF","Destaques","Not\u00edcias","V\u00eddeos"],"inLanguage":"pt-BR","potentialAction":[{"@type":"CommentAction","name":"Comment","target":["https:\/\/www.oarcanjo.net\/site\/igreja-abre-campanha-da-fraternidade-sobre-a-vida-no-planeta\/#respond"]}]},{"@type":"WebPage","@id":"https:\/\/www.oarcanjo.net\/site\/igreja-abre-campanha-da-fraternidade-sobre-a-vida-no-planeta\/","url":"https:\/\/www.oarcanjo.net\/site\/igreja-abre-campanha-da-fraternidade-sobre-a-vida-no-planeta\/","name":"Igreja abre Campanha da Fraternidade sobre a \"Vida no Planeta\" - O Arcanjo no ar","isPartOf":{"@id":"https:\/\/www.oarcanjo.net\/site\/#website"},"primaryImageOfPage":{"@id":"https:\/\/www.oarcanjo.net\/site\/igreja-abre-campanha-da-fraternidade-sobre-a-vida-no-planeta\/#primaryimage"},"image":{"@id":"https:\/\/www.oarcanjo.net\/site\/igreja-abre-campanha-da-fraternidade-sobre-a-vida-no-planeta\/#primaryimage"},"thumbnailUrl":"http:\/\/www.oarcanjo.net\/site\/wp-content\/uploads\/cartazcf2011_270_260.jpg","datePublished":"2011-03-08T13:04:17+00:00","dateModified":"2011-03-09T03:11:17+00:00","breadcrumb":{"@id":"https:\/\/www.oarcanjo.net\/site\/igreja-abre-campanha-da-fraternidade-sobre-a-vida-no-planeta\/#breadcrumb"},"inLanguage":"pt-BR","potentialAction":[{"@type":"ReadAction","target":["https:\/\/www.oarcanjo.net\/site\/igreja-abre-campanha-da-fraternidade-sobre-a-vida-no-planeta\/"]}]},{"@type":"ImageObject","inLanguage":"pt-BR","@id":"https:\/\/www.oarcanjo.net\/site\/igreja-abre-campanha-da-fraternidade-sobre-a-vida-no-planeta\/#primaryimage","url":"http:\/\/www.oarcanjo.net\/site\/wp-content\/uploads\/cartazcf2011_270_260.jpg","contentUrl":"http:\/\/www.oarcanjo.net\/site\/wp-content\/uploads\/cartazcf2011_270_260.jpg"},{"@type":"BreadcrumbList","@id":"https:\/\/www.oarcanjo.net\/site\/igreja-abre-campanha-da-fraternidade-sobre-a-vida-no-planeta\/#breadcrumb","itemListElement":[{"@type":"ListItem","position":1,"name":"In\u00edcio","item":"https:\/\/www.oarcanjo.net\/site\/"},{"@type":"ListItem","position":2,"name":"Igreja abre Campanha da Fraternidade sobre a &#8220;Vida no Planeta&#8221;"}]},{"@type":"WebSite","@id":"https:\/\/www.oarcanjo.net\/site\/#website","url":"https:\/\/www.oarcanjo.net\/site\/","name":"O Arcanjo no ar","description":"Site da Par\u00f3quia S\u00e3o Miguel Arcanjo (Arquidiocese de SP)","publisher":{"@id":"https:\/\/www.oarcanjo.net\/site\/#organization"},"potentialAction":[{"@type":"SearchAction","target":{"@type":"EntryPoint","urlTemplate":"https:\/\/www.oarcanjo.net\/site\/?s={search_term_string}"},"query-input":{"@type":"PropertyValueSpecification","valueRequired":true,"valueName":"search_term_string"}}],"inLanguage":"pt-BR"},{"@type":"Organization","@id":"https:\/\/www.oarcanjo.net\/site\/#organization","name":"Par\u00f3quia S\u00e3o Miguel Arcanjo","url":"https:\/\/www.oarcanjo.net\/site\/","logo":{"@type":"ImageObject","inLanguage":"pt-BR","@id":"https:\/\/www.oarcanjo.net\/site\/#\/schema\/logo\/image\/","url":"https:\/\/www.oarcanjo.net\/site\/wp-content\/uploads\/LogoOArcanjo.png","contentUrl":"https:\/\/www.oarcanjo.net\/site\/wp-content\/uploads\/LogoOArcanjo.png","width":319,"height":99,"caption":"Par\u00f3quia S\u00e3o Miguel Arcanjo"},"image":{"@id":"https:\/\/www.oarcanjo.net\/site\/#\/schema\/logo\/image\/"},"sameAs":["https:\/\/www.facebook.com\/OArcanjoNoAr\/"]},{"@type":"Person","@id":"https:\/\/www.oarcanjo.net\/site\/#\/schema\/person\/f7024d007863202483a31326673a0838","name":"editor","sameAs":["http:\/\/www.oarcanjo.net"]}]}},"publishpress_future_action":{"enabled":false,"date":"2026-05-09 07:46:17","action":"category","newStatus":"draft","terms":[],"taxonomy":"category"},"publishpress_future_workflow_manual_trigger":{"enabledWorkflows":[]},"_links":{"self":[{"href":"https:\/\/www.oarcanjo.net\/site\/wp-json\/wp\/v2\/posts\/13414"}],"collection":[{"href":"https:\/\/www.oarcanjo.net\/site\/wp-json\/wp\/v2\/posts"}],"about":[{"href":"https:\/\/www.oarcanjo.net\/site\/wp-json\/wp\/v2\/types\/post"}],"author":[{"embeddable":true,"href":"https:\/\/www.oarcanjo.net\/site\/wp-json\/wp\/v2\/users\/5"}],"replies":[{"embeddable":true,"href":"https:\/\/www.oarcanjo.net\/site\/wp-json\/wp\/v2\/comments?post=13414"}],"version-history":[{"count":0,"href":"https:\/\/www.oarcanjo.net\/site\/wp-json\/wp\/v2\/posts\/13414\/revisions"}],"wp:attachment":[{"href":"https:\/\/www.oarcanjo.net\/site\/wp-json\/wp\/v2\/media?parent=13414"}],"wp:term":[{"taxonomy":"category","embeddable":true,"href":"https:\/\/www.oarcanjo.net\/site\/wp-json\/wp\/v2\/categories?post=13414"},{"taxonomy":"post_tag","embeddable":true,"href":"https:\/\/www.oarcanjo.net\/site\/wp-json\/wp\/v2\/tags?post=13414"}],"curies":[{"name":"wp","href":"https:\/\/api.w.org\/{rel}","templated":true}]}}