
{"id":13426,"date":"2011-03-08T12:26:41","date_gmt":"2011-03-08T15:26:41","guid":{"rendered":"http:\/\/www.oarcanjo.net\/site\/?p=13426"},"modified":"2011-03-08T12:26:41","modified_gmt":"2011-03-08T15:26:41","slug":"a-forca-do-evangelho","status":"publish","type":"post","link":"https:\/\/www.oarcanjo.net\/site\/a-forca-do-evangelho\/","title":{"rendered":"A for\u00e7a do Evangelho"},"content":{"rendered":"<p>Jos\u00e9 Antonio Pagola<\/p>\n<p>Mateus conclui o grande discurso de Jesus em uma montanha da Galil\u00e9ia, com duas breves par\u00e1bolas, narradas com mestria e f\u00e1ceis de lembrar por todos. Sua mensagem \u00e9 fundamental: seguir Jesus \u00e9 &#8220;escutar as suas palavras\u201d e \u201ccoloc\u00e1-las em pr\u00e1tica&#8221;. Se n\u00e3o fizermos assim o nosso cristianismo \u00e9 um disparate. N\u00e3o faz sentido nenhum.<\/p>\n<p>O homem prudente edifica sua casa sobre a rocha s\u00f3lida. Por isso, quando as chuvas torrenciais do inverno e a \u00e1gua desce das montanhas e assopram os fortes ventos do Mediterr\u00e2neo, a casa n\u00e3o afunda: &#8220;est\u00e1 edificada sobre a rocha&#8221;. Assim \u00e9 a Igreja formada por crentes que se esfor\u00e7am em escutar o evangelho e coloc\u00e1-lo em pr\u00e1tica.<\/p>\n<p>O homem insensato, pelo contr\u00e1rio, edifica sua casa sobre a areia no fundo do vale. Portanto, quando chegam as chuvas, correm os rios e assopram os ventos, a casa cai e \u201c\u00e9 grande a sua queda\u201d. Da mesma forma, o cristianismo se desmorona quando n\u00e3o \u00e9 fundamentado na rocha do Evangelho escutado e praticado nas comunidades.<\/p>\n<p>Na consci\u00eancia moderna tem se produzido uma profunda mudan\u00e7a cultural que est\u00e1 colocando em crise o nascimento e a viv\u00eancia da f\u00e9 crist\u00e3. Est\u00e1 se tornando cada vez mais dif\u00edcil despertar uma f\u00e9 viva em Deus e em Jesus Cristo por meio da &#8220;doutrina\u00e7\u00e3o&#8221;. Apontemos duas causas f\u00e1ceis de detectar.<\/p>\n<p>Por um lado, h\u00e1 uma crise de autoridade, qualquer tipo de autoridade. Hoje em dia \u00e9 dif\u00edcil a F\u00e9 brotar da obedi\u00eancia a uma autoridade religiosa que se apresenta como possuidora da verdade. A palavra que a Igreja profere desde sua posi\u00e7\u00e3o de autoridade sagrada n\u00e3o resulta hoje, por si mesma, nem cr\u00edvel nem atraente.<\/p>\n<p>Al\u00e9m disso, ao inv\u00e9s de doutrina religiosa, as pessoas procuram uma experi\u00eancia que lhes ajude a viver com sentido e esperan\u00e7a. Muitos homens e mulheres se distanciam quase instintivamente de qualquer inicia\u00e7\u00e3o \u00e0 f\u00e9 entendida como &#8220;processo de aprendizagem&#8221;.<\/p>\n<p>Temos que acreditar muito mais na for\u00e7a transformadora do Evangelho. As palavras de Jesus t\u00eam mais poder do que nossas doutrinas. Sua Boa Nova \u00e9 mais atraente do que todos os nossos serm\u00f5es. N\u00e3o \u00e9 hora de formar grupos, criar espa\u00e7os, possibilitar encontros em que as pessoas de hoje tenham a oportunidade de entrar em contacto direto com o Evangelho para escutar Jesus e descobrir juntos a Boa Nova?<\/p>\n<p>Muitos dos que se sentem perdidos e vivem sem esperan\u00e7a poderiam descobrir com alegria que n\u00e3o est\u00e3o sozinhos, que eles podem confiar em um Deus Pai e que podem viver com a esperan\u00e7a de Jesus. Isto \u00e9 o que eles mais precisam.<\/p>\n<div id=\"themify_builder_content-13426\" data-postid=\"13426\" class=\"themify_builder_content themify_builder_content-13426 themify_builder themify_builder_front\">\n\t<\/div>\n<!-- \/themify_builder_content -->","protected":false},"excerpt":{"rendered":"<p>Jos\u00e9 Antonio Pagola Mateus conclui o grande discurso de Jesus em uma montanha da Galil\u00e9ia, com duas breves par\u00e1bolas, narradas com mestria e f\u00e1ceis de lembrar por todos. Sua mensagem \u00e9 fundamental: seguir Jesus \u00e9 &#8220;escutar as suas palavras\u201d e \u201ccoloc\u00e1-las em pr\u00e1tica&#8221;. Se n\u00e3o fizermos assim o nosso cristianismo \u00e9 um disparate. N\u00e3o faz [&hellip;]<\/p>\n","protected":false},"author":5,"featured_media":0,"comment_status":"open","ping_status":"open","sticky":false,"template":"","format":"standard","meta":{"ngg_post_thumbnail":0,"footnotes":""},"categories":[9],"tags":[273,1845,1824],"yoast_head":"<!-- This site is optimized with the Yoast SEO plugin v23.5 - https:\/\/yoast.com\/wordpress\/plugins\/seo\/ -->\n<title>A for\u00e7a do Evangelho - O Arcanjo no ar<\/title>\n<meta name=\"robots\" content=\"index, follow, max-snippet:-1, max-image-preview:large, max-video-preview:-1\" \/>\n<link rel=\"canonical\" href=\"https:\/\/www.oarcanjo.net\/site\/a-forca-do-evangelho\/\" \/>\n<meta property=\"og:locale\" content=\"pt_BR\" \/>\n<meta property=\"og:type\" content=\"article\" \/>\n<meta property=\"og:title\" content=\"A for\u00e7a do Evangelho - O Arcanjo no ar\" \/>\n<meta property=\"og:description\" content=\"Jos\u00e9 Antonio Pagola Mateus conclui o grande discurso de Jesus em uma montanha da Galil\u00e9ia, com duas breves par\u00e1bolas, narradas com mestria e f\u00e1ceis de lembrar por todos. Sua mensagem \u00e9 fundamental: seguir Jesus \u00e9 &#8220;escutar as suas palavras\u201d e \u201ccoloc\u00e1-las em pr\u00e1tica&#8221;. Se n\u00e3o fizermos assim o nosso cristianismo \u00e9 um disparate. N\u00e3o faz [&hellip;]\" \/>\n<meta property=\"og:url\" content=\"https:\/\/www.oarcanjo.net\/site\/a-forca-do-evangelho\/\" \/>\n<meta property=\"og:site_name\" content=\"O Arcanjo no ar\" \/>\n<meta property=\"article:publisher\" content=\"https:\/\/www.facebook.com\/OArcanjoNoAr\/\" \/>\n<meta property=\"article:published_time\" content=\"2011-03-08T15:26:41+00:00\" \/>\n<meta property=\"og:image\" content=\"https:\/\/www.oarcanjo.net\/site\/wp-content\/uploads\/logo-o-arcanjo-no-ar-facebook.png\" \/>\n\t<meta property=\"og:image:width\" content=\"300\" \/>\n\t<meta property=\"og:image:height\" content=\"300\" \/>\n\t<meta property=\"og:image:type\" content=\"image\/png\" \/>\n<meta name=\"author\" content=\"editor\" \/>\n<meta name=\"twitter:card\" content=\"summary_large_image\" \/>\n<meta name=\"twitter:label1\" content=\"Escrito por\" \/>\n\t<meta name=\"twitter:data1\" content=\"editor\" \/>\n\t<meta name=\"twitter:label2\" content=\"Est. tempo de leitura\" \/>\n\t<meta name=\"twitter:data2\" content=\"2 minutos\" \/>\n<script type=\"application\/ld+json\" class=\"yoast-schema-graph\">{\"@context\":\"https:\/\/schema.org\",\"@graph\":[{\"@type\":\"Article\",\"@id\":\"https:\/\/www.oarcanjo.net\/site\/a-forca-do-evangelho\/#article\",\"isPartOf\":{\"@id\":\"https:\/\/www.oarcanjo.net\/site\/a-forca-do-evangelho\/\"},\"author\":{\"name\":\"editor\",\"@id\":\"https:\/\/www.oarcanjo.net\/site\/#\/schema\/person\/f7024d007863202483a31326673a0838\"},\"headline\":\"A for\u00e7a do Evangelho\",\"datePublished\":\"2011-03-08T15:26:41+00:00\",\"dateModified\":\"2011-03-08T15:26:41+00:00\",\"mainEntityOfPage\":{\"@id\":\"https:\/\/www.oarcanjo.net\/site\/a-forca-do-evangelho\/\"},\"wordCount\":460,\"commentCount\":0,\"publisher\":{\"@id\":\"https:\/\/www.oarcanjo.net\/site\/#organization\"},\"keywords\":[\"evangelho\",\"Mateus\",\"Serm\u00e3o da Montanha\"],\"articleSection\":[\"Reflex\u00f5es\"],\"inLanguage\":\"pt-BR\",\"potentialAction\":[{\"@type\":\"CommentAction\",\"name\":\"Comment\",\"target\":[\"https:\/\/www.oarcanjo.net\/site\/a-forca-do-evangelho\/#respond\"]}]},{\"@type\":\"WebPage\",\"@id\":\"https:\/\/www.oarcanjo.net\/site\/a-forca-do-evangelho\/\",\"url\":\"https:\/\/www.oarcanjo.net\/site\/a-forca-do-evangelho\/\",\"name\":\"A for\u00e7a do Evangelho - O Arcanjo no ar\",\"isPartOf\":{\"@id\":\"https:\/\/www.oarcanjo.net\/site\/#website\"},\"datePublished\":\"2011-03-08T15:26:41+00:00\",\"dateModified\":\"2011-03-08T15:26:41+00:00\",\"breadcrumb\":{\"@id\":\"https:\/\/www.oarcanjo.net\/site\/a-forca-do-evangelho\/#breadcrumb\"},\"inLanguage\":\"pt-BR\",\"potentialAction\":[{\"@type\":\"ReadAction\",\"target\":[\"https:\/\/www.oarcanjo.net\/site\/a-forca-do-evangelho\/\"]}]},{\"@type\":\"BreadcrumbList\",\"@id\":\"https:\/\/www.oarcanjo.net\/site\/a-forca-do-evangelho\/#breadcrumb\",\"itemListElement\":[{\"@type\":\"ListItem\",\"position\":1,\"name\":\"In\u00edcio\",\"item\":\"https:\/\/www.oarcanjo.net\/site\/\"},{\"@type\":\"ListItem\",\"position\":2,\"name\":\"A for\u00e7a do Evangelho\"}]},{\"@type\":\"WebSite\",\"@id\":\"https:\/\/www.oarcanjo.net\/site\/#website\",\"url\":\"https:\/\/www.oarcanjo.net\/site\/\",\"name\":\"O Arcanjo no ar\",\"description\":\"Site da Par\u00f3quia S\u00e3o Miguel Arcanjo (Arquidiocese de SP)\",\"publisher\":{\"@id\":\"https:\/\/www.oarcanjo.net\/site\/#organization\"},\"potentialAction\":[{\"@type\":\"SearchAction\",\"target\":{\"@type\":\"EntryPoint\",\"urlTemplate\":\"https:\/\/www.oarcanjo.net\/site\/?s={search_term_string}\"},\"query-input\":{\"@type\":\"PropertyValueSpecification\",\"valueRequired\":true,\"valueName\":\"search_term_string\"}}],\"inLanguage\":\"pt-BR\"},{\"@type\":\"Organization\",\"@id\":\"https:\/\/www.oarcanjo.net\/site\/#organization\",\"name\":\"Par\u00f3quia S\u00e3o Miguel Arcanjo\",\"url\":\"https:\/\/www.oarcanjo.net\/site\/\",\"logo\":{\"@type\":\"ImageObject\",\"inLanguage\":\"pt-BR\",\"@id\":\"https:\/\/www.oarcanjo.net\/site\/#\/schema\/logo\/image\/\",\"url\":\"https:\/\/www.oarcanjo.net\/site\/wp-content\/uploads\/LogoOArcanjo.png\",\"contentUrl\":\"https:\/\/www.oarcanjo.net\/site\/wp-content\/uploads\/LogoOArcanjo.png\",\"width\":319,\"height\":99,\"caption\":\"Par\u00f3quia S\u00e3o Miguel Arcanjo\"},\"image\":{\"@id\":\"https:\/\/www.oarcanjo.net\/site\/#\/schema\/logo\/image\/\"},\"sameAs\":[\"https:\/\/www.facebook.com\/OArcanjoNoAr\/\"]},{\"@type\":\"Person\",\"@id\":\"https:\/\/www.oarcanjo.net\/site\/#\/schema\/person\/f7024d007863202483a31326673a0838\",\"name\":\"editor\",\"sameAs\":[\"http:\/\/www.oarcanjo.net\"]}]}<\/script>\n<!-- \/ Yoast SEO plugin. -->","yoast_head_json":{"title":"A for\u00e7a do Evangelho - O Arcanjo no ar","robots":{"index":"index","follow":"follow","max-snippet":"max-snippet:-1","max-image-preview":"max-image-preview:large","max-video-preview":"max-video-preview:-1"},"canonical":"https:\/\/www.oarcanjo.net\/site\/a-forca-do-evangelho\/","og_locale":"pt_BR","og_type":"article","og_title":"A for\u00e7a do Evangelho - O Arcanjo no ar","og_description":"Jos\u00e9 Antonio Pagola Mateus conclui o grande discurso de Jesus em uma montanha da Galil\u00e9ia, com duas breves par\u00e1bolas, narradas com mestria e f\u00e1ceis de lembrar por todos. Sua mensagem \u00e9 fundamental: seguir Jesus \u00e9 &#8220;escutar as suas palavras\u201d e \u201ccoloc\u00e1-las em pr\u00e1tica&#8221;. Se n\u00e3o fizermos assim o nosso cristianismo \u00e9 um disparate. N\u00e3o faz [&hellip;]","og_url":"https:\/\/www.oarcanjo.net\/site\/a-forca-do-evangelho\/","og_site_name":"O Arcanjo no ar","article_publisher":"https:\/\/www.facebook.com\/OArcanjoNoAr\/","article_published_time":"2011-03-08T15:26:41+00:00","og_image":[{"width":300,"height":300,"url":"https:\/\/www.oarcanjo.net\/site\/wp-content\/uploads\/logo-o-arcanjo-no-ar-facebook.png","type":"image\/png"}],"author":"editor","twitter_card":"summary_large_image","twitter_misc":{"Escrito por":"editor","Est. tempo de leitura":"2 minutos"},"schema":{"@context":"https:\/\/schema.org","@graph":[{"@type":"Article","@id":"https:\/\/www.oarcanjo.net\/site\/a-forca-do-evangelho\/#article","isPartOf":{"@id":"https:\/\/www.oarcanjo.net\/site\/a-forca-do-evangelho\/"},"author":{"name":"editor","@id":"https:\/\/www.oarcanjo.net\/site\/#\/schema\/person\/f7024d007863202483a31326673a0838"},"headline":"A for\u00e7a do Evangelho","datePublished":"2011-03-08T15:26:41+00:00","dateModified":"2011-03-08T15:26:41+00:00","mainEntityOfPage":{"@id":"https:\/\/www.oarcanjo.net\/site\/a-forca-do-evangelho\/"},"wordCount":460,"commentCount":0,"publisher":{"@id":"https:\/\/www.oarcanjo.net\/site\/#organization"},"keywords":["evangelho","Mateus","Serm\u00e3o da Montanha"],"articleSection":["Reflex\u00f5es"],"inLanguage":"pt-BR","potentialAction":[{"@type":"CommentAction","name":"Comment","target":["https:\/\/www.oarcanjo.net\/site\/a-forca-do-evangelho\/#respond"]}]},{"@type":"WebPage","@id":"https:\/\/www.oarcanjo.net\/site\/a-forca-do-evangelho\/","url":"https:\/\/www.oarcanjo.net\/site\/a-forca-do-evangelho\/","name":"A for\u00e7a do Evangelho - O Arcanjo no ar","isPartOf":{"@id":"https:\/\/www.oarcanjo.net\/site\/#website"},"datePublished":"2011-03-08T15:26:41+00:00","dateModified":"2011-03-08T15:26:41+00:00","breadcrumb":{"@id":"https:\/\/www.oarcanjo.net\/site\/a-forca-do-evangelho\/#breadcrumb"},"inLanguage":"pt-BR","potentialAction":[{"@type":"ReadAction","target":["https:\/\/www.oarcanjo.net\/site\/a-forca-do-evangelho\/"]}]},{"@type":"BreadcrumbList","@id":"https:\/\/www.oarcanjo.net\/site\/a-forca-do-evangelho\/#breadcrumb","itemListElement":[{"@type":"ListItem","position":1,"name":"In\u00edcio","item":"https:\/\/www.oarcanjo.net\/site\/"},{"@type":"ListItem","position":2,"name":"A for\u00e7a do Evangelho"}]},{"@type":"WebSite","@id":"https:\/\/www.oarcanjo.net\/site\/#website","url":"https:\/\/www.oarcanjo.net\/site\/","name":"O Arcanjo no ar","description":"Site da Par\u00f3quia S\u00e3o Miguel Arcanjo (Arquidiocese de SP)","publisher":{"@id":"https:\/\/www.oarcanjo.net\/site\/#organization"},"potentialAction":[{"@type":"SearchAction","target":{"@type":"EntryPoint","urlTemplate":"https:\/\/www.oarcanjo.net\/site\/?s={search_term_string}"},"query-input":{"@type":"PropertyValueSpecification","valueRequired":true,"valueName":"search_term_string"}}],"inLanguage":"pt-BR"},{"@type":"Organization","@id":"https:\/\/www.oarcanjo.net\/site\/#organization","name":"Par\u00f3quia S\u00e3o Miguel Arcanjo","url":"https:\/\/www.oarcanjo.net\/site\/","logo":{"@type":"ImageObject","inLanguage":"pt-BR","@id":"https:\/\/www.oarcanjo.net\/site\/#\/schema\/logo\/image\/","url":"https:\/\/www.oarcanjo.net\/site\/wp-content\/uploads\/LogoOArcanjo.png","contentUrl":"https:\/\/www.oarcanjo.net\/site\/wp-content\/uploads\/LogoOArcanjo.png","width":319,"height":99,"caption":"Par\u00f3quia S\u00e3o Miguel Arcanjo"},"image":{"@id":"https:\/\/www.oarcanjo.net\/site\/#\/schema\/logo\/image\/"},"sameAs":["https:\/\/www.facebook.com\/OArcanjoNoAr\/"]},{"@type":"Person","@id":"https:\/\/www.oarcanjo.net\/site\/#\/schema\/person\/f7024d007863202483a31326673a0838","name":"editor","sameAs":["http:\/\/www.oarcanjo.net"]}]}},"publishpress_future_action":{"enabled":false,"date":"2026-05-10 09:19:57","action":"category","newStatus":"draft","terms":[],"taxonomy":"category"},"publishpress_future_workflow_manual_trigger":{"enabledWorkflows":[]},"_links":{"self":[{"href":"https:\/\/www.oarcanjo.net\/site\/wp-json\/wp\/v2\/posts\/13426"}],"collection":[{"href":"https:\/\/www.oarcanjo.net\/site\/wp-json\/wp\/v2\/posts"}],"about":[{"href":"https:\/\/www.oarcanjo.net\/site\/wp-json\/wp\/v2\/types\/post"}],"author":[{"embeddable":true,"href":"https:\/\/www.oarcanjo.net\/site\/wp-json\/wp\/v2\/users\/5"}],"replies":[{"embeddable":true,"href":"https:\/\/www.oarcanjo.net\/site\/wp-json\/wp\/v2\/comments?post=13426"}],"version-history":[{"count":0,"href":"https:\/\/www.oarcanjo.net\/site\/wp-json\/wp\/v2\/posts\/13426\/revisions"}],"wp:attachment":[{"href":"https:\/\/www.oarcanjo.net\/site\/wp-json\/wp\/v2\/media?parent=13426"}],"wp:term":[{"taxonomy":"category","embeddable":true,"href":"https:\/\/www.oarcanjo.net\/site\/wp-json\/wp\/v2\/categories?post=13426"},{"taxonomy":"post_tag","embeddable":true,"href":"https:\/\/www.oarcanjo.net\/site\/wp-json\/wp\/v2\/tags?post=13426"}],"curies":[{"name":"wp","href":"https:\/\/api.w.org\/{rel}","templated":true}]}}