
{"id":13429,"date":"2011-03-07T12:33:24","date_gmt":"2011-03-07T15:33:24","guid":{"rendered":"http:\/\/www.oarcanjo.net\/site\/?p=13429"},"modified":"2011-03-08T12:34:34","modified_gmt":"2011-03-08T15:34:34","slug":"profanidade-do-mundo-e-silencio-de-deus","status":"publish","type":"post","link":"https:\/\/www.oarcanjo.net\/site\/profanidade-do-mundo-e-silencio-de-deus\/","title":{"rendered":"Profanidade do mundo e sil\u00eancio de Deus"},"content":{"rendered":"<p>Maria Clara Bingemer<\/p>\n<p>O pensamento p\u00f3s-moderno, caracterizado pela \u201cdesconstru\u00e7\u00e3o\u201d e  relativiza\u00e7\u00e3o de todo o edif\u00edcio conceitual aparentemente s\u00f3lido da modernidade, questiona tamb\u00e9m toda tentativa de dizer de forma plena o Absoluto inef\u00e1vel que o Cristianismo e outras tradi\u00e7\u00f5es religiosas chamamos Deus.  Considera igualmente todo discurso com pretens\u00f5es \u00e0 universaliza\u00e7\u00e3o e \u00e0 totaliza\u00e7\u00e3o como redutor e inadequado.<\/p>\n<p>N\u00e3o seria pertinente, no entanto, admitir como premissa inilud\u00edvel que vivemos uma \u00e9poca de enfraquecimento da f\u00e9 em Deus e da reflex\u00e3o sobre Ele.  Ainda que seja certo  que a \u00e9poca moderna proclamou a inevitabilidade do decl\u00ednio das religi\u00f5es, chegando at\u00e9 a sustentar a tese da morte de Deus, a identifica\u00e7\u00e3o da modernidade com o humanismo ateu  carrega consigo uma redu\u00e7\u00e3o insustent\u00e1vel.  Com efeito, o projeto da modernidade engendrou a indiferen\u00e7a religiosa mais do que a nega\u00e7\u00e3o de Deus.  Ao mesmo tempo,  a crise deste projeto demonstrou que uma sociedade, se n\u00e3o encontrar seu fundamento em  uma Transcend\u00eancia \u2013 seja dado a ela ou n\u00e3o o nome de Deus &#8211; se dissolver\u00e1 lenta e inexoravelmente.<\/p>\n<p>A proclama\u00e7\u00e3o do advento da assim chamada p\u00f3s-modernidade e do pretenso \u201cretorno\u201d do religioso, permite entrever que \u00e9 bastante inadequado decretar o banimento de Deus do horizonte humano.  E que, ao contr\u00e1rio, a busca de Deus  continua a agitar o cora\u00e7\u00e3o da humanidade, sem levar em conta o risco corrido por todos os discursos \u201coficiais\u201d sobre  Deus de encontrar-se envelhecidos.<\/p>\n<p>Hoje, seria poss\u00edvel encontrar uma concep\u00e7\u00e3o que migrou de um Deus pessoal em dire\u00e7\u00e3o a um Deus mais impessoal e, portanto, mais afastado da tradi\u00e7\u00e3o crist\u00e3.  Mas n\u00e3o estaria a\u00ed para o homem e a mulher p\u00f3s-modernos a fascinante oportunidade de descobrir aquele que desde a primeira hora da nossa era, Paulo de Tarso tentava anunciar aos atenienses, procurando o caminho para nomear o Deus desconhecido cujo templo encontrara andando  pela cidade(cf. At 17)?<\/p>\n<p>O grande te\u00f3logo Karl Rahner afirma, muito certeiramente que se a palavra \u201cDeus\u201de mesmo sua mem\u00f3ria fossem banidos definitivamente do pensamento e discurso humanos, isso n\u00e3o provaria a n\u00e3o exist\u00eancia de Deus.  Pelo contrario, o ser humano \u00e9 que teria desaparecido e mergulhado no nada, fracassando em seu projeto e voca\u00e7\u00e3o.  Pois Deus \u00e9 constitutivo do ser humano, em sua identidade em cont\u00ednua auto-transcend\u00eancia.<\/p>\n<p>A fragmenta\u00e7\u00e3o da p\u00f3s-modernidade vai re-situar o problema de Deus a partir de um reencontro com o primado da alteridade. A partir da\u00ed emergir\u00e1 um novo paradigma inter-subjetivo e relacional que reconduzir\u00e1 a linguagem humana a encontrar as palavras para dizer o Absoluto pelo qual seu cora\u00e7\u00e3o anseia.  A\u00ed talvez possa voltar a ter sentido uma vida fragmentada pelo estilha\u00e7amento de uma compreens\u00e3o global  totalizante e uniformizante do mundo e da hist\u00f3ria.<\/p>\n<p>O judeu-cristianismo coloca como caminho poss\u00edvel da identidade do \u201ceu\u201d o rosto do outro.  Amar o outro como a si mesmo \u00e9, desde o Antigo Testamento, o maior mandamento, paralelo \u00e0 grandeza de amar a Deus sobre todas as coisas. No Novo Testamento ambos s\u00e3o tomados, segundo Jesus, como resumo, s\u00edntese feliz da lei e dos profetas. No cristianismo, portanto, o ser humano \u00e9 visto como algu\u00e9m livre. Por\u00e9m livre para amar. A liberdade n\u00e3o \u00e9 concebida como uma heteronomia opressiva, no sentido de uma lei exterior que esmaga e destr\u00f3i a subjetividade, mas \u00e9 dom gratuito de Deus que coloca e recoloca sempre de novo o homem livremente no caminho do amor, no percurso em dire\u00e7\u00e3o ao outro.<\/p>\n<p>A vis\u00e3o crist\u00e3 tenta dar um passo adiante nesse sentido, ao dizer que a liberdade n\u00e3o vem puramente de fora, mas est\u00e1 dentro do ser humano, como inscri\u00e7\u00e3o ali gravada, da interpela\u00e7\u00e3o epif\u00e2nica, manifestativa do rosto do outro \u2013 do pobre, da vi\u00fava, do \u00f3rf\u00e3o, do estrangeiro \u2013 que institui para ele a \u00fanica lei, que \u00e9 a lei do amor. O caminho para Deus hoje, portanto, passa por sua descoberta no sofrimento e na fragilidade do outro.  Disso deram testemunho todos os m\u00edsticos \u2013 homens ou mulheres \u2013 do \u00faltimo s\u00e9culo que, situados no epicentro da injusti\u00e7a, da viol\u00eancia e do mal, experimentaram a vida em plenitude e a transmitiram como legado a nossa gera\u00e7\u00e3o.<\/p>\n<div id=\"themify_builder_content-13429\" data-postid=\"13429\" class=\"themify_builder_content themify_builder_content-13429 themify_builder themify_builder_front\">\n\t<\/div>\n<!-- \/themify_builder_content -->","protected":false},"excerpt":{"rendered":"<p>Maria Clara Bingemer O pensamento p\u00f3s-moderno, caracterizado pela \u201cdesconstru\u00e7\u00e3o\u201d e relativiza\u00e7\u00e3o de todo o edif\u00edcio conceitual aparentemente s\u00f3lido da modernidade, questiona tamb\u00e9m toda tentativa de dizer de forma plena o Absoluto inef\u00e1vel que o Cristianismo e outras tradi\u00e7\u00f5es religiosas chamamos Deus. Considera igualmente todo discurso com pretens\u00f5es \u00e0 universaliza\u00e7\u00e3o e \u00e0 totaliza\u00e7\u00e3o como redutor e [&hellip;]<\/p>\n","protected":false},"author":5,"featured_media":0,"comment_status":"open","ping_status":"open","sticky":false,"template":"","format":"standard","meta":{"ngg_post_thumbnail":0,"footnotes":""},"categories":[9],"tags":[107,222,607,1847,1846],"yoast_head":"<!-- This site is optimized with the Yoast SEO plugin v23.5 - https:\/\/yoast.com\/wordpress\/plugins\/seo\/ -->\n<title>Profanidade do mundo e sil\u00eancio de Deus - O Arcanjo no ar<\/title>\n<meta name=\"robots\" content=\"index, follow, max-snippet:-1, max-image-preview:large, max-video-preview:-1\" \/>\n<link rel=\"canonical\" href=\"https:\/\/www.oarcanjo.net\/site\/profanidade-do-mundo-e-silencio-de-deus\/\" \/>\n<meta property=\"og:locale\" content=\"pt_BR\" \/>\n<meta property=\"og:type\" content=\"article\" \/>\n<meta property=\"og:title\" content=\"Profanidade do mundo e sil\u00eancio de Deus - O Arcanjo no ar\" \/>\n<meta property=\"og:description\" content=\"Maria Clara Bingemer O pensamento p\u00f3s-moderno, caracterizado pela \u201cdesconstru\u00e7\u00e3o\u201d e relativiza\u00e7\u00e3o de todo o edif\u00edcio conceitual aparentemente s\u00f3lido da modernidade, questiona tamb\u00e9m toda tentativa de dizer de forma plena o Absoluto inef\u00e1vel que o Cristianismo e outras tradi\u00e7\u00f5es religiosas chamamos Deus. Considera igualmente todo discurso com pretens\u00f5es \u00e0 universaliza\u00e7\u00e3o e \u00e0 totaliza\u00e7\u00e3o como redutor e [&hellip;]\" \/>\n<meta property=\"og:url\" content=\"https:\/\/www.oarcanjo.net\/site\/profanidade-do-mundo-e-silencio-de-deus\/\" \/>\n<meta property=\"og:site_name\" content=\"O Arcanjo no ar\" \/>\n<meta property=\"article:publisher\" content=\"https:\/\/www.facebook.com\/OArcanjoNoAr\/\" \/>\n<meta property=\"article:published_time\" content=\"2011-03-07T15:33:24+00:00\" \/>\n<meta property=\"article:modified_time\" content=\"2011-03-08T15:34:34+00:00\" \/>\n<meta property=\"og:image\" content=\"https:\/\/www.oarcanjo.net\/site\/wp-content\/uploads\/logo-o-arcanjo-no-ar-facebook.png\" \/>\n\t<meta property=\"og:image:width\" content=\"300\" \/>\n\t<meta property=\"og:image:height\" content=\"300\" \/>\n\t<meta property=\"og:image:type\" content=\"image\/png\" \/>\n<meta name=\"author\" content=\"editor\" \/>\n<meta name=\"twitter:card\" content=\"summary_large_image\" \/>\n<meta name=\"twitter:label1\" content=\"Escrito por\" \/>\n\t<meta name=\"twitter:data1\" content=\"editor\" \/>\n\t<meta name=\"twitter:label2\" content=\"Est. tempo de leitura\" \/>\n\t<meta name=\"twitter:data2\" content=\"4 minutos\" \/>\n<script type=\"application\/ld+json\" class=\"yoast-schema-graph\">{\"@context\":\"https:\/\/schema.org\",\"@graph\":[{\"@type\":\"Article\",\"@id\":\"https:\/\/www.oarcanjo.net\/site\/profanidade-do-mundo-e-silencio-de-deus\/#article\",\"isPartOf\":{\"@id\":\"https:\/\/www.oarcanjo.net\/site\/profanidade-do-mundo-e-silencio-de-deus\/\"},\"author\":{\"name\":\"editor\",\"@id\":\"https:\/\/www.oarcanjo.net\/site\/#\/schema\/person\/f7024d007863202483a31326673a0838\"},\"headline\":\"Profanidade do mundo e sil\u00eancio de Deus\",\"datePublished\":\"2011-03-07T15:33:24+00:00\",\"dateModified\":\"2011-03-08T15:34:34+00:00\",\"mainEntityOfPage\":{\"@id\":\"https:\/\/www.oarcanjo.net\/site\/profanidade-do-mundo-e-silencio-de-deus\/\"},\"wordCount\":737,\"commentCount\":2,\"publisher\":{\"@id\":\"https:\/\/www.oarcanjo.net\/site\/#organization\"},\"keywords\":[\"amor\",\"cristianismo\",\"liberdade\",\"modernidade\",\"p\u00f3s-modernidade\"],\"articleSection\":[\"Reflex\u00f5es\"],\"inLanguage\":\"pt-BR\",\"potentialAction\":[{\"@type\":\"CommentAction\",\"name\":\"Comment\",\"target\":[\"https:\/\/www.oarcanjo.net\/site\/profanidade-do-mundo-e-silencio-de-deus\/#respond\"]}]},{\"@type\":\"WebPage\",\"@id\":\"https:\/\/www.oarcanjo.net\/site\/profanidade-do-mundo-e-silencio-de-deus\/\",\"url\":\"https:\/\/www.oarcanjo.net\/site\/profanidade-do-mundo-e-silencio-de-deus\/\",\"name\":\"Profanidade do mundo e sil\u00eancio de Deus - O Arcanjo no ar\",\"isPartOf\":{\"@id\":\"https:\/\/www.oarcanjo.net\/site\/#website\"},\"datePublished\":\"2011-03-07T15:33:24+00:00\",\"dateModified\":\"2011-03-08T15:34:34+00:00\",\"breadcrumb\":{\"@id\":\"https:\/\/www.oarcanjo.net\/site\/profanidade-do-mundo-e-silencio-de-deus\/#breadcrumb\"},\"inLanguage\":\"pt-BR\",\"potentialAction\":[{\"@type\":\"ReadAction\",\"target\":[\"https:\/\/www.oarcanjo.net\/site\/profanidade-do-mundo-e-silencio-de-deus\/\"]}]},{\"@type\":\"BreadcrumbList\",\"@id\":\"https:\/\/www.oarcanjo.net\/site\/profanidade-do-mundo-e-silencio-de-deus\/#breadcrumb\",\"itemListElement\":[{\"@type\":\"ListItem\",\"position\":1,\"name\":\"In\u00edcio\",\"item\":\"https:\/\/www.oarcanjo.net\/site\/\"},{\"@type\":\"ListItem\",\"position\":2,\"name\":\"Profanidade do mundo e sil\u00eancio de Deus\"}]},{\"@type\":\"WebSite\",\"@id\":\"https:\/\/www.oarcanjo.net\/site\/#website\",\"url\":\"https:\/\/www.oarcanjo.net\/site\/\",\"name\":\"O Arcanjo no ar\",\"description\":\"Site da Par\u00f3quia S\u00e3o Miguel Arcanjo (Arquidiocese de SP)\",\"publisher\":{\"@id\":\"https:\/\/www.oarcanjo.net\/site\/#organization\"},\"potentialAction\":[{\"@type\":\"SearchAction\",\"target\":{\"@type\":\"EntryPoint\",\"urlTemplate\":\"https:\/\/www.oarcanjo.net\/site\/?s={search_term_string}\"},\"query-input\":{\"@type\":\"PropertyValueSpecification\",\"valueRequired\":true,\"valueName\":\"search_term_string\"}}],\"inLanguage\":\"pt-BR\"},{\"@type\":\"Organization\",\"@id\":\"https:\/\/www.oarcanjo.net\/site\/#organization\",\"name\":\"Par\u00f3quia S\u00e3o Miguel Arcanjo\",\"url\":\"https:\/\/www.oarcanjo.net\/site\/\",\"logo\":{\"@type\":\"ImageObject\",\"inLanguage\":\"pt-BR\",\"@id\":\"https:\/\/www.oarcanjo.net\/site\/#\/schema\/logo\/image\/\",\"url\":\"https:\/\/www.oarcanjo.net\/site\/wp-content\/uploads\/LogoOArcanjo.png\",\"contentUrl\":\"https:\/\/www.oarcanjo.net\/site\/wp-content\/uploads\/LogoOArcanjo.png\",\"width\":319,\"height\":99,\"caption\":\"Par\u00f3quia S\u00e3o Miguel Arcanjo\"},\"image\":{\"@id\":\"https:\/\/www.oarcanjo.net\/site\/#\/schema\/logo\/image\/\"},\"sameAs\":[\"https:\/\/www.facebook.com\/OArcanjoNoAr\/\"]},{\"@type\":\"Person\",\"@id\":\"https:\/\/www.oarcanjo.net\/site\/#\/schema\/person\/f7024d007863202483a31326673a0838\",\"name\":\"editor\",\"sameAs\":[\"http:\/\/www.oarcanjo.net\"]}]}<\/script>\n<!-- \/ Yoast SEO plugin. -->","yoast_head_json":{"title":"Profanidade do mundo e sil\u00eancio de Deus - O Arcanjo no ar","robots":{"index":"index","follow":"follow","max-snippet":"max-snippet:-1","max-image-preview":"max-image-preview:large","max-video-preview":"max-video-preview:-1"},"canonical":"https:\/\/www.oarcanjo.net\/site\/profanidade-do-mundo-e-silencio-de-deus\/","og_locale":"pt_BR","og_type":"article","og_title":"Profanidade do mundo e sil\u00eancio de Deus - O Arcanjo no ar","og_description":"Maria Clara Bingemer O pensamento p\u00f3s-moderno, caracterizado pela \u201cdesconstru\u00e7\u00e3o\u201d e relativiza\u00e7\u00e3o de todo o edif\u00edcio conceitual aparentemente s\u00f3lido da modernidade, questiona tamb\u00e9m toda tentativa de dizer de forma plena o Absoluto inef\u00e1vel que o Cristianismo e outras tradi\u00e7\u00f5es religiosas chamamos Deus. Considera igualmente todo discurso com pretens\u00f5es \u00e0 universaliza\u00e7\u00e3o e \u00e0 totaliza\u00e7\u00e3o como redutor e [&hellip;]","og_url":"https:\/\/www.oarcanjo.net\/site\/profanidade-do-mundo-e-silencio-de-deus\/","og_site_name":"O Arcanjo no ar","article_publisher":"https:\/\/www.facebook.com\/OArcanjoNoAr\/","article_published_time":"2011-03-07T15:33:24+00:00","article_modified_time":"2011-03-08T15:34:34+00:00","og_image":[{"width":300,"height":300,"url":"https:\/\/www.oarcanjo.net\/site\/wp-content\/uploads\/logo-o-arcanjo-no-ar-facebook.png","type":"image\/png"}],"author":"editor","twitter_card":"summary_large_image","twitter_misc":{"Escrito por":"editor","Est. tempo de leitura":"4 minutos"},"schema":{"@context":"https:\/\/schema.org","@graph":[{"@type":"Article","@id":"https:\/\/www.oarcanjo.net\/site\/profanidade-do-mundo-e-silencio-de-deus\/#article","isPartOf":{"@id":"https:\/\/www.oarcanjo.net\/site\/profanidade-do-mundo-e-silencio-de-deus\/"},"author":{"name":"editor","@id":"https:\/\/www.oarcanjo.net\/site\/#\/schema\/person\/f7024d007863202483a31326673a0838"},"headline":"Profanidade do mundo e sil\u00eancio de Deus","datePublished":"2011-03-07T15:33:24+00:00","dateModified":"2011-03-08T15:34:34+00:00","mainEntityOfPage":{"@id":"https:\/\/www.oarcanjo.net\/site\/profanidade-do-mundo-e-silencio-de-deus\/"},"wordCount":737,"commentCount":2,"publisher":{"@id":"https:\/\/www.oarcanjo.net\/site\/#organization"},"keywords":["amor","cristianismo","liberdade","modernidade","p\u00f3s-modernidade"],"articleSection":["Reflex\u00f5es"],"inLanguage":"pt-BR","potentialAction":[{"@type":"CommentAction","name":"Comment","target":["https:\/\/www.oarcanjo.net\/site\/profanidade-do-mundo-e-silencio-de-deus\/#respond"]}]},{"@type":"WebPage","@id":"https:\/\/www.oarcanjo.net\/site\/profanidade-do-mundo-e-silencio-de-deus\/","url":"https:\/\/www.oarcanjo.net\/site\/profanidade-do-mundo-e-silencio-de-deus\/","name":"Profanidade do mundo e sil\u00eancio de Deus - O Arcanjo no ar","isPartOf":{"@id":"https:\/\/www.oarcanjo.net\/site\/#website"},"datePublished":"2011-03-07T15:33:24+00:00","dateModified":"2011-03-08T15:34:34+00:00","breadcrumb":{"@id":"https:\/\/www.oarcanjo.net\/site\/profanidade-do-mundo-e-silencio-de-deus\/#breadcrumb"},"inLanguage":"pt-BR","potentialAction":[{"@type":"ReadAction","target":["https:\/\/www.oarcanjo.net\/site\/profanidade-do-mundo-e-silencio-de-deus\/"]}]},{"@type":"BreadcrumbList","@id":"https:\/\/www.oarcanjo.net\/site\/profanidade-do-mundo-e-silencio-de-deus\/#breadcrumb","itemListElement":[{"@type":"ListItem","position":1,"name":"In\u00edcio","item":"https:\/\/www.oarcanjo.net\/site\/"},{"@type":"ListItem","position":2,"name":"Profanidade do mundo e sil\u00eancio de Deus"}]},{"@type":"WebSite","@id":"https:\/\/www.oarcanjo.net\/site\/#website","url":"https:\/\/www.oarcanjo.net\/site\/","name":"O Arcanjo no ar","description":"Site da Par\u00f3quia S\u00e3o Miguel Arcanjo (Arquidiocese de SP)","publisher":{"@id":"https:\/\/www.oarcanjo.net\/site\/#organization"},"potentialAction":[{"@type":"SearchAction","target":{"@type":"EntryPoint","urlTemplate":"https:\/\/www.oarcanjo.net\/site\/?s={search_term_string}"},"query-input":{"@type":"PropertyValueSpecification","valueRequired":true,"valueName":"search_term_string"}}],"inLanguage":"pt-BR"},{"@type":"Organization","@id":"https:\/\/www.oarcanjo.net\/site\/#organization","name":"Par\u00f3quia S\u00e3o Miguel Arcanjo","url":"https:\/\/www.oarcanjo.net\/site\/","logo":{"@type":"ImageObject","inLanguage":"pt-BR","@id":"https:\/\/www.oarcanjo.net\/site\/#\/schema\/logo\/image\/","url":"https:\/\/www.oarcanjo.net\/site\/wp-content\/uploads\/LogoOArcanjo.png","contentUrl":"https:\/\/www.oarcanjo.net\/site\/wp-content\/uploads\/LogoOArcanjo.png","width":319,"height":99,"caption":"Par\u00f3quia S\u00e3o Miguel Arcanjo"},"image":{"@id":"https:\/\/www.oarcanjo.net\/site\/#\/schema\/logo\/image\/"},"sameAs":["https:\/\/www.facebook.com\/OArcanjoNoAr\/"]},{"@type":"Person","@id":"https:\/\/www.oarcanjo.net\/site\/#\/schema\/person\/f7024d007863202483a31326673a0838","name":"editor","sameAs":["http:\/\/www.oarcanjo.net"]}]}},"publishpress_future_action":{"enabled":false,"date":"2026-05-10 08:02:27","action":"category","newStatus":"draft","terms":[],"taxonomy":"category"},"publishpress_future_workflow_manual_trigger":{"enabledWorkflows":[]},"_links":{"self":[{"href":"https:\/\/www.oarcanjo.net\/site\/wp-json\/wp\/v2\/posts\/13429"}],"collection":[{"href":"https:\/\/www.oarcanjo.net\/site\/wp-json\/wp\/v2\/posts"}],"about":[{"href":"https:\/\/www.oarcanjo.net\/site\/wp-json\/wp\/v2\/types\/post"}],"author":[{"embeddable":true,"href":"https:\/\/www.oarcanjo.net\/site\/wp-json\/wp\/v2\/users\/5"}],"replies":[{"embeddable":true,"href":"https:\/\/www.oarcanjo.net\/site\/wp-json\/wp\/v2\/comments?post=13429"}],"version-history":[{"count":0,"href":"https:\/\/www.oarcanjo.net\/site\/wp-json\/wp\/v2\/posts\/13429\/revisions"}],"wp:attachment":[{"href":"https:\/\/www.oarcanjo.net\/site\/wp-json\/wp\/v2\/media?parent=13429"}],"wp:term":[{"taxonomy":"category","embeddable":true,"href":"https:\/\/www.oarcanjo.net\/site\/wp-json\/wp\/v2\/categories?post=13429"},{"taxonomy":"post_tag","embeddable":true,"href":"https:\/\/www.oarcanjo.net\/site\/wp-json\/wp\/v2\/tags?post=13429"}],"curies":[{"name":"wp","href":"https:\/\/api.w.org\/{rel}","templated":true}]}}