
{"id":13432,"date":"2011-03-09T06:00:13","date_gmt":"2011-03-09T09:00:13","guid":{"rendered":"http:\/\/www.oarcanjo.net\/site\/?p=13432"},"modified":"2011-03-08T14:07:29","modified_gmt":"2011-03-08T17:07:29","slug":"cf-2011-creio-em-deus-pai-criador","status":"publish","type":"post","link":"https:\/\/www.oarcanjo.net\/site\/cf-2011-creio-em-deus-pai-criador\/","title":{"rendered":"CF 2011: Creio em Deus, Pai Criador"},"content":{"rendered":"<p>Dom Odilo Pedro Scherer<\/p>\n<p>A Campanha da Fraternidade de 2011 (CF-2011) prop\u00f5e uma quest\u00e3o de evidente atualidade: fraternidade e a vida no nosso Planeta. Nem \u00e9 preciso argumentar muito para justificar a escolha desse tema pela CNBB: J\u00e1 faz tempo que estudiosos est\u00e3o alertando para o fen\u00f4meno do aquecimento global e suas consequ\u00eancias para o clima e para o equil\u00edbrio ecol\u00f3gico.<\/p>\n<p>As confer\u00eancias mundiais sobre o clima, que congregam as maiores autoridades cient\u00edficas da \u00e1rea, deixam sempre mais evidente que o sistema produtivo da economia moderna e contempor\u00e2nea desencadeia interven\u00e7\u00f5es inadequadas do homem na natureza e se constitui numa amea\u00e7a real para o equil\u00edbrio ecol\u00f3gico e at\u00e9 mesmo para o futuro da vida na terra. Em contraste com tais constata\u00e7\u00f5es, nas mesmas movimentadas confer\u00eancias sobre o clima, as principais autoridades pol\u00edticas e econ\u00f4micas do planeta n\u00e3o conseguem chegar a um acordo sobre as medidas a serem adotadas para sanar o problema e prevenir os riscos. \u00c9 dif\u00edcil redimensionar o desenvolvimento econ\u00f4mico, quando a receita \u00e9 renunciar a certo padr\u00e3o de consumo dos recursos naturais, que equivale \u00e0 depreda\u00e7\u00e3o e depauperamento da natureza. Exigimos da natureza mais do que ela pode oferecer, sem comprometer a sua sustentabilidade.<\/p>\n<p>A CF-2011 convida a encarar seriamente a responsabilidade humana em rela\u00e7\u00e3o ao futuro da vida no planeta Terra, o \u201cninho da vida\u201d no universo, a casa comum da grande e diversificada fam\u00edlia humana. O Texto Base, que apresenta a proposta da CF, traz argumentos e reflex\u00f5es sobre o fen\u00f4meno do aquecimento global e os motivos que deveriam levar todos a pensar sobre o que \u00e9 poss\u00edvel fazer e o que n\u00e3o se deveria fazer, para evitar a deteriora\u00e7\u00e3o do ambiente da vida na Terra. Argumentos b\u00edblicos e teol\u00f3gicos deveriam motivar os crist\u00e3os e todos os crentes em Deus a uma verdadeira convers\u00e3o nos modos de viver e de se relacionar com a natureza, quando ficam comprometidas a qualidade da vida e a fraternidade na fam\u00edlia humana. Todos s\u00e3o convidados a se envolverem na CF-2011.<\/p>\n<p>Destaco dois motivos de fundo religioso, que deveriam ser levados em conta por todas as pessoas de f\u00e9 no tocante \u00e0 quest\u00e3o ecol\u00f3gica. Primeiramente, tratar bem a natureza e cuidar do peda\u00e7o do planeta que ocupamos est\u00e1 implicado na nossa f\u00e9 no Deus Criador. Professamos a f\u00e9 no Deus, Criador do C\u00e9u e da Terra, n\u00e3o importa como, ou quando isso aconteceu. A ci\u00eancia pode continuar a pesquisar sobre a origem do universo e da vida na Terra e isso n\u00e3o contradiz a nossa f\u00e9 no Deus Criador. O certo \u00e9 que n\u00e3o fomos n\u00f3s que demos origem a toda essa beleza e grandiosidade. Dizer que tudo isso surgiu por si mesmo \u00e9 um grande absurdo.<\/p>\n<p>Mas tamb\u00e9m aprendemos da nossa f\u00e9 que Deus fez o homem \u00e0 sua imagem e semelhan\u00e7a, confiando-lhe o cuidado do \u201cjardim da vida\u201d. Embora pequeninos entre as criaturas do grande universo, somos importantes e Deus nos trata com predile\u00e7\u00e3o especial. O poeta do Salmo tem consci\u00eancia disso, quando exclama, admirando o c\u00e9u numa noite estrelada: \u201cQue \u00e9 o homem, Senhor, para que dele te ocupes?! No entanto, Tu o fizeste pouco menor que um deus&#8230; Tu o colocaste \u00e0 frente da obra de tuas m\u00e3os!\u201d (cf Sl 8). Sim, Deus colocou o mundo \u00e0 disposi\u00e7\u00e3o do homem; n\u00e3o para que acabe com ele, e sim, para que dele viva e usufrua, mas tamb\u00e9m para que zele por ele, qual bom administrador. Cuidar bem da natureza \u00e9 sinal de f\u00e9 e de gratid\u00e3o para com o Deus Criador. Avan\u00e7ar sobre a natureza com a vontade de possuir e dominar \u00e9 cair novamente na tenta\u00e7\u00e3o de \u201cser deuses\u201d, como Ad\u00e3o e Eva no para\u00edso (cf Gn 3). Quando o homem resolve assumir o lugar de Deus, desprezando seu des\u00edgnio, a desordem e o caos entram no mundo, com seus frutos de injusti\u00e7a, viol\u00eancia e morte.<\/p>\n<p>O outro motivo, relacionado com o primeiro, \u00e9 de fundo \u00e9tico e moral: Cuidar bem da Terra, nossa casa comum, \u00e9 quest\u00e3o de responsabilidade e solidariedade. Os bens da cria\u00e7\u00e3o foram colocados por Deus \u00e0 disposi\u00e7\u00e3o de todas as suas criaturas; descuidar da natureza, ou estrag\u00e1-la, \u00e9 falta de respeito e de justi\u00e7a para com o pr\u00f3ximo e para com as futuras gera\u00e7\u00f5es. N\u00e3o somos os \u00fanicos a ocupar esta casa, nem seremos os \u00faltimos; e \u00e9 moralmente correto pensar nos outros, quando nos relacionamos com a natureza. N\u00e3o ficar\u00e1 bem deixar atr\u00e1s de n\u00f3s um para\u00edso depredado, o mundo cheio de lixo, as terras desertificadas, as \u00e1guas contaminadas, o ar irrespir\u00e1vel, o equil\u00edbrio ecol\u00f3gico comprometido&#8230; A CF-2011 \u00e9 um convite a refletir, para formar uma consci\u00eancia comum sobre nossa responsabilidade e para tomar decis\u00f5es eficazes sobre os cuidados que a Terra merece. \u00c9 nossa casa comum. E ainda ser\u00e1 a casa dos que viver\u00e3o depois de n\u00f3s.<\/p>\n<div id=\"themify_builder_content-13432\" data-postid=\"13432\" class=\"themify_builder_content themify_builder_content-13432 themify_builder themify_builder_front\">\n\t<\/div>\n<!-- \/themify_builder_content -->","protected":false},"excerpt":{"rendered":"<p>Dom Odilo Pedro Scherer A Campanha da Fraternidade de 2011 (CF-2011) prop\u00f5e uma quest\u00e3o de evidente atualidade: fraternidade e a vida no nosso Planeta. Nem \u00e9 preciso argumentar muito para justificar a escolha desse tema pela CNBB: J\u00e1 faz tempo que estudiosos est\u00e3o alertando para o fen\u00f4meno do aquecimento global e suas consequ\u00eancias para o [&hellip;]<\/p>\n","protected":false},"author":5,"featured_media":0,"comment_status":"open","ping_status":"open","sticky":false,"template":"","format":"standard","meta":{"ngg_post_thumbnail":0,"footnotes":""},"categories":[241],"tags":[229,821,104,468,171,470,1844],"yoast_head":"<!-- This site is optimized with the Yoast SEO plugin v23.5 - https:\/\/yoast.com\/wordpress\/plugins\/seo\/ -->\n<title>CF 2011: Creio em Deus, Pai Criador - O Arcanjo no ar<\/title>\n<meta name=\"robots\" content=\"index, follow, max-snippet:-1, max-image-preview:large, max-video-preview:-1\" \/>\n<link rel=\"canonical\" href=\"https:\/\/www.oarcanjo.net\/site\/cf-2011-creio-em-deus-pai-criador\/\" \/>\n<meta property=\"og:locale\" content=\"pt_BR\" \/>\n<meta property=\"og:type\" content=\"article\" \/>\n<meta property=\"og:title\" content=\"CF 2011: Creio em Deus, Pai Criador - O Arcanjo no ar\" \/>\n<meta property=\"og:description\" content=\"Dom Odilo Pedro Scherer A Campanha da Fraternidade de 2011 (CF-2011) prop\u00f5e uma quest\u00e3o de evidente atualidade: fraternidade e a vida no nosso Planeta. Nem \u00e9 preciso argumentar muito para justificar a escolha desse tema pela CNBB: J\u00e1 faz tempo que estudiosos est\u00e3o alertando para o fen\u00f4meno do aquecimento global e suas consequ\u00eancias para o [&hellip;]\" \/>\n<meta property=\"og:url\" content=\"https:\/\/www.oarcanjo.net\/site\/cf-2011-creio-em-deus-pai-criador\/\" \/>\n<meta property=\"og:site_name\" content=\"O Arcanjo no ar\" \/>\n<meta property=\"article:publisher\" content=\"https:\/\/www.facebook.com\/OArcanjoNoAr\/\" \/>\n<meta property=\"article:published_time\" content=\"2011-03-09T09:00:13+00:00\" \/>\n<meta property=\"article:modified_time\" content=\"2011-03-08T17:07:29+00:00\" \/>\n<meta property=\"og:image\" content=\"https:\/\/www.oarcanjo.net\/site\/wp-content\/uploads\/logo-o-arcanjo-no-ar-facebook.png\" \/>\n\t<meta property=\"og:image:width\" content=\"300\" \/>\n\t<meta property=\"og:image:height\" content=\"300\" \/>\n\t<meta property=\"og:image:type\" content=\"image\/png\" \/>\n<meta name=\"author\" content=\"editor\" \/>\n<meta name=\"twitter:card\" content=\"summary_large_image\" \/>\n<meta name=\"twitter:label1\" content=\"Escrito por\" \/>\n\t<meta name=\"twitter:data1\" content=\"editor\" \/>\n\t<meta name=\"twitter:label2\" content=\"Est. tempo de leitura\" \/>\n\t<meta name=\"twitter:data2\" content=\"4 minutos\" \/>\n<script type=\"application\/ld+json\" class=\"yoast-schema-graph\">{\"@context\":\"https:\/\/schema.org\",\"@graph\":[{\"@type\":\"Article\",\"@id\":\"https:\/\/www.oarcanjo.net\/site\/cf-2011-creio-em-deus-pai-criador\/#article\",\"isPartOf\":{\"@id\":\"https:\/\/www.oarcanjo.net\/site\/cf-2011-creio-em-deus-pai-criador\/\"},\"author\":{\"name\":\"editor\",\"@id\":\"https:\/\/www.oarcanjo.net\/site\/#\/schema\/person\/f7024d007863202483a31326673a0838\"},\"headline\":\"CF 2011: Creio em Deus, Pai Criador\",\"datePublished\":\"2011-03-09T09:00:13+00:00\",\"dateModified\":\"2011-03-08T17:07:29+00:00\",\"mainEntityOfPage\":{\"@id\":\"https:\/\/www.oarcanjo.net\/site\/cf-2011-creio-em-deus-pai-criador\/\"},\"wordCount\":860,\"commentCount\":0,\"publisher\":{\"@id\":\"https:\/\/www.oarcanjo.net\/site\/#organization\"},\"keywords\":[\"Campanha da Fraternidade\",\"clima\",\"ecologia\",\"meio ambiente\",\"natureza\",\"sustentabilidade\",\"Vida no Planeta\"],\"articleSection\":[\"CF\"],\"inLanguage\":\"pt-BR\",\"potentialAction\":[{\"@type\":\"CommentAction\",\"name\":\"Comment\",\"target\":[\"https:\/\/www.oarcanjo.net\/site\/cf-2011-creio-em-deus-pai-criador\/#respond\"]}]},{\"@type\":\"WebPage\",\"@id\":\"https:\/\/www.oarcanjo.net\/site\/cf-2011-creio-em-deus-pai-criador\/\",\"url\":\"https:\/\/www.oarcanjo.net\/site\/cf-2011-creio-em-deus-pai-criador\/\",\"name\":\"CF 2011: Creio em Deus, Pai Criador - O Arcanjo no ar\",\"isPartOf\":{\"@id\":\"https:\/\/www.oarcanjo.net\/site\/#website\"},\"datePublished\":\"2011-03-09T09:00:13+00:00\",\"dateModified\":\"2011-03-08T17:07:29+00:00\",\"breadcrumb\":{\"@id\":\"https:\/\/www.oarcanjo.net\/site\/cf-2011-creio-em-deus-pai-criador\/#breadcrumb\"},\"inLanguage\":\"pt-BR\",\"potentialAction\":[{\"@type\":\"ReadAction\",\"target\":[\"https:\/\/www.oarcanjo.net\/site\/cf-2011-creio-em-deus-pai-criador\/\"]}]},{\"@type\":\"BreadcrumbList\",\"@id\":\"https:\/\/www.oarcanjo.net\/site\/cf-2011-creio-em-deus-pai-criador\/#breadcrumb\",\"itemListElement\":[{\"@type\":\"ListItem\",\"position\":1,\"name\":\"In\u00edcio\",\"item\":\"https:\/\/www.oarcanjo.net\/site\/\"},{\"@type\":\"ListItem\",\"position\":2,\"name\":\"CF 2011: Creio em Deus, Pai Criador\"}]},{\"@type\":\"WebSite\",\"@id\":\"https:\/\/www.oarcanjo.net\/site\/#website\",\"url\":\"https:\/\/www.oarcanjo.net\/site\/\",\"name\":\"O Arcanjo no ar\",\"description\":\"Site da Par\u00f3quia S\u00e3o Miguel Arcanjo (Arquidiocese de SP)\",\"publisher\":{\"@id\":\"https:\/\/www.oarcanjo.net\/site\/#organization\"},\"potentialAction\":[{\"@type\":\"SearchAction\",\"target\":{\"@type\":\"EntryPoint\",\"urlTemplate\":\"https:\/\/www.oarcanjo.net\/site\/?s={search_term_string}\"},\"query-input\":{\"@type\":\"PropertyValueSpecification\",\"valueRequired\":true,\"valueName\":\"search_term_string\"}}],\"inLanguage\":\"pt-BR\"},{\"@type\":\"Organization\",\"@id\":\"https:\/\/www.oarcanjo.net\/site\/#organization\",\"name\":\"Par\u00f3quia S\u00e3o Miguel Arcanjo\",\"url\":\"https:\/\/www.oarcanjo.net\/site\/\",\"logo\":{\"@type\":\"ImageObject\",\"inLanguage\":\"pt-BR\",\"@id\":\"https:\/\/www.oarcanjo.net\/site\/#\/schema\/logo\/image\/\",\"url\":\"https:\/\/www.oarcanjo.net\/site\/wp-content\/uploads\/LogoOArcanjo.png\",\"contentUrl\":\"https:\/\/www.oarcanjo.net\/site\/wp-content\/uploads\/LogoOArcanjo.png\",\"width\":319,\"height\":99,\"caption\":\"Par\u00f3quia S\u00e3o Miguel Arcanjo\"},\"image\":{\"@id\":\"https:\/\/www.oarcanjo.net\/site\/#\/schema\/logo\/image\/\"},\"sameAs\":[\"https:\/\/www.facebook.com\/OArcanjoNoAr\/\"]},{\"@type\":\"Person\",\"@id\":\"https:\/\/www.oarcanjo.net\/site\/#\/schema\/person\/f7024d007863202483a31326673a0838\",\"name\":\"editor\",\"sameAs\":[\"http:\/\/www.oarcanjo.net\"]}]}<\/script>\n<!-- \/ Yoast SEO plugin. -->","yoast_head_json":{"title":"CF 2011: Creio em Deus, Pai Criador - O Arcanjo no ar","robots":{"index":"index","follow":"follow","max-snippet":"max-snippet:-1","max-image-preview":"max-image-preview:large","max-video-preview":"max-video-preview:-1"},"canonical":"https:\/\/www.oarcanjo.net\/site\/cf-2011-creio-em-deus-pai-criador\/","og_locale":"pt_BR","og_type":"article","og_title":"CF 2011: Creio em Deus, Pai Criador - O Arcanjo no ar","og_description":"Dom Odilo Pedro Scherer A Campanha da Fraternidade de 2011 (CF-2011) prop\u00f5e uma quest\u00e3o de evidente atualidade: fraternidade e a vida no nosso Planeta. Nem \u00e9 preciso argumentar muito para justificar a escolha desse tema pela CNBB: J\u00e1 faz tempo que estudiosos est\u00e3o alertando para o fen\u00f4meno do aquecimento global e suas consequ\u00eancias para o [&hellip;]","og_url":"https:\/\/www.oarcanjo.net\/site\/cf-2011-creio-em-deus-pai-criador\/","og_site_name":"O Arcanjo no ar","article_publisher":"https:\/\/www.facebook.com\/OArcanjoNoAr\/","article_published_time":"2011-03-09T09:00:13+00:00","article_modified_time":"2011-03-08T17:07:29+00:00","og_image":[{"width":300,"height":300,"url":"https:\/\/www.oarcanjo.net\/site\/wp-content\/uploads\/logo-o-arcanjo-no-ar-facebook.png","type":"image\/png"}],"author":"editor","twitter_card":"summary_large_image","twitter_misc":{"Escrito por":"editor","Est. tempo de leitura":"4 minutos"},"schema":{"@context":"https:\/\/schema.org","@graph":[{"@type":"Article","@id":"https:\/\/www.oarcanjo.net\/site\/cf-2011-creio-em-deus-pai-criador\/#article","isPartOf":{"@id":"https:\/\/www.oarcanjo.net\/site\/cf-2011-creio-em-deus-pai-criador\/"},"author":{"name":"editor","@id":"https:\/\/www.oarcanjo.net\/site\/#\/schema\/person\/f7024d007863202483a31326673a0838"},"headline":"CF 2011: Creio em Deus, Pai Criador","datePublished":"2011-03-09T09:00:13+00:00","dateModified":"2011-03-08T17:07:29+00:00","mainEntityOfPage":{"@id":"https:\/\/www.oarcanjo.net\/site\/cf-2011-creio-em-deus-pai-criador\/"},"wordCount":860,"commentCount":0,"publisher":{"@id":"https:\/\/www.oarcanjo.net\/site\/#organization"},"keywords":["Campanha da Fraternidade","clima","ecologia","meio ambiente","natureza","sustentabilidade","Vida no Planeta"],"articleSection":["CF"],"inLanguage":"pt-BR","potentialAction":[{"@type":"CommentAction","name":"Comment","target":["https:\/\/www.oarcanjo.net\/site\/cf-2011-creio-em-deus-pai-criador\/#respond"]}]},{"@type":"WebPage","@id":"https:\/\/www.oarcanjo.net\/site\/cf-2011-creio-em-deus-pai-criador\/","url":"https:\/\/www.oarcanjo.net\/site\/cf-2011-creio-em-deus-pai-criador\/","name":"CF 2011: Creio em Deus, Pai Criador - O Arcanjo no ar","isPartOf":{"@id":"https:\/\/www.oarcanjo.net\/site\/#website"},"datePublished":"2011-03-09T09:00:13+00:00","dateModified":"2011-03-08T17:07:29+00:00","breadcrumb":{"@id":"https:\/\/www.oarcanjo.net\/site\/cf-2011-creio-em-deus-pai-criador\/#breadcrumb"},"inLanguage":"pt-BR","potentialAction":[{"@type":"ReadAction","target":["https:\/\/www.oarcanjo.net\/site\/cf-2011-creio-em-deus-pai-criador\/"]}]},{"@type":"BreadcrumbList","@id":"https:\/\/www.oarcanjo.net\/site\/cf-2011-creio-em-deus-pai-criador\/#breadcrumb","itemListElement":[{"@type":"ListItem","position":1,"name":"In\u00edcio","item":"https:\/\/www.oarcanjo.net\/site\/"},{"@type":"ListItem","position":2,"name":"CF 2011: Creio em Deus, Pai Criador"}]},{"@type":"WebSite","@id":"https:\/\/www.oarcanjo.net\/site\/#website","url":"https:\/\/www.oarcanjo.net\/site\/","name":"O Arcanjo no ar","description":"Site da Par\u00f3quia S\u00e3o Miguel Arcanjo (Arquidiocese de SP)","publisher":{"@id":"https:\/\/www.oarcanjo.net\/site\/#organization"},"potentialAction":[{"@type":"SearchAction","target":{"@type":"EntryPoint","urlTemplate":"https:\/\/www.oarcanjo.net\/site\/?s={search_term_string}"},"query-input":{"@type":"PropertyValueSpecification","valueRequired":true,"valueName":"search_term_string"}}],"inLanguage":"pt-BR"},{"@type":"Organization","@id":"https:\/\/www.oarcanjo.net\/site\/#organization","name":"Par\u00f3quia S\u00e3o Miguel Arcanjo","url":"https:\/\/www.oarcanjo.net\/site\/","logo":{"@type":"ImageObject","inLanguage":"pt-BR","@id":"https:\/\/www.oarcanjo.net\/site\/#\/schema\/logo\/image\/","url":"https:\/\/www.oarcanjo.net\/site\/wp-content\/uploads\/LogoOArcanjo.png","contentUrl":"https:\/\/www.oarcanjo.net\/site\/wp-content\/uploads\/LogoOArcanjo.png","width":319,"height":99,"caption":"Par\u00f3quia S\u00e3o Miguel Arcanjo"},"image":{"@id":"https:\/\/www.oarcanjo.net\/site\/#\/schema\/logo\/image\/"},"sameAs":["https:\/\/www.facebook.com\/OArcanjoNoAr\/"]},{"@type":"Person","@id":"https:\/\/www.oarcanjo.net\/site\/#\/schema\/person\/f7024d007863202483a31326673a0838","name":"editor","sameAs":["http:\/\/www.oarcanjo.net"]}]}},"publishpress_future_action":{"enabled":false,"date":"2026-05-09 07:55:16","action":"category","newStatus":"draft","terms":[],"taxonomy":"category"},"publishpress_future_workflow_manual_trigger":{"enabledWorkflows":[]},"_links":{"self":[{"href":"https:\/\/www.oarcanjo.net\/site\/wp-json\/wp\/v2\/posts\/13432"}],"collection":[{"href":"https:\/\/www.oarcanjo.net\/site\/wp-json\/wp\/v2\/posts"}],"about":[{"href":"https:\/\/www.oarcanjo.net\/site\/wp-json\/wp\/v2\/types\/post"}],"author":[{"embeddable":true,"href":"https:\/\/www.oarcanjo.net\/site\/wp-json\/wp\/v2\/users\/5"}],"replies":[{"embeddable":true,"href":"https:\/\/www.oarcanjo.net\/site\/wp-json\/wp\/v2\/comments?post=13432"}],"version-history":[{"count":0,"href":"https:\/\/www.oarcanjo.net\/site\/wp-json\/wp\/v2\/posts\/13432\/revisions"}],"wp:attachment":[{"href":"https:\/\/www.oarcanjo.net\/site\/wp-json\/wp\/v2\/media?parent=13432"}],"wp:term":[{"taxonomy":"category","embeddable":true,"href":"https:\/\/www.oarcanjo.net\/site\/wp-json\/wp\/v2\/categories?post=13432"},{"taxonomy":"post_tag","embeddable":true,"href":"https:\/\/www.oarcanjo.net\/site\/wp-json\/wp\/v2\/tags?post=13432"}],"curies":[{"name":"wp","href":"https:\/\/api.w.org\/{rel}","templated":true}]}}