
{"id":13474,"date":"2011-03-09T14:51:31","date_gmt":"2011-03-09T17:51:31","guid":{"rendered":"http:\/\/www.oarcanjo.net\/site\/?p=13474"},"modified":"2011-03-09T14:51:31","modified_gmt":"2011-03-09T17:51:31","slug":"leituras-do-domingo-27032011","status":"publish","type":"post","link":"https:\/\/www.oarcanjo.net\/site\/leituras-do-domingo-27032011\/","title":{"rendered":"Leituras do domingo 27\/03\/2011"},"content":{"rendered":"<div>\n<h4>3\u00ba Domingo da Quaresma<\/h4>\n<p><strong>Primeira leitura (\u00caxodo 17,3-7)<\/strong><\/p>\n<p>Leitura do Livro do \u00caxodo:<\/p>\n<p>Naqueles dias,\u00a0<sup>3<\/sup>o povo, sedento de \u00e1gua, murmurava contra Mois\u00e9s e dizia: \u201cPor que nos fizeste sair do Egito? Foi para nos fazer morrer de sede, a n\u00f3s, nossos filhos e nosso gado?\u201d<br \/>\n<sup>4<\/sup>Mois\u00e9s clamou ao Senhor, dizendo: \u201cQue farei por este povo? Por pouco n\u00e3o me apedrejam!\u201d<br \/>\n<sup>5<\/sup>O Senhor disse a Mois\u00e9s: \u201cPassa adiante do povo e leva contigo alguns anci\u00e3os de Israel. Toma a tua vara com que feriste o rio Nilo e vai.\u00a0<sup>6<\/sup>Eu estarei l\u00e1, diante de ti, sobre o rochedo, no monte Horeb. Ferir\u00e1s a pedra e dela sair\u00e1 \u00e1gua para o povo beber\u201d.<br \/>\nMois\u00e9s assim fez na presen\u00e7a dos anci\u00e3os de Israel.\u00a0<sup>7<\/sup>E deu \u00e0quele lugar o nome de Massa e Meriba, por causa da disputa dos filhos de Israel e porque tentaram o Senhor, dizendo: \u201cO Senhor est\u00e1 no meio de n\u00f3s ou n\u00e3o?\u201d<\/p>\n<p><strong>Salmo (Salmos 94)<\/strong><\/p>\n<p>\u2014 Hoje n\u00e3o fecheis o vosso cora\u00e7\u00e3o,\/ mas ouvi a voz do Senhor!<br \/>\n<strong>\u2014 Hoje n\u00e3o fecheis o vosso cora\u00e7\u00e3o,\/ mas ouvi a voz do Senhor!<\/strong><\/p>\n<p>\u2014 Vinde, exultemos de alegria no Senhor,\/ aclamemos o Rochedo que nos salva!\/ Ao seu encontro caminhemos com louvores,\/ e com cantos de alegria o celebremos!<br \/>\n\u2014 Vinde, adoremos e prostremo-nos por terra,\/ e ajoelhemos ante o Deus que nos criou!\/ Porque ele \u00e9 o nosso Deus, nosso Pastor,\/ e n\u00f3s somos o seu povo e seu rebanho,\/ as ovelhas que conduz com sua m\u00e3o.<br \/>\n\u2014 Oxal\u00e1 ouv\u00edsseis hoje a sua voz:\/ \u201cN\u00e3o fecheis os cora\u00e7\u00f5es como em Meriba,\/ como em Massa, no deserto, aquele dia,\/ em que outrora vossos pais me provocaram,\/ apesar de terem visto as minhas obras\u201d.<\/p>\n<p><strong>Segunda leitura (Romanos 5,1-2.5-8)<\/strong><\/p>\n<p>Leitura da Carta de S\u00e3o Paulo aos Romanos:<\/p>\n<p>Irm\u00e3os:\u00a0<sup>1<\/sup>Justificados pela f\u00e9, estamos em paz com Deus, pela media\u00e7\u00e3o do Senhor nosso, Jesus Cristo.\u00a0<sup>2<\/sup>Por ele tivemos acesso, pela f\u00e9, a esta gra\u00e7a, na qual estamos firmes e nos gloriamos, na esperan\u00e7a da gl\u00f3ria de Deus.<br \/>\n<sup>5<\/sup>E a esperan\u00e7a n\u00e3o decepciona, porque o amor de Deus foi derramado em nossos cora\u00e7\u00f5es pelo Esp\u00edrito Santo que nos foi dado.<br \/>\n<sup>6<\/sup>Com efeito, quando \u00e9ramos ainda fracos, Cristo morreu pelos \u00edmpios, no tempo marcado.\u00a0<sup>7<\/sup>Dificilmente algu\u00e9m morrer\u00e1 por um justo; por uma pessoa muito boa talvez algu\u00e9m se anime a morrer.\u00a0<sup>8<\/sup>Pois bem, a prova de que Deus nos ama \u00e9 que Cristo morreu por n\u00f3s, quando \u00e9ramos ainda pecadores.<\/p>\n<p><strong>Evangelho (Jo\u00e3o 4,5-15.19b-26.39a.40-42)<\/strong><\/p>\n<p>Naquele tempo,\u00a0<sup>5<\/sup>Jesus chegou a uma cidade da Samaria, chamada Sicar, perto do terreno que Jac\u00f3 tinha dado ao seu filho Jos\u00e9.\u00a0<sup>6<\/sup>Era a\u00ed que ficava o po\u00e7o de Jac\u00f3. Cansado da viagem, Jesus sentou-se junto ao po\u00e7o. Era por volta do meio-dia.\u00a0<sup>7<\/sup>Chegou uma mulher da Samaria para tirar \u00e1gua. Jesus lhe disse: \u201cD\u00e1-me de beber\u201d.<br \/>\n<sup>8<\/sup>Os disc\u00edpulos tinham ido \u00e0 cidade para comprar alimentos.\u00a0<sup>9<\/sup>A mulher samaritana disse ent\u00e3o a Jesus: \u201cComo \u00e9 que tu, sendo judeu, pedes de beber a mim, que sou uma mulher samaritana?\u201d De fato, os judeus n\u00e3o se d\u00e3o com os samaritanos.<br \/>\n<sup>10<\/sup>Respondeu-lhe Jesus: \u201cSe tu conhecesses o dom de Deus e quem \u00e9 que te pede: \u2018D\u00e1-me de beber\u2019, tu mesma lhe pedirias a ele, e ele te daria \u00e1gua viva\u201d.<br \/>\n<sup>11<\/sup>A mulher disse a Jesus: \u201cSenhor, nem sequer tens balde e o po\u00e7o \u00e9 fundo. De onde vais tirar \u00e1gua viva?\u00a0<sup>12<\/sup>Por acaso, \u00e9s maior que nosso pai Jac\u00f3, que nos deu o po\u00e7o e que dele bebeu, como tamb\u00e9m seus filhos e seus animais?\u201d<br \/>\n<sup>13<\/sup>Respondeu Jesus: \u201cTodo aquele que bebe desta \u00e1gua ter\u00e1 sede de novo.\u00a0<sup>14<\/sup>Mas quem beber da \u00e1gua que eu lhe darei, esse nunca mais ter\u00e1 sede. E a \u00e1gua que eu lhe der se tornar\u00e1 nele uma fonte de \u00e1gua que jorra para a vida eterna\u201d.<br \/>\n<sup>15<\/sup>A mulher disse a Jesus: \u201cSenhor, d\u00e1-me dessa \u00e1gua, para que eu n\u00e3o tenha mais sede e nem tenha de vir aqui para tir\u00e1-la\u201d.\u00a0<sup>19b<\/sup>\u201cSenhor, vejo que \u00e9s um profeta!\u201d\u00a0<sup>20<\/sup>Os nossos pais adoraram neste monte, mas v\u00f3s dizeis que em Jerusal\u00e9m \u00e9 que se deve adorar\u201d.<br \/>\n<sup>21<\/sup>Disse-lhe Jesus: \u201cAcredita-me, mulher: est\u00e1 chegando a hora em que nem neste monte, nem em Jerusal\u00e9m adorareis o Pai.\u00a0<sup>22<\/sup>V\u00f3s adorais o que n\u00e3o conheceis. N\u00f3s adoramos o que conhecemos, pois a salva\u00e7\u00e3o vem dos judeus.<br \/>\n<sup>23<\/sup>Mas est\u00e1 chegando a hora, e \u00e9 agora, em que os verdadeiros adoradores adorar\u00e3o o Pai em esp\u00edrito e verdade. De fato, estes s\u00e3o os adoradores que o Pai procura.\u00a0<sup>24<\/sup>Deus \u00e9 esp\u00edrito, e aqueles que o adoram devem ador\u00e1-lo em esp\u00edrito e verdade\u201d.<br \/>\n<sup>25<\/sup>A mulher disse a Jesus: \u201cSei que o Messias (que se chama Cristo) vai chegar. Quando ele vier, vai nos fazer conhecer todas as coisas\u201d.\u00a0<sup>26<\/sup>Disse-lhe Jesus: \u201cSou eu, que estou falando contigo\u201d.\u00a0<sup>39a<\/sup>Muitos samaritanos daquela cidade abra\u00e7aram a f\u00e9 em Jesus.\u00a0<sup>40<\/sup>Por isso, os samaritanos vieram ao encontro de Jesus e pediram que permanecesse com eles. Jesus permaneceu a\u00ed dois dias.\u00a0<sup>41<\/sup>E muitos outros creram por causa da sua palavra.<sup>42<\/sup>E disseram \u00e0 mulher: \u201cJ\u00e1 n\u00e3o cremos por causa das tuas palavras, pois n\u00f3s mesmos ouvimos e sabemos que este \u00e9 verdadeiramente o salvador do mundo\u201d.<\/p>\n<\/div>\n<div id=\"themify_builder_content-13474\" data-postid=\"13474\" class=\"themify_builder_content themify_builder_content-13474 themify_builder themify_builder_front\">\n\t<\/div>\n<!-- \/themify_builder_content -->","protected":false},"excerpt":{"rendered":"<p>3\u00ba Domingo da Quaresma Primeira leitura (\u00caxodo 17,3-7) Leitura do Livro do \u00caxodo: Naqueles dias,\u00a03o povo, sedento de \u00e1gua, murmurava contra Mois\u00e9s e dizia: \u201cPor que nos fizeste sair do Egito? Foi para nos fazer morrer de sede, a n\u00f3s, nossos filhos e nosso gado?\u201d 4Mois\u00e9s clamou ao Senhor, dizendo: \u201cQue farei por este povo? [&hellip;]<\/p>\n","protected":false},"author":5,"featured_media":0,"comment_status":"open","ping_status":"open","sticky":false,"template":"","format":"standard","meta":{"ngg_post_thumbnail":0,"footnotes":""},"categories":[109],"tags":[3204],"yoast_head":"<!-- This site is optimized with the Yoast SEO plugin v23.5 - https:\/\/yoast.com\/wordpress\/plugins\/seo\/ -->\n<title>Leituras do domingo 27\/03\/2011 - O Arcanjo no ar<\/title>\n<meta name=\"robots\" content=\"index, follow, max-snippet:-1, max-image-preview:large, max-video-preview:-1\" \/>\n<link rel=\"canonical\" href=\"https:\/\/www.oarcanjo.net\/site\/leituras-do-domingo-27032011\/\" \/>\n<meta property=\"og:locale\" content=\"pt_BR\" \/>\n<meta property=\"og:type\" content=\"article\" \/>\n<meta property=\"og:title\" content=\"Leituras do domingo 27\/03\/2011 - O Arcanjo no ar\" \/>\n<meta property=\"og:description\" content=\"3\u00ba Domingo da Quaresma Primeira leitura (\u00caxodo 17,3-7) Leitura do Livro do \u00caxodo: Naqueles dias,\u00a03o povo, sedento de \u00e1gua, murmurava contra Mois\u00e9s e dizia: \u201cPor que nos fizeste sair do Egito? Foi para nos fazer morrer de sede, a n\u00f3s, nossos filhos e nosso gado?\u201d 4Mois\u00e9s clamou ao Senhor, dizendo: \u201cQue farei por este povo? [&hellip;]\" \/>\n<meta property=\"og:url\" content=\"https:\/\/www.oarcanjo.net\/site\/leituras-do-domingo-27032011\/\" \/>\n<meta property=\"og:site_name\" content=\"O Arcanjo no ar\" \/>\n<meta property=\"article:publisher\" content=\"https:\/\/www.facebook.com\/OArcanjoNoAr\/\" \/>\n<meta property=\"article:published_time\" content=\"2011-03-09T17:51:31+00:00\" \/>\n<meta property=\"og:image\" content=\"https:\/\/www.oarcanjo.net\/site\/wp-content\/uploads\/logo-o-arcanjo-no-ar-facebook.png\" \/>\n\t<meta property=\"og:image:width\" content=\"300\" \/>\n\t<meta property=\"og:image:height\" content=\"300\" \/>\n\t<meta property=\"og:image:type\" content=\"image\/png\" \/>\n<meta name=\"author\" content=\"editor\" \/>\n<meta name=\"twitter:card\" content=\"summary_large_image\" \/>\n<meta name=\"twitter:label1\" content=\"Escrito por\" \/>\n\t<meta name=\"twitter:data1\" content=\"editor\" \/>\n\t<meta name=\"twitter:label2\" content=\"Est. tempo de leitura\" \/>\n\t<meta name=\"twitter:data2\" content=\"5 minutos\" \/>\n<script type=\"application\/ld+json\" class=\"yoast-schema-graph\">{\"@context\":\"https:\/\/schema.org\",\"@graph\":[{\"@type\":\"Article\",\"@id\":\"https:\/\/www.oarcanjo.net\/site\/leituras-do-domingo-27032011\/#article\",\"isPartOf\":{\"@id\":\"https:\/\/www.oarcanjo.net\/site\/leituras-do-domingo-27032011\/\"},\"author\":{\"name\":\"editor\",\"@id\":\"https:\/\/www.oarcanjo.net\/site\/#\/schema\/person\/f7024d007863202483a31326673a0838\"},\"headline\":\"Leituras do domingo 27\/03\/2011\",\"datePublished\":\"2011-03-09T17:51:31+00:00\",\"dateModified\":\"2011-03-09T17:51:31+00:00\",\"mainEntityOfPage\":{\"@id\":\"https:\/\/www.oarcanjo.net\/site\/leituras-do-domingo-27032011\/\"},\"wordCount\":906,\"commentCount\":0,\"publisher\":{\"@id\":\"https:\/\/www.oarcanjo.net\/site\/#organization\"},\"keywords\":[\"Liturgia\"],\"articleSection\":[\"Liturgia\"],\"inLanguage\":\"pt-BR\",\"potentialAction\":[{\"@type\":\"CommentAction\",\"name\":\"Comment\",\"target\":[\"https:\/\/www.oarcanjo.net\/site\/leituras-do-domingo-27032011\/#respond\"]}]},{\"@type\":\"WebPage\",\"@id\":\"https:\/\/www.oarcanjo.net\/site\/leituras-do-domingo-27032011\/\",\"url\":\"https:\/\/www.oarcanjo.net\/site\/leituras-do-domingo-27032011\/\",\"name\":\"Leituras do domingo 27\/03\/2011 - O Arcanjo no ar\",\"isPartOf\":{\"@id\":\"https:\/\/www.oarcanjo.net\/site\/#website\"},\"datePublished\":\"2011-03-09T17:51:31+00:00\",\"dateModified\":\"2011-03-09T17:51:31+00:00\",\"breadcrumb\":{\"@id\":\"https:\/\/www.oarcanjo.net\/site\/leituras-do-domingo-27032011\/#breadcrumb\"},\"inLanguage\":\"pt-BR\",\"potentialAction\":[{\"@type\":\"ReadAction\",\"target\":[\"https:\/\/www.oarcanjo.net\/site\/leituras-do-domingo-27032011\/\"]}]},{\"@type\":\"BreadcrumbList\",\"@id\":\"https:\/\/www.oarcanjo.net\/site\/leituras-do-domingo-27032011\/#breadcrumb\",\"itemListElement\":[{\"@type\":\"ListItem\",\"position\":1,\"name\":\"In\u00edcio\",\"item\":\"https:\/\/www.oarcanjo.net\/site\/\"},{\"@type\":\"ListItem\",\"position\":2,\"name\":\"Leituras do domingo 27\/03\/2011\"}]},{\"@type\":\"WebSite\",\"@id\":\"https:\/\/www.oarcanjo.net\/site\/#website\",\"url\":\"https:\/\/www.oarcanjo.net\/site\/\",\"name\":\"O Arcanjo no ar\",\"description\":\"Site da Par\u00f3quia S\u00e3o Miguel Arcanjo (Arquidiocese de SP)\",\"publisher\":{\"@id\":\"https:\/\/www.oarcanjo.net\/site\/#organization\"},\"potentialAction\":[{\"@type\":\"SearchAction\",\"target\":{\"@type\":\"EntryPoint\",\"urlTemplate\":\"https:\/\/www.oarcanjo.net\/site\/?s={search_term_string}\"},\"query-input\":{\"@type\":\"PropertyValueSpecification\",\"valueRequired\":true,\"valueName\":\"search_term_string\"}}],\"inLanguage\":\"pt-BR\"},{\"@type\":\"Organization\",\"@id\":\"https:\/\/www.oarcanjo.net\/site\/#organization\",\"name\":\"Par\u00f3quia S\u00e3o Miguel Arcanjo\",\"url\":\"https:\/\/www.oarcanjo.net\/site\/\",\"logo\":{\"@type\":\"ImageObject\",\"inLanguage\":\"pt-BR\",\"@id\":\"https:\/\/www.oarcanjo.net\/site\/#\/schema\/logo\/image\/\",\"url\":\"https:\/\/www.oarcanjo.net\/site\/wp-content\/uploads\/LogoOArcanjo.png\",\"contentUrl\":\"https:\/\/www.oarcanjo.net\/site\/wp-content\/uploads\/LogoOArcanjo.png\",\"width\":319,\"height\":99,\"caption\":\"Par\u00f3quia S\u00e3o Miguel Arcanjo\"},\"image\":{\"@id\":\"https:\/\/www.oarcanjo.net\/site\/#\/schema\/logo\/image\/\"},\"sameAs\":[\"https:\/\/www.facebook.com\/OArcanjoNoAr\/\"]},{\"@type\":\"Person\",\"@id\":\"https:\/\/www.oarcanjo.net\/site\/#\/schema\/person\/f7024d007863202483a31326673a0838\",\"name\":\"editor\",\"sameAs\":[\"http:\/\/www.oarcanjo.net\"]}]}<\/script>\n<!-- \/ Yoast SEO plugin. -->","yoast_head_json":{"title":"Leituras do domingo 27\/03\/2011 - O Arcanjo no ar","robots":{"index":"index","follow":"follow","max-snippet":"max-snippet:-1","max-image-preview":"max-image-preview:large","max-video-preview":"max-video-preview:-1"},"canonical":"https:\/\/www.oarcanjo.net\/site\/leituras-do-domingo-27032011\/","og_locale":"pt_BR","og_type":"article","og_title":"Leituras do domingo 27\/03\/2011 - O Arcanjo no ar","og_description":"3\u00ba Domingo da Quaresma Primeira leitura (\u00caxodo 17,3-7) Leitura do Livro do \u00caxodo: Naqueles dias,\u00a03o povo, sedento de \u00e1gua, murmurava contra Mois\u00e9s e dizia: \u201cPor que nos fizeste sair do Egito? Foi para nos fazer morrer de sede, a n\u00f3s, nossos filhos e nosso gado?\u201d 4Mois\u00e9s clamou ao Senhor, dizendo: \u201cQue farei por este povo? [&hellip;]","og_url":"https:\/\/www.oarcanjo.net\/site\/leituras-do-domingo-27032011\/","og_site_name":"O Arcanjo no ar","article_publisher":"https:\/\/www.facebook.com\/OArcanjoNoAr\/","article_published_time":"2011-03-09T17:51:31+00:00","og_image":[{"width":300,"height":300,"url":"https:\/\/www.oarcanjo.net\/site\/wp-content\/uploads\/logo-o-arcanjo-no-ar-facebook.png","type":"image\/png"}],"author":"editor","twitter_card":"summary_large_image","twitter_misc":{"Escrito por":"editor","Est. tempo de leitura":"5 minutos"},"schema":{"@context":"https:\/\/schema.org","@graph":[{"@type":"Article","@id":"https:\/\/www.oarcanjo.net\/site\/leituras-do-domingo-27032011\/#article","isPartOf":{"@id":"https:\/\/www.oarcanjo.net\/site\/leituras-do-domingo-27032011\/"},"author":{"name":"editor","@id":"https:\/\/www.oarcanjo.net\/site\/#\/schema\/person\/f7024d007863202483a31326673a0838"},"headline":"Leituras do domingo 27\/03\/2011","datePublished":"2011-03-09T17:51:31+00:00","dateModified":"2011-03-09T17:51:31+00:00","mainEntityOfPage":{"@id":"https:\/\/www.oarcanjo.net\/site\/leituras-do-domingo-27032011\/"},"wordCount":906,"commentCount":0,"publisher":{"@id":"https:\/\/www.oarcanjo.net\/site\/#organization"},"keywords":["Liturgia"],"articleSection":["Liturgia"],"inLanguage":"pt-BR","potentialAction":[{"@type":"CommentAction","name":"Comment","target":["https:\/\/www.oarcanjo.net\/site\/leituras-do-domingo-27032011\/#respond"]}]},{"@type":"WebPage","@id":"https:\/\/www.oarcanjo.net\/site\/leituras-do-domingo-27032011\/","url":"https:\/\/www.oarcanjo.net\/site\/leituras-do-domingo-27032011\/","name":"Leituras do domingo 27\/03\/2011 - O Arcanjo no ar","isPartOf":{"@id":"https:\/\/www.oarcanjo.net\/site\/#website"},"datePublished":"2011-03-09T17:51:31+00:00","dateModified":"2011-03-09T17:51:31+00:00","breadcrumb":{"@id":"https:\/\/www.oarcanjo.net\/site\/leituras-do-domingo-27032011\/#breadcrumb"},"inLanguage":"pt-BR","potentialAction":[{"@type":"ReadAction","target":["https:\/\/www.oarcanjo.net\/site\/leituras-do-domingo-27032011\/"]}]},{"@type":"BreadcrumbList","@id":"https:\/\/www.oarcanjo.net\/site\/leituras-do-domingo-27032011\/#breadcrumb","itemListElement":[{"@type":"ListItem","position":1,"name":"In\u00edcio","item":"https:\/\/www.oarcanjo.net\/site\/"},{"@type":"ListItem","position":2,"name":"Leituras do domingo 27\/03\/2011"}]},{"@type":"WebSite","@id":"https:\/\/www.oarcanjo.net\/site\/#website","url":"https:\/\/www.oarcanjo.net\/site\/","name":"O Arcanjo no ar","description":"Site da Par\u00f3quia S\u00e3o Miguel Arcanjo (Arquidiocese de SP)","publisher":{"@id":"https:\/\/www.oarcanjo.net\/site\/#organization"},"potentialAction":[{"@type":"SearchAction","target":{"@type":"EntryPoint","urlTemplate":"https:\/\/www.oarcanjo.net\/site\/?s={search_term_string}"},"query-input":{"@type":"PropertyValueSpecification","valueRequired":true,"valueName":"search_term_string"}}],"inLanguage":"pt-BR"},{"@type":"Organization","@id":"https:\/\/www.oarcanjo.net\/site\/#organization","name":"Par\u00f3quia S\u00e3o Miguel Arcanjo","url":"https:\/\/www.oarcanjo.net\/site\/","logo":{"@type":"ImageObject","inLanguage":"pt-BR","@id":"https:\/\/www.oarcanjo.net\/site\/#\/schema\/logo\/image\/","url":"https:\/\/www.oarcanjo.net\/site\/wp-content\/uploads\/LogoOArcanjo.png","contentUrl":"https:\/\/www.oarcanjo.net\/site\/wp-content\/uploads\/LogoOArcanjo.png","width":319,"height":99,"caption":"Par\u00f3quia S\u00e3o Miguel Arcanjo"},"image":{"@id":"https:\/\/www.oarcanjo.net\/site\/#\/schema\/logo\/image\/"},"sameAs":["https:\/\/www.facebook.com\/OArcanjoNoAr\/"]},{"@type":"Person","@id":"https:\/\/www.oarcanjo.net\/site\/#\/schema\/person\/f7024d007863202483a31326673a0838","name":"editor","sameAs":["http:\/\/www.oarcanjo.net"]}]}},"publishpress_future_action":{"enabled":false,"date":"2026-05-09 06:21:13","action":"category","newStatus":"draft","terms":[],"taxonomy":"category"},"publishpress_future_workflow_manual_trigger":{"enabledWorkflows":[]},"_links":{"self":[{"href":"https:\/\/www.oarcanjo.net\/site\/wp-json\/wp\/v2\/posts\/13474"}],"collection":[{"href":"https:\/\/www.oarcanjo.net\/site\/wp-json\/wp\/v2\/posts"}],"about":[{"href":"https:\/\/www.oarcanjo.net\/site\/wp-json\/wp\/v2\/types\/post"}],"author":[{"embeddable":true,"href":"https:\/\/www.oarcanjo.net\/site\/wp-json\/wp\/v2\/users\/5"}],"replies":[{"embeddable":true,"href":"https:\/\/www.oarcanjo.net\/site\/wp-json\/wp\/v2\/comments?post=13474"}],"version-history":[{"count":0,"href":"https:\/\/www.oarcanjo.net\/site\/wp-json\/wp\/v2\/posts\/13474\/revisions"}],"wp:attachment":[{"href":"https:\/\/www.oarcanjo.net\/site\/wp-json\/wp\/v2\/media?parent=13474"}],"wp:term":[{"taxonomy":"category","embeddable":true,"href":"https:\/\/www.oarcanjo.net\/site\/wp-json\/wp\/v2\/categories?post=13474"},{"taxonomy":"post_tag","embeddable":true,"href":"https:\/\/www.oarcanjo.net\/site\/wp-json\/wp\/v2\/tags?post=13474"}],"curies":[{"name":"wp","href":"https:\/\/api.w.org\/{rel}","templated":true}]}}