
{"id":1358,"date":"2009-01-06T17:22:14","date_gmt":"2009-01-06T19:22:14","guid":{"rendered":"http:\/\/www.oarcanjo.net\/site\/?p=1358"},"modified":"2009-01-06T17:22:14","modified_gmt":"2009-01-06T19:22:14","slug":"paz-e-pobreza","status":"publish","type":"post","link":"https:\/\/www.oarcanjo.net\/site\/paz-e-pobreza\/","title":{"rendered":"Paz e pobreza"},"content":{"rendered":"<p>Dom Walmor Oliveira de Azevedo<\/p>\n<p>O Santo Padre o Papa Bento XVI convida, na sua Mensagem para o Dia Mundial da Paz, deste ano de 2009, com votos de paz a todos, aos homens e mulheres de boa vontade, \u00e0 reflex\u00e3o do tema: Combater a pobreza, construir a paz. Este tema tem grande pertin\u00eancia e desafia a viv\u00eancia aut\u00eantica da cidadania e da f\u00e9. A cidadania e a f\u00e9 exigem combater a pobreza. O entendimento da constru\u00e7\u00e3o da paz n\u00e3o dispensa o engajamento de todos no combate \u00e0 pobreza. O Santo Padre recorda que seu venerado antecessor, o Papa Jo\u00e3o Paulo II, na sua Mensagem para o Dia Mundial da Paz de 1993, sublinhara as repercuss\u00f5es negativas que a situa\u00e7\u00e3o de pobreza tem sobre a paz. S\u00e3o popula\u00e7\u00f5es inteiras vivendo em condi\u00e7\u00f5es indignas e inaceit\u00e1veis. \u00c9 incontest\u00e1vel que a pobreza contribui no agravamento dos conflitos, at\u00e9 mesmo dos conflitos armados. Por sua vez, os conflitos gerados e mantidos pela pobreza alimentam as tr\u00e1gicas situa\u00e7\u00f5es de pobreza.<\/p>\n<p>O Papa Bento XVI cita o Vener\u00e1vel Jo\u00e3o Paulo II para sublinhar uma configura\u00e7\u00e3o que precisa sensibilizar a todos os cidad\u00e3os no empenho pela paz enquanto inclui a coragem de combater a pobreza: \u201cVai-se afirmando com uma gravidade sempre maior outra s\u00e9ria amea\u00e7a \u00e0 paz: muitas pessoas, mais ainda, popula\u00e7\u00f5es inteiras vivem hoje em condi\u00e7\u00f5es de extrema pobreza. A disparidade entre ricos e pobres tornou-se mais evidente, mesmo nas na\u00e7\u00f5es economicamente mais desenvolvidas. Trata-se de um problema que se imp\u00f5e \u00e0 consci\u00eancia da humanidade, visto que as condi\u00e7\u00f5es em que se encontra um grande n\u00famero de pessoas s\u00e3o tais que ofendem a dignidade natural e, consequentemente, comprometem o aut\u00eantico e harm\u00f4nico progresso da comunidade mundial\u201d. A pobreza vergonhosa que se abate sobre tantos irm\u00e3os e irm\u00e3s tem que ser considerada, pois, como um problema de consci\u00eancia. N\u00e3o basta ser um assunto das agendas governamentais e das discuss\u00f5es de outros segmentos da sociedade. O car\u00e1ter priorit\u00e1rio da considera\u00e7\u00e3o da situa\u00e7\u00e3o de pobreza exige mais do que um assunto em pauta. Ali\u00e1s, como assunto em pauta de f\u00f3runs, congressos e outros eventos de porte internacional, n\u00e3o tem alcan\u00e7ado as metas definidas. \u00c9 preciso que o tratamento da situa\u00e7\u00e3o de pobreza se torne um problema de consci\u00eancia para afetar o modus vivendi das sociedades, os crit\u00e9rios de consumo e a concep\u00e7\u00e3o b\u00e1sica e essencial da ordem econ\u00f4mica que deve presidir a organiza\u00e7\u00e3o mundial das rela\u00e7\u00f5es entre na\u00e7\u00f5es, grupos e povos.<\/p>\n<p>\u00c9 inadmiss\u00edvel, neste momento, pensar a supera\u00e7\u00e3o da famigerada crise econ\u00f4mica, cantada em verso e em prosa, sem emoldurar as discuss\u00f5es e as propostas com esta deplor\u00e1vel situa\u00e7\u00e3o de pobreza no cen\u00e1rio mundial. Prescindir desta moldura para iluminar as discuss\u00f5es e a busca de solu\u00e7\u00f5es e sa\u00edda para a crise econ\u00f4mica \u00e9 uma inj\u00faria. Uma inj\u00faria perversa que deposita nos lucros exorbitantes e nas vantagens dos fortes, o ponto de considera\u00e7\u00e3o mais importante. De novo \u00e9 um risco. Ora, com toda a complexidade pr\u00f3pria do que pode configurar a crise econ\u00f4mica, no seu bojo n\u00e3o est\u00e1 o exagero dos lucros com sua gan\u00e2ncia pr\u00f3pria e perversa? Por este caminho as solu\u00e7\u00f5es ser\u00e3o parciais. Atingir\u00e3o apenas as metas de fazer voltar a lucrar os que est\u00e3o situados bem longe da pobreza. Os outros, os pobres continuar\u00e3o castigados perversamente.<\/p>\n<p>O Santo Padre o Papa Bento XVI acentua que, neste contexto, combater a pobreza implica uma atenta an\u00e1lise do fen\u00f4meno complexo da globaliza\u00e7\u00e3o. Esta an\u00e1lise tem grande import\u00e2ncia metodol\u00f3gica porque convida a p\u00f4r em pr\u00e1tica o resultado das pesquisas dos soci\u00f3logos e economistas. De modo especial, na considera\u00e7\u00e3o da globaliza\u00e7\u00e3o, \u00e9 preciso incluir a dimens\u00e3o moral e espiritual que clareia a posi\u00e7\u00e3o de todos os seres humanos como participantes de um \u00fanico projeto divino. Isto \u00e9, a constru\u00e7\u00e3o de uma \u00fanica fam\u00edlia, na qual todos, indiv\u00edduos, povos e na\u00e7\u00f5es, regulem o seu comportamento segundo os princ\u00edpios de fraternidade e responsabilidade. Ora, o Santo Padre adverte que n\u00e3o se pode, pois, prescindir do sentido de fraternidade e de responsabilidade. N\u00e3o basta, portanto, retomar um funcionamento mercadol\u00f3gico a contento dos que lucram. \u00c9 preciso configurar e ter uma vis\u00e3o articulada da pobreza. N\u00e3o basta que as ci\u00eancias sociais providenciem as medi\u00e7\u00f5es de fen\u00f4menos e a disponibiliza\u00e7\u00e3o de dados quantitativos. A constru\u00e7\u00e3o da paz inclui, pois, a considera\u00e7\u00e3o da situa\u00e7\u00e3o material da pobreza e tamb\u00e9m a considera\u00e7\u00e3o das pobrezas imateriais. Existem as pobrezas que s\u00e3o conseq\u00fc\u00eancias das car\u00eancias materiais. Tamb\u00e9m, existem pobrezas que s\u00e3o conseq\u00fc\u00eancia dos fen\u00f4menos da marginaliza\u00e7\u00e3o, da pobreza relacional, moral e espiritual. H\u00e1 muita gente pobre porque \u00e9 interiormente desorientada. Apesar do bem estar econ\u00f4mico, lembra o Papa Bento XVI na sua Mensagem, vivem diversas formas de transtorno. Construir a paz sup\u00f5e um corajoso engajamento no combate \u00e0s pobrezas.<\/p>\n<div id=\"themify_builder_content-1358\" data-postid=\"1358\" class=\"themify_builder_content themify_builder_content-1358 themify_builder themify_builder_front\">\n\t<\/div>\n<!-- \/themify_builder_content -->","protected":false},"excerpt":{"rendered":"<p>Dom Walmor Oliveira de Azevedo O Santo Padre o Papa Bento XVI convida, na sua Mensagem para o Dia Mundial da Paz, deste ano de 2009, com votos de paz a todos, aos homens e mulheres de boa vontade, \u00e0 reflex\u00e3o do tema: Combater a pobreza, construir a paz. Este tema tem grande pertin\u00eancia e [&hellip;]<\/p>\n","protected":false},"author":5,"featured_media":0,"comment_status":"open","ping_status":"open","sticky":false,"template":"","format":"standard","meta":{"ngg_post_thumbnail":0,"footnotes":""},"categories":[9],"tags":[157,167,37],"yoast_head":"<!-- This site is optimized with the Yoast SEO plugin v23.5 - https:\/\/yoast.com\/wordpress\/plugins\/seo\/ -->\n<title>Paz e pobreza - O Arcanjo no ar<\/title>\n<meta name=\"robots\" content=\"index, follow, max-snippet:-1, max-image-preview:large, max-video-preview:-1\" \/>\n<link rel=\"canonical\" href=\"https:\/\/www.oarcanjo.net\/site\/paz-e-pobreza\/\" \/>\n<meta property=\"og:locale\" content=\"pt_BR\" \/>\n<meta property=\"og:type\" content=\"article\" \/>\n<meta property=\"og:title\" content=\"Paz e pobreza - O Arcanjo no ar\" \/>\n<meta property=\"og:description\" content=\"Dom Walmor Oliveira de Azevedo O Santo Padre o Papa Bento XVI convida, na sua Mensagem para o Dia Mundial da Paz, deste ano de 2009, com votos de paz a todos, aos homens e mulheres de boa vontade, \u00e0 reflex\u00e3o do tema: Combater a pobreza, construir a paz. Este tema tem grande pertin\u00eancia e [&hellip;]\" \/>\n<meta property=\"og:url\" content=\"https:\/\/www.oarcanjo.net\/site\/paz-e-pobreza\/\" \/>\n<meta property=\"og:site_name\" content=\"O Arcanjo no ar\" \/>\n<meta property=\"article:publisher\" content=\"https:\/\/www.facebook.com\/OArcanjoNoAr\/\" \/>\n<meta property=\"article:published_time\" content=\"2009-01-06T19:22:14+00:00\" \/>\n<meta property=\"og:image\" content=\"https:\/\/www.oarcanjo.net\/site\/wp-content\/uploads\/logo-o-arcanjo-no-ar-facebook.png\" \/>\n\t<meta property=\"og:image:width\" content=\"300\" \/>\n\t<meta property=\"og:image:height\" content=\"300\" \/>\n\t<meta property=\"og:image:type\" content=\"image\/png\" \/>\n<meta name=\"author\" content=\"editor\" \/>\n<meta name=\"twitter:card\" content=\"summary_large_image\" \/>\n<meta name=\"twitter:label1\" content=\"Escrito por\" \/>\n\t<meta name=\"twitter:data1\" content=\"editor\" \/>\n\t<meta name=\"twitter:label2\" content=\"Est. tempo de leitura\" \/>\n\t<meta name=\"twitter:data2\" content=\"4 minutos\" \/>\n<script type=\"application\/ld+json\" class=\"yoast-schema-graph\">{\"@context\":\"https:\/\/schema.org\",\"@graph\":[{\"@type\":\"Article\",\"@id\":\"https:\/\/www.oarcanjo.net\/site\/paz-e-pobreza\/#article\",\"isPartOf\":{\"@id\":\"https:\/\/www.oarcanjo.net\/site\/paz-e-pobreza\/\"},\"author\":{\"name\":\"editor\",\"@id\":\"https:\/\/www.oarcanjo.net\/site\/#\/schema\/person\/f7024d007863202483a31326673a0838\"},\"headline\":\"Paz e pobreza\",\"datePublished\":\"2009-01-06T19:22:14+00:00\",\"dateModified\":\"2009-01-06T19:22:14+00:00\",\"mainEntityOfPage\":{\"@id\":\"https:\/\/www.oarcanjo.net\/site\/paz-e-pobreza\/\"},\"wordCount\":887,\"commentCount\":0,\"publisher\":{\"@id\":\"https:\/\/www.oarcanjo.net\/site\/#organization\"},\"keywords\":[\"papa\",\"paz\",\"pobreza\"],\"articleSection\":[\"Reflex\u00f5es\"],\"inLanguage\":\"pt-BR\",\"potentialAction\":[{\"@type\":\"CommentAction\",\"name\":\"Comment\",\"target\":[\"https:\/\/www.oarcanjo.net\/site\/paz-e-pobreza\/#respond\"]}]},{\"@type\":\"WebPage\",\"@id\":\"https:\/\/www.oarcanjo.net\/site\/paz-e-pobreza\/\",\"url\":\"https:\/\/www.oarcanjo.net\/site\/paz-e-pobreza\/\",\"name\":\"Paz e pobreza - O Arcanjo no ar\",\"isPartOf\":{\"@id\":\"https:\/\/www.oarcanjo.net\/site\/#website\"},\"datePublished\":\"2009-01-06T19:22:14+00:00\",\"dateModified\":\"2009-01-06T19:22:14+00:00\",\"breadcrumb\":{\"@id\":\"https:\/\/www.oarcanjo.net\/site\/paz-e-pobreza\/#breadcrumb\"},\"inLanguage\":\"pt-BR\",\"potentialAction\":[{\"@type\":\"ReadAction\",\"target\":[\"https:\/\/www.oarcanjo.net\/site\/paz-e-pobreza\/\"]}]},{\"@type\":\"BreadcrumbList\",\"@id\":\"https:\/\/www.oarcanjo.net\/site\/paz-e-pobreza\/#breadcrumb\",\"itemListElement\":[{\"@type\":\"ListItem\",\"position\":1,\"name\":\"In\u00edcio\",\"item\":\"https:\/\/www.oarcanjo.net\/site\/\"},{\"@type\":\"ListItem\",\"position\":2,\"name\":\"Paz e pobreza\"}]},{\"@type\":\"WebSite\",\"@id\":\"https:\/\/www.oarcanjo.net\/site\/#website\",\"url\":\"https:\/\/www.oarcanjo.net\/site\/\",\"name\":\"O Arcanjo no ar\",\"description\":\"Site da Par\u00f3quia S\u00e3o Miguel Arcanjo (Arquidiocese de SP)\",\"publisher\":{\"@id\":\"https:\/\/www.oarcanjo.net\/site\/#organization\"},\"potentialAction\":[{\"@type\":\"SearchAction\",\"target\":{\"@type\":\"EntryPoint\",\"urlTemplate\":\"https:\/\/www.oarcanjo.net\/site\/?s={search_term_string}\"},\"query-input\":{\"@type\":\"PropertyValueSpecification\",\"valueRequired\":true,\"valueName\":\"search_term_string\"}}],\"inLanguage\":\"pt-BR\"},{\"@type\":\"Organization\",\"@id\":\"https:\/\/www.oarcanjo.net\/site\/#organization\",\"name\":\"Par\u00f3quia S\u00e3o Miguel Arcanjo\",\"url\":\"https:\/\/www.oarcanjo.net\/site\/\",\"logo\":{\"@type\":\"ImageObject\",\"inLanguage\":\"pt-BR\",\"@id\":\"https:\/\/www.oarcanjo.net\/site\/#\/schema\/logo\/image\/\",\"url\":\"https:\/\/www.oarcanjo.net\/site\/wp-content\/uploads\/LogoOArcanjo.png\",\"contentUrl\":\"https:\/\/www.oarcanjo.net\/site\/wp-content\/uploads\/LogoOArcanjo.png\",\"width\":319,\"height\":99,\"caption\":\"Par\u00f3quia S\u00e3o Miguel Arcanjo\"},\"image\":{\"@id\":\"https:\/\/www.oarcanjo.net\/site\/#\/schema\/logo\/image\/\"},\"sameAs\":[\"https:\/\/www.facebook.com\/OArcanjoNoAr\/\"]},{\"@type\":\"Person\",\"@id\":\"https:\/\/www.oarcanjo.net\/site\/#\/schema\/person\/f7024d007863202483a31326673a0838\",\"name\":\"editor\",\"sameAs\":[\"http:\/\/www.oarcanjo.net\"]}]}<\/script>\n<!-- \/ Yoast SEO plugin. -->","yoast_head_json":{"title":"Paz e pobreza - O Arcanjo no ar","robots":{"index":"index","follow":"follow","max-snippet":"max-snippet:-1","max-image-preview":"max-image-preview:large","max-video-preview":"max-video-preview:-1"},"canonical":"https:\/\/www.oarcanjo.net\/site\/paz-e-pobreza\/","og_locale":"pt_BR","og_type":"article","og_title":"Paz e pobreza - O Arcanjo no ar","og_description":"Dom Walmor Oliveira de Azevedo O Santo Padre o Papa Bento XVI convida, na sua Mensagem para o Dia Mundial da Paz, deste ano de 2009, com votos de paz a todos, aos homens e mulheres de boa vontade, \u00e0 reflex\u00e3o do tema: Combater a pobreza, construir a paz. Este tema tem grande pertin\u00eancia e [&hellip;]","og_url":"https:\/\/www.oarcanjo.net\/site\/paz-e-pobreza\/","og_site_name":"O Arcanjo no ar","article_publisher":"https:\/\/www.facebook.com\/OArcanjoNoAr\/","article_published_time":"2009-01-06T19:22:14+00:00","og_image":[{"width":300,"height":300,"url":"https:\/\/www.oarcanjo.net\/site\/wp-content\/uploads\/logo-o-arcanjo-no-ar-facebook.png","type":"image\/png"}],"author":"editor","twitter_card":"summary_large_image","twitter_misc":{"Escrito por":"editor","Est. tempo de leitura":"4 minutos"},"schema":{"@context":"https:\/\/schema.org","@graph":[{"@type":"Article","@id":"https:\/\/www.oarcanjo.net\/site\/paz-e-pobreza\/#article","isPartOf":{"@id":"https:\/\/www.oarcanjo.net\/site\/paz-e-pobreza\/"},"author":{"name":"editor","@id":"https:\/\/www.oarcanjo.net\/site\/#\/schema\/person\/f7024d007863202483a31326673a0838"},"headline":"Paz e pobreza","datePublished":"2009-01-06T19:22:14+00:00","dateModified":"2009-01-06T19:22:14+00:00","mainEntityOfPage":{"@id":"https:\/\/www.oarcanjo.net\/site\/paz-e-pobreza\/"},"wordCount":887,"commentCount":0,"publisher":{"@id":"https:\/\/www.oarcanjo.net\/site\/#organization"},"keywords":["papa","paz","pobreza"],"articleSection":["Reflex\u00f5es"],"inLanguage":"pt-BR","potentialAction":[{"@type":"CommentAction","name":"Comment","target":["https:\/\/www.oarcanjo.net\/site\/paz-e-pobreza\/#respond"]}]},{"@type":"WebPage","@id":"https:\/\/www.oarcanjo.net\/site\/paz-e-pobreza\/","url":"https:\/\/www.oarcanjo.net\/site\/paz-e-pobreza\/","name":"Paz e pobreza - O Arcanjo no ar","isPartOf":{"@id":"https:\/\/www.oarcanjo.net\/site\/#website"},"datePublished":"2009-01-06T19:22:14+00:00","dateModified":"2009-01-06T19:22:14+00:00","breadcrumb":{"@id":"https:\/\/www.oarcanjo.net\/site\/paz-e-pobreza\/#breadcrumb"},"inLanguage":"pt-BR","potentialAction":[{"@type":"ReadAction","target":["https:\/\/www.oarcanjo.net\/site\/paz-e-pobreza\/"]}]},{"@type":"BreadcrumbList","@id":"https:\/\/www.oarcanjo.net\/site\/paz-e-pobreza\/#breadcrumb","itemListElement":[{"@type":"ListItem","position":1,"name":"In\u00edcio","item":"https:\/\/www.oarcanjo.net\/site\/"},{"@type":"ListItem","position":2,"name":"Paz e pobreza"}]},{"@type":"WebSite","@id":"https:\/\/www.oarcanjo.net\/site\/#website","url":"https:\/\/www.oarcanjo.net\/site\/","name":"O Arcanjo no ar","description":"Site da Par\u00f3quia S\u00e3o Miguel Arcanjo (Arquidiocese de SP)","publisher":{"@id":"https:\/\/www.oarcanjo.net\/site\/#organization"},"potentialAction":[{"@type":"SearchAction","target":{"@type":"EntryPoint","urlTemplate":"https:\/\/www.oarcanjo.net\/site\/?s={search_term_string}"},"query-input":{"@type":"PropertyValueSpecification","valueRequired":true,"valueName":"search_term_string"}}],"inLanguage":"pt-BR"},{"@type":"Organization","@id":"https:\/\/www.oarcanjo.net\/site\/#organization","name":"Par\u00f3quia S\u00e3o Miguel Arcanjo","url":"https:\/\/www.oarcanjo.net\/site\/","logo":{"@type":"ImageObject","inLanguage":"pt-BR","@id":"https:\/\/www.oarcanjo.net\/site\/#\/schema\/logo\/image\/","url":"https:\/\/www.oarcanjo.net\/site\/wp-content\/uploads\/LogoOArcanjo.png","contentUrl":"https:\/\/www.oarcanjo.net\/site\/wp-content\/uploads\/LogoOArcanjo.png","width":319,"height":99,"caption":"Par\u00f3quia S\u00e3o Miguel Arcanjo"},"image":{"@id":"https:\/\/www.oarcanjo.net\/site\/#\/schema\/logo\/image\/"},"sameAs":["https:\/\/www.facebook.com\/OArcanjoNoAr\/"]},{"@type":"Person","@id":"https:\/\/www.oarcanjo.net\/site\/#\/schema\/person\/f7024d007863202483a31326673a0838","name":"editor","sameAs":["http:\/\/www.oarcanjo.net"]}]}},"publishpress_future_action":{"enabled":false,"date":"2026-05-07 13:03:16","action":"category","newStatus":"draft","terms":[],"taxonomy":"category"},"publishpress_future_workflow_manual_trigger":{"enabledWorkflows":[]},"_links":{"self":[{"href":"https:\/\/www.oarcanjo.net\/site\/wp-json\/wp\/v2\/posts\/1358"}],"collection":[{"href":"https:\/\/www.oarcanjo.net\/site\/wp-json\/wp\/v2\/posts"}],"about":[{"href":"https:\/\/www.oarcanjo.net\/site\/wp-json\/wp\/v2\/types\/post"}],"author":[{"embeddable":true,"href":"https:\/\/www.oarcanjo.net\/site\/wp-json\/wp\/v2\/users\/5"}],"replies":[{"embeddable":true,"href":"https:\/\/www.oarcanjo.net\/site\/wp-json\/wp\/v2\/comments?post=1358"}],"version-history":[{"count":0,"href":"https:\/\/www.oarcanjo.net\/site\/wp-json\/wp\/v2\/posts\/1358\/revisions"}],"wp:attachment":[{"href":"https:\/\/www.oarcanjo.net\/site\/wp-json\/wp\/v2\/media?parent=1358"}],"wp:term":[{"taxonomy":"category","embeddable":true,"href":"https:\/\/www.oarcanjo.net\/site\/wp-json\/wp\/v2\/categories?post=1358"},{"taxonomy":"post_tag","embeddable":true,"href":"https:\/\/www.oarcanjo.net\/site\/wp-json\/wp\/v2\/tags?post=1358"}],"curies":[{"name":"wp","href":"https:\/\/api.w.org\/{rel}","templated":true}]}}