
{"id":13592,"date":"2011-03-21T09:21:46","date_gmt":"2011-03-21T12:21:46","guid":{"rendered":"http:\/\/www.oarcanjo.net\/site\/?p=13592"},"modified":"2011-03-21T09:21:46","modified_gmt":"2011-03-21T12:21:46","slug":"o-homem-mais-fragil-do-mundo","status":"publish","type":"post","link":"https:\/\/www.oarcanjo.net\/site\/o-homem-mais-fragil-do-mundo\/","title":{"rendered":"O homem mais fr\u00e1gil do mundo"},"content":{"rendered":"<p style=\"text-align: justify;\"><em>Pe. Alfredo J. Gon\u00e7alves, CS<\/em><\/p>\n<p style=\"text-align: justify;\">O refr\u00e3o se repete por toda parte. Com letras garrafais na m\u00eddia escrita, com certa refer\u00eancia na m\u00eddia falada ou televisionada, com certo ar de mist\u00e9rio pelas ruas, botecos, feiras e pra\u00e7as do pa\u00eds: o presidente dos Estados Unidos \u00e9 o \u201c<em>homem mais poderoso do mundo<\/em>\u201d. E Barak Obama, com esposa e filhas, desfila entre a capital do Brasil e o Rio de Janeiro com esse qualitativo impresso no cen\u00e1rio coreogr\u00e1fico de sua passagem. Al\u00e9m do mais, com seus discursos aparentemente improvisados, procura esbanjar simpatia e sintonia entre o \u201cpovo brasileiro\u201d e o \u201cpovo norte-americano\u201d.<\/p>\n<p style=\"text-align: justify;\">A Coluna de J\u00e2nio de Freitas desta segunda-feira (FSP, 21\/03\/2011) abre leve brecha nessa imagem, mais constru\u00edda que real. Se levarmos em conta a quantidade de policiais e soldados envolvidos na sua prote\u00e7\u00e3o; os blindados, helic\u00f3pteros, carros e motos que acompanham a comitiva, o gigantesco sistema de seguran\u00e7a montado para receber o presidente junto com sua fam\u00edlia e sua corte, o jogo espetacular e fant\u00e1stico do palco onde o ator exibir\u00e1 seu desempenho (para n\u00e3o falar <em>performance<\/em>) \u2013 ent\u00e3o \u00e9 preciso concluir que estamos diante do \u201c<em>homem mais fr\u00e1gil do mundo<\/em>\u201d.<\/p>\n<p style=\"text-align: justify;\">Um prisioneiro de um pres\u00eddio ambulante. Marcado pelo estigma da fobia, n\u00e3o d\u00e1 um passo, sem que o terreno seja pr\u00e9via e devidamente inspecionado; n\u00e3o ingere qualquer alimento, sem que tenha passado por uma rigorosa investiga\u00e7\u00e3o quanto \u00e0 origem e \u00e0 prepara\u00e7\u00e3o; n\u00e3o se desloca, sem a companhia de um batalh\u00e3o de ve\u00edculos motorizados e seguran\u00e7as de estatura avantajada e \u00f3culos escuros; n\u00e3o fala, sem que seja atestada absoluto controle em todos os pontos ao alcance de sua voz. Um prisioneiro itinerante, sim, n\u00e3o obstante esteja rodeado de carcereiros de gravata e palet\u00f3.<\/p>\n<p style=\"text-align: justify;\">Pobre homem, pobre liberdade! Exp\u00f5e o medo doentio e m\u00f3rbido de cada cidad\u00e3o do mundo rico ou das regi\u00f5es ricas do mundo pobre. Revela nossas pr\u00f3prias pris\u00f5es, que insistimos em chamar de casas ou lares, onde nos encarceramos com a fam\u00edlia. Habita\u00e7\u00f5es em que os muros se levantam cada vez mais altos, grades s\u00e3o chumbadas em suas extremidades, c\u00e3es de guarda instalados nos jardins, c\u00e2meras espalhadas estrategicamente pelos condom\u00ednios, ruas, bairros e cidade, aumento do n\u00famero de policiais privados. Os gastos com sistemas de seguran\u00e7a cada vez mais sofisticados, utilizando tecnologia de ponta, atestam, por um lado, uma fobia que s\u00f3 faz crescer e nos torna ref\u00e9ns de nossos jovens e adolescentes e, por outro, que nos convertemos em carcereiros de n\u00f3s mesmos. Precisa acrescentar que tudo isso muitas vezes n\u00e3o serve para nada e que os roubos, assaltos e latroc\u00ednios registram \u00edndices que, ironicamente, parecem progredir na propor\u00e7\u00e3o do pr\u00f3prio investimento com seguran\u00e7a?<\/p>\n<p style=\"text-align: justify;\">Voltando \u00e0 passagem de Barak Obama ao Brasil, sua visita ao mesmo tempo vela e revela que \u201co rei est\u00e1 nu\u201d, de acordo com a conclus\u00e3o de Hans Christian Andersen, em <em>A nova roupa do rei.<\/em> E n\u00e3o s\u00f3 ele, mas todos n\u00f3s que, diante das not\u00edcias di\u00e1rias e sensacionalistas dos meios de comunica\u00e7\u00e3o, recheadas de viol\u00eancia e sangue, tiritamos de medo dentro de nossos lares profusamente revestidos com os artefatos da \u00faltima moda em conforto e seguran\u00e7a. A sociedade est\u00e1 nua! Tanto mais nua quanto mais carecida de vistosas vestes para proteger-se. O presidente dos Estados Unidos aparece como um s\u00edmbolo dessa nudez simultaneamente oculta e exposta. O homem mais poderoso da terra \u00e9 tamb\u00e9m o mais fr\u00e1gil. O mais necessitado de um ex\u00e9rcito de homens, olhos eletr\u00f4nicos e armas que o fa\u00e7am caminhar sem risco. Sua for\u00e7a imperial corresponde a sua fraqueza de homem encarcerado na teia de aranha de um sistema de seguran\u00e7a t\u00e3o fant\u00e1stico quanto f\u00f3bico.<\/p>\n<p style=\"text-align: justify;\">Nos subterr\u00e2neos dessa liberdade prisioneira, desse luxo empobrecido, desse poder d\u00e9bil escondem-se rela\u00e7\u00f5es socioecon\u00f4micas e pol\u00edtico-culturais injustas e assim\u00e9tricas. Mais do que um homem e sua fam\u00edlia, o que esse batalh\u00e3o de policiais e seguran\u00e7as procura defender \u00e9 uma ordem mundial que se tornou insustent\u00e1vel. O modelo de senhor e vassalo, imp\u00e9rio e col\u00f4nia, Primeiro e Terceiro Mundo, hist\u00f3rica e estruturalmente consolidado e nutrido, agoniza em seu pr\u00f3prio esplendor. Os fogos de artif\u00edcio sobem e caem com a mesma rapidez. O show pirot\u00e9cnico dura poucos segundos de luzes, cores e brilho; depois tudo se converte em cinza. As multid\u00f5es que erguem est\u00e1tuas s\u00e3o as mesmas que as derrubam com o vento de sua f\u00faria indomada. O her\u00f3i de hoje costuma ser o vil\u00e3o de amanh\u00e3.<\/p>\n<p style=\"text-align: justify;\">A presen\u00e7a de Obama entre n\u00f3s ajuda a refletir que n\u00e3o \u00e9 apenas Muammar Cadaffi que se encontra nu e fr\u00e1gil diante das ondas turbulentas e contradit\u00f3rias da hist\u00f3ria. Poder e gl\u00f3ria s\u00e3o t\u00e3o ef\u00eameros quanto a moda e o humor da multid\u00e3o. A figura do jovial e simp\u00e1tica do presidente dos Estados Unidos, hoje revestido de belas palavras, honras e poder, simboliza um amanh\u00e3 de sil\u00eancio, de indigna\u00e7\u00e3o e de fragilidade. Enquanto as torrentes subterr\u00e2neas da desigualdade socioecon\u00f4mica, em n\u00edvel mundial, n\u00e3o forem resolvidas, a calmaria da superf\u00edcie tende a ser enganosa. Terremotos e tsunamis imprevis\u00edveis ocultam-se por tr\u00e1s da diplomacia elegante, charmosa e sorridente. O ditado popular de que \u201cas apar\u00eancias enganam\u201d serve como nosso ponto final.<\/p>\n<p style=\"text-align: justify;\">Leia mais artigos do Padre Alfredo em provinciasaopaulo.com<\/p>\n<p style=\"text-align: justify;\">&nbsp;<\/p>\n<div id=\"themify_builder_content-13592\" data-postid=\"13592\" class=\"themify_builder_content themify_builder_content-13592 themify_builder themify_builder_front\">\n\t<\/div>\n<!-- \/themify_builder_content -->","protected":false},"excerpt":{"rendered":"<p>Pe. Alfredo J. Gon\u00e7alves, CS O refr\u00e3o se repete por toda parte. Com letras garrafais na m\u00eddia escrita, com certa refer\u00eancia na m\u00eddia falada ou televisionada, com certo ar de mist\u00e9rio pelas ruas, botecos, feiras e pra\u00e7as do pa\u00eds: o presidente dos Estados Unidos \u00e9 o \u201chomem mais poderoso do mundo\u201d. E Barak Obama, com [&hellip;]<\/p>\n","protected":false},"author":15,"featured_media":0,"comment_status":"open","ping_status":"open","sticky":false,"template":"","format":"standard","meta":{"ngg_post_thumbnail":0,"footnotes":""},"categories":[9],"tags":[],"yoast_head":"<!-- This site is optimized with the Yoast SEO plugin v23.5 - https:\/\/yoast.com\/wordpress\/plugins\/seo\/ -->\n<title>O homem mais fr\u00e1gil do mundo  - O Arcanjo no ar<\/title>\n<meta name=\"robots\" content=\"index, follow, max-snippet:-1, max-image-preview:large, max-video-preview:-1\" \/>\n<link rel=\"canonical\" href=\"https:\/\/www.oarcanjo.net\/site\/o-homem-mais-fragil-do-mundo\/\" \/>\n<meta property=\"og:locale\" content=\"pt_BR\" \/>\n<meta property=\"og:type\" content=\"article\" \/>\n<meta property=\"og:title\" content=\"O homem mais fr\u00e1gil do mundo  - O Arcanjo no ar\" \/>\n<meta property=\"og:description\" content=\"Pe. Alfredo J. Gon\u00e7alves, CS O refr\u00e3o se repete por toda parte. Com letras garrafais na m\u00eddia escrita, com certa refer\u00eancia na m\u00eddia falada ou televisionada, com certo ar de mist\u00e9rio pelas ruas, botecos, feiras e pra\u00e7as do pa\u00eds: o presidente dos Estados Unidos \u00e9 o \u201chomem mais poderoso do mundo\u201d. E Barak Obama, com [&hellip;]\" \/>\n<meta property=\"og:url\" content=\"https:\/\/www.oarcanjo.net\/site\/o-homem-mais-fragil-do-mundo\/\" \/>\n<meta property=\"og:site_name\" content=\"O Arcanjo no ar\" \/>\n<meta property=\"article:publisher\" content=\"https:\/\/www.facebook.com\/OArcanjoNoAr\/\" \/>\n<meta property=\"article:published_time\" content=\"2011-03-21T12:21:46+00:00\" \/>\n<meta property=\"og:image\" content=\"https:\/\/www.oarcanjo.net\/site\/wp-content\/uploads\/logo-o-arcanjo-no-ar-facebook.png\" \/>\n\t<meta property=\"og:image:width\" content=\"300\" \/>\n\t<meta property=\"og:image:height\" content=\"300\" \/>\n\t<meta property=\"og:image:type\" content=\"image\/png\" \/>\n<meta name=\"author\" content=\"Alexandre Nunes\" \/>\n<meta name=\"twitter:card\" content=\"summary_large_image\" \/>\n<meta name=\"twitter:label1\" content=\"Escrito por\" \/>\n\t<meta name=\"twitter:data1\" content=\"Alexandre Nunes\" \/>\n\t<meta name=\"twitter:label2\" content=\"Est. tempo de leitura\" \/>\n\t<meta name=\"twitter:data2\" content=\"5 minutos\" \/>\n<script type=\"application\/ld+json\" class=\"yoast-schema-graph\">{\"@context\":\"https:\/\/schema.org\",\"@graph\":[{\"@type\":\"Article\",\"@id\":\"https:\/\/www.oarcanjo.net\/site\/o-homem-mais-fragil-do-mundo\/#article\",\"isPartOf\":{\"@id\":\"https:\/\/www.oarcanjo.net\/site\/o-homem-mais-fragil-do-mundo\/\"},\"author\":{\"name\":\"Alexandre Nunes\",\"@id\":\"https:\/\/www.oarcanjo.net\/site\/#\/schema\/person\/0a2ae077c1a09b69d29928e3b9f1c0d1\"},\"headline\":\"O homem mais fr\u00e1gil do mundo\",\"datePublished\":\"2011-03-21T12:21:46+00:00\",\"dateModified\":\"2011-03-21T12:21:46+00:00\",\"mainEntityOfPage\":{\"@id\":\"https:\/\/www.oarcanjo.net\/site\/o-homem-mais-fragil-do-mundo\/\"},\"wordCount\":966,\"commentCount\":0,\"publisher\":{\"@id\":\"https:\/\/www.oarcanjo.net\/site\/#organization\"},\"articleSection\":[\"Reflex\u00f5es\"],\"inLanguage\":\"pt-BR\",\"potentialAction\":[{\"@type\":\"CommentAction\",\"name\":\"Comment\",\"target\":[\"https:\/\/www.oarcanjo.net\/site\/o-homem-mais-fragil-do-mundo\/#respond\"]}]},{\"@type\":\"WebPage\",\"@id\":\"https:\/\/www.oarcanjo.net\/site\/o-homem-mais-fragil-do-mundo\/\",\"url\":\"https:\/\/www.oarcanjo.net\/site\/o-homem-mais-fragil-do-mundo\/\",\"name\":\"O homem mais fr\u00e1gil do mundo - O Arcanjo no ar\",\"isPartOf\":{\"@id\":\"https:\/\/www.oarcanjo.net\/site\/#website\"},\"datePublished\":\"2011-03-21T12:21:46+00:00\",\"dateModified\":\"2011-03-21T12:21:46+00:00\",\"breadcrumb\":{\"@id\":\"https:\/\/www.oarcanjo.net\/site\/o-homem-mais-fragil-do-mundo\/#breadcrumb\"},\"inLanguage\":\"pt-BR\",\"potentialAction\":[{\"@type\":\"ReadAction\",\"target\":[\"https:\/\/www.oarcanjo.net\/site\/o-homem-mais-fragil-do-mundo\/\"]}]},{\"@type\":\"BreadcrumbList\",\"@id\":\"https:\/\/www.oarcanjo.net\/site\/o-homem-mais-fragil-do-mundo\/#breadcrumb\",\"itemListElement\":[{\"@type\":\"ListItem\",\"position\":1,\"name\":\"In\u00edcio\",\"item\":\"https:\/\/www.oarcanjo.net\/site\/\"},{\"@type\":\"ListItem\",\"position\":2,\"name\":\"O homem mais fr\u00e1gil do mundo\"}]},{\"@type\":\"WebSite\",\"@id\":\"https:\/\/www.oarcanjo.net\/site\/#website\",\"url\":\"https:\/\/www.oarcanjo.net\/site\/\",\"name\":\"O Arcanjo no ar\",\"description\":\"Site da Par\u00f3quia S\u00e3o Miguel Arcanjo (Arquidiocese de SP)\",\"publisher\":{\"@id\":\"https:\/\/www.oarcanjo.net\/site\/#organization\"},\"potentialAction\":[{\"@type\":\"SearchAction\",\"target\":{\"@type\":\"EntryPoint\",\"urlTemplate\":\"https:\/\/www.oarcanjo.net\/site\/?s={search_term_string}\"},\"query-input\":{\"@type\":\"PropertyValueSpecification\",\"valueRequired\":true,\"valueName\":\"search_term_string\"}}],\"inLanguage\":\"pt-BR\"},{\"@type\":\"Organization\",\"@id\":\"https:\/\/www.oarcanjo.net\/site\/#organization\",\"name\":\"Par\u00f3quia S\u00e3o Miguel Arcanjo\",\"url\":\"https:\/\/www.oarcanjo.net\/site\/\",\"logo\":{\"@type\":\"ImageObject\",\"inLanguage\":\"pt-BR\",\"@id\":\"https:\/\/www.oarcanjo.net\/site\/#\/schema\/logo\/image\/\",\"url\":\"https:\/\/www.oarcanjo.net\/site\/wp-content\/uploads\/LogoOArcanjo.png\",\"contentUrl\":\"https:\/\/www.oarcanjo.net\/site\/wp-content\/uploads\/LogoOArcanjo.png\",\"width\":319,\"height\":99,\"caption\":\"Par\u00f3quia S\u00e3o Miguel Arcanjo\"},\"image\":{\"@id\":\"https:\/\/www.oarcanjo.net\/site\/#\/schema\/logo\/image\/\"},\"sameAs\":[\"https:\/\/www.facebook.com\/OArcanjoNoAr\/\"]},{\"@type\":\"Person\",\"@id\":\"https:\/\/www.oarcanjo.net\/site\/#\/schema\/person\/0a2ae077c1a09b69d29928e3b9f1c0d1\",\"name\":\"Alexandre Nunes\",\"sameAs\":[\"http:\/\/alexandrenu.com\"]}]}<\/script>\n<!-- \/ Yoast SEO plugin. -->","yoast_head_json":{"title":"O homem mais fr\u00e1gil do mundo  - O Arcanjo no ar","robots":{"index":"index","follow":"follow","max-snippet":"max-snippet:-1","max-image-preview":"max-image-preview:large","max-video-preview":"max-video-preview:-1"},"canonical":"https:\/\/www.oarcanjo.net\/site\/o-homem-mais-fragil-do-mundo\/","og_locale":"pt_BR","og_type":"article","og_title":"O homem mais fr\u00e1gil do mundo  - O Arcanjo no ar","og_description":"Pe. Alfredo J. Gon\u00e7alves, CS O refr\u00e3o se repete por toda parte. Com letras garrafais na m\u00eddia escrita, com certa refer\u00eancia na m\u00eddia falada ou televisionada, com certo ar de mist\u00e9rio pelas ruas, botecos, feiras e pra\u00e7as do pa\u00eds: o presidente dos Estados Unidos \u00e9 o \u201chomem mais poderoso do mundo\u201d. E Barak Obama, com [&hellip;]","og_url":"https:\/\/www.oarcanjo.net\/site\/o-homem-mais-fragil-do-mundo\/","og_site_name":"O Arcanjo no ar","article_publisher":"https:\/\/www.facebook.com\/OArcanjoNoAr\/","article_published_time":"2011-03-21T12:21:46+00:00","og_image":[{"width":300,"height":300,"url":"https:\/\/www.oarcanjo.net\/site\/wp-content\/uploads\/logo-o-arcanjo-no-ar-facebook.png","type":"image\/png"}],"author":"Alexandre Nunes","twitter_card":"summary_large_image","twitter_misc":{"Escrito por":"Alexandre Nunes","Est. tempo de leitura":"5 minutos"},"schema":{"@context":"https:\/\/schema.org","@graph":[{"@type":"Article","@id":"https:\/\/www.oarcanjo.net\/site\/o-homem-mais-fragil-do-mundo\/#article","isPartOf":{"@id":"https:\/\/www.oarcanjo.net\/site\/o-homem-mais-fragil-do-mundo\/"},"author":{"name":"Alexandre Nunes","@id":"https:\/\/www.oarcanjo.net\/site\/#\/schema\/person\/0a2ae077c1a09b69d29928e3b9f1c0d1"},"headline":"O homem mais fr\u00e1gil do mundo","datePublished":"2011-03-21T12:21:46+00:00","dateModified":"2011-03-21T12:21:46+00:00","mainEntityOfPage":{"@id":"https:\/\/www.oarcanjo.net\/site\/o-homem-mais-fragil-do-mundo\/"},"wordCount":966,"commentCount":0,"publisher":{"@id":"https:\/\/www.oarcanjo.net\/site\/#organization"},"articleSection":["Reflex\u00f5es"],"inLanguage":"pt-BR","potentialAction":[{"@type":"CommentAction","name":"Comment","target":["https:\/\/www.oarcanjo.net\/site\/o-homem-mais-fragil-do-mundo\/#respond"]}]},{"@type":"WebPage","@id":"https:\/\/www.oarcanjo.net\/site\/o-homem-mais-fragil-do-mundo\/","url":"https:\/\/www.oarcanjo.net\/site\/o-homem-mais-fragil-do-mundo\/","name":"O homem mais fr\u00e1gil do mundo - O Arcanjo no ar","isPartOf":{"@id":"https:\/\/www.oarcanjo.net\/site\/#website"},"datePublished":"2011-03-21T12:21:46+00:00","dateModified":"2011-03-21T12:21:46+00:00","breadcrumb":{"@id":"https:\/\/www.oarcanjo.net\/site\/o-homem-mais-fragil-do-mundo\/#breadcrumb"},"inLanguage":"pt-BR","potentialAction":[{"@type":"ReadAction","target":["https:\/\/www.oarcanjo.net\/site\/o-homem-mais-fragil-do-mundo\/"]}]},{"@type":"BreadcrumbList","@id":"https:\/\/www.oarcanjo.net\/site\/o-homem-mais-fragil-do-mundo\/#breadcrumb","itemListElement":[{"@type":"ListItem","position":1,"name":"In\u00edcio","item":"https:\/\/www.oarcanjo.net\/site\/"},{"@type":"ListItem","position":2,"name":"O homem mais fr\u00e1gil do mundo"}]},{"@type":"WebSite","@id":"https:\/\/www.oarcanjo.net\/site\/#website","url":"https:\/\/www.oarcanjo.net\/site\/","name":"O Arcanjo no ar","description":"Site da Par\u00f3quia S\u00e3o Miguel Arcanjo (Arquidiocese de SP)","publisher":{"@id":"https:\/\/www.oarcanjo.net\/site\/#organization"},"potentialAction":[{"@type":"SearchAction","target":{"@type":"EntryPoint","urlTemplate":"https:\/\/www.oarcanjo.net\/site\/?s={search_term_string}"},"query-input":{"@type":"PropertyValueSpecification","valueRequired":true,"valueName":"search_term_string"}}],"inLanguage":"pt-BR"},{"@type":"Organization","@id":"https:\/\/www.oarcanjo.net\/site\/#organization","name":"Par\u00f3quia S\u00e3o Miguel Arcanjo","url":"https:\/\/www.oarcanjo.net\/site\/","logo":{"@type":"ImageObject","inLanguage":"pt-BR","@id":"https:\/\/www.oarcanjo.net\/site\/#\/schema\/logo\/image\/","url":"https:\/\/www.oarcanjo.net\/site\/wp-content\/uploads\/LogoOArcanjo.png","contentUrl":"https:\/\/www.oarcanjo.net\/site\/wp-content\/uploads\/LogoOArcanjo.png","width":319,"height":99,"caption":"Par\u00f3quia S\u00e3o Miguel Arcanjo"},"image":{"@id":"https:\/\/www.oarcanjo.net\/site\/#\/schema\/logo\/image\/"},"sameAs":["https:\/\/www.facebook.com\/OArcanjoNoAr\/"]},{"@type":"Person","@id":"https:\/\/www.oarcanjo.net\/site\/#\/schema\/person\/0a2ae077c1a09b69d29928e3b9f1c0d1","name":"Alexandre Nunes","sameAs":["http:\/\/alexandrenu.com"]}]}},"publishpress_future_action":{"enabled":false,"date":"2026-05-10 08:02:16","action":"category","newStatus":"draft","terms":[],"taxonomy":"category"},"publishpress_future_workflow_manual_trigger":{"enabledWorkflows":[]},"_links":{"self":[{"href":"https:\/\/www.oarcanjo.net\/site\/wp-json\/wp\/v2\/posts\/13592"}],"collection":[{"href":"https:\/\/www.oarcanjo.net\/site\/wp-json\/wp\/v2\/posts"}],"about":[{"href":"https:\/\/www.oarcanjo.net\/site\/wp-json\/wp\/v2\/types\/post"}],"author":[{"embeddable":true,"href":"https:\/\/www.oarcanjo.net\/site\/wp-json\/wp\/v2\/users\/15"}],"replies":[{"embeddable":true,"href":"https:\/\/www.oarcanjo.net\/site\/wp-json\/wp\/v2\/comments?post=13592"}],"version-history":[{"count":0,"href":"https:\/\/www.oarcanjo.net\/site\/wp-json\/wp\/v2\/posts\/13592\/revisions"}],"wp:attachment":[{"href":"https:\/\/www.oarcanjo.net\/site\/wp-json\/wp\/v2\/media?parent=13592"}],"wp:term":[{"taxonomy":"category","embeddable":true,"href":"https:\/\/www.oarcanjo.net\/site\/wp-json\/wp\/v2\/categories?post=13592"},{"taxonomy":"post_tag","embeddable":true,"href":"https:\/\/www.oarcanjo.net\/site\/wp-json\/wp\/v2\/tags?post=13592"}],"curies":[{"name":"wp","href":"https:\/\/api.w.org\/{rel}","templated":true}]}}