
{"id":1363,"date":"2009-01-08T15:32:19","date_gmt":"2009-01-08T17:32:19","guid":{"rendered":"http:\/\/www.oarcanjo.net\/site\/?p=1363"},"modified":"2009-01-08T15:34:28","modified_gmt":"2009-01-08T17:34:28","slug":"palestina-e-o-ciclo-da-violencia","status":"publish","type":"post","link":"https:\/\/www.oarcanjo.net\/site\/palestina-e-o-ciclo-da-violencia\/","title":{"rendered":"Palestina e o ciclo da viol\u00eancia"},"content":{"rendered":"<p>Jung Mo Sung<\/p>\n<p>Khaled Meshal, l\u00edder do grupo Hamas que vive no ex\u00edlio, na S\u00edria, escreveu um artigo para o jornal ingl\u00eas The Guardian (reproduzido no O Estado de S\u00e3o Paulo, 07\/01\/09) que merece de n\u00f3s uma reflex\u00e3o. Ap\u00f3s denunciar a situa\u00e7\u00e3o do povo palestino na Faixa de Gaza, &#8211; que descreveu como &#8220;encarcerado na maior pris\u00e3o do mundo, isolado por terra, ar e mar, morrendo de fome, sem ter acesso nem mesmo a rem\u00e9dios para tratar nossos doentes&#8221;, &#8211; ele diz que &#8220;\u00e9 absurdo a l\u00f3gica daqueles que exigem o fim da nossa resist\u00eancia. Eles absolvem de responsabilidade o agressor e ocupante &#8211; armando com as mais mort\u00edferas armas de destrui\u00e7\u00e3o -, enquanto culpam a v\u00edtima, o prisioneiro, aquele que vive sob ocupa\u00e7\u00e3o&#8221;. <\/p>\n<p>\u00c9 claro que ele est\u00e1 respondendo \u00e0s acusa\u00e7\u00f5es de que Hamas, por ter disparado foguetes e morteiros contra popula\u00e7\u00e3o civil de sul do Israel, \u00e9 o culpado pelo recente ataque e invas\u00e3o das for\u00e7as armadas de Israel na Faixa de Gaza e tamb\u00e9m das mortes de mulheres, velhos e crian\u00e7as palestinas. <\/p>\n<p>A sua principal argumenta\u00e7\u00e3o est\u00e1 resumida no par\u00e1grafo que segue: &#8220;Nossos modestos foguetes de fabrica\u00e7\u00e3o caseira s\u00e3o nosso grito de protesto endere\u00e7ado ao mundo todo. Israel e os seus patrocinadores europeus e americanos querem que sejamos massacrados em sil\u00eancio. Mas n\u00f3s nos recusamos a perecer silenciosamente&#8221;.<\/p>\n<p>A dram\u00e1tica e opressiva situa\u00e7\u00e3o em que vive a popula\u00e7\u00e3o palestina no Oriente M\u00e9dio &#8211; que foi causada, logo ap\u00f3s a Segunda Guerra Mundial, pela tentativa de solucionar a dram\u00e1tica situa\u00e7\u00e3o em que vivia o povo judeu &#8211; n\u00e3o pode ser esquecida, silenciada ou deixada de lado. Nesse sentido, Meshal tem raz\u00e3o quando diz: &#8220;n\u00f3s nos recusamos a perecer silenciosamente&#8221;. O \u00faltimo recurso da v\u00edtima \u00e9 clamar contra a opress\u00e3o. Ali\u00e1s, a tradi\u00e7\u00e3o judaico-crist\u00e3o nasce da convic\u00e7\u00e3o ou revela\u00e7\u00e3o de que Deus escutou o clamor do povo que estava sendo oprimido na terra do Fara\u00f3.<\/p>\n<p>Recusar a perecer silenciosamente \u00e9 uma prova de que a domina\u00e7\u00e3o ainda n\u00e3o conseguiu tirar da v\u00edtima o seu senso de dignidade. Viktor Frankl, um judeu sobrevivente dos campos de concentra\u00e7\u00e3o nazista, dizia que adentrar ao c\u00e2mara de g\u00e1s de cabe\u00e7a erguida era uma forma de a v\u00edtima afirmar a sua dignidade humana, mesmo que fosse pela \u00faltima vez. Por\u00e9m, em um mundo complexo como o nosso, \u00e9 preciso escolher bem o meio pelo qual um povo ou grupo oprimido envia ao mundo o seu grito de protesto. Pois, al\u00e9m da manifesta\u00e7\u00e3o da dignidade, esse grito \u00e9 tamb\u00e9m um meio de luta e, portanto, precisa contribuir na obten\u00e7\u00e3o da liberta\u00e7\u00e3o.<\/p>\n<p>Eu sei que \u00e9 f\u00e1cil para um n\u00e3o-palestino, escrevendo longe das condi\u00e7\u00f5es infra-humanas da Faixa de Gaza, falar da necessidade de pensar com cuidado as melhores formas de expressar este grito de protesto. Mas, \u00e9 preciso que n\u00f3s tamb\u00e9m adentremos nesta discuss\u00e3o porque, no fundo, estamos ligados por um mesmo esp\u00edrito de luta pela liberdade e vida digna. <\/p>\n<p>A pergunta que surge \u00e9: os foguetes e morteiros que atingem cidades israelenses s\u00e3o a melhor forma de expressar o grito de protesto e o clamor do povo palestino? A hist\u00f3ria nos mostra que Israel revida com mais viol\u00eancia, que gera mais sofrimento, raiva e \u00f3dio no povo palestino que, por sua vez, tenta revidar com mais viol\u00eancia, gerando um ciclo de viol\u00eancia. E quando um ciclo de viol\u00eancia se estabelece, os mais fortes e violentos acabam por vencer e as pessoas mais pobres e fracas s\u00e3o as que mais sofrem as dores e as mortes. Al\u00e9m disso, os defensores da pol\u00edtica do atual governo de Israel e seus aliados usam exatamente estes foguetes como justificativa para legitimar suas a\u00e7\u00f5es armadas e para culpabilizar Hamas e, de um certo modo, todo povo palestino.<\/p>\n<p>Quando o ciclo de viol\u00eancia se estabelece, as origens e as causas hist\u00f3ricas do conflito acabam sendo esquecidas e parece que a \u00fanica solu\u00e7\u00e3o \u00e9 a destrui\u00e7\u00e3o completa do seu inimigo; como t\u00eam defendido os extremistas do lado israelense e palestino. S\u00f3 que essa sa\u00edda n\u00e3o \u00e9 hoje historicamente vi\u00e1vel, e por isso n\u00e3o h\u00e1 sa\u00edda dentro da l\u00f3gica do ciclo da viol\u00eancia-vingan\u00e7a-viol\u00eancia. Isto sem falar no problema \u00e9tico da solu\u00e7\u00e3o pelo exterm\u00ednio do inimigo.<\/p>\n<p>Edward Said, um grande intelectual palestino engajado na causa palestina, dizia que um dos problemas da luta do povo palestino \u00e9 que n\u00e3o tinha logrado mostrar ao mundo duas coisas, que ele tinha aprendido com Nelson Mandela. O primeiro \u00e9 mostrar ao mundo que a causa palestina, a luta pela independ\u00eancia ou autonomia do seu povo que lhe permitisse uma vida digna e livre, \u00e9 moralmente superior do que a causa dos seus advers\u00e1rios. O segundo, que ela \u00e9 uma causa que faz bem n\u00e3o somente ao seu povo, mas a toda humanidade. <\/p>\n<p>Podemos discordar de m\u00e9todos concretos utilizados para expressar o seu grito de protesto, mas n\u00e3o podemos negar aos povos dominados o direito de recusar a perecer silenciosamente.<\/p>\n<div id=\"themify_builder_content-1363\" data-postid=\"1363\" class=\"themify_builder_content themify_builder_content-1363 themify_builder themify_builder_front\">\n\t<\/div>\n<!-- \/themify_builder_content -->","protected":false},"excerpt":{"rendered":"<p>Jung Mo Sung Khaled Meshal, l\u00edder do grupo Hamas que vive no ex\u00edlio, na S\u00edria, escreveu um artigo para o jornal ingl\u00eas The Guardian (reproduzido no O Estado de S\u00e3o Paulo, 07\/01\/09) que merece de n\u00f3s uma reflex\u00e3o. Ap\u00f3s denunciar a situa\u00e7\u00e3o do povo palestino na Faixa de Gaza, &#8211; que descreveu como &#8220;encarcerado na [&hellip;]<\/p>\n","protected":false},"author":5,"featured_media":0,"comment_status":"open","ping_status":"open","sticky":false,"template":"","format":"standard","meta":{"ngg_post_thumbnail":0,"footnotes":""},"categories":[9],"tags":[181,179,177,178,180,167,20],"yoast_head":"<!-- This site is optimized with the Yoast SEO plugin v23.5 - https:\/\/yoast.com\/wordpress\/plugins\/seo\/ -->\n<title>Palestina e o ciclo da viol\u00eancia - O Arcanjo no ar<\/title>\n<meta name=\"robots\" content=\"index, follow, max-snippet:-1, max-image-preview:large, max-video-preview:-1\" \/>\n<link rel=\"canonical\" href=\"https:\/\/www.oarcanjo.net\/site\/palestina-e-o-ciclo-da-violencia\/\" \/>\n<meta property=\"og:locale\" content=\"pt_BR\" \/>\n<meta property=\"og:type\" content=\"article\" \/>\n<meta property=\"og:title\" content=\"Palestina e o ciclo da viol\u00eancia - O Arcanjo no ar\" \/>\n<meta property=\"og:description\" content=\"Jung Mo Sung Khaled Meshal, l\u00edder do grupo Hamas que vive no ex\u00edlio, na S\u00edria, escreveu um artigo para o jornal ingl\u00eas The Guardian (reproduzido no O Estado de S\u00e3o Paulo, 07\/01\/09) que merece de n\u00f3s uma reflex\u00e3o. Ap\u00f3s denunciar a situa\u00e7\u00e3o do povo palestino na Faixa de Gaza, &#8211; que descreveu como &#8220;encarcerado na [&hellip;]\" \/>\n<meta property=\"og:url\" content=\"https:\/\/www.oarcanjo.net\/site\/palestina-e-o-ciclo-da-violencia\/\" \/>\n<meta property=\"og:site_name\" content=\"O Arcanjo no ar\" \/>\n<meta property=\"article:publisher\" content=\"https:\/\/www.facebook.com\/OArcanjoNoAr\/\" \/>\n<meta property=\"article:published_time\" content=\"2009-01-08T17:32:19+00:00\" \/>\n<meta property=\"article:modified_time\" content=\"2009-01-08T17:34:28+00:00\" \/>\n<meta property=\"og:image\" content=\"https:\/\/www.oarcanjo.net\/site\/wp-content\/uploads\/logo-o-arcanjo-no-ar-facebook.png\" \/>\n\t<meta property=\"og:image:width\" content=\"300\" \/>\n\t<meta property=\"og:image:height\" content=\"300\" \/>\n\t<meta property=\"og:image:type\" content=\"image\/png\" \/>\n<meta name=\"author\" content=\"editor\" \/>\n<meta name=\"twitter:card\" content=\"summary_large_image\" \/>\n<meta name=\"twitter:label1\" content=\"Escrito por\" \/>\n\t<meta name=\"twitter:data1\" content=\"editor\" \/>\n\t<meta name=\"twitter:label2\" content=\"Est. tempo de leitura\" \/>\n\t<meta name=\"twitter:data2\" content=\"4 minutos\" \/>\n<script type=\"application\/ld+json\" class=\"yoast-schema-graph\">{\"@context\":\"https:\/\/schema.org\",\"@graph\":[{\"@type\":\"Article\",\"@id\":\"https:\/\/www.oarcanjo.net\/site\/palestina-e-o-ciclo-da-violencia\/#article\",\"isPartOf\":{\"@id\":\"https:\/\/www.oarcanjo.net\/site\/palestina-e-o-ciclo-da-violencia\/\"},\"author\":{\"name\":\"editor\",\"@id\":\"https:\/\/www.oarcanjo.net\/site\/#\/schema\/person\/f7024d007863202483a31326673a0838\"},\"headline\":\"Palestina e o ciclo da viol\u00eancia\",\"datePublished\":\"2009-01-08T17:32:19+00:00\",\"dateModified\":\"2009-01-08T17:34:28+00:00\",\"mainEntityOfPage\":{\"@id\":\"https:\/\/www.oarcanjo.net\/site\/palestina-e-o-ciclo-da-violencia\/\"},\"wordCount\":902,\"commentCount\":2,\"publisher\":{\"@id\":\"https:\/\/www.oarcanjo.net\/site\/#organization\"},\"keywords\":[\"Gaza\",\"genoc\u00eddio\",\"guerra\",\"oriente m\u00e9dio\",\"palestina\",\"paz\",\"viol\u00eancia\"],\"articleSection\":[\"Reflex\u00f5es\"],\"inLanguage\":\"pt-BR\",\"potentialAction\":[{\"@type\":\"CommentAction\",\"name\":\"Comment\",\"target\":[\"https:\/\/www.oarcanjo.net\/site\/palestina-e-o-ciclo-da-violencia\/#respond\"]}]},{\"@type\":\"WebPage\",\"@id\":\"https:\/\/www.oarcanjo.net\/site\/palestina-e-o-ciclo-da-violencia\/\",\"url\":\"https:\/\/www.oarcanjo.net\/site\/palestina-e-o-ciclo-da-violencia\/\",\"name\":\"Palestina e o ciclo da viol\u00eancia - O Arcanjo no ar\",\"isPartOf\":{\"@id\":\"https:\/\/www.oarcanjo.net\/site\/#website\"},\"datePublished\":\"2009-01-08T17:32:19+00:00\",\"dateModified\":\"2009-01-08T17:34:28+00:00\",\"breadcrumb\":{\"@id\":\"https:\/\/www.oarcanjo.net\/site\/palestina-e-o-ciclo-da-violencia\/#breadcrumb\"},\"inLanguage\":\"pt-BR\",\"potentialAction\":[{\"@type\":\"ReadAction\",\"target\":[\"https:\/\/www.oarcanjo.net\/site\/palestina-e-o-ciclo-da-violencia\/\"]}]},{\"@type\":\"BreadcrumbList\",\"@id\":\"https:\/\/www.oarcanjo.net\/site\/palestina-e-o-ciclo-da-violencia\/#breadcrumb\",\"itemListElement\":[{\"@type\":\"ListItem\",\"position\":1,\"name\":\"In\u00edcio\",\"item\":\"https:\/\/www.oarcanjo.net\/site\/\"},{\"@type\":\"ListItem\",\"position\":2,\"name\":\"Palestina e o ciclo da viol\u00eancia\"}]},{\"@type\":\"WebSite\",\"@id\":\"https:\/\/www.oarcanjo.net\/site\/#website\",\"url\":\"https:\/\/www.oarcanjo.net\/site\/\",\"name\":\"O Arcanjo no ar\",\"description\":\"Site da Par\u00f3quia S\u00e3o Miguel Arcanjo (Arquidiocese de SP)\",\"publisher\":{\"@id\":\"https:\/\/www.oarcanjo.net\/site\/#organization\"},\"potentialAction\":[{\"@type\":\"SearchAction\",\"target\":{\"@type\":\"EntryPoint\",\"urlTemplate\":\"https:\/\/www.oarcanjo.net\/site\/?s={search_term_string}\"},\"query-input\":{\"@type\":\"PropertyValueSpecification\",\"valueRequired\":true,\"valueName\":\"search_term_string\"}}],\"inLanguage\":\"pt-BR\"},{\"@type\":\"Organization\",\"@id\":\"https:\/\/www.oarcanjo.net\/site\/#organization\",\"name\":\"Par\u00f3quia S\u00e3o Miguel Arcanjo\",\"url\":\"https:\/\/www.oarcanjo.net\/site\/\",\"logo\":{\"@type\":\"ImageObject\",\"inLanguage\":\"pt-BR\",\"@id\":\"https:\/\/www.oarcanjo.net\/site\/#\/schema\/logo\/image\/\",\"url\":\"https:\/\/www.oarcanjo.net\/site\/wp-content\/uploads\/LogoOArcanjo.png\",\"contentUrl\":\"https:\/\/www.oarcanjo.net\/site\/wp-content\/uploads\/LogoOArcanjo.png\",\"width\":319,\"height\":99,\"caption\":\"Par\u00f3quia S\u00e3o Miguel Arcanjo\"},\"image\":{\"@id\":\"https:\/\/www.oarcanjo.net\/site\/#\/schema\/logo\/image\/\"},\"sameAs\":[\"https:\/\/www.facebook.com\/OArcanjoNoAr\/\"]},{\"@type\":\"Person\",\"@id\":\"https:\/\/www.oarcanjo.net\/site\/#\/schema\/person\/f7024d007863202483a31326673a0838\",\"name\":\"editor\",\"sameAs\":[\"http:\/\/www.oarcanjo.net\"]}]}<\/script>\n<!-- \/ Yoast SEO plugin. -->","yoast_head_json":{"title":"Palestina e o ciclo da viol\u00eancia - O Arcanjo no ar","robots":{"index":"index","follow":"follow","max-snippet":"max-snippet:-1","max-image-preview":"max-image-preview:large","max-video-preview":"max-video-preview:-1"},"canonical":"https:\/\/www.oarcanjo.net\/site\/palestina-e-o-ciclo-da-violencia\/","og_locale":"pt_BR","og_type":"article","og_title":"Palestina e o ciclo da viol\u00eancia - O Arcanjo no ar","og_description":"Jung Mo Sung Khaled Meshal, l\u00edder do grupo Hamas que vive no ex\u00edlio, na S\u00edria, escreveu um artigo para o jornal ingl\u00eas The Guardian (reproduzido no O Estado de S\u00e3o Paulo, 07\/01\/09) que merece de n\u00f3s uma reflex\u00e3o. Ap\u00f3s denunciar a situa\u00e7\u00e3o do povo palestino na Faixa de Gaza, &#8211; que descreveu como &#8220;encarcerado na [&hellip;]","og_url":"https:\/\/www.oarcanjo.net\/site\/palestina-e-o-ciclo-da-violencia\/","og_site_name":"O Arcanjo no ar","article_publisher":"https:\/\/www.facebook.com\/OArcanjoNoAr\/","article_published_time":"2009-01-08T17:32:19+00:00","article_modified_time":"2009-01-08T17:34:28+00:00","og_image":[{"width":300,"height":300,"url":"https:\/\/www.oarcanjo.net\/site\/wp-content\/uploads\/logo-o-arcanjo-no-ar-facebook.png","type":"image\/png"}],"author":"editor","twitter_card":"summary_large_image","twitter_misc":{"Escrito por":"editor","Est. tempo de leitura":"4 minutos"},"schema":{"@context":"https:\/\/schema.org","@graph":[{"@type":"Article","@id":"https:\/\/www.oarcanjo.net\/site\/palestina-e-o-ciclo-da-violencia\/#article","isPartOf":{"@id":"https:\/\/www.oarcanjo.net\/site\/palestina-e-o-ciclo-da-violencia\/"},"author":{"name":"editor","@id":"https:\/\/www.oarcanjo.net\/site\/#\/schema\/person\/f7024d007863202483a31326673a0838"},"headline":"Palestina e o ciclo da viol\u00eancia","datePublished":"2009-01-08T17:32:19+00:00","dateModified":"2009-01-08T17:34:28+00:00","mainEntityOfPage":{"@id":"https:\/\/www.oarcanjo.net\/site\/palestina-e-o-ciclo-da-violencia\/"},"wordCount":902,"commentCount":2,"publisher":{"@id":"https:\/\/www.oarcanjo.net\/site\/#organization"},"keywords":["Gaza","genoc\u00eddio","guerra","oriente m\u00e9dio","palestina","paz","viol\u00eancia"],"articleSection":["Reflex\u00f5es"],"inLanguage":"pt-BR","potentialAction":[{"@type":"CommentAction","name":"Comment","target":["https:\/\/www.oarcanjo.net\/site\/palestina-e-o-ciclo-da-violencia\/#respond"]}]},{"@type":"WebPage","@id":"https:\/\/www.oarcanjo.net\/site\/palestina-e-o-ciclo-da-violencia\/","url":"https:\/\/www.oarcanjo.net\/site\/palestina-e-o-ciclo-da-violencia\/","name":"Palestina e o ciclo da viol\u00eancia - O Arcanjo no ar","isPartOf":{"@id":"https:\/\/www.oarcanjo.net\/site\/#website"},"datePublished":"2009-01-08T17:32:19+00:00","dateModified":"2009-01-08T17:34:28+00:00","breadcrumb":{"@id":"https:\/\/www.oarcanjo.net\/site\/palestina-e-o-ciclo-da-violencia\/#breadcrumb"},"inLanguage":"pt-BR","potentialAction":[{"@type":"ReadAction","target":["https:\/\/www.oarcanjo.net\/site\/palestina-e-o-ciclo-da-violencia\/"]}]},{"@type":"BreadcrumbList","@id":"https:\/\/www.oarcanjo.net\/site\/palestina-e-o-ciclo-da-violencia\/#breadcrumb","itemListElement":[{"@type":"ListItem","position":1,"name":"In\u00edcio","item":"https:\/\/www.oarcanjo.net\/site\/"},{"@type":"ListItem","position":2,"name":"Palestina e o ciclo da viol\u00eancia"}]},{"@type":"WebSite","@id":"https:\/\/www.oarcanjo.net\/site\/#website","url":"https:\/\/www.oarcanjo.net\/site\/","name":"O Arcanjo no ar","description":"Site da Par\u00f3quia S\u00e3o Miguel Arcanjo (Arquidiocese de SP)","publisher":{"@id":"https:\/\/www.oarcanjo.net\/site\/#organization"},"potentialAction":[{"@type":"SearchAction","target":{"@type":"EntryPoint","urlTemplate":"https:\/\/www.oarcanjo.net\/site\/?s={search_term_string}"},"query-input":{"@type":"PropertyValueSpecification","valueRequired":true,"valueName":"search_term_string"}}],"inLanguage":"pt-BR"},{"@type":"Organization","@id":"https:\/\/www.oarcanjo.net\/site\/#organization","name":"Par\u00f3quia S\u00e3o Miguel Arcanjo","url":"https:\/\/www.oarcanjo.net\/site\/","logo":{"@type":"ImageObject","inLanguage":"pt-BR","@id":"https:\/\/www.oarcanjo.net\/site\/#\/schema\/logo\/image\/","url":"https:\/\/www.oarcanjo.net\/site\/wp-content\/uploads\/LogoOArcanjo.png","contentUrl":"https:\/\/www.oarcanjo.net\/site\/wp-content\/uploads\/LogoOArcanjo.png","width":319,"height":99,"caption":"Par\u00f3quia S\u00e3o Miguel Arcanjo"},"image":{"@id":"https:\/\/www.oarcanjo.net\/site\/#\/schema\/logo\/image\/"},"sameAs":["https:\/\/www.facebook.com\/OArcanjoNoAr\/"]},{"@type":"Person","@id":"https:\/\/www.oarcanjo.net\/site\/#\/schema\/person\/f7024d007863202483a31326673a0838","name":"editor","sameAs":["http:\/\/www.oarcanjo.net"]}]}},"publishpress_future_action":{"enabled":false,"date":"2026-05-07 12:43:46","action":"category","newStatus":"draft","terms":[],"taxonomy":"category"},"publishpress_future_workflow_manual_trigger":{"enabledWorkflows":[]},"_links":{"self":[{"href":"https:\/\/www.oarcanjo.net\/site\/wp-json\/wp\/v2\/posts\/1363"}],"collection":[{"href":"https:\/\/www.oarcanjo.net\/site\/wp-json\/wp\/v2\/posts"}],"about":[{"href":"https:\/\/www.oarcanjo.net\/site\/wp-json\/wp\/v2\/types\/post"}],"author":[{"embeddable":true,"href":"https:\/\/www.oarcanjo.net\/site\/wp-json\/wp\/v2\/users\/5"}],"replies":[{"embeddable":true,"href":"https:\/\/www.oarcanjo.net\/site\/wp-json\/wp\/v2\/comments?post=1363"}],"version-history":[{"count":0,"href":"https:\/\/www.oarcanjo.net\/site\/wp-json\/wp\/v2\/posts\/1363\/revisions"}],"wp:attachment":[{"href":"https:\/\/www.oarcanjo.net\/site\/wp-json\/wp\/v2\/media?parent=1363"}],"wp:term":[{"taxonomy":"category","embeddable":true,"href":"https:\/\/www.oarcanjo.net\/site\/wp-json\/wp\/v2\/categories?post=1363"},{"taxonomy":"post_tag","embeddable":true,"href":"https:\/\/www.oarcanjo.net\/site\/wp-json\/wp\/v2\/tags?post=1363"}],"curies":[{"name":"wp","href":"https:\/\/api.w.org\/{rel}","templated":true}]}}