
{"id":13634,"date":"2011-03-25T22:43:52","date_gmt":"2011-03-26T01:43:52","guid":{"rendered":"http:\/\/www.oarcanjo.net\/site\/?p=13634"},"modified":"2011-03-25T22:43:52","modified_gmt":"2011-03-26T01:43:52","slug":"japao-hiroshima-outra-vez","status":"publish","type":"post","link":"https:\/\/www.oarcanjo.net\/site\/japao-hiroshima-outra-vez\/","title":{"rendered":"Jap\u00e3o: Hiroshima outra vez"},"content":{"rendered":"<p>Maria Clara Bingemer<\/p>\n<p>Parece incr\u00edvel que isso tenha acontecido com um pa\u00eds t\u00e3o desenvolvido e um povo t\u00e3o disciplinado e ordenado como o Jap\u00e3o.  De repente toda a popula\u00e7\u00e3o sobressaltada, passando do sobressalto \u00e0 dor, e ap\u00f3s constatar-se a si mesmo em vida, ter que viver com uma amea\u00e7a permanente sobre a cabe\u00e7a.  Que rastros danosos e mortais ter\u00e3o deixado a irradia\u00e7\u00e3o em seus corpos e vidas?<\/p>\n<p>A compara\u00e7\u00e3o com a trag\u00e9dia de Hiroshima \u00e9 inevit\u00e1vel.  H\u00e1, por\u00e9m, uma diferen\u00e7a fundamental.  Esta foi provocada por agentes externos, enquanto o detonador da outra se encontrava dentro do pr\u00f3prio corpo do belo arquip\u00e9lago japon\u00eas.  Foi de dentro de suas entranhas que o Jap\u00e3o viu surgir o monstro que lan\u00e7ou a destrui\u00e7\u00e3o sobre seu territ\u00f3rio e agora exibe seq\u00fcelas a serem rastreadas entre os membros de seu povo.<\/p>\n<p>O fato \u00e9 que ap\u00f3s os tremores e a tsunami, o Jap\u00e3o est\u00e1 sob s\u00e9rio risco de explos\u00f5es nucleares.  As autoridades do pa\u00eds, extremamente preocupadas, informam que o risco de uma nova explos\u00e3o na Usina Nuclear de Fukushima \u00e9 muito alto, j\u00e1 que ela sofreu s\u00e9rios danos durante o terremoto do \u00faltimo dia 11 de mar\u00e7o e no dia seguinte, s\u00e1bado 12 explodiu pela primeira vez.<\/p>\n<p>Ningu\u00e9m duvida que o disciplinado povo japon\u00eas esteja tomando medidas para evitar nova explos\u00e3o.  No entanto, se esta acontecer, o reator nuclear ser\u00e1 irremediavelmente danificado, afirma o porta-voz do governo japon\u00eas. E ainda que a nova explos\u00e3o ainda n\u00e3o haja acontecido, a Companhia El\u00e9trica de T\u00f3quio diz que os n\u00edveis de radia\u00e7\u00e3o ao redor da usina j\u00e1 est\u00e3o acima dos limites permitidos.  Houve a tentativa de refrigerar o n\u00facleo radiador com \u00e1gua do mar, mas a mesma n\u00e3o foi eficaz.<\/p>\n<p>Com grande efici\u00eancia, os cerca de 170 mil moradores da \u00e1rea j\u00e1 foram retirados.  No entanto, cerca de 20 pessoas comprovadamente foram expostas \u00e0 radia\u00e7\u00e3o e recebem tratamento paratal. E mais longe o medo cresce: e a \u00e1gua? E os rios? E os alimentos e planta\u00e7\u00f5es?  N\u00e3o estar\u00e1 tudo isso tamb\u00e9m contaminado, provocando uma super  contamina\u00e7\u00e3o em s\u00e9rie exponencial como h\u00e1 anos atr\u00e1s em Chernobyl, R\u00fassia, cujos moradores at\u00e9 hoje sofrem as conseq\u00fc\u00eancias nefastas do acidente nuclear?<\/p>\n<p>Enquanto isso, j\u00e1 passa de 10 mil o n\u00famero de mortos v\u00edtimas do terremoto e da tsunami.  Por outro lado, hist\u00f3rias comoventes de sobreviv\u00eancias aparentemente imposs\u00edveis como as da av\u00f3 e do neto de 16 anos soterrados na cozinha da pr\u00f3pria casa ap\u00f3s 9 dias emocionam o mundo.<\/p>\n<p>\u00c9 o mundo inteiro que treme com o Jap\u00e3o.  \u00c9 o cora\u00e7\u00e3o de toda a humanidade que bate por Fukushima como bateu por Hiroshima. No entanto, n\u00e3o basta compadecer-se e sofrer em comunh\u00e3o com o povo japon\u00eas e os estrangeiros que l\u00e1 se encontram e foram colhidos de surpresa pela cat\u00e1strofe. \u00c9 preciso aprender as li\u00e7\u00f5es das trag\u00e9dias.  E uma dessas li\u00e7\u00f5es \u00e9 que sistemas t\u00e3o complexos como reatores nucleares n\u00e3o s\u00e3o totalmente seguros.  Ao contr\u00e1rio, s\u00e3o extremamente vulner\u00e1veis e n\u00e3o \u00e9 poss\u00edvel \u00e0 ci\u00eancia e \u00e0 t\u00e9cnica humanas, por mais avan\u00e7adas que sejam, prevenir e evitar acidentes que por ventura possam acontecer.<\/p>\n<p>A energia nuclear n\u00e3o \u00e9 segura.  E isso exige que os pa\u00edses que a usam fa\u00e7am uma s\u00e9ria reavalia\u00e7\u00e3o sobre seu uso. De todas as suas desvantagens e negatividades, a maior de todas \u00e9 o enorme risco que representa para o meio ambiente e a vida humana.  A radioatividade \u00e9 sem d\u00favida o flanco aberto da energia nuclear.  Especialmente perigosa, causa n\u00e3o apenas mortes imediatas como em Chernobyl, mas doen\u00e7as letais \u2013 o c\u00e2ncer e outras \u2013 que se manifestam apenas anos depois.<\/p>\n<p>Por isso alguns pa\u00edses optaram por excluir a energia nuclear das op\u00e7\u00f5es de seu sistema.  Outros, como o Jap\u00e3o a mantiveram.   Passaram-se 25 anos sem acidentes e a confian\u00e7a da humanidade na seguran\u00e7a dos reatores foi crescendo. Agora o caso japon\u00eas  foi um duro golpe sobre esta confian\u00e7a e credibilidade.  O nobre povo japon\u00eas  saboreia os frutos amargos dessa escolha.<\/p>\n<p>Que a li\u00e7\u00e3o de Fukushima plante firme em nossas mentes e cora\u00e7\u00f5es que a ci\u00eancia e a t\u00e9cnica necessitam de limites e vigil\u00e2ncia \u00e9tica.  Incessantemente e sempre.  Mesmo quando tudo parece tranq\u00fcilo e sem riscos.  Pois qualquer coisa que ameace a vida humana n\u00e3o pode ser positiva, mesmo que traga avan\u00e7os e progressos de qualquer tipo.<\/p>\n<p>Num mundo onde tudo \u00e9 profano, s\u00f3 uma coisa \u00e9 sagrada: a humanidade, criatura querida e dileta do Criador.  Preserv\u00e1-la \u00e9 o dever mais sagrado de todo ser humano em tudo que puder e desejar produzir e inventar.  Que a dor do Jap\u00e3o nos ensine isso em todas as partes do globo terrestre.<\/p>\n<div id=\"themify_builder_content-13634\" data-postid=\"13634\" class=\"themify_builder_content themify_builder_content-13634 themify_builder themify_builder_front\">\n\t<\/div>\n<!-- \/themify_builder_content -->","protected":false},"excerpt":{"rendered":"<p>Maria Clara Bingemer Parece incr\u00edvel que isso tenha acontecido com um pa\u00eds t\u00e3o desenvolvido e um povo t\u00e3o disciplinado e ordenado como o Jap\u00e3o. De repente toda a popula\u00e7\u00e3o sobressaltada, passando do sobressalto \u00e0 dor, e ap\u00f3s constatar-se a si mesmo em vida, ter que viver com uma amea\u00e7a permanente sobre a cabe\u00e7a. Que rastros [&hellip;]<\/p>\n","protected":false},"author":5,"featured_media":0,"comment_status":"open","ping_status":"open","sticky":false,"template":"","format":"standard","meta":{"ngg_post_thumbnail":0,"footnotes":""},"categories":[9],"tags":[1857,1852,1853,1856,1855,1854,133],"yoast_head":"<!-- This site is optimized with the Yoast SEO plugin v23.5 - https:\/\/yoast.com\/wordpress\/plugins\/seo\/ -->\n<title>Jap\u00e3o: Hiroshima outra vez - O Arcanjo no ar<\/title>\n<meta name=\"robots\" content=\"index, follow, max-snippet:-1, max-image-preview:large, max-video-preview:-1\" \/>\n<link rel=\"canonical\" href=\"https:\/\/www.oarcanjo.net\/site\/japao-hiroshima-outra-vez\/\" \/>\n<meta property=\"og:locale\" content=\"pt_BR\" \/>\n<meta property=\"og:type\" content=\"article\" \/>\n<meta property=\"og:title\" content=\"Jap\u00e3o: Hiroshima outra vez - O Arcanjo no ar\" \/>\n<meta property=\"og:description\" content=\"Maria Clara Bingemer Parece incr\u00edvel que isso tenha acontecido com um pa\u00eds t\u00e3o desenvolvido e um povo t\u00e3o disciplinado e ordenado como o Jap\u00e3o. De repente toda a popula\u00e7\u00e3o sobressaltada, passando do sobressalto \u00e0 dor, e ap\u00f3s constatar-se a si mesmo em vida, ter que viver com uma amea\u00e7a permanente sobre a cabe\u00e7a. Que rastros [&hellip;]\" \/>\n<meta property=\"og:url\" content=\"https:\/\/www.oarcanjo.net\/site\/japao-hiroshima-outra-vez\/\" \/>\n<meta property=\"og:site_name\" content=\"O Arcanjo no ar\" \/>\n<meta property=\"article:publisher\" content=\"https:\/\/www.facebook.com\/OArcanjoNoAr\/\" \/>\n<meta property=\"article:published_time\" content=\"2011-03-26T01:43:52+00:00\" \/>\n<meta property=\"og:image\" content=\"https:\/\/www.oarcanjo.net\/site\/wp-content\/uploads\/logo-o-arcanjo-no-ar-facebook.png\" \/>\n\t<meta property=\"og:image:width\" content=\"300\" \/>\n\t<meta property=\"og:image:height\" content=\"300\" \/>\n\t<meta property=\"og:image:type\" content=\"image\/png\" \/>\n<meta name=\"author\" content=\"editor\" \/>\n<meta name=\"twitter:card\" content=\"summary_large_image\" \/>\n<meta name=\"twitter:label1\" content=\"Escrito por\" \/>\n\t<meta name=\"twitter:data1\" content=\"editor\" \/>\n\t<meta name=\"twitter:label2\" content=\"Est. tempo de leitura\" \/>\n\t<meta name=\"twitter:data2\" content=\"4 minutos\" \/>\n<script type=\"application\/ld+json\" class=\"yoast-schema-graph\">{\"@context\":\"https:\/\/schema.org\",\"@graph\":[{\"@type\":\"Article\",\"@id\":\"https:\/\/www.oarcanjo.net\/site\/japao-hiroshima-outra-vez\/#article\",\"isPartOf\":{\"@id\":\"https:\/\/www.oarcanjo.net\/site\/japao-hiroshima-outra-vez\/\"},\"author\":{\"name\":\"editor\",\"@id\":\"https:\/\/www.oarcanjo.net\/site\/#\/schema\/person\/f7024d007863202483a31326673a0838\"},\"headline\":\"Jap\u00e3o: Hiroshima outra vez\",\"datePublished\":\"2011-03-26T01:43:52+00:00\",\"dateModified\":\"2011-03-26T01:43:52+00:00\",\"mainEntityOfPage\":{\"@id\":\"https:\/\/www.oarcanjo.net\/site\/japao-hiroshima-outra-vez\/\"},\"wordCount\":848,\"commentCount\":0,\"publisher\":{\"@id\":\"https:\/\/www.oarcanjo.net\/site\/#organization\"},\"keywords\":[\"Chernobyl\",\"energia at\u00f4mica\",\"energia nuclear\",\"Fukushima\",\"Hiroshima\",\"Jap\u00e3o\",\"trag\u00e9dia\"],\"articleSection\":[\"Reflex\u00f5es\"],\"inLanguage\":\"pt-BR\",\"potentialAction\":[{\"@type\":\"CommentAction\",\"name\":\"Comment\",\"target\":[\"https:\/\/www.oarcanjo.net\/site\/japao-hiroshima-outra-vez\/#respond\"]}]},{\"@type\":\"WebPage\",\"@id\":\"https:\/\/www.oarcanjo.net\/site\/japao-hiroshima-outra-vez\/\",\"url\":\"https:\/\/www.oarcanjo.net\/site\/japao-hiroshima-outra-vez\/\",\"name\":\"Jap\u00e3o: Hiroshima outra vez - O Arcanjo no ar\",\"isPartOf\":{\"@id\":\"https:\/\/www.oarcanjo.net\/site\/#website\"},\"datePublished\":\"2011-03-26T01:43:52+00:00\",\"dateModified\":\"2011-03-26T01:43:52+00:00\",\"breadcrumb\":{\"@id\":\"https:\/\/www.oarcanjo.net\/site\/japao-hiroshima-outra-vez\/#breadcrumb\"},\"inLanguage\":\"pt-BR\",\"potentialAction\":[{\"@type\":\"ReadAction\",\"target\":[\"https:\/\/www.oarcanjo.net\/site\/japao-hiroshima-outra-vez\/\"]}]},{\"@type\":\"BreadcrumbList\",\"@id\":\"https:\/\/www.oarcanjo.net\/site\/japao-hiroshima-outra-vez\/#breadcrumb\",\"itemListElement\":[{\"@type\":\"ListItem\",\"position\":1,\"name\":\"In\u00edcio\",\"item\":\"https:\/\/www.oarcanjo.net\/site\/\"},{\"@type\":\"ListItem\",\"position\":2,\"name\":\"Jap\u00e3o: Hiroshima outra vez\"}]},{\"@type\":\"WebSite\",\"@id\":\"https:\/\/www.oarcanjo.net\/site\/#website\",\"url\":\"https:\/\/www.oarcanjo.net\/site\/\",\"name\":\"O Arcanjo no ar\",\"description\":\"Site da Par\u00f3quia S\u00e3o Miguel Arcanjo (Arquidiocese de SP)\",\"publisher\":{\"@id\":\"https:\/\/www.oarcanjo.net\/site\/#organization\"},\"potentialAction\":[{\"@type\":\"SearchAction\",\"target\":{\"@type\":\"EntryPoint\",\"urlTemplate\":\"https:\/\/www.oarcanjo.net\/site\/?s={search_term_string}\"},\"query-input\":{\"@type\":\"PropertyValueSpecification\",\"valueRequired\":true,\"valueName\":\"search_term_string\"}}],\"inLanguage\":\"pt-BR\"},{\"@type\":\"Organization\",\"@id\":\"https:\/\/www.oarcanjo.net\/site\/#organization\",\"name\":\"Par\u00f3quia S\u00e3o Miguel Arcanjo\",\"url\":\"https:\/\/www.oarcanjo.net\/site\/\",\"logo\":{\"@type\":\"ImageObject\",\"inLanguage\":\"pt-BR\",\"@id\":\"https:\/\/www.oarcanjo.net\/site\/#\/schema\/logo\/image\/\",\"url\":\"https:\/\/www.oarcanjo.net\/site\/wp-content\/uploads\/LogoOArcanjo.png\",\"contentUrl\":\"https:\/\/www.oarcanjo.net\/site\/wp-content\/uploads\/LogoOArcanjo.png\",\"width\":319,\"height\":99,\"caption\":\"Par\u00f3quia S\u00e3o Miguel Arcanjo\"},\"image\":{\"@id\":\"https:\/\/www.oarcanjo.net\/site\/#\/schema\/logo\/image\/\"},\"sameAs\":[\"https:\/\/www.facebook.com\/OArcanjoNoAr\/\"]},{\"@type\":\"Person\",\"@id\":\"https:\/\/www.oarcanjo.net\/site\/#\/schema\/person\/f7024d007863202483a31326673a0838\",\"name\":\"editor\",\"sameAs\":[\"http:\/\/www.oarcanjo.net\"]}]}<\/script>\n<!-- \/ Yoast SEO plugin. -->","yoast_head_json":{"title":"Jap\u00e3o: Hiroshima outra vez - O Arcanjo no ar","robots":{"index":"index","follow":"follow","max-snippet":"max-snippet:-1","max-image-preview":"max-image-preview:large","max-video-preview":"max-video-preview:-1"},"canonical":"https:\/\/www.oarcanjo.net\/site\/japao-hiroshima-outra-vez\/","og_locale":"pt_BR","og_type":"article","og_title":"Jap\u00e3o: Hiroshima outra vez - O Arcanjo no ar","og_description":"Maria Clara Bingemer Parece incr\u00edvel que isso tenha acontecido com um pa\u00eds t\u00e3o desenvolvido e um povo t\u00e3o disciplinado e ordenado como o Jap\u00e3o. De repente toda a popula\u00e7\u00e3o sobressaltada, passando do sobressalto \u00e0 dor, e ap\u00f3s constatar-se a si mesmo em vida, ter que viver com uma amea\u00e7a permanente sobre a cabe\u00e7a. Que rastros [&hellip;]","og_url":"https:\/\/www.oarcanjo.net\/site\/japao-hiroshima-outra-vez\/","og_site_name":"O Arcanjo no ar","article_publisher":"https:\/\/www.facebook.com\/OArcanjoNoAr\/","article_published_time":"2011-03-26T01:43:52+00:00","og_image":[{"width":300,"height":300,"url":"https:\/\/www.oarcanjo.net\/site\/wp-content\/uploads\/logo-o-arcanjo-no-ar-facebook.png","type":"image\/png"}],"author":"editor","twitter_card":"summary_large_image","twitter_misc":{"Escrito por":"editor","Est. tempo de leitura":"4 minutos"},"schema":{"@context":"https:\/\/schema.org","@graph":[{"@type":"Article","@id":"https:\/\/www.oarcanjo.net\/site\/japao-hiroshima-outra-vez\/#article","isPartOf":{"@id":"https:\/\/www.oarcanjo.net\/site\/japao-hiroshima-outra-vez\/"},"author":{"name":"editor","@id":"https:\/\/www.oarcanjo.net\/site\/#\/schema\/person\/f7024d007863202483a31326673a0838"},"headline":"Jap\u00e3o: Hiroshima outra vez","datePublished":"2011-03-26T01:43:52+00:00","dateModified":"2011-03-26T01:43:52+00:00","mainEntityOfPage":{"@id":"https:\/\/www.oarcanjo.net\/site\/japao-hiroshima-outra-vez\/"},"wordCount":848,"commentCount":0,"publisher":{"@id":"https:\/\/www.oarcanjo.net\/site\/#organization"},"keywords":["Chernobyl","energia at\u00f4mica","energia nuclear","Fukushima","Hiroshima","Jap\u00e3o","trag\u00e9dia"],"articleSection":["Reflex\u00f5es"],"inLanguage":"pt-BR","potentialAction":[{"@type":"CommentAction","name":"Comment","target":["https:\/\/www.oarcanjo.net\/site\/japao-hiroshima-outra-vez\/#respond"]}]},{"@type":"WebPage","@id":"https:\/\/www.oarcanjo.net\/site\/japao-hiroshima-outra-vez\/","url":"https:\/\/www.oarcanjo.net\/site\/japao-hiroshima-outra-vez\/","name":"Jap\u00e3o: Hiroshima outra vez - O Arcanjo no ar","isPartOf":{"@id":"https:\/\/www.oarcanjo.net\/site\/#website"},"datePublished":"2011-03-26T01:43:52+00:00","dateModified":"2011-03-26T01:43:52+00:00","breadcrumb":{"@id":"https:\/\/www.oarcanjo.net\/site\/japao-hiroshima-outra-vez\/#breadcrumb"},"inLanguage":"pt-BR","potentialAction":[{"@type":"ReadAction","target":["https:\/\/www.oarcanjo.net\/site\/japao-hiroshima-outra-vez\/"]}]},{"@type":"BreadcrumbList","@id":"https:\/\/www.oarcanjo.net\/site\/japao-hiroshima-outra-vez\/#breadcrumb","itemListElement":[{"@type":"ListItem","position":1,"name":"In\u00edcio","item":"https:\/\/www.oarcanjo.net\/site\/"},{"@type":"ListItem","position":2,"name":"Jap\u00e3o: Hiroshima outra vez"}]},{"@type":"WebSite","@id":"https:\/\/www.oarcanjo.net\/site\/#website","url":"https:\/\/www.oarcanjo.net\/site\/","name":"O Arcanjo no ar","description":"Site da Par\u00f3quia S\u00e3o Miguel Arcanjo (Arquidiocese de SP)","publisher":{"@id":"https:\/\/www.oarcanjo.net\/site\/#organization"},"potentialAction":[{"@type":"SearchAction","target":{"@type":"EntryPoint","urlTemplate":"https:\/\/www.oarcanjo.net\/site\/?s={search_term_string}"},"query-input":{"@type":"PropertyValueSpecification","valueRequired":true,"valueName":"search_term_string"}}],"inLanguage":"pt-BR"},{"@type":"Organization","@id":"https:\/\/www.oarcanjo.net\/site\/#organization","name":"Par\u00f3quia S\u00e3o Miguel Arcanjo","url":"https:\/\/www.oarcanjo.net\/site\/","logo":{"@type":"ImageObject","inLanguage":"pt-BR","@id":"https:\/\/www.oarcanjo.net\/site\/#\/schema\/logo\/image\/","url":"https:\/\/www.oarcanjo.net\/site\/wp-content\/uploads\/LogoOArcanjo.png","contentUrl":"https:\/\/www.oarcanjo.net\/site\/wp-content\/uploads\/LogoOArcanjo.png","width":319,"height":99,"caption":"Par\u00f3quia S\u00e3o Miguel Arcanjo"},"image":{"@id":"https:\/\/www.oarcanjo.net\/site\/#\/schema\/logo\/image\/"},"sameAs":["https:\/\/www.facebook.com\/OArcanjoNoAr\/"]},{"@type":"Person","@id":"https:\/\/www.oarcanjo.net\/site\/#\/schema\/person\/f7024d007863202483a31326673a0838","name":"editor","sameAs":["http:\/\/www.oarcanjo.net"]}]}},"publishpress_future_action":{"enabled":false,"date":"2026-05-10 08:02:16","action":"category","newStatus":"draft","terms":[],"taxonomy":"category"},"publishpress_future_workflow_manual_trigger":{"enabledWorkflows":[]},"_links":{"self":[{"href":"https:\/\/www.oarcanjo.net\/site\/wp-json\/wp\/v2\/posts\/13634"}],"collection":[{"href":"https:\/\/www.oarcanjo.net\/site\/wp-json\/wp\/v2\/posts"}],"about":[{"href":"https:\/\/www.oarcanjo.net\/site\/wp-json\/wp\/v2\/types\/post"}],"author":[{"embeddable":true,"href":"https:\/\/www.oarcanjo.net\/site\/wp-json\/wp\/v2\/users\/5"}],"replies":[{"embeddable":true,"href":"https:\/\/www.oarcanjo.net\/site\/wp-json\/wp\/v2\/comments?post=13634"}],"version-history":[{"count":0,"href":"https:\/\/www.oarcanjo.net\/site\/wp-json\/wp\/v2\/posts\/13634\/revisions"}],"wp:attachment":[{"href":"https:\/\/www.oarcanjo.net\/site\/wp-json\/wp\/v2\/media?parent=13634"}],"wp:term":[{"taxonomy":"category","embeddable":true,"href":"https:\/\/www.oarcanjo.net\/site\/wp-json\/wp\/v2\/categories?post=13634"},{"taxonomy":"post_tag","embeddable":true,"href":"https:\/\/www.oarcanjo.net\/site\/wp-json\/wp\/v2\/tags?post=13634"}],"curies":[{"name":"wp","href":"https:\/\/api.w.org\/{rel}","templated":true}]}}