
{"id":13636,"date":"2011-03-22T22:44:54","date_gmt":"2011-03-23T01:44:54","guid":{"rendered":"http:\/\/www.oarcanjo.net\/site\/?p=13636"},"modified":"2011-03-25T22:47:52","modified_gmt":"2011-03-26T01:47:52","slug":"medo-de-jesus-comentario-do-evangelho","status":"publish","type":"post","link":"https:\/\/www.oarcanjo.net\/site\/medo-de-jesus-comentario-do-evangelho\/","title":{"rendered":"Medo de Jesus &#8211; coment\u00e1rio do Evangelho"},"content":{"rendered":"<p>Jos\u00e9 Antonio Pagola<\/p>\n<p>O epis\u00f3dio conhecido como &#8220;a transfigura\u00e7\u00e3o de Jesus&#8221; conclui-se de uma forma inesperada. Uma voz vinda do alto surpreende os disc\u00edpulos: &#8220;Este \u00e9 o Meu Filho amado&#8221;: o que tem o rosto transfigurado. &#8220;Escutai-O&#8221;. N\u00e3o a Mois\u00e9s, o legislador. N\u00e3o a Elias, o profeta. Escutai a Jesus. S\u00f3 a Ele.<\/p>\n<p>&#8220;Ao ouvir isto, os disc\u00edpulos caem de bru\u00e7os, cheios de espanto&#8221;. Aterrorizam-se da presen\u00e7a pr\u00f3xima do mist\u00e9rio de Deus, mas tamb\u00e9m o medo de viver da\u00ed em diante escutando apenas a Jesus. O epis\u00f3dio \u00e9 ins\u00f3lito: os disc\u00edpulos preferidos de Jesus ca\u00eddos por terra, cheios de medo, sem atrever-se a reagirem ante a voz de Deus.<\/p>\n<p>A atua\u00e7\u00e3o de Jesus \u00e9 comovedora: &#8220;Aproxima-se&#8221; para que sintam a Sua presen\u00e7a amistosa. &#8220;Toca-lhes para infundir-lhes for\u00e7a e confian\u00e7a. E diz-lhes umas palavras inesquec\u00edveis: &#8220;Levantai-vos. N\u00e3o temais&#8221;. Ponham-se de p\u00e9 e segui-me. N\u00e3o tenhais medo a viver escutando-Me. \u00c9 dif\u00edcil ocult\u00e1-lo. Na Igreja temos medo de escutar Jesus. Um medo soterrado que nos est\u00e1 a paralisar at\u00e9 nos impedir de viver hoje com paz, confian\u00e7a e aud\u00e1cia atr\u00e1s dos passos de Jesus, Nosso \u00fanico Senhor.<\/p>\n<p>Temos medo da inova\u00e7\u00e3o, mas n\u00e3o do imobilismo que nos est\u00e1 afastando cada vez mais dos homens e mulheres de hoje. Diria-se que o \u00fanico que temos de fazer nestes tempos de profundas mudan\u00e7as \u00e9 conservar e repetir o passado. Que h\u00e1 por detr\u00e1s deste medo? Fidelidade a Jesus ou medo de por em &#8220;odres novos&#8221; o &#8220;vinho novo&#8221; do Evangelho?<\/p>\n<p>Temos medo de umas celebra\u00e7\u00f5es mais vivas, criativas e expressivas da f\u00e9 dos crentes de hoje, mas preocupa-nos menos o t\u00e9dio generalizado de tantos crist\u00e3os bons que n\u00e3o podem sintonizar nem vibrar com o que ali se est\u00e1 celebrando. Somos mais fi\u00e9is a Jesus urgindo minuciosamente as normas lit\u00fargicas, ou nos d\u00e1 medo &#8220;fazer mem\u00f3ria&#8221; d\u2019Ele celebrando a nossa f\u00e9 com mais verdade e criatividade?<\/p>\n<p>Temos medo da liberdade dos crentes. Inquieta-nos que o povo de Deus recupere a palavra e diga em voz alta as suas aspira\u00e7\u00f5es, ou que os laicos assumam a sua responsabilidade escutando a voz da sua consci\u00eancia. Em alguns cresce o receio ante religiosos e religiosas que procuram ser fi\u00e9is ao carisma prof\u00e9tico que receberam de Deus. Temos medo de escutar o que o Esp\u00edrito pode estar a dizer \u00e0s nossas igrejas? N\u00e3o tememos apagar o Esp\u00edrito no povo de Deus?<\/p>\n<p>No meio da sua Igreja Jesus continua vivo, mas necessitamos sentir com mais f\u00e9 a sua presen\u00e7a e escutar com menos medo as suas palavras: &#8220;Levantai-vos. N\u00e3o tenhais medo&#8221;.<\/p>\n<div id=\"themify_builder_content-13636\" data-postid=\"13636\" class=\"themify_builder_content themify_builder_content-13636 themify_builder themify_builder_front\">\n\t<\/div>\n<!-- \/themify_builder_content -->","protected":false},"excerpt":{"rendered":"<p>Jos\u00e9 Antonio Pagola O epis\u00f3dio conhecido como &#8220;a transfigura\u00e7\u00e3o de Jesus&#8221; conclui-se de uma forma inesperada. Uma voz vinda do alto surpreende os disc\u00edpulos: &#8220;Este \u00e9 o Meu Filho amado&#8221;: o que tem o rosto transfigurado. &#8220;Escutai-O&#8221;. N\u00e3o a Mois\u00e9s, o legislador. N\u00e3o a Elias, o profeta. Escutai a Jesus. S\u00f3 a Ele. &#8220;Ao ouvir [&hellip;]<\/p>\n","protected":false},"author":5,"featured_media":0,"comment_status":"open","ping_status":"open","sticky":false,"template":"","format":"standard","meta":{"ngg_post_thumbnail":0,"footnotes":""},"categories":[9],"tags":[227,327],"yoast_head":"<!-- This site is optimized with the Yoast SEO plugin v23.5 - https:\/\/yoast.com\/wordpress\/plugins\/seo\/ -->\n<title>Medo de Jesus - coment\u00e1rio do Evangelho - O Arcanjo no ar<\/title>\n<meta name=\"robots\" content=\"index, follow, max-snippet:-1, max-image-preview:large, max-video-preview:-1\" \/>\n<link rel=\"canonical\" href=\"https:\/\/www.oarcanjo.net\/site\/medo-de-jesus-comentario-do-evangelho\/\" \/>\n<meta property=\"og:locale\" content=\"pt_BR\" \/>\n<meta property=\"og:type\" content=\"article\" \/>\n<meta property=\"og:title\" content=\"Medo de Jesus - coment\u00e1rio do Evangelho - O Arcanjo no ar\" \/>\n<meta property=\"og:description\" content=\"Jos\u00e9 Antonio Pagola O epis\u00f3dio conhecido como &#8220;a transfigura\u00e7\u00e3o de Jesus&#8221; conclui-se de uma forma inesperada. Uma voz vinda do alto surpreende os disc\u00edpulos: &#8220;Este \u00e9 o Meu Filho amado&#8221;: o que tem o rosto transfigurado. &#8220;Escutai-O&#8221;. N\u00e3o a Mois\u00e9s, o legislador. N\u00e3o a Elias, o profeta. Escutai a Jesus. S\u00f3 a Ele. &#8220;Ao ouvir [&hellip;]\" \/>\n<meta property=\"og:url\" content=\"https:\/\/www.oarcanjo.net\/site\/medo-de-jesus-comentario-do-evangelho\/\" \/>\n<meta property=\"og:site_name\" content=\"O Arcanjo no ar\" \/>\n<meta property=\"article:publisher\" content=\"https:\/\/www.facebook.com\/OArcanjoNoAr\/\" \/>\n<meta property=\"article:published_time\" content=\"2011-03-23T01:44:54+00:00\" \/>\n<meta property=\"article:modified_time\" content=\"2011-03-26T01:47:52+00:00\" \/>\n<meta property=\"og:image\" content=\"https:\/\/www.oarcanjo.net\/site\/wp-content\/uploads\/logo-o-arcanjo-no-ar-facebook.png\" \/>\n\t<meta property=\"og:image:width\" content=\"300\" \/>\n\t<meta property=\"og:image:height\" content=\"300\" \/>\n\t<meta property=\"og:image:type\" content=\"image\/png\" \/>\n<meta name=\"author\" content=\"editor\" \/>\n<meta name=\"twitter:card\" content=\"summary_large_image\" \/>\n<meta name=\"twitter:label1\" content=\"Escrito por\" \/>\n\t<meta name=\"twitter:data1\" content=\"editor\" \/>\n\t<meta name=\"twitter:label2\" content=\"Est. tempo de leitura\" \/>\n\t<meta name=\"twitter:data2\" content=\"2 minutos\" \/>\n<script type=\"application\/ld+json\" class=\"yoast-schema-graph\">{\"@context\":\"https:\/\/schema.org\",\"@graph\":[{\"@type\":\"Article\",\"@id\":\"https:\/\/www.oarcanjo.net\/site\/medo-de-jesus-comentario-do-evangelho\/#article\",\"isPartOf\":{\"@id\":\"https:\/\/www.oarcanjo.net\/site\/medo-de-jesus-comentario-do-evangelho\/\"},\"author\":{\"name\":\"editor\",\"@id\":\"https:\/\/www.oarcanjo.net\/site\/#\/schema\/person\/f7024d007863202483a31326673a0838\"},\"headline\":\"Medo de Jesus &#8211; coment\u00e1rio do Evangelho\",\"datePublished\":\"2011-03-23T01:44:54+00:00\",\"dateModified\":\"2011-03-26T01:47:52+00:00\",\"mainEntityOfPage\":{\"@id\":\"https:\/\/www.oarcanjo.net\/site\/medo-de-jesus-comentario-do-evangelho\/\"},\"wordCount\":473,\"commentCount\":0,\"publisher\":{\"@id\":\"https:\/\/www.oarcanjo.net\/site\/#organization\"},\"keywords\":[\"Quaresma\",\"transfigura\u00e7\u00e3o\"],\"articleSection\":[\"Reflex\u00f5es\"],\"inLanguage\":\"pt-BR\",\"potentialAction\":[{\"@type\":\"CommentAction\",\"name\":\"Comment\",\"target\":[\"https:\/\/www.oarcanjo.net\/site\/medo-de-jesus-comentario-do-evangelho\/#respond\"]}]},{\"@type\":\"WebPage\",\"@id\":\"https:\/\/www.oarcanjo.net\/site\/medo-de-jesus-comentario-do-evangelho\/\",\"url\":\"https:\/\/www.oarcanjo.net\/site\/medo-de-jesus-comentario-do-evangelho\/\",\"name\":\"Medo de Jesus - coment\u00e1rio do Evangelho - O Arcanjo no ar\",\"isPartOf\":{\"@id\":\"https:\/\/www.oarcanjo.net\/site\/#website\"},\"datePublished\":\"2011-03-23T01:44:54+00:00\",\"dateModified\":\"2011-03-26T01:47:52+00:00\",\"breadcrumb\":{\"@id\":\"https:\/\/www.oarcanjo.net\/site\/medo-de-jesus-comentario-do-evangelho\/#breadcrumb\"},\"inLanguage\":\"pt-BR\",\"potentialAction\":[{\"@type\":\"ReadAction\",\"target\":[\"https:\/\/www.oarcanjo.net\/site\/medo-de-jesus-comentario-do-evangelho\/\"]}]},{\"@type\":\"BreadcrumbList\",\"@id\":\"https:\/\/www.oarcanjo.net\/site\/medo-de-jesus-comentario-do-evangelho\/#breadcrumb\",\"itemListElement\":[{\"@type\":\"ListItem\",\"position\":1,\"name\":\"In\u00edcio\",\"item\":\"https:\/\/www.oarcanjo.net\/site\/\"},{\"@type\":\"ListItem\",\"position\":2,\"name\":\"Medo de Jesus &#8211; coment\u00e1rio do Evangelho\"}]},{\"@type\":\"WebSite\",\"@id\":\"https:\/\/www.oarcanjo.net\/site\/#website\",\"url\":\"https:\/\/www.oarcanjo.net\/site\/\",\"name\":\"O Arcanjo no ar\",\"description\":\"Site da Par\u00f3quia S\u00e3o Miguel Arcanjo (Arquidiocese de SP)\",\"publisher\":{\"@id\":\"https:\/\/www.oarcanjo.net\/site\/#organization\"},\"potentialAction\":[{\"@type\":\"SearchAction\",\"target\":{\"@type\":\"EntryPoint\",\"urlTemplate\":\"https:\/\/www.oarcanjo.net\/site\/?s={search_term_string}\"},\"query-input\":{\"@type\":\"PropertyValueSpecification\",\"valueRequired\":true,\"valueName\":\"search_term_string\"}}],\"inLanguage\":\"pt-BR\"},{\"@type\":\"Organization\",\"@id\":\"https:\/\/www.oarcanjo.net\/site\/#organization\",\"name\":\"Par\u00f3quia S\u00e3o Miguel Arcanjo\",\"url\":\"https:\/\/www.oarcanjo.net\/site\/\",\"logo\":{\"@type\":\"ImageObject\",\"inLanguage\":\"pt-BR\",\"@id\":\"https:\/\/www.oarcanjo.net\/site\/#\/schema\/logo\/image\/\",\"url\":\"https:\/\/www.oarcanjo.net\/site\/wp-content\/uploads\/LogoOArcanjo.png\",\"contentUrl\":\"https:\/\/www.oarcanjo.net\/site\/wp-content\/uploads\/LogoOArcanjo.png\",\"width\":319,\"height\":99,\"caption\":\"Par\u00f3quia S\u00e3o Miguel Arcanjo\"},\"image\":{\"@id\":\"https:\/\/www.oarcanjo.net\/site\/#\/schema\/logo\/image\/\"},\"sameAs\":[\"https:\/\/www.facebook.com\/OArcanjoNoAr\/\"]},{\"@type\":\"Person\",\"@id\":\"https:\/\/www.oarcanjo.net\/site\/#\/schema\/person\/f7024d007863202483a31326673a0838\",\"name\":\"editor\",\"sameAs\":[\"http:\/\/www.oarcanjo.net\"]}]}<\/script>\n<!-- \/ Yoast SEO plugin. -->","yoast_head_json":{"title":"Medo de Jesus - coment\u00e1rio do Evangelho - O Arcanjo no ar","robots":{"index":"index","follow":"follow","max-snippet":"max-snippet:-1","max-image-preview":"max-image-preview:large","max-video-preview":"max-video-preview:-1"},"canonical":"https:\/\/www.oarcanjo.net\/site\/medo-de-jesus-comentario-do-evangelho\/","og_locale":"pt_BR","og_type":"article","og_title":"Medo de Jesus - coment\u00e1rio do Evangelho - O Arcanjo no ar","og_description":"Jos\u00e9 Antonio Pagola O epis\u00f3dio conhecido como &#8220;a transfigura\u00e7\u00e3o de Jesus&#8221; conclui-se de uma forma inesperada. Uma voz vinda do alto surpreende os disc\u00edpulos: &#8220;Este \u00e9 o Meu Filho amado&#8221;: o que tem o rosto transfigurado. &#8220;Escutai-O&#8221;. N\u00e3o a Mois\u00e9s, o legislador. N\u00e3o a Elias, o profeta. Escutai a Jesus. S\u00f3 a Ele. &#8220;Ao ouvir [&hellip;]","og_url":"https:\/\/www.oarcanjo.net\/site\/medo-de-jesus-comentario-do-evangelho\/","og_site_name":"O Arcanjo no ar","article_publisher":"https:\/\/www.facebook.com\/OArcanjoNoAr\/","article_published_time":"2011-03-23T01:44:54+00:00","article_modified_time":"2011-03-26T01:47:52+00:00","og_image":[{"width":300,"height":300,"url":"https:\/\/www.oarcanjo.net\/site\/wp-content\/uploads\/logo-o-arcanjo-no-ar-facebook.png","type":"image\/png"}],"author":"editor","twitter_card":"summary_large_image","twitter_misc":{"Escrito por":"editor","Est. tempo de leitura":"2 minutos"},"schema":{"@context":"https:\/\/schema.org","@graph":[{"@type":"Article","@id":"https:\/\/www.oarcanjo.net\/site\/medo-de-jesus-comentario-do-evangelho\/#article","isPartOf":{"@id":"https:\/\/www.oarcanjo.net\/site\/medo-de-jesus-comentario-do-evangelho\/"},"author":{"name":"editor","@id":"https:\/\/www.oarcanjo.net\/site\/#\/schema\/person\/f7024d007863202483a31326673a0838"},"headline":"Medo de Jesus &#8211; coment\u00e1rio do Evangelho","datePublished":"2011-03-23T01:44:54+00:00","dateModified":"2011-03-26T01:47:52+00:00","mainEntityOfPage":{"@id":"https:\/\/www.oarcanjo.net\/site\/medo-de-jesus-comentario-do-evangelho\/"},"wordCount":473,"commentCount":0,"publisher":{"@id":"https:\/\/www.oarcanjo.net\/site\/#organization"},"keywords":["Quaresma","transfigura\u00e7\u00e3o"],"articleSection":["Reflex\u00f5es"],"inLanguage":"pt-BR","potentialAction":[{"@type":"CommentAction","name":"Comment","target":["https:\/\/www.oarcanjo.net\/site\/medo-de-jesus-comentario-do-evangelho\/#respond"]}]},{"@type":"WebPage","@id":"https:\/\/www.oarcanjo.net\/site\/medo-de-jesus-comentario-do-evangelho\/","url":"https:\/\/www.oarcanjo.net\/site\/medo-de-jesus-comentario-do-evangelho\/","name":"Medo de Jesus - coment\u00e1rio do Evangelho - O Arcanjo no ar","isPartOf":{"@id":"https:\/\/www.oarcanjo.net\/site\/#website"},"datePublished":"2011-03-23T01:44:54+00:00","dateModified":"2011-03-26T01:47:52+00:00","breadcrumb":{"@id":"https:\/\/www.oarcanjo.net\/site\/medo-de-jesus-comentario-do-evangelho\/#breadcrumb"},"inLanguage":"pt-BR","potentialAction":[{"@type":"ReadAction","target":["https:\/\/www.oarcanjo.net\/site\/medo-de-jesus-comentario-do-evangelho\/"]}]},{"@type":"BreadcrumbList","@id":"https:\/\/www.oarcanjo.net\/site\/medo-de-jesus-comentario-do-evangelho\/#breadcrumb","itemListElement":[{"@type":"ListItem","position":1,"name":"In\u00edcio","item":"https:\/\/www.oarcanjo.net\/site\/"},{"@type":"ListItem","position":2,"name":"Medo de Jesus &#8211; coment\u00e1rio do Evangelho"}]},{"@type":"WebSite","@id":"https:\/\/www.oarcanjo.net\/site\/#website","url":"https:\/\/www.oarcanjo.net\/site\/","name":"O Arcanjo no ar","description":"Site da Par\u00f3quia S\u00e3o Miguel Arcanjo (Arquidiocese de SP)","publisher":{"@id":"https:\/\/www.oarcanjo.net\/site\/#organization"},"potentialAction":[{"@type":"SearchAction","target":{"@type":"EntryPoint","urlTemplate":"https:\/\/www.oarcanjo.net\/site\/?s={search_term_string}"},"query-input":{"@type":"PropertyValueSpecification","valueRequired":true,"valueName":"search_term_string"}}],"inLanguage":"pt-BR"},{"@type":"Organization","@id":"https:\/\/www.oarcanjo.net\/site\/#organization","name":"Par\u00f3quia S\u00e3o Miguel Arcanjo","url":"https:\/\/www.oarcanjo.net\/site\/","logo":{"@type":"ImageObject","inLanguage":"pt-BR","@id":"https:\/\/www.oarcanjo.net\/site\/#\/schema\/logo\/image\/","url":"https:\/\/www.oarcanjo.net\/site\/wp-content\/uploads\/LogoOArcanjo.png","contentUrl":"https:\/\/www.oarcanjo.net\/site\/wp-content\/uploads\/LogoOArcanjo.png","width":319,"height":99,"caption":"Par\u00f3quia S\u00e3o Miguel Arcanjo"},"image":{"@id":"https:\/\/www.oarcanjo.net\/site\/#\/schema\/logo\/image\/"},"sameAs":["https:\/\/www.facebook.com\/OArcanjoNoAr\/"]},{"@type":"Person","@id":"https:\/\/www.oarcanjo.net\/site\/#\/schema\/person\/f7024d007863202483a31326673a0838","name":"editor","sameAs":["http:\/\/www.oarcanjo.net"]}]}},"publishpress_future_action":{"enabled":false,"date":"2026-05-10 08:01:24","action":"category","newStatus":"draft","terms":[],"taxonomy":"category"},"publishpress_future_workflow_manual_trigger":{"enabledWorkflows":[]},"_links":{"self":[{"href":"https:\/\/www.oarcanjo.net\/site\/wp-json\/wp\/v2\/posts\/13636"}],"collection":[{"href":"https:\/\/www.oarcanjo.net\/site\/wp-json\/wp\/v2\/posts"}],"about":[{"href":"https:\/\/www.oarcanjo.net\/site\/wp-json\/wp\/v2\/types\/post"}],"author":[{"embeddable":true,"href":"https:\/\/www.oarcanjo.net\/site\/wp-json\/wp\/v2\/users\/5"}],"replies":[{"embeddable":true,"href":"https:\/\/www.oarcanjo.net\/site\/wp-json\/wp\/v2\/comments?post=13636"}],"version-history":[{"count":0,"href":"https:\/\/www.oarcanjo.net\/site\/wp-json\/wp\/v2\/posts\/13636\/revisions"}],"wp:attachment":[{"href":"https:\/\/www.oarcanjo.net\/site\/wp-json\/wp\/v2\/media?parent=13636"}],"wp:term":[{"taxonomy":"category","embeddable":true,"href":"https:\/\/www.oarcanjo.net\/site\/wp-json\/wp\/v2\/categories?post=13636"},{"taxonomy":"post_tag","embeddable":true,"href":"https:\/\/www.oarcanjo.net\/site\/wp-json\/wp\/v2\/tags?post=13636"}],"curies":[{"name":"wp","href":"https:\/\/api.w.org\/{rel}","templated":true}]}}