
{"id":1365,"date":"2009-01-08T14:30:21","date_gmt":"2009-01-08T16:30:21","guid":{"rendered":"http:\/\/www.oarcanjo.net\/site\/?p=1365"},"modified":"2009-01-08T15:34:50","modified_gmt":"2009-01-08T17:34:50","slug":"veja-justifica-genocidio-em-gaza","status":"publish","type":"post","link":"https:\/\/www.oarcanjo.net\/site\/veja-justifica-genocidio-em-gaza\/","title":{"rendered":"Veja justifica genoc\u00eddio em Gaza"},"content":{"rendered":"<p>Altamiro Borges<\/p>\n<p>A revista Veja sempre defendeu abertamente o Estado terrorista de Israel e nunca escondeu o seu \u00f3dio \u00e0 causa palestina. O fundador da Editora Abril, dona da publica\u00e7\u00e3o, Victor Civita, filho de judeus italianos, nasceu em Nova Iorque, em 1907. Mudou-se para o Brasil em 1949, trazendo na bagagem as tiras do Pato Donald, o primeiro t\u00edtulo da editora. Montou seu imp\u00e9rio de comunica\u00e7\u00e3o e virou uma das principais refer\u00eancias da influente comunidade judaica no pa\u00eds, que lhe conferiu v\u00e1rios t\u00edtulos honor\u00edficos. Como representante do setor mais fundamentalista desta comunidade, a fam\u00edlia Civita sempre usou os seus ve\u00edculos para justificar os hediondos crimes sionistas. <\/p>\n<p>A edi\u00e7\u00e3o desta semana da Veja \u00e9 mais uma pe\u00e7a publicit\u00e1ria desta campanha. Falta informa\u00e7\u00e3o e sobram manipula\u00e7\u00f5es. J\u00e1 na capa, com a manchete &#8220;A guerra total em Gaza&#8221; e a chamada &#8220;Israel ataca radicais em territ\u00f3rio palestino&#8221;, fica patente o prop\u00f3sito de confundir os incautos leitores. Na pr\u00e1tica, a revista reproduz a vers\u00e3o do ex\u00e9rcito invasor e do imperialismo ianque, sintetizada nas c\u00ednicas declara\u00e7\u00f5es da secret\u00e1ria de Estado ianque, Condoleezza Rice: &#8220;Os EUA condenam os repetidos ataques contra Israel e consideram o Hamas respons\u00e1vel pelo fim do cessar-fogo&#8221;.<\/p>\n<p><strong>Defesa marota da &#8220;l\u00f3gica tribal&#8221;<\/strong><\/p>\n<p>A longa mat\u00e9ria difunde a imagem de que Israel \u00e9 v\u00edtima do terror &#8211; e n\u00e3o um estado terrorista fortemente armado, agressivo e expansionista. Com base nesta falsa premissa, a revista justifica os bombardeios e a matan\u00e7a de crian\u00e7as e idosos inocentes, refor\u00e7ando argumentos primitivos e b\u00e1rbaros: &#8220;A l\u00f3gica tribal tem regras simples: se voc\u00ea me ataca, eu ataco de volta. Se quiser me destruir, eu o destruo primeiro. Se eu puder, uso dez vezes mais viol\u00eancia. Ou cem. Ou mil&#8221;, inicia o texto belicoso. Numa vis\u00e3o simplista, a Veja aponta o Hamas como o \u00fanico culpado pela atual carnificina em Gaza, relembrando os discursos hidr\u00f3fobos de Bush da &#8220;guerra ao terror&#8221;.<\/p>\n<p>Diante das cr\u00edticas ao &#8220;uso desproporcional de for\u00e7a&#8221;, inclusive do governo Lula, o texto ainda insiste: &#8220;Na l\u00f3gica tribal, a autodefesa \u00e9 perfeitamente admiss\u00edvel e moralmente justific\u00e1vel, tanto que a maioria dos israelenses apoiou os ataques&#8221;. Vale lembrar que os alem\u00e3es tamb\u00e9m apoiaram a ascens\u00e3o do nazismo, os campos de concentra\u00e7\u00e3o e o holocausto judeu. O artigo at\u00e9 critica os horrores da atual agress\u00e3o, sempre procurando ofuscar as mentes. &#8220;Os alvos visaram \u00e0 estrutura de poder do Hamas &#8211; a central do aparato de seguran\u00e7a, o quartel de pol\u00edcia, dep\u00f3sitos de armas&#8221;. Mas, infelizmente, &#8220;bombardear cidades s\u00f3 pode ter resultados terr\u00edveis&#8221;.<\/p>\n<p>No final, para aparecer um pouco mais civilizada e menos belicosa, a Veja at\u00e9 defende a solu\u00e7\u00e3o negociada para a guerra visando &#8220;romper a l\u00f3gica tribal&#8221;. Mas ela prop\u00f5e a paz dos cemit\u00e9rios. A negocia\u00e7\u00e3o seria totalmente invi\u00e1vel por causa do Hamas. &#8220;A hist\u00f3ria e a natureza desse grupo s\u00e3o obst\u00e1culos tremendos [ao acordo de paz]&#8230; O Hamas descende das mesmas fontes que influenciaram a Al Qaeda de Osama Bin Laden&#8221;. A exemplo da m\u00eddia de Israel, militarmente controlada e censurada, e da m\u00eddia dos EUA, sob forte influ\u00eancia da comunidade judaica, a Veja \u00e9 uma representante &#8220;honor\u00edfica&#8221; do sionismo assassino e da &#8220;limpeza \u00e9tnica&#8221; na regi\u00e3o.<\/p>\n<p><strong>O holocausto palestino<\/strong><\/p>\n<p>Enquanto isso, a crise humanit\u00e1ria na Faixa de Gaza ganha contornos dram\u00e1ticos, que relembram o holocausto nazista e deveriam indignar todos os amantes da paz, inclusive judeus. Basta ler o balan\u00e7o da ONU de um dia antes da invas\u00e3o por terra das tropas israelenses. At\u00e9 s\u00e1bado passado, 436 palestinos j\u00e1 tinha sido mortos (agora s\u00e3o quase 600, incluindo mais de 100 crian\u00e7as) e 2.300 estavam feridos. Segundo o relat\u00f3rio oficial, 1,5 milh\u00e3o de pessoas que superlotam Gaza eram v\u00edtimas de um cen\u00e1rio apocal\u00edptico:<\/p>\n<p>&#8211; Um ataque a\u00e9reo israelense acontece a cada 20 minutos, em m\u00e9dia. Os bombardeios se intensificam \u00e0 noite;<br \/>\n&#8211; Os ataques israelenses j\u00e1 destru\u00edram mais de 600 alvos, incluindo estradas, edif\u00edcios p\u00fablicos, delegacias de pol\u00edcia e parte da infra-estrutura;<br \/>\n&#8211; O sistema de sa\u00fade, j\u00e1 debilitado desde o in\u00edcio do bloqueio israelense h\u00e1 18 meses, entrou em colapso;<br \/>\n&#8211; Cerca de 250.000 pessoas est\u00e3o sem eletricidade. A \u00fanica central el\u00e9trica da Faixa de Gaza foi fechada em 30 de dezembro pela sexta vez desde o in\u00edcio de novembro por falta de combust\u00edvel;<br \/>\n&#8211; A \u00e1gua corrente \u00e9 disponibilizada uma vez a cada cinco ou sete dias durante algumas horas;<br \/>\n&#8211; Quarenta milh\u00f5es de litros de esgoto s\u00e3o lan\u00e7ados no Mar Mediterr\u00e2neo diariamente. Em alguns locais, o esgoto se acumula nas ruas depois que o sistema de saneamento foi danificado pelos bombardeios;<br \/>\n&#8211; O g\u00e1s de cozinha e para calefa\u00e7\u00e3o j\u00e1 n\u00e3o \u00e9 encontrado no mercado;<br \/>\n&#8211; Cerca de 80% da popula\u00e7\u00e3o depende inteiramente da ajuda humanit\u00e1ria.<br \/>\n&#8211; Falta farinha, arroz, a\u00e7\u00facar, latic\u00ednios e latas de conservas;<br \/>\n&#8211; Israel permite diariamente a entrada de 60 caminh\u00f5es carregados com produtos de primeira necessidade. Este n\u00famero ainda \u00e9 inferior aos 475 ve\u00edculos com ajuda humanit\u00e1ria que chegavam a Gaza antes de junho de 2007, quando o Hamas assumiu o controle do territ\u00f3rio;<br \/>\n&#8211; Os dutos do terminal de Nahal Oz pelos quais chegava todo o combust\u00edvel importado est\u00e3o fechados desde s\u00e1bado passado;<br \/>\n&#8211; As escolas permanecem fechadas, mas muitas s\u00e3o utilizadas como abrigo por palestinos que fugiram de suas casas.<\/p>\n<div id=\"themify_builder_content-1365\" data-postid=\"1365\" class=\"themify_builder_content themify_builder_content-1365 themify_builder themify_builder_front\">\n\t<\/div>\n<!-- \/themify_builder_content -->","protected":false},"excerpt":{"rendered":"<p>Altamiro Borges A revista Veja sempre defendeu abertamente o Estado terrorista de Israel e nunca escondeu o seu \u00f3dio \u00e0 causa palestina. O fundador da Editora Abril, dona da publica\u00e7\u00e3o, Victor Civita, filho de judeus italianos, nasceu em Nova Iorque, em 1907. Mudou-se para o Brasil em 1949, trazendo na bagagem as tiras do Pato [&hellip;]<\/p>\n","protected":false},"author":5,"featured_media":0,"comment_status":"open","ping_status":"open","sticky":false,"template":"","format":"standard","meta":{"ngg_post_thumbnail":0,"footnotes":""},"categories":[9],"tags":[181,177,182,178,180,167,20],"yoast_head":"<!-- This site is optimized with the Yoast SEO plugin v23.5 - https:\/\/yoast.com\/wordpress\/plugins\/seo\/ -->\n<title>Veja justifica genoc\u00eddio em Gaza - O Arcanjo no ar<\/title>\n<meta name=\"robots\" content=\"index, follow, max-snippet:-1, max-image-preview:large, max-video-preview:-1\" \/>\n<link rel=\"canonical\" href=\"https:\/\/www.oarcanjo.net\/site\/veja-justifica-genocidio-em-gaza\/\" \/>\n<meta property=\"og:locale\" content=\"pt_BR\" \/>\n<meta property=\"og:type\" content=\"article\" \/>\n<meta property=\"og:title\" content=\"Veja justifica genoc\u00eddio em Gaza - O Arcanjo no ar\" \/>\n<meta property=\"og:description\" content=\"Altamiro Borges A revista Veja sempre defendeu abertamente o Estado terrorista de Israel e nunca escondeu o seu \u00f3dio \u00e0 causa palestina. O fundador da Editora Abril, dona da publica\u00e7\u00e3o, Victor Civita, filho de judeus italianos, nasceu em Nova Iorque, em 1907. Mudou-se para o Brasil em 1949, trazendo na bagagem as tiras do Pato [&hellip;]\" \/>\n<meta property=\"og:url\" content=\"https:\/\/www.oarcanjo.net\/site\/veja-justifica-genocidio-em-gaza\/\" \/>\n<meta property=\"og:site_name\" content=\"O Arcanjo no ar\" \/>\n<meta property=\"article:publisher\" content=\"https:\/\/www.facebook.com\/OArcanjoNoAr\/\" \/>\n<meta property=\"article:published_time\" content=\"2009-01-08T16:30:21+00:00\" \/>\n<meta property=\"article:modified_time\" content=\"2009-01-08T17:34:50+00:00\" \/>\n<meta property=\"og:image\" content=\"https:\/\/www.oarcanjo.net\/site\/wp-content\/uploads\/logo-o-arcanjo-no-ar-facebook.png\" \/>\n\t<meta property=\"og:image:width\" content=\"300\" \/>\n\t<meta property=\"og:image:height\" content=\"300\" \/>\n\t<meta property=\"og:image:type\" content=\"image\/png\" \/>\n<meta name=\"author\" content=\"editor\" \/>\n<meta name=\"twitter:card\" content=\"summary_large_image\" \/>\n<meta name=\"twitter:label1\" content=\"Escrito por\" \/>\n\t<meta name=\"twitter:data1\" content=\"editor\" \/>\n\t<meta name=\"twitter:label2\" content=\"Est. tempo de leitura\" \/>\n\t<meta name=\"twitter:data2\" content=\"5 minutos\" \/>\n<script type=\"application\/ld+json\" class=\"yoast-schema-graph\">{\"@context\":\"https:\/\/schema.org\",\"@graph\":[{\"@type\":\"Article\",\"@id\":\"https:\/\/www.oarcanjo.net\/site\/veja-justifica-genocidio-em-gaza\/#article\",\"isPartOf\":{\"@id\":\"https:\/\/www.oarcanjo.net\/site\/veja-justifica-genocidio-em-gaza\/\"},\"author\":{\"name\":\"editor\",\"@id\":\"https:\/\/www.oarcanjo.net\/site\/#\/schema\/person\/f7024d007863202483a31326673a0838\"},\"headline\":\"Veja justifica genoc\u00eddio em Gaza\",\"datePublished\":\"2009-01-08T16:30:21+00:00\",\"dateModified\":\"2009-01-08T17:34:50+00:00\",\"mainEntityOfPage\":{\"@id\":\"https:\/\/www.oarcanjo.net\/site\/veja-justifica-genocidio-em-gaza\/\"},\"wordCount\":952,\"commentCount\":1,\"publisher\":{\"@id\":\"https:\/\/www.oarcanjo.net\/site\/#organization\"},\"keywords\":[\"Gaza\",\"guerra\",\"meios de comunica\u00e7\u00e3o\",\"oriente m\u00e9dio\",\"palestina\",\"paz\",\"viol\u00eancia\"],\"articleSection\":[\"Reflex\u00f5es\"],\"inLanguage\":\"pt-BR\",\"potentialAction\":[{\"@type\":\"CommentAction\",\"name\":\"Comment\",\"target\":[\"https:\/\/www.oarcanjo.net\/site\/veja-justifica-genocidio-em-gaza\/#respond\"]}]},{\"@type\":\"WebPage\",\"@id\":\"https:\/\/www.oarcanjo.net\/site\/veja-justifica-genocidio-em-gaza\/\",\"url\":\"https:\/\/www.oarcanjo.net\/site\/veja-justifica-genocidio-em-gaza\/\",\"name\":\"Veja justifica genoc\u00eddio em Gaza - O Arcanjo no ar\",\"isPartOf\":{\"@id\":\"https:\/\/www.oarcanjo.net\/site\/#website\"},\"datePublished\":\"2009-01-08T16:30:21+00:00\",\"dateModified\":\"2009-01-08T17:34:50+00:00\",\"breadcrumb\":{\"@id\":\"https:\/\/www.oarcanjo.net\/site\/veja-justifica-genocidio-em-gaza\/#breadcrumb\"},\"inLanguage\":\"pt-BR\",\"potentialAction\":[{\"@type\":\"ReadAction\",\"target\":[\"https:\/\/www.oarcanjo.net\/site\/veja-justifica-genocidio-em-gaza\/\"]}]},{\"@type\":\"BreadcrumbList\",\"@id\":\"https:\/\/www.oarcanjo.net\/site\/veja-justifica-genocidio-em-gaza\/#breadcrumb\",\"itemListElement\":[{\"@type\":\"ListItem\",\"position\":1,\"name\":\"In\u00edcio\",\"item\":\"https:\/\/www.oarcanjo.net\/site\/\"},{\"@type\":\"ListItem\",\"position\":2,\"name\":\"Veja justifica genoc\u00eddio em Gaza\"}]},{\"@type\":\"WebSite\",\"@id\":\"https:\/\/www.oarcanjo.net\/site\/#website\",\"url\":\"https:\/\/www.oarcanjo.net\/site\/\",\"name\":\"O Arcanjo no ar\",\"description\":\"Site da Par\u00f3quia S\u00e3o Miguel Arcanjo (Arquidiocese de SP)\",\"publisher\":{\"@id\":\"https:\/\/www.oarcanjo.net\/site\/#organization\"},\"potentialAction\":[{\"@type\":\"SearchAction\",\"target\":{\"@type\":\"EntryPoint\",\"urlTemplate\":\"https:\/\/www.oarcanjo.net\/site\/?s={search_term_string}\"},\"query-input\":{\"@type\":\"PropertyValueSpecification\",\"valueRequired\":true,\"valueName\":\"search_term_string\"}}],\"inLanguage\":\"pt-BR\"},{\"@type\":\"Organization\",\"@id\":\"https:\/\/www.oarcanjo.net\/site\/#organization\",\"name\":\"Par\u00f3quia S\u00e3o Miguel Arcanjo\",\"url\":\"https:\/\/www.oarcanjo.net\/site\/\",\"logo\":{\"@type\":\"ImageObject\",\"inLanguage\":\"pt-BR\",\"@id\":\"https:\/\/www.oarcanjo.net\/site\/#\/schema\/logo\/image\/\",\"url\":\"https:\/\/www.oarcanjo.net\/site\/wp-content\/uploads\/LogoOArcanjo.png\",\"contentUrl\":\"https:\/\/www.oarcanjo.net\/site\/wp-content\/uploads\/LogoOArcanjo.png\",\"width\":319,\"height\":99,\"caption\":\"Par\u00f3quia S\u00e3o Miguel Arcanjo\"},\"image\":{\"@id\":\"https:\/\/www.oarcanjo.net\/site\/#\/schema\/logo\/image\/\"},\"sameAs\":[\"https:\/\/www.facebook.com\/OArcanjoNoAr\/\"]},{\"@type\":\"Person\",\"@id\":\"https:\/\/www.oarcanjo.net\/site\/#\/schema\/person\/f7024d007863202483a31326673a0838\",\"name\":\"editor\",\"sameAs\":[\"http:\/\/www.oarcanjo.net\"]}]}<\/script>\n<!-- \/ Yoast SEO plugin. -->","yoast_head_json":{"title":"Veja justifica genoc\u00eddio em Gaza - O Arcanjo no ar","robots":{"index":"index","follow":"follow","max-snippet":"max-snippet:-1","max-image-preview":"max-image-preview:large","max-video-preview":"max-video-preview:-1"},"canonical":"https:\/\/www.oarcanjo.net\/site\/veja-justifica-genocidio-em-gaza\/","og_locale":"pt_BR","og_type":"article","og_title":"Veja justifica genoc\u00eddio em Gaza - O Arcanjo no ar","og_description":"Altamiro Borges A revista Veja sempre defendeu abertamente o Estado terrorista de Israel e nunca escondeu o seu \u00f3dio \u00e0 causa palestina. O fundador da Editora Abril, dona da publica\u00e7\u00e3o, Victor Civita, filho de judeus italianos, nasceu em Nova Iorque, em 1907. Mudou-se para o Brasil em 1949, trazendo na bagagem as tiras do Pato [&hellip;]","og_url":"https:\/\/www.oarcanjo.net\/site\/veja-justifica-genocidio-em-gaza\/","og_site_name":"O Arcanjo no ar","article_publisher":"https:\/\/www.facebook.com\/OArcanjoNoAr\/","article_published_time":"2009-01-08T16:30:21+00:00","article_modified_time":"2009-01-08T17:34:50+00:00","og_image":[{"width":300,"height":300,"url":"https:\/\/www.oarcanjo.net\/site\/wp-content\/uploads\/logo-o-arcanjo-no-ar-facebook.png","type":"image\/png"}],"author":"editor","twitter_card":"summary_large_image","twitter_misc":{"Escrito por":"editor","Est. tempo de leitura":"5 minutos"},"schema":{"@context":"https:\/\/schema.org","@graph":[{"@type":"Article","@id":"https:\/\/www.oarcanjo.net\/site\/veja-justifica-genocidio-em-gaza\/#article","isPartOf":{"@id":"https:\/\/www.oarcanjo.net\/site\/veja-justifica-genocidio-em-gaza\/"},"author":{"name":"editor","@id":"https:\/\/www.oarcanjo.net\/site\/#\/schema\/person\/f7024d007863202483a31326673a0838"},"headline":"Veja justifica genoc\u00eddio em Gaza","datePublished":"2009-01-08T16:30:21+00:00","dateModified":"2009-01-08T17:34:50+00:00","mainEntityOfPage":{"@id":"https:\/\/www.oarcanjo.net\/site\/veja-justifica-genocidio-em-gaza\/"},"wordCount":952,"commentCount":1,"publisher":{"@id":"https:\/\/www.oarcanjo.net\/site\/#organization"},"keywords":["Gaza","guerra","meios de comunica\u00e7\u00e3o","oriente m\u00e9dio","palestina","paz","viol\u00eancia"],"articleSection":["Reflex\u00f5es"],"inLanguage":"pt-BR","potentialAction":[{"@type":"CommentAction","name":"Comment","target":["https:\/\/www.oarcanjo.net\/site\/veja-justifica-genocidio-em-gaza\/#respond"]}]},{"@type":"WebPage","@id":"https:\/\/www.oarcanjo.net\/site\/veja-justifica-genocidio-em-gaza\/","url":"https:\/\/www.oarcanjo.net\/site\/veja-justifica-genocidio-em-gaza\/","name":"Veja justifica genoc\u00eddio em Gaza - O Arcanjo no ar","isPartOf":{"@id":"https:\/\/www.oarcanjo.net\/site\/#website"},"datePublished":"2009-01-08T16:30:21+00:00","dateModified":"2009-01-08T17:34:50+00:00","breadcrumb":{"@id":"https:\/\/www.oarcanjo.net\/site\/veja-justifica-genocidio-em-gaza\/#breadcrumb"},"inLanguage":"pt-BR","potentialAction":[{"@type":"ReadAction","target":["https:\/\/www.oarcanjo.net\/site\/veja-justifica-genocidio-em-gaza\/"]}]},{"@type":"BreadcrumbList","@id":"https:\/\/www.oarcanjo.net\/site\/veja-justifica-genocidio-em-gaza\/#breadcrumb","itemListElement":[{"@type":"ListItem","position":1,"name":"In\u00edcio","item":"https:\/\/www.oarcanjo.net\/site\/"},{"@type":"ListItem","position":2,"name":"Veja justifica genoc\u00eddio em Gaza"}]},{"@type":"WebSite","@id":"https:\/\/www.oarcanjo.net\/site\/#website","url":"https:\/\/www.oarcanjo.net\/site\/","name":"O Arcanjo no ar","description":"Site da Par\u00f3quia S\u00e3o Miguel Arcanjo (Arquidiocese de SP)","publisher":{"@id":"https:\/\/www.oarcanjo.net\/site\/#organization"},"potentialAction":[{"@type":"SearchAction","target":{"@type":"EntryPoint","urlTemplate":"https:\/\/www.oarcanjo.net\/site\/?s={search_term_string}"},"query-input":{"@type":"PropertyValueSpecification","valueRequired":true,"valueName":"search_term_string"}}],"inLanguage":"pt-BR"},{"@type":"Organization","@id":"https:\/\/www.oarcanjo.net\/site\/#organization","name":"Par\u00f3quia S\u00e3o Miguel Arcanjo","url":"https:\/\/www.oarcanjo.net\/site\/","logo":{"@type":"ImageObject","inLanguage":"pt-BR","@id":"https:\/\/www.oarcanjo.net\/site\/#\/schema\/logo\/image\/","url":"https:\/\/www.oarcanjo.net\/site\/wp-content\/uploads\/LogoOArcanjo.png","contentUrl":"https:\/\/www.oarcanjo.net\/site\/wp-content\/uploads\/LogoOArcanjo.png","width":319,"height":99,"caption":"Par\u00f3quia S\u00e3o Miguel Arcanjo"},"image":{"@id":"https:\/\/www.oarcanjo.net\/site\/#\/schema\/logo\/image\/"},"sameAs":["https:\/\/www.facebook.com\/OArcanjoNoAr\/"]},{"@type":"Person","@id":"https:\/\/www.oarcanjo.net\/site\/#\/schema\/person\/f7024d007863202483a31326673a0838","name":"editor","sameAs":["http:\/\/www.oarcanjo.net"]}]}},"publishpress_future_action":{"enabled":false,"date":"2026-05-07 12:43:39","action":"category","newStatus":"draft","terms":[],"taxonomy":"category"},"publishpress_future_workflow_manual_trigger":{"enabledWorkflows":[]},"_links":{"self":[{"href":"https:\/\/www.oarcanjo.net\/site\/wp-json\/wp\/v2\/posts\/1365"}],"collection":[{"href":"https:\/\/www.oarcanjo.net\/site\/wp-json\/wp\/v2\/posts"}],"about":[{"href":"https:\/\/www.oarcanjo.net\/site\/wp-json\/wp\/v2\/types\/post"}],"author":[{"embeddable":true,"href":"https:\/\/www.oarcanjo.net\/site\/wp-json\/wp\/v2\/users\/5"}],"replies":[{"embeddable":true,"href":"https:\/\/www.oarcanjo.net\/site\/wp-json\/wp\/v2\/comments?post=1365"}],"version-history":[{"count":0,"href":"https:\/\/www.oarcanjo.net\/site\/wp-json\/wp\/v2\/posts\/1365\/revisions"}],"wp:attachment":[{"href":"https:\/\/www.oarcanjo.net\/site\/wp-json\/wp\/v2\/media?parent=1365"}],"wp:term":[{"taxonomy":"category","embeddable":true,"href":"https:\/\/www.oarcanjo.net\/site\/wp-json\/wp\/v2\/categories?post=1365"},{"taxonomy":"post_tag","embeddable":true,"href":"https:\/\/www.oarcanjo.net\/site\/wp-json\/wp\/v2\/tags?post=1365"}],"curies":[{"name":"wp","href":"https:\/\/api.w.org\/{rel}","templated":true}]}}