
{"id":1369,"date":"2009-01-08T18:01:48","date_gmt":"2009-01-08T20:01:48","guid":{"rendered":"http:\/\/www.oarcanjo.net\/site\/?p=1369"},"modified":"2009-02-05T09:03:20","modified_gmt":"2009-02-05T11:03:20","slug":"reflexoes","status":"publish","type":"post","link":"https:\/\/www.oarcanjo.net\/site\/reflexoes\/","title":{"rendered":"Reflex\u00f5es!"},"content":{"rendered":"<p>Os dois textos apresentados no espa\u00e7o de Reflex\u00e3o de nosso site querem nos ajudar a entender a crise violenta que atinge a Faixa de Gaza envolvendo palestinos e judeus. Os dois autores trazem reflex\u00f5es importantes que nos ajudam a aprofundar, a partir de valores \u00e9ticos o que est\u00e1 atr\u00e1s de todo esse drama humano que envergonha a todos n\u00f3s.<\/p>\n<p>O pensamento de <a href=\"\/site\/index.php\/reflexao\/palestina-e-o-ciclo-da-violencia\/\">Jung Mo Sung<\/a>, meu colega no estudo da teologia, mostra a espiral da viol\u00eancia e a compreens\u00e3o de cada um dos envolvidos segundo sua cultura e vis\u00e3o de mundo e sem d\u00favida uma sa\u00edda com dignidade para ambos, e deixa claro que resistir \u00e9 um direito dos massacrados.<\/p>\n<p>O texto de <a href=\"\/site\/index.php\/reflexao\/veja-justifica-genocidio-em-gaza\/\">Altamiro Borges<\/a> \u00e9 um primor para mais uma vez mostrar quem \u00e9 a famigerada revista VEJA e o seu costumeiro veneno em tudo o que faz. Continuo dizendo: n\u00e3o leiam a revista VEJA porque faz mal para a sa\u00fade mental para quem quer VER o mundo e a vida com respeito e dignidade.<\/p>\n<p><em>Leia tamb\u00e9m sobre o assunto:<\/em><\/p>\n<p>* <a href=\"\/site\/index.php\/reflexao\/carta-aos-judeus\/\">Carta aos judeus<\/a>, redigida pelo professor Maur\u00edcio Abdalla e referendada por frei Betto)<br \/>\n* <a href=\"\/site\/index.php\/reflexao\/operacao-chumbo-impune\/\">Artigo de Eduardo Galeano<\/a><br \/>\n* <a href=\"\/site\/index.php\/reflexao\/eua-bancam-o-terrorismo-de-israel\/\">Artigo do jornalista Altamiro Borges<\/a><\/p>\n<div id=\"themify_builder_content-1369\" data-postid=\"1369\" class=\"themify_builder_content themify_builder_content-1369 themify_builder themify_builder_front\">\n\t<\/div>\n<!-- \/themify_builder_content -->","protected":false},"excerpt":{"rendered":"<p>Os dois textos apresentados no espa\u00e7o de Reflex\u00e3o de nosso site querem nos ajudar a entender a crise violenta que atinge a Faixa de Gaza envolvendo palestinos e judeus. Os dois autores trazem reflex\u00f5es importantes que nos ajudam a aprofundar, a partir de valores \u00e9ticos o que est\u00e1 atr\u00e1s de todo esse drama humano que [&hellip;]<\/p>\n","protected":false},"author":4,"featured_media":0,"comment_status":"open","ping_status":"open","sticky":false,"template":"","format":"standard","meta":{"ngg_post_thumbnail":0,"footnotes":""},"categories":[4],"tags":[181,177,180,167,20],"yoast_head":"<!-- This site is optimized with the Yoast SEO plugin v23.5 - https:\/\/yoast.com\/wordpress\/plugins\/seo\/ -->\n<title>Reflex\u00f5es! - O Arcanjo no ar<\/title>\n<meta name=\"robots\" content=\"index, follow, max-snippet:-1, max-image-preview:large, max-video-preview:-1\" \/>\n<link rel=\"canonical\" href=\"https:\/\/www.oarcanjo.net\/site\/reflexoes\/\" \/>\n<meta property=\"og:locale\" content=\"pt_BR\" \/>\n<meta property=\"og:type\" content=\"article\" \/>\n<meta property=\"og:title\" content=\"Reflex\u00f5es! - O Arcanjo no ar\" \/>\n<meta property=\"og:description\" content=\"Os dois textos apresentados no espa\u00e7o de Reflex\u00e3o de nosso site querem nos ajudar a entender a crise violenta que atinge a Faixa de Gaza envolvendo palestinos e judeus. Os dois autores trazem reflex\u00f5es importantes que nos ajudam a aprofundar, a partir de valores \u00e9ticos o que est\u00e1 atr\u00e1s de todo esse drama humano que [&hellip;]\" \/>\n<meta property=\"og:url\" content=\"https:\/\/www.oarcanjo.net\/site\/reflexoes\/\" \/>\n<meta property=\"og:site_name\" content=\"O Arcanjo no ar\" \/>\n<meta property=\"article:publisher\" content=\"https:\/\/www.facebook.com\/OArcanjoNoAr\/\" \/>\n<meta property=\"article:published_time\" content=\"2009-01-08T20:01:48+00:00\" \/>\n<meta property=\"article:modified_time\" content=\"2009-02-05T11:03:20+00:00\" \/>\n<meta property=\"og:image\" content=\"https:\/\/www.oarcanjo.net\/site\/wp-content\/uploads\/logo-o-arcanjo-no-ar-facebook.png\" \/>\n\t<meta property=\"og:image:width\" content=\"300\" \/>\n\t<meta property=\"og:image:height\" content=\"300\" \/>\n\t<meta property=\"og:image:type\" content=\"image\/png\" \/>\n<meta name=\"author\" content=\"julio\" \/>\n<meta name=\"twitter:card\" content=\"summary_large_image\" \/>\n<meta name=\"twitter:label1\" content=\"Escrito por\" \/>\n\t<meta name=\"twitter:data1\" content=\"julio\" \/>\n\t<meta name=\"twitter:label2\" content=\"Est. tempo de leitura\" \/>\n\t<meta name=\"twitter:data2\" content=\"1 minuto\" \/>\n<script type=\"application\/ld+json\" class=\"yoast-schema-graph\">{\"@context\":\"https:\/\/schema.org\",\"@graph\":[{\"@type\":\"Article\",\"@id\":\"https:\/\/www.oarcanjo.net\/site\/reflexoes\/#article\",\"isPartOf\":{\"@id\":\"https:\/\/www.oarcanjo.net\/site\/reflexoes\/\"},\"author\":{\"name\":\"julio\",\"@id\":\"https:\/\/www.oarcanjo.net\/site\/#\/schema\/person\/d78ea01c648c91e29c364b516767079e\"},\"headline\":\"Reflex\u00f5es!\",\"datePublished\":\"2009-01-08T20:01:48+00:00\",\"dateModified\":\"2009-02-05T11:03:20+00:00\",\"mainEntityOfPage\":{\"@id\":\"https:\/\/www.oarcanjo.net\/site\/reflexoes\/\"},\"wordCount\":206,\"commentCount\":1,\"publisher\":{\"@id\":\"https:\/\/www.oarcanjo.net\/site\/#organization\"},\"keywords\":[\"Gaza\",\"guerra\",\"palestina\",\"paz\",\"viol\u00eancia\"],\"articleSection\":[\"Blog\"],\"inLanguage\":\"pt-BR\",\"potentialAction\":[{\"@type\":\"CommentAction\",\"name\":\"Comment\",\"target\":[\"https:\/\/www.oarcanjo.net\/site\/reflexoes\/#respond\"]}]},{\"@type\":\"WebPage\",\"@id\":\"https:\/\/www.oarcanjo.net\/site\/reflexoes\/\",\"url\":\"https:\/\/www.oarcanjo.net\/site\/reflexoes\/\",\"name\":\"Reflex\u00f5es! - O Arcanjo no ar\",\"isPartOf\":{\"@id\":\"https:\/\/www.oarcanjo.net\/site\/#website\"},\"datePublished\":\"2009-01-08T20:01:48+00:00\",\"dateModified\":\"2009-02-05T11:03:20+00:00\",\"breadcrumb\":{\"@id\":\"https:\/\/www.oarcanjo.net\/site\/reflexoes\/#breadcrumb\"},\"inLanguage\":\"pt-BR\",\"potentialAction\":[{\"@type\":\"ReadAction\",\"target\":[\"https:\/\/www.oarcanjo.net\/site\/reflexoes\/\"]}]},{\"@type\":\"BreadcrumbList\",\"@id\":\"https:\/\/www.oarcanjo.net\/site\/reflexoes\/#breadcrumb\",\"itemListElement\":[{\"@type\":\"ListItem\",\"position\":1,\"name\":\"In\u00edcio\",\"item\":\"https:\/\/www.oarcanjo.net\/site\/\"},{\"@type\":\"ListItem\",\"position\":2,\"name\":\"Reflex\u00f5es!\"}]},{\"@type\":\"WebSite\",\"@id\":\"https:\/\/www.oarcanjo.net\/site\/#website\",\"url\":\"https:\/\/www.oarcanjo.net\/site\/\",\"name\":\"O Arcanjo no ar\",\"description\":\"Site da Par\u00f3quia S\u00e3o Miguel Arcanjo (Arquidiocese de SP)\",\"publisher\":{\"@id\":\"https:\/\/www.oarcanjo.net\/site\/#organization\"},\"potentialAction\":[{\"@type\":\"SearchAction\",\"target\":{\"@type\":\"EntryPoint\",\"urlTemplate\":\"https:\/\/www.oarcanjo.net\/site\/?s={search_term_string}\"},\"query-input\":{\"@type\":\"PropertyValueSpecification\",\"valueRequired\":true,\"valueName\":\"search_term_string\"}}],\"inLanguage\":\"pt-BR\"},{\"@type\":\"Organization\",\"@id\":\"https:\/\/www.oarcanjo.net\/site\/#organization\",\"name\":\"Par\u00f3quia S\u00e3o Miguel Arcanjo\",\"url\":\"https:\/\/www.oarcanjo.net\/site\/\",\"logo\":{\"@type\":\"ImageObject\",\"inLanguage\":\"pt-BR\",\"@id\":\"https:\/\/www.oarcanjo.net\/site\/#\/schema\/logo\/image\/\",\"url\":\"https:\/\/www.oarcanjo.net\/site\/wp-content\/uploads\/LogoOArcanjo.png\",\"contentUrl\":\"https:\/\/www.oarcanjo.net\/site\/wp-content\/uploads\/LogoOArcanjo.png\",\"width\":319,\"height\":99,\"caption\":\"Par\u00f3quia S\u00e3o Miguel Arcanjo\"},\"image\":{\"@id\":\"https:\/\/www.oarcanjo.net\/site\/#\/schema\/logo\/image\/\"},\"sameAs\":[\"https:\/\/www.facebook.com\/OArcanjoNoAr\/\"]},{\"@type\":\"Person\",\"@id\":\"https:\/\/www.oarcanjo.net\/site\/#\/schema\/person\/d78ea01c648c91e29c364b516767079e\",\"name\":\"julio\",\"sameAs\":[\"http:\/\/www.oarcanjo.net\"]}]}<\/script>\n<!-- \/ Yoast SEO plugin. -->","yoast_head_json":{"title":"Reflex\u00f5es! - O Arcanjo no ar","robots":{"index":"index","follow":"follow","max-snippet":"max-snippet:-1","max-image-preview":"max-image-preview:large","max-video-preview":"max-video-preview:-1"},"canonical":"https:\/\/www.oarcanjo.net\/site\/reflexoes\/","og_locale":"pt_BR","og_type":"article","og_title":"Reflex\u00f5es! - O Arcanjo no ar","og_description":"Os dois textos apresentados no espa\u00e7o de Reflex\u00e3o de nosso site querem nos ajudar a entender a crise violenta que atinge a Faixa de Gaza envolvendo palestinos e judeus. Os dois autores trazem reflex\u00f5es importantes que nos ajudam a aprofundar, a partir de valores \u00e9ticos o que est\u00e1 atr\u00e1s de todo esse drama humano que [&hellip;]","og_url":"https:\/\/www.oarcanjo.net\/site\/reflexoes\/","og_site_name":"O Arcanjo no ar","article_publisher":"https:\/\/www.facebook.com\/OArcanjoNoAr\/","article_published_time":"2009-01-08T20:01:48+00:00","article_modified_time":"2009-02-05T11:03:20+00:00","og_image":[{"width":300,"height":300,"url":"https:\/\/www.oarcanjo.net\/site\/wp-content\/uploads\/logo-o-arcanjo-no-ar-facebook.png","type":"image\/png"}],"author":"julio","twitter_card":"summary_large_image","twitter_misc":{"Escrito por":"julio","Est. tempo de leitura":"1 minuto"},"schema":{"@context":"https:\/\/schema.org","@graph":[{"@type":"Article","@id":"https:\/\/www.oarcanjo.net\/site\/reflexoes\/#article","isPartOf":{"@id":"https:\/\/www.oarcanjo.net\/site\/reflexoes\/"},"author":{"name":"julio","@id":"https:\/\/www.oarcanjo.net\/site\/#\/schema\/person\/d78ea01c648c91e29c364b516767079e"},"headline":"Reflex\u00f5es!","datePublished":"2009-01-08T20:01:48+00:00","dateModified":"2009-02-05T11:03:20+00:00","mainEntityOfPage":{"@id":"https:\/\/www.oarcanjo.net\/site\/reflexoes\/"},"wordCount":206,"commentCount":1,"publisher":{"@id":"https:\/\/www.oarcanjo.net\/site\/#organization"},"keywords":["Gaza","guerra","palestina","paz","viol\u00eancia"],"articleSection":["Blog"],"inLanguage":"pt-BR","potentialAction":[{"@type":"CommentAction","name":"Comment","target":["https:\/\/www.oarcanjo.net\/site\/reflexoes\/#respond"]}]},{"@type":"WebPage","@id":"https:\/\/www.oarcanjo.net\/site\/reflexoes\/","url":"https:\/\/www.oarcanjo.net\/site\/reflexoes\/","name":"Reflex\u00f5es! - O Arcanjo no ar","isPartOf":{"@id":"https:\/\/www.oarcanjo.net\/site\/#website"},"datePublished":"2009-01-08T20:01:48+00:00","dateModified":"2009-02-05T11:03:20+00:00","breadcrumb":{"@id":"https:\/\/www.oarcanjo.net\/site\/reflexoes\/#breadcrumb"},"inLanguage":"pt-BR","potentialAction":[{"@type":"ReadAction","target":["https:\/\/www.oarcanjo.net\/site\/reflexoes\/"]}]},{"@type":"BreadcrumbList","@id":"https:\/\/www.oarcanjo.net\/site\/reflexoes\/#breadcrumb","itemListElement":[{"@type":"ListItem","position":1,"name":"In\u00edcio","item":"https:\/\/www.oarcanjo.net\/site\/"},{"@type":"ListItem","position":2,"name":"Reflex\u00f5es!"}]},{"@type":"WebSite","@id":"https:\/\/www.oarcanjo.net\/site\/#website","url":"https:\/\/www.oarcanjo.net\/site\/","name":"O Arcanjo no ar","description":"Site da Par\u00f3quia S\u00e3o Miguel Arcanjo (Arquidiocese de SP)","publisher":{"@id":"https:\/\/www.oarcanjo.net\/site\/#organization"},"potentialAction":[{"@type":"SearchAction","target":{"@type":"EntryPoint","urlTemplate":"https:\/\/www.oarcanjo.net\/site\/?s={search_term_string}"},"query-input":{"@type":"PropertyValueSpecification","valueRequired":true,"valueName":"search_term_string"}}],"inLanguage":"pt-BR"},{"@type":"Organization","@id":"https:\/\/www.oarcanjo.net\/site\/#organization","name":"Par\u00f3quia S\u00e3o Miguel Arcanjo","url":"https:\/\/www.oarcanjo.net\/site\/","logo":{"@type":"ImageObject","inLanguage":"pt-BR","@id":"https:\/\/www.oarcanjo.net\/site\/#\/schema\/logo\/image\/","url":"https:\/\/www.oarcanjo.net\/site\/wp-content\/uploads\/LogoOArcanjo.png","contentUrl":"https:\/\/www.oarcanjo.net\/site\/wp-content\/uploads\/LogoOArcanjo.png","width":319,"height":99,"caption":"Par\u00f3quia S\u00e3o Miguel Arcanjo"},"image":{"@id":"https:\/\/www.oarcanjo.net\/site\/#\/schema\/logo\/image\/"},"sameAs":["https:\/\/www.facebook.com\/OArcanjoNoAr\/"]},{"@type":"Person","@id":"https:\/\/www.oarcanjo.net\/site\/#\/schema\/person\/d78ea01c648c91e29c364b516767079e","name":"julio","sameAs":["http:\/\/www.oarcanjo.net"]}]}},"publishpress_future_action":{"enabled":false,"date":"2026-05-07 11:04:23","action":"category","newStatus":"draft","terms":[],"taxonomy":"category"},"publishpress_future_workflow_manual_trigger":{"enabledWorkflows":[]},"_links":{"self":[{"href":"https:\/\/www.oarcanjo.net\/site\/wp-json\/wp\/v2\/posts\/1369"}],"collection":[{"href":"https:\/\/www.oarcanjo.net\/site\/wp-json\/wp\/v2\/posts"}],"about":[{"href":"https:\/\/www.oarcanjo.net\/site\/wp-json\/wp\/v2\/types\/post"}],"author":[{"embeddable":true,"href":"https:\/\/www.oarcanjo.net\/site\/wp-json\/wp\/v2\/users\/4"}],"replies":[{"embeddable":true,"href":"https:\/\/www.oarcanjo.net\/site\/wp-json\/wp\/v2\/comments?post=1369"}],"version-history":[{"count":0,"href":"https:\/\/www.oarcanjo.net\/site\/wp-json\/wp\/v2\/posts\/1369\/revisions"}],"wp:attachment":[{"href":"https:\/\/www.oarcanjo.net\/site\/wp-json\/wp\/v2\/media?parent=1369"}],"wp:term":[{"taxonomy":"category","embeddable":true,"href":"https:\/\/www.oarcanjo.net\/site\/wp-json\/wp\/v2\/categories?post=1369"},{"taxonomy":"post_tag","embeddable":true,"href":"https:\/\/www.oarcanjo.net\/site\/wp-json\/wp\/v2\/tags?post=1369"}],"curies":[{"name":"wp","href":"https:\/\/api.w.org\/{rel}","templated":true}]}}