
{"id":13691,"date":"2011-03-29T21:44:24","date_gmt":"2011-03-30T00:44:24","guid":{"rendered":"http:\/\/www.oarcanjo.net\/site\/?p=13691"},"modified":"2011-03-29T21:44:24","modified_gmt":"2011-03-30T00:44:24","slug":"como-o-profeta-amos-padre-jose-comblin-incomodava","status":"publish","type":"post","link":"https:\/\/www.oarcanjo.net\/site\/como-o-profeta-amos-padre-jose-comblin-incomodava\/","title":{"rendered":"Como o profeta Am\u00f3s, Padre Jos\u00e9 Comblin incomodava"},"content":{"rendered":"<p>Frei Carlos Mesters, O.Carm.<\/p>\n<p>Padre Jos\u00e9 Comblin morreu. Um bispo o criticou, como: &#8220;Comblin, homem cansado e pessimista&#8221;. O pessoal das Comunidades por onde ele andava n\u00e3o o chamava de Comblin, mas sim de &#8220;Padre Jos\u00e9&#8221;. Padre Comblin incomodava as pessoas de poder, mas era amado pelos pobres que o acolhiam carinhosamente como Padre Jos\u00e9.<\/p>\n<p>Padre Jos\u00e9 Comblin nasceu na B\u00e9lgica nos anos 20 do s\u00e9culo passado e nos anos 50 veio trabalhar e anunciar a Boa Nova aqui no Brasil. O profeta Am\u00f3s era de Jud\u00e1 no Sul e foi trabalhar e anunciar a Boa Nova de Deus em Israel no Norte, no santu\u00e1rio de Betel. Amasias, o sacerdote de Betel, n\u00e3o gostou e denunciou o profeta junto ao rei Jerobo\u00e3o, dizendo que j\u00e1 n\u00e3o se podia tolerar as palavras de Am\u00f3s. E mandou dizer ao pr\u00f3prio Am\u00f3s: &#8220;\u00d3, seu profeta, v\u00e1 embora daqui. Retire-se para sua terra Jud\u00e1. V\u00e1 ganhar sua vida por l\u00e1 com suas profecias. Mas n\u00e3o me venha mais fazer suas profecias aqui em Betel, pois isto aqui \u00e9 o santu\u00e1rio do Rei e o templo do Rei\u201d. Am\u00f3s mandou dizer: &#8220;Eu n\u00e3o sou profeta nem filho de profeta. Sou campon\u00eas, criador de gado e cultivador de sic\u00f4moros. Foi Jav\u00e9 que me tirou de tr\u00e1s do rebanho e me ordenou, \u2018V\u00e1 profetizar ao meu povo Israel\u2019!\u201d (Am\u00f3s 7,10-15).<\/p>\n<p>Como o profeta Am\u00f3s, Padre Jos\u00e9 Comblin incomodava aos homens do poder no tempo da ditadura e foi expulso v\u00e1rias vezes. Incomodava tamb\u00e9m aos que exercem o poder na Igreja. Alguns deles chegaram a dizer que j\u00e1 n\u00e3o se podia tolerar as coisas que ele dizia, e eles proibiram a fala dele v\u00e1rias vezes em v\u00e1rios lugares.<\/p>\n<p>Como o profeta Am\u00f3s, Padre Jos\u00e9, ele mesmo, nunca se apresentou como profeta. Ele se apresentava como ser humano crist\u00e3o e sacerdote, cumpridor fiel do seu dever. Posso testemunhar: convidado para falar nas comunidades e nos grupos do CEBI, Padre Jos\u00e9 convencia as pessoas pela simplicidade do seu jeito de conversar e dialogar, pelo testemunho da sua sinceridade e profundidade de vida e pela quantidade enorme de informa\u00e7\u00f5es de que dispunha para confirmar as coisas que dizia e as den\u00fancias que fazia.<\/p>\n<p>Mesmo ausente ele continua presente. Como o profeta Am\u00f3s, &#8220;seu corpo foi sepultado em paz, mas o seu nome viver\u00e1 atrav\u00e9s das gera\u00e7\u00f5es\u201d (Eclo 44,14). Eternamente grato.<\/p>\n<div id=\"themify_builder_content-13691\" data-postid=\"13691\" class=\"themify_builder_content themify_builder_content-13691 themify_builder themify_builder_front\">\n\t<\/div>\n<!-- \/themify_builder_content -->","protected":false},"excerpt":{"rendered":"<p>Frei Carlos Mesters, O.Carm. Padre Jos\u00e9 Comblin morreu. Um bispo o criticou, como: &#8220;Comblin, homem cansado e pessimista&#8221;. O pessoal das Comunidades por onde ele andava n\u00e3o o chamava de Comblin, mas sim de &#8220;Padre Jos\u00e9&#8221;. Padre Comblin incomodava as pessoas de poder, mas era amado pelos pobres que o acolhiam carinhosamente como Padre Jos\u00e9. [&hellip;]<\/p>\n","protected":false},"author":5,"featured_media":0,"comment_status":"open","ping_status":"open","sticky":false,"template":"","format":"standard","meta":{"ngg_post_thumbnail":0,"footnotes":""},"categories":[9],"tags":[1374],"yoast_head":"<!-- This site is optimized with the Yoast SEO plugin v23.5 - https:\/\/yoast.com\/wordpress\/plugins\/seo\/ -->\n<title>Como o profeta Am\u00f3s, Padre Jos\u00e9 Comblin incomodava - O Arcanjo no ar<\/title>\n<meta name=\"robots\" content=\"index, follow, max-snippet:-1, max-image-preview:large, max-video-preview:-1\" \/>\n<link rel=\"canonical\" href=\"https:\/\/www.oarcanjo.net\/site\/como-o-profeta-amos-padre-jose-comblin-incomodava\/\" \/>\n<meta property=\"og:locale\" content=\"pt_BR\" \/>\n<meta property=\"og:type\" content=\"article\" \/>\n<meta property=\"og:title\" content=\"Como o profeta Am\u00f3s, Padre Jos\u00e9 Comblin incomodava - O Arcanjo no ar\" \/>\n<meta property=\"og:description\" content=\"Frei Carlos Mesters, O.Carm. Padre Jos\u00e9 Comblin morreu. Um bispo o criticou, como: &#8220;Comblin, homem cansado e pessimista&#8221;. O pessoal das Comunidades por onde ele andava n\u00e3o o chamava de Comblin, mas sim de &#8220;Padre Jos\u00e9&#8221;. Padre Comblin incomodava as pessoas de poder, mas era amado pelos pobres que o acolhiam carinhosamente como Padre Jos\u00e9. [&hellip;]\" \/>\n<meta property=\"og:url\" content=\"https:\/\/www.oarcanjo.net\/site\/como-o-profeta-amos-padre-jose-comblin-incomodava\/\" \/>\n<meta property=\"og:site_name\" content=\"O Arcanjo no ar\" \/>\n<meta property=\"article:publisher\" content=\"https:\/\/www.facebook.com\/OArcanjoNoAr\/\" \/>\n<meta property=\"article:published_time\" content=\"2011-03-30T00:44:24+00:00\" \/>\n<meta property=\"og:image\" content=\"https:\/\/www.oarcanjo.net\/site\/wp-content\/uploads\/logo-o-arcanjo-no-ar-facebook.png\" \/>\n\t<meta property=\"og:image:width\" content=\"300\" \/>\n\t<meta property=\"og:image:height\" content=\"300\" \/>\n\t<meta property=\"og:image:type\" content=\"image\/png\" \/>\n<meta name=\"author\" content=\"editor\" \/>\n<meta name=\"twitter:card\" content=\"summary_large_image\" \/>\n<meta name=\"twitter:label1\" content=\"Escrito por\" \/>\n\t<meta name=\"twitter:data1\" content=\"editor\" \/>\n\t<meta name=\"twitter:label2\" content=\"Est. tempo de leitura\" \/>\n\t<meta name=\"twitter:data2\" content=\"2 minutos\" \/>\n<script type=\"application\/ld+json\" class=\"yoast-schema-graph\">{\"@context\":\"https:\/\/schema.org\",\"@graph\":[{\"@type\":\"Article\",\"@id\":\"https:\/\/www.oarcanjo.net\/site\/como-o-profeta-amos-padre-jose-comblin-incomodava\/#article\",\"isPartOf\":{\"@id\":\"https:\/\/www.oarcanjo.net\/site\/como-o-profeta-amos-padre-jose-comblin-incomodava\/\"},\"author\":{\"name\":\"editor\",\"@id\":\"https:\/\/www.oarcanjo.net\/site\/#\/schema\/person\/f7024d007863202483a31326673a0838\"},\"headline\":\"Como o profeta Am\u00f3s, Padre Jos\u00e9 Comblin incomodava\",\"datePublished\":\"2011-03-30T00:44:24+00:00\",\"dateModified\":\"2011-03-30T00:44:24+00:00\",\"mainEntityOfPage\":{\"@id\":\"https:\/\/www.oarcanjo.net\/site\/como-o-profeta-amos-padre-jose-comblin-incomodava\/\"},\"wordCount\":426,\"commentCount\":0,\"publisher\":{\"@id\":\"https:\/\/www.oarcanjo.net\/site\/#organization\"},\"keywords\":[\"Comblin\"],\"articleSection\":[\"Reflex\u00f5es\"],\"inLanguage\":\"pt-BR\",\"potentialAction\":[{\"@type\":\"CommentAction\",\"name\":\"Comment\",\"target\":[\"https:\/\/www.oarcanjo.net\/site\/como-o-profeta-amos-padre-jose-comblin-incomodava\/#respond\"]}]},{\"@type\":\"WebPage\",\"@id\":\"https:\/\/www.oarcanjo.net\/site\/como-o-profeta-amos-padre-jose-comblin-incomodava\/\",\"url\":\"https:\/\/www.oarcanjo.net\/site\/como-o-profeta-amos-padre-jose-comblin-incomodava\/\",\"name\":\"Como o profeta Am\u00f3s, Padre Jos\u00e9 Comblin incomodava - O Arcanjo no ar\",\"isPartOf\":{\"@id\":\"https:\/\/www.oarcanjo.net\/site\/#website\"},\"datePublished\":\"2011-03-30T00:44:24+00:00\",\"dateModified\":\"2011-03-30T00:44:24+00:00\",\"breadcrumb\":{\"@id\":\"https:\/\/www.oarcanjo.net\/site\/como-o-profeta-amos-padre-jose-comblin-incomodava\/#breadcrumb\"},\"inLanguage\":\"pt-BR\",\"potentialAction\":[{\"@type\":\"ReadAction\",\"target\":[\"https:\/\/www.oarcanjo.net\/site\/como-o-profeta-amos-padre-jose-comblin-incomodava\/\"]}]},{\"@type\":\"BreadcrumbList\",\"@id\":\"https:\/\/www.oarcanjo.net\/site\/como-o-profeta-amos-padre-jose-comblin-incomodava\/#breadcrumb\",\"itemListElement\":[{\"@type\":\"ListItem\",\"position\":1,\"name\":\"In\u00edcio\",\"item\":\"https:\/\/www.oarcanjo.net\/site\/\"},{\"@type\":\"ListItem\",\"position\":2,\"name\":\"Como o profeta Am\u00f3s, Padre Jos\u00e9 Comblin incomodava\"}]},{\"@type\":\"WebSite\",\"@id\":\"https:\/\/www.oarcanjo.net\/site\/#website\",\"url\":\"https:\/\/www.oarcanjo.net\/site\/\",\"name\":\"O Arcanjo no ar\",\"description\":\"Site da Par\u00f3quia S\u00e3o Miguel Arcanjo (Arquidiocese de SP)\",\"publisher\":{\"@id\":\"https:\/\/www.oarcanjo.net\/site\/#organization\"},\"potentialAction\":[{\"@type\":\"SearchAction\",\"target\":{\"@type\":\"EntryPoint\",\"urlTemplate\":\"https:\/\/www.oarcanjo.net\/site\/?s={search_term_string}\"},\"query-input\":{\"@type\":\"PropertyValueSpecification\",\"valueRequired\":true,\"valueName\":\"search_term_string\"}}],\"inLanguage\":\"pt-BR\"},{\"@type\":\"Organization\",\"@id\":\"https:\/\/www.oarcanjo.net\/site\/#organization\",\"name\":\"Par\u00f3quia S\u00e3o Miguel Arcanjo\",\"url\":\"https:\/\/www.oarcanjo.net\/site\/\",\"logo\":{\"@type\":\"ImageObject\",\"inLanguage\":\"pt-BR\",\"@id\":\"https:\/\/www.oarcanjo.net\/site\/#\/schema\/logo\/image\/\",\"url\":\"https:\/\/www.oarcanjo.net\/site\/wp-content\/uploads\/LogoOArcanjo.png\",\"contentUrl\":\"https:\/\/www.oarcanjo.net\/site\/wp-content\/uploads\/LogoOArcanjo.png\",\"width\":319,\"height\":99,\"caption\":\"Par\u00f3quia S\u00e3o Miguel Arcanjo\"},\"image\":{\"@id\":\"https:\/\/www.oarcanjo.net\/site\/#\/schema\/logo\/image\/\"},\"sameAs\":[\"https:\/\/www.facebook.com\/OArcanjoNoAr\/\"]},{\"@type\":\"Person\",\"@id\":\"https:\/\/www.oarcanjo.net\/site\/#\/schema\/person\/f7024d007863202483a31326673a0838\",\"name\":\"editor\",\"sameAs\":[\"http:\/\/www.oarcanjo.net\"]}]}<\/script>\n<!-- \/ Yoast SEO plugin. -->","yoast_head_json":{"title":"Como o profeta Am\u00f3s, Padre Jos\u00e9 Comblin incomodava - O Arcanjo no ar","robots":{"index":"index","follow":"follow","max-snippet":"max-snippet:-1","max-image-preview":"max-image-preview:large","max-video-preview":"max-video-preview:-1"},"canonical":"https:\/\/www.oarcanjo.net\/site\/como-o-profeta-amos-padre-jose-comblin-incomodava\/","og_locale":"pt_BR","og_type":"article","og_title":"Como o profeta Am\u00f3s, Padre Jos\u00e9 Comblin incomodava - O Arcanjo no ar","og_description":"Frei Carlos Mesters, O.Carm. Padre Jos\u00e9 Comblin morreu. Um bispo o criticou, como: &#8220;Comblin, homem cansado e pessimista&#8221;. O pessoal das Comunidades por onde ele andava n\u00e3o o chamava de Comblin, mas sim de &#8220;Padre Jos\u00e9&#8221;. Padre Comblin incomodava as pessoas de poder, mas era amado pelos pobres que o acolhiam carinhosamente como Padre Jos\u00e9. [&hellip;]","og_url":"https:\/\/www.oarcanjo.net\/site\/como-o-profeta-amos-padre-jose-comblin-incomodava\/","og_site_name":"O Arcanjo no ar","article_publisher":"https:\/\/www.facebook.com\/OArcanjoNoAr\/","article_published_time":"2011-03-30T00:44:24+00:00","og_image":[{"width":300,"height":300,"url":"https:\/\/www.oarcanjo.net\/site\/wp-content\/uploads\/logo-o-arcanjo-no-ar-facebook.png","type":"image\/png"}],"author":"editor","twitter_card":"summary_large_image","twitter_misc":{"Escrito por":"editor","Est. tempo de leitura":"2 minutos"},"schema":{"@context":"https:\/\/schema.org","@graph":[{"@type":"Article","@id":"https:\/\/www.oarcanjo.net\/site\/como-o-profeta-amos-padre-jose-comblin-incomodava\/#article","isPartOf":{"@id":"https:\/\/www.oarcanjo.net\/site\/como-o-profeta-amos-padre-jose-comblin-incomodava\/"},"author":{"name":"editor","@id":"https:\/\/www.oarcanjo.net\/site\/#\/schema\/person\/f7024d007863202483a31326673a0838"},"headline":"Como o profeta Am\u00f3s, Padre Jos\u00e9 Comblin incomodava","datePublished":"2011-03-30T00:44:24+00:00","dateModified":"2011-03-30T00:44:24+00:00","mainEntityOfPage":{"@id":"https:\/\/www.oarcanjo.net\/site\/como-o-profeta-amos-padre-jose-comblin-incomodava\/"},"wordCount":426,"commentCount":0,"publisher":{"@id":"https:\/\/www.oarcanjo.net\/site\/#organization"},"keywords":["Comblin"],"articleSection":["Reflex\u00f5es"],"inLanguage":"pt-BR","potentialAction":[{"@type":"CommentAction","name":"Comment","target":["https:\/\/www.oarcanjo.net\/site\/como-o-profeta-amos-padre-jose-comblin-incomodava\/#respond"]}]},{"@type":"WebPage","@id":"https:\/\/www.oarcanjo.net\/site\/como-o-profeta-amos-padre-jose-comblin-incomodava\/","url":"https:\/\/www.oarcanjo.net\/site\/como-o-profeta-amos-padre-jose-comblin-incomodava\/","name":"Como o profeta Am\u00f3s, Padre Jos\u00e9 Comblin incomodava - O Arcanjo no ar","isPartOf":{"@id":"https:\/\/www.oarcanjo.net\/site\/#website"},"datePublished":"2011-03-30T00:44:24+00:00","dateModified":"2011-03-30T00:44:24+00:00","breadcrumb":{"@id":"https:\/\/www.oarcanjo.net\/site\/como-o-profeta-amos-padre-jose-comblin-incomodava\/#breadcrumb"},"inLanguage":"pt-BR","potentialAction":[{"@type":"ReadAction","target":["https:\/\/www.oarcanjo.net\/site\/como-o-profeta-amos-padre-jose-comblin-incomodava\/"]}]},{"@type":"BreadcrumbList","@id":"https:\/\/www.oarcanjo.net\/site\/como-o-profeta-amos-padre-jose-comblin-incomodava\/#breadcrumb","itemListElement":[{"@type":"ListItem","position":1,"name":"In\u00edcio","item":"https:\/\/www.oarcanjo.net\/site\/"},{"@type":"ListItem","position":2,"name":"Como o profeta Am\u00f3s, Padre Jos\u00e9 Comblin incomodava"}]},{"@type":"WebSite","@id":"https:\/\/www.oarcanjo.net\/site\/#website","url":"https:\/\/www.oarcanjo.net\/site\/","name":"O Arcanjo no ar","description":"Site da Par\u00f3quia S\u00e3o Miguel Arcanjo (Arquidiocese de SP)","publisher":{"@id":"https:\/\/www.oarcanjo.net\/site\/#organization"},"potentialAction":[{"@type":"SearchAction","target":{"@type":"EntryPoint","urlTemplate":"https:\/\/www.oarcanjo.net\/site\/?s={search_term_string}"},"query-input":{"@type":"PropertyValueSpecification","valueRequired":true,"valueName":"search_term_string"}}],"inLanguage":"pt-BR"},{"@type":"Organization","@id":"https:\/\/www.oarcanjo.net\/site\/#organization","name":"Par\u00f3quia S\u00e3o Miguel Arcanjo","url":"https:\/\/www.oarcanjo.net\/site\/","logo":{"@type":"ImageObject","inLanguage":"pt-BR","@id":"https:\/\/www.oarcanjo.net\/site\/#\/schema\/logo\/image\/","url":"https:\/\/www.oarcanjo.net\/site\/wp-content\/uploads\/LogoOArcanjo.png","contentUrl":"https:\/\/www.oarcanjo.net\/site\/wp-content\/uploads\/LogoOArcanjo.png","width":319,"height":99,"caption":"Par\u00f3quia S\u00e3o Miguel Arcanjo"},"image":{"@id":"https:\/\/www.oarcanjo.net\/site\/#\/schema\/logo\/image\/"},"sameAs":["https:\/\/www.facebook.com\/OArcanjoNoAr\/"]},{"@type":"Person","@id":"https:\/\/www.oarcanjo.net\/site\/#\/schema\/person\/f7024d007863202483a31326673a0838","name":"editor","sameAs":["http:\/\/www.oarcanjo.net"]}]}},"publishpress_future_action":{"enabled":false,"date":"2026-05-10 06:59:54","action":"category","newStatus":"draft","terms":[],"taxonomy":"category"},"publishpress_future_workflow_manual_trigger":{"enabledWorkflows":[]},"_links":{"self":[{"href":"https:\/\/www.oarcanjo.net\/site\/wp-json\/wp\/v2\/posts\/13691"}],"collection":[{"href":"https:\/\/www.oarcanjo.net\/site\/wp-json\/wp\/v2\/posts"}],"about":[{"href":"https:\/\/www.oarcanjo.net\/site\/wp-json\/wp\/v2\/types\/post"}],"author":[{"embeddable":true,"href":"https:\/\/www.oarcanjo.net\/site\/wp-json\/wp\/v2\/users\/5"}],"replies":[{"embeddable":true,"href":"https:\/\/www.oarcanjo.net\/site\/wp-json\/wp\/v2\/comments?post=13691"}],"version-history":[{"count":0,"href":"https:\/\/www.oarcanjo.net\/site\/wp-json\/wp\/v2\/posts\/13691\/revisions"}],"wp:attachment":[{"href":"https:\/\/www.oarcanjo.net\/site\/wp-json\/wp\/v2\/media?parent=13691"}],"wp:term":[{"taxonomy":"category","embeddable":true,"href":"https:\/\/www.oarcanjo.net\/site\/wp-json\/wp\/v2\/categories?post=13691"},{"taxonomy":"post_tag","embeddable":true,"href":"https:\/\/www.oarcanjo.net\/site\/wp-json\/wp\/v2\/tags?post=13691"}],"curies":[{"name":"wp","href":"https:\/\/api.w.org\/{rel}","templated":true}]}}