
{"id":13694,"date":"2011-03-30T14:09:25","date_gmt":"2011-03-30T17:09:25","guid":{"rendered":"http:\/\/www.oarcanjo.net\/site\/?p=13694"},"modified":"2011-03-30T14:09:25","modified_gmt":"2011-03-30T17:09:25","slug":"jose-profeta","status":"publish","type":"post","link":"https:\/\/www.oarcanjo.net\/site\/jose-profeta\/","title":{"rendered":"Jos\u00e9 Profeta"},"content":{"rendered":"<p>Pe. Alfredo J. Gon\u00e7alves<\/p>\n<p>De uns tempos para c\u00e1, os profetas est\u00e3o fora de moda. Prevalece o espet\u00e1culo recheado de c\u00e2meras, holofotes e microfones. Em tempo de m\u00eddia, a visibilidade do fant\u00e1stico ganha terreno sobre o sil\u00eancio da semente e do fermento. Com frequ\u00eancia se confunde mudan\u00e7a com show ilusionista, profusamente iluminado e ruidoso, com luzes, sons e imagens. Jos\u00e9 Comblin viveu, lutou e morreu para mostrar que a profecia continua viva e ativa. E que o Evangelho s\u00f3 \u00e9 Boa Nova na exata medida em que se faz profecia renova em cada contexto hist\u00f3rico. E, ainda, que profetizar e evangelizar \u00e9 promover a liberta\u00e7\u00e3o integral do ser humano.<\/p>\n<p>Tr\u00eas caracter\u00edsticas marcam o movimento prof\u00e9tico no Antigo Testamento: mem\u00f3ria, den\u00fancia e an\u00fancio. A mem\u00f3ria est\u00e1 associada a um reiterado &#8220;lembra-te\u201d que remonta \u00e0 abertura do dec\u00e1logo: &#8220;Eu sou Iahewh teu Deus, que te fez sair da terra do Egito, da casa da escravid\u00e3o\u201d (Ex 20,2). O dec\u00e1logo, por sua vez, vem precedido do c\u00f3digo da alian\u00e7a. Assim, os profetas procuravam, em primeiro lugar, trazer para o contexto do reinado e do ex\u00edlio o esp\u00edrito de liberta\u00e7\u00e3o fundamentado na mem\u00f3ria do \u00eaxodo. Ali se encontram suas ra\u00edzes. Em outras palavras, se foste escravo no Egito, como podes agora submeter teus pr\u00f3prios irm\u00e3os ao mesmo regime? Enquanto sob o Fara\u00f3, os hebreus eram subjugados por uma na\u00e7\u00e3o estrangeira, agora era o pr\u00f3prio Estado de Israel que escravizava seu povo atrav\u00e9s de pesados impostos e do trabalho de corv\u00e9ia. Contra isso se insurgem o movimento prof\u00e9tico, retomando e atualizando as exig\u00eancias do Deus que os tirou da condi\u00e7\u00e3o de escravos.<\/p>\n<p>Um Deus que &#8220;v\u00ea a afli\u00e7\u00e3o, ouve o clamor, conhece o sofrimento e desce para libertar\u201d marca profundamente a experi\u00eancia religiosa do Povo de Israel. Ou seja, esse povo vivenciou o contato vivo com um Deus \u00fanico: atento, sens\u00edvel e solid\u00e1rio com as condi\u00e7\u00f5es de vida e trabalho dos oprimidos. Numa palavra, um Deus que caminha pelo deserto da hist\u00f3ria pessoal e coletiva. Os profetas tentam reviver e recriar essa mesma experi\u00eancia num novo contexto de opress\u00e3o e explora\u00e7\u00e3o.<\/p>\n<p>Aqui entra em cena a segunda palavra chave do movimento prof\u00e9tico. A den\u00fancia tem uma for\u00e7a devastadora em figuras como Isa\u00edas, Jeremias, Am\u00f3s, Os\u00e9ias e Miqu\u00e9ias. Na mira de seus ataques est\u00e3o os poderosos dos reinados do Norte e do Sul. S\u00e3o os &#8220;chefes da casa de Jac\u00f3 e magistrados da casa de Israel\u201d, na medida em que desconhecem o &#8220;direito e a justi\u00e7a\u201d, &#8220;comeram a carne de meu povo, arrancam-lhe a pele, quebram-lhe os ossos, cortaram-no como carne na panela\u201d (Mq 3,1-3). Aos mesmos chefes e magistrados, o profeta acusa: &#8220;v\u00f3s que detestais o direito, que torceis o que \u00e9 reto; v\u00f3s que edificais Si\u00e3o com sangue e Jerusal\u00e9m com injusti\u00e7a\u201d (Mq 3,9-10). Mas est\u00e3o tamb\u00e9m na mira os l\u00edderes religiosos: &#8220;seus chefes julgam por suborno, seus sacerdotes ensinam por sal\u00e1rio e seus profetas vaticinam por dinheiro\u201d (Mq 3,11).<\/p>\n<p>A veem\u00eancia de Miqu\u00e9ias ir\u00e1 repetir-se nos demais representantes do profetismo vetero-testament\u00e1rio. Sobrecarregados de tributos, os camponeses gemiam sob o reinado. O templo representava uma esp\u00e9cie de cora\u00e7\u00e3o pol\u00edtico e econ\u00f4mico da Israel, para o qual convergiam os esfor\u00e7os dos trabalhadores em forma de numerosos impostos. Da\u00ed a dureza das palavras prof\u00e9ticas contra chefes e magistrados, de um lado, falsos profetas e sacerdotes, de outro, todos circulando na \u00f3rbita do tempo e de seus rendimentos. Da\u00ed tamb\u00e9m as profecias sobre a destrui\u00e7\u00e3o do tempo e do ex\u00edlio.<\/p>\n<p>A den\u00fancia, por\u00e9m, vinha acompanhada por um an\u00fancio. Este se expressa de forma particular nos poemas de Isa\u00edas sobre a &#8220;Nova Jerusal\u00e9m\u201d. &#8220;Vou criar novos c\u00e9us e nova terra\u201d \u2013 diz o profeta \u2013 &#8220;nela n\u00e3o se tornar\u00e1 a ouvir choro nem lamenta\u00e7\u00e3o. J\u00e1 n\u00e3o haver\u00e1 ali criancinhas que vivam apenas alguns dias, nem velhos que n\u00e3o completem a sua idade; com efeito, o menino morrer\u00e1 com cem anos\u201d. E prossegue: &#8220;Os homens construir\u00e3o casas e as habitar\u00e3o; plantar\u00e3o videiras e comer\u00e3o seus frutos (&#8230;). A dura\u00e7\u00e3o da vida do meu povo ser\u00e1 como os dias de uma \u00e1rvore, os meus eleitos consumir\u00e3o eles mesmos o fruto do trabalho de suas m\u00e3os\u201d (Is 65,17-25).<\/p>\n<p>A imagem de Isa\u00edas, que se repete com outras cores e graus nas p\u00e1ginas de v\u00e1rios profetas, ser\u00e1 retomada pelo Apocalipse, no cap\u00edtulo 21: &#8220;Vi ent\u00e3o um c\u00e9u novo e uma nova terra (&#8230;). Eis a tenda de Deus com os homens. Ele habitar\u00e1 com eles; eles ser\u00e3o o seu povo, e Ele, Deus-com-eles, ser\u00e1 seu Deus. Ele enxugar\u00e1 toda l\u00e1grima de seus olhos, pois nunca mais haver\u00e1 morte, nem luto, nem clamor e nem dor haver\u00e1 mais. Sim! As coisas antigas se foram!\u201d (Ap 21,1-4).<\/p>\n<p>Nas \u00faltimas d\u00e9cadas da hist\u00f3ria brasileira, poucas pessoas representam esse tr\u00edplice terreno da profecia como o belga Jos\u00e9 Comblin. Mem\u00f3ria viva, den\u00fancia vigorosa e an\u00fancio de esperan\u00e7a e liberdade \u2013 assim se poderia resumir sua trajet\u00f3ria hist\u00f3rica. Ele que seguramente j\u00e1 conhece &#8220;o novo c\u00e9u e a nova terra\u201d, deixa-nos muitas veredas para trilhar o caminho da fonte e da Boa Nova. Jos\u00e9 est\u00e1 vivo! O profeta com sotaque estrangeiro e com nome e alma brasileira, segue entre n\u00f3s. Sua fala mansa e seus escritos prof\u00e9ticos seguem clamando por justi\u00e7a. Nosso ponto final resume-se a um muito obrigado Jos\u00e9!<\/p>\n<div id=\"themify_builder_content-13694\" data-postid=\"13694\" class=\"themify_builder_content themify_builder_content-13694 themify_builder themify_builder_front\">\n\t<\/div>\n<!-- \/themify_builder_content -->","protected":false},"excerpt":{"rendered":"<p>Pe. Alfredo J. Gon\u00e7alves De uns tempos para c\u00e1, os profetas est\u00e3o fora de moda. Prevalece o espet\u00e1culo recheado de c\u00e2meras, holofotes e microfones. Em tempo de m\u00eddia, a visibilidade do fant\u00e1stico ganha terreno sobre o sil\u00eancio da semente e do fermento. Com frequ\u00eancia se confunde mudan\u00e7a com show ilusionista, profusamente iluminado e ruidoso, com [&hellip;]<\/p>\n","protected":false},"author":5,"featured_media":0,"comment_status":"open","ping_status":"open","sticky":false,"template":"","format":"standard","meta":{"ngg_post_thumbnail":0,"footnotes":""},"categories":[9],"tags":[1374,187],"yoast_head":"<!-- This site is optimized with the Yoast SEO plugin v23.5 - https:\/\/yoast.com\/wordpress\/plugins\/seo\/ -->\n<title>Jos\u00e9 Profeta - O Arcanjo no ar<\/title>\n<meta name=\"robots\" content=\"index, follow, max-snippet:-1, max-image-preview:large, max-video-preview:-1\" \/>\n<link rel=\"canonical\" href=\"https:\/\/www.oarcanjo.net\/site\/jose-profeta\/\" \/>\n<meta property=\"og:locale\" content=\"pt_BR\" \/>\n<meta property=\"og:type\" content=\"article\" \/>\n<meta property=\"og:title\" content=\"Jos\u00e9 Profeta - O Arcanjo no ar\" \/>\n<meta property=\"og:description\" content=\"Pe. Alfredo J. Gon\u00e7alves De uns tempos para c\u00e1, os profetas est\u00e3o fora de moda. Prevalece o espet\u00e1culo recheado de c\u00e2meras, holofotes e microfones. Em tempo de m\u00eddia, a visibilidade do fant\u00e1stico ganha terreno sobre o sil\u00eancio da semente e do fermento. Com frequ\u00eancia se confunde mudan\u00e7a com show ilusionista, profusamente iluminado e ruidoso, com [&hellip;]\" \/>\n<meta property=\"og:url\" content=\"https:\/\/www.oarcanjo.net\/site\/jose-profeta\/\" \/>\n<meta property=\"og:site_name\" content=\"O Arcanjo no ar\" \/>\n<meta property=\"article:publisher\" content=\"https:\/\/www.facebook.com\/OArcanjoNoAr\/\" \/>\n<meta property=\"article:published_time\" content=\"2011-03-30T17:09:25+00:00\" \/>\n<meta property=\"og:image\" content=\"https:\/\/www.oarcanjo.net\/site\/wp-content\/uploads\/logo-o-arcanjo-no-ar-facebook.png\" \/>\n\t<meta property=\"og:image:width\" content=\"300\" \/>\n\t<meta property=\"og:image:height\" content=\"300\" \/>\n\t<meta property=\"og:image:type\" content=\"image\/png\" \/>\n<meta name=\"author\" content=\"editor\" \/>\n<meta name=\"twitter:card\" content=\"summary_large_image\" \/>\n<meta name=\"twitter:label1\" content=\"Escrito por\" \/>\n\t<meta name=\"twitter:data1\" content=\"editor\" \/>\n\t<meta name=\"twitter:label2\" content=\"Est. tempo de leitura\" \/>\n\t<meta name=\"twitter:data2\" content=\"5 minutos\" \/>\n<script type=\"application\/ld+json\" class=\"yoast-schema-graph\">{\"@context\":\"https:\/\/schema.org\",\"@graph\":[{\"@type\":\"Article\",\"@id\":\"https:\/\/www.oarcanjo.net\/site\/jose-profeta\/#article\",\"isPartOf\":{\"@id\":\"https:\/\/www.oarcanjo.net\/site\/jose-profeta\/\"},\"author\":{\"name\":\"editor\",\"@id\":\"https:\/\/www.oarcanjo.net\/site\/#\/schema\/person\/f7024d007863202483a31326673a0838\"},\"headline\":\"Jos\u00e9 Profeta\",\"datePublished\":\"2011-03-30T17:09:25+00:00\",\"dateModified\":\"2011-03-30T17:09:25+00:00\",\"mainEntityOfPage\":{\"@id\":\"https:\/\/www.oarcanjo.net\/site\/jose-profeta\/\"},\"wordCount\":977,\"commentCount\":0,\"publisher\":{\"@id\":\"https:\/\/www.oarcanjo.net\/site\/#organization\"},\"keywords\":[\"Comblin\",\"profeta\"],\"articleSection\":[\"Reflex\u00f5es\"],\"inLanguage\":\"pt-BR\",\"potentialAction\":[{\"@type\":\"CommentAction\",\"name\":\"Comment\",\"target\":[\"https:\/\/www.oarcanjo.net\/site\/jose-profeta\/#respond\"]}]},{\"@type\":\"WebPage\",\"@id\":\"https:\/\/www.oarcanjo.net\/site\/jose-profeta\/\",\"url\":\"https:\/\/www.oarcanjo.net\/site\/jose-profeta\/\",\"name\":\"Jos\u00e9 Profeta - O Arcanjo no ar\",\"isPartOf\":{\"@id\":\"https:\/\/www.oarcanjo.net\/site\/#website\"},\"datePublished\":\"2011-03-30T17:09:25+00:00\",\"dateModified\":\"2011-03-30T17:09:25+00:00\",\"breadcrumb\":{\"@id\":\"https:\/\/www.oarcanjo.net\/site\/jose-profeta\/#breadcrumb\"},\"inLanguage\":\"pt-BR\",\"potentialAction\":[{\"@type\":\"ReadAction\",\"target\":[\"https:\/\/www.oarcanjo.net\/site\/jose-profeta\/\"]}]},{\"@type\":\"BreadcrumbList\",\"@id\":\"https:\/\/www.oarcanjo.net\/site\/jose-profeta\/#breadcrumb\",\"itemListElement\":[{\"@type\":\"ListItem\",\"position\":1,\"name\":\"In\u00edcio\",\"item\":\"https:\/\/www.oarcanjo.net\/site\/\"},{\"@type\":\"ListItem\",\"position\":2,\"name\":\"Jos\u00e9 Profeta\"}]},{\"@type\":\"WebSite\",\"@id\":\"https:\/\/www.oarcanjo.net\/site\/#website\",\"url\":\"https:\/\/www.oarcanjo.net\/site\/\",\"name\":\"O Arcanjo no ar\",\"description\":\"Site da Par\u00f3quia S\u00e3o Miguel Arcanjo (Arquidiocese de SP)\",\"publisher\":{\"@id\":\"https:\/\/www.oarcanjo.net\/site\/#organization\"},\"potentialAction\":[{\"@type\":\"SearchAction\",\"target\":{\"@type\":\"EntryPoint\",\"urlTemplate\":\"https:\/\/www.oarcanjo.net\/site\/?s={search_term_string}\"},\"query-input\":{\"@type\":\"PropertyValueSpecification\",\"valueRequired\":true,\"valueName\":\"search_term_string\"}}],\"inLanguage\":\"pt-BR\"},{\"@type\":\"Organization\",\"@id\":\"https:\/\/www.oarcanjo.net\/site\/#organization\",\"name\":\"Par\u00f3quia S\u00e3o Miguel Arcanjo\",\"url\":\"https:\/\/www.oarcanjo.net\/site\/\",\"logo\":{\"@type\":\"ImageObject\",\"inLanguage\":\"pt-BR\",\"@id\":\"https:\/\/www.oarcanjo.net\/site\/#\/schema\/logo\/image\/\",\"url\":\"https:\/\/www.oarcanjo.net\/site\/wp-content\/uploads\/LogoOArcanjo.png\",\"contentUrl\":\"https:\/\/www.oarcanjo.net\/site\/wp-content\/uploads\/LogoOArcanjo.png\",\"width\":319,\"height\":99,\"caption\":\"Par\u00f3quia S\u00e3o Miguel Arcanjo\"},\"image\":{\"@id\":\"https:\/\/www.oarcanjo.net\/site\/#\/schema\/logo\/image\/\"},\"sameAs\":[\"https:\/\/www.facebook.com\/OArcanjoNoAr\/\"]},{\"@type\":\"Person\",\"@id\":\"https:\/\/www.oarcanjo.net\/site\/#\/schema\/person\/f7024d007863202483a31326673a0838\",\"name\":\"editor\",\"sameAs\":[\"http:\/\/www.oarcanjo.net\"]}]}<\/script>\n<!-- \/ Yoast SEO plugin. -->","yoast_head_json":{"title":"Jos\u00e9 Profeta - O Arcanjo no ar","robots":{"index":"index","follow":"follow","max-snippet":"max-snippet:-1","max-image-preview":"max-image-preview:large","max-video-preview":"max-video-preview:-1"},"canonical":"https:\/\/www.oarcanjo.net\/site\/jose-profeta\/","og_locale":"pt_BR","og_type":"article","og_title":"Jos\u00e9 Profeta - O Arcanjo no ar","og_description":"Pe. Alfredo J. Gon\u00e7alves De uns tempos para c\u00e1, os profetas est\u00e3o fora de moda. Prevalece o espet\u00e1culo recheado de c\u00e2meras, holofotes e microfones. Em tempo de m\u00eddia, a visibilidade do fant\u00e1stico ganha terreno sobre o sil\u00eancio da semente e do fermento. Com frequ\u00eancia se confunde mudan\u00e7a com show ilusionista, profusamente iluminado e ruidoso, com [&hellip;]","og_url":"https:\/\/www.oarcanjo.net\/site\/jose-profeta\/","og_site_name":"O Arcanjo no ar","article_publisher":"https:\/\/www.facebook.com\/OArcanjoNoAr\/","article_published_time":"2011-03-30T17:09:25+00:00","og_image":[{"width":300,"height":300,"url":"https:\/\/www.oarcanjo.net\/site\/wp-content\/uploads\/logo-o-arcanjo-no-ar-facebook.png","type":"image\/png"}],"author":"editor","twitter_card":"summary_large_image","twitter_misc":{"Escrito por":"editor","Est. tempo de leitura":"5 minutos"},"schema":{"@context":"https:\/\/schema.org","@graph":[{"@type":"Article","@id":"https:\/\/www.oarcanjo.net\/site\/jose-profeta\/#article","isPartOf":{"@id":"https:\/\/www.oarcanjo.net\/site\/jose-profeta\/"},"author":{"name":"editor","@id":"https:\/\/www.oarcanjo.net\/site\/#\/schema\/person\/f7024d007863202483a31326673a0838"},"headline":"Jos\u00e9 Profeta","datePublished":"2011-03-30T17:09:25+00:00","dateModified":"2011-03-30T17:09:25+00:00","mainEntityOfPage":{"@id":"https:\/\/www.oarcanjo.net\/site\/jose-profeta\/"},"wordCount":977,"commentCount":0,"publisher":{"@id":"https:\/\/www.oarcanjo.net\/site\/#organization"},"keywords":["Comblin","profeta"],"articleSection":["Reflex\u00f5es"],"inLanguage":"pt-BR","potentialAction":[{"@type":"CommentAction","name":"Comment","target":["https:\/\/www.oarcanjo.net\/site\/jose-profeta\/#respond"]}]},{"@type":"WebPage","@id":"https:\/\/www.oarcanjo.net\/site\/jose-profeta\/","url":"https:\/\/www.oarcanjo.net\/site\/jose-profeta\/","name":"Jos\u00e9 Profeta - O Arcanjo no ar","isPartOf":{"@id":"https:\/\/www.oarcanjo.net\/site\/#website"},"datePublished":"2011-03-30T17:09:25+00:00","dateModified":"2011-03-30T17:09:25+00:00","breadcrumb":{"@id":"https:\/\/www.oarcanjo.net\/site\/jose-profeta\/#breadcrumb"},"inLanguage":"pt-BR","potentialAction":[{"@type":"ReadAction","target":["https:\/\/www.oarcanjo.net\/site\/jose-profeta\/"]}]},{"@type":"BreadcrumbList","@id":"https:\/\/www.oarcanjo.net\/site\/jose-profeta\/#breadcrumb","itemListElement":[{"@type":"ListItem","position":1,"name":"In\u00edcio","item":"https:\/\/www.oarcanjo.net\/site\/"},{"@type":"ListItem","position":2,"name":"Jos\u00e9 Profeta"}]},{"@type":"WebSite","@id":"https:\/\/www.oarcanjo.net\/site\/#website","url":"https:\/\/www.oarcanjo.net\/site\/","name":"O Arcanjo no ar","description":"Site da Par\u00f3quia S\u00e3o Miguel Arcanjo (Arquidiocese de SP)","publisher":{"@id":"https:\/\/www.oarcanjo.net\/site\/#organization"},"potentialAction":[{"@type":"SearchAction","target":{"@type":"EntryPoint","urlTemplate":"https:\/\/www.oarcanjo.net\/site\/?s={search_term_string}"},"query-input":{"@type":"PropertyValueSpecification","valueRequired":true,"valueName":"search_term_string"}}],"inLanguage":"pt-BR"},{"@type":"Organization","@id":"https:\/\/www.oarcanjo.net\/site\/#organization","name":"Par\u00f3quia S\u00e3o Miguel Arcanjo","url":"https:\/\/www.oarcanjo.net\/site\/","logo":{"@type":"ImageObject","inLanguage":"pt-BR","@id":"https:\/\/www.oarcanjo.net\/site\/#\/schema\/logo\/image\/","url":"https:\/\/www.oarcanjo.net\/site\/wp-content\/uploads\/LogoOArcanjo.png","contentUrl":"https:\/\/www.oarcanjo.net\/site\/wp-content\/uploads\/LogoOArcanjo.png","width":319,"height":99,"caption":"Par\u00f3quia S\u00e3o Miguel Arcanjo"},"image":{"@id":"https:\/\/www.oarcanjo.net\/site\/#\/schema\/logo\/image\/"},"sameAs":["https:\/\/www.facebook.com\/OArcanjoNoAr\/"]},{"@type":"Person","@id":"https:\/\/www.oarcanjo.net\/site\/#\/schema\/person\/f7024d007863202483a31326673a0838","name":"editor","sameAs":["http:\/\/www.oarcanjo.net"]}]}},"publishpress_future_action":{"enabled":false,"date":"2026-05-10 06:59:22","action":"category","newStatus":"draft","terms":[],"taxonomy":"category"},"publishpress_future_workflow_manual_trigger":{"enabledWorkflows":[]},"_links":{"self":[{"href":"https:\/\/www.oarcanjo.net\/site\/wp-json\/wp\/v2\/posts\/13694"}],"collection":[{"href":"https:\/\/www.oarcanjo.net\/site\/wp-json\/wp\/v2\/posts"}],"about":[{"href":"https:\/\/www.oarcanjo.net\/site\/wp-json\/wp\/v2\/types\/post"}],"author":[{"embeddable":true,"href":"https:\/\/www.oarcanjo.net\/site\/wp-json\/wp\/v2\/users\/5"}],"replies":[{"embeddable":true,"href":"https:\/\/www.oarcanjo.net\/site\/wp-json\/wp\/v2\/comments?post=13694"}],"version-history":[{"count":0,"href":"https:\/\/www.oarcanjo.net\/site\/wp-json\/wp\/v2\/posts\/13694\/revisions"}],"wp:attachment":[{"href":"https:\/\/www.oarcanjo.net\/site\/wp-json\/wp\/v2\/media?parent=13694"}],"wp:term":[{"taxonomy":"category","embeddable":true,"href":"https:\/\/www.oarcanjo.net\/site\/wp-json\/wp\/v2\/categories?post=13694"},{"taxonomy":"post_tag","embeddable":true,"href":"https:\/\/www.oarcanjo.net\/site\/wp-json\/wp\/v2\/tags?post=13694"}],"curies":[{"name":"wp","href":"https:\/\/api.w.org\/{rel}","templated":true}]}}