
{"id":13700,"date":"2011-04-01T08:39:24","date_gmt":"2011-04-01T11:39:24","guid":{"rendered":"http:\/\/www.oarcanjo.net\/site\/?p=13700"},"modified":"2011-04-01T08:39:24","modified_gmt":"2011-04-01T11:39:24","slug":"leituras-do-domingo-03042011","status":"publish","type":"post","link":"https:\/\/www.oarcanjo.net\/site\/leituras-do-domingo-03042011\/","title":{"rendered":"Leituras do domingo 03\/04\/2011"},"content":{"rendered":"<div>\n<h4>4\u00ba Domingo da Quaresma<\/h4>\n<p><strong>Primeira leitura (1\u00ba Samuel 16,1b.6-7.10-13a)<\/strong><\/p>\n<p>Leitura do Primeiro Livro de Samuel:<\/p>\n<p>Naqueles dias, o Senhor disse a Samuel:\u00a0<sup>1b<\/sup>Enche o chifre de \u00f3leo e vem para que eu te envie \u00e0 casa de Jess\u00e9 de Bel\u00e9m, pois escolhi um rei para mim entre os seus filhos.<sup>6<\/sup>Assim que chegou, Samuel viu a Eliab e disse consigo \u201cCertamente \u00e9 este o ungido do Senhor!\u201d<br \/>\n<sup>7<\/sup>Mas o Senhor disse-lhe: N\u00e3o olhes para a sua apar\u00eancia nem para a sua grande estatura, porque eu o rejeitei. N\u00e3o julgo segundo os crit\u00e9rios do homem: o homem v\u00ea as apar\u00eancias, mas o Senhor olha o cora\u00e7\u00e3o\u201d.<br \/>\n<sup>10<\/sup>Jess\u00e9 fez vir seus sete filhos \u00e0 presen\u00e7a de Samuel, mas Samuel disse: \u201cO Senhor n\u00e3o escolheu a nenhum deles\u201d.\u00a0<sup>11<\/sup>E acrescentou: \u201cEst\u00e3o aqui todos os teus filhos?\u201d<br \/>\nJess\u00e9 respondeu: Resta ainda o mais novo que est\u00e1 apascentando as ovelhas\u201d. E Samuel ordenou a Jess\u00e9: \u201cManda busc\u00e1-lo, pois n\u00e3o nos sentaremos \u00e0 mesa enquanto ele n\u00e3o chegar\u201d.<br \/>\n<sup>12<\/sup>Jess\u00e9 mandou busc\u00e1-lo. Era Davi, ruivo, de belos olhos e de formosa apar\u00eancia. E o Senhor disse: \u201cLevanta-te, unge-o: \u00e9 este!\u201d<br \/>\n<sup>13a<\/sup>Samuel tomou o chifre com \u00f3leo e ungiu a Davi na presen\u00e7a de seus irm\u00e3os. E a partir daquele dia o esp\u00edrito do Senhor se apoderou de Davi.<\/p>\n<p><strong>Salmo (Salmos 22)<\/strong><\/p>\n<p>\u2014 O Senhor \u00e9 o pastor que me conduz;\/ n\u00e3o me falta coisa alguma.<br \/>\n<strong>\u2014 O Senhor \u00e9 o pastor que me conduz;\/ n\u00e3o me falta coisa alguma.<\/strong><\/p>\n<p>\u2014 O Senhor \u00e9 o pastor que me conduz;\/ n\u00e3o me falta coisa alguma.\/ Pelos prados e campinas verdejantes\/ ele me leva a descansar.\/ Para as \u00e1guas repousantes me encaminha,\/ e restaura as minhas for\u00e7as.<br \/>\n\u2014 Ele me guia no caminho mais seguro,\/ pela honra do seu nome.\/ Mesmo que eu passe pelo vale tenebroso,\/ nenhum mal eu temerei.\/ Estais comigo com bast\u00e3o e com cajado,\/ eles me d\u00e3o a seguran\u00e7a!<br \/>\n\u2014 Preparais \u00e0 minha frente uma mesa,\/ bem \u00e0 vista do inimigo;\/ com \u00f3leo v\u00f3s ungis minha cabe\u00e7a,\/ e o meu c\u00e1lice transborda.<br \/>\n\u2014 Felicidade e todo bem h\u00e3o de seguir-me,\/ por toda a minha vida;\/ e, na casa do Senhor, habitarei\/ pelos tempos infinitos.<\/p>\n<p><strong>Segunda leitura (Ef\u00e9sios 5,8-14)<\/strong><\/p>\n<p>Leitura da Carta de S\u00e3o Paulo aos Ef\u00e9sios:<\/p>\n<p>Irm\u00e3os:\u00a0<sup>8<\/sup>Outrora \u00e9reis trevas, mas agora sois luz no Senhor. Vivei como filhos da luz.\u00a0<sup>9<\/sup>E o fruto da luz chama-se: bondade, justi\u00e7a, verdade.\u00a0<sup>10<\/sup>Discerni o que agrada ao Senhor.<sup>11<\/sup>N\u00e3o vos associeis \u00e0s obras das trevas, que n\u00e3o levam a nada; antes, desmascarai-as.<sup>12<\/sup>O que essa gente faz em segredo, tem vergonha at\u00e9 de diz\u00ea-lo.<br \/>\n<sup>13<\/sup>Mas tudo que \u00e9 conden\u00e1vel torna-se manifesto pela luz; e tudo o que \u00e9 manifesto \u00e9 luz.<sup>14<\/sup>\u00c9 por isso que se diz: \u201cDesperta, tu que dormes, levanta-te dentre os mortos e sobre ti Cristo resplandecer\u00e1\u201d.<\/p>\n<p><strong>Evangelho (Jo\u00e3o 9,1.6-9.13-17.34-38)<\/strong><\/p>\n<p>Naquele tempo,\u00a0<sup>1<\/sup>ao passar, Jesus viu um homem cego de nascen\u00e7a.\u00a0<sup>6<\/sup>E cuspiu no ch\u00e3o, fez lama com a saliva e colocou-a sobre os olhos do cego.\u00a0<sup>7<\/sup>E disse-lhe: \u201cVai lavar-te na piscina de Silo\u00e9\u201d (que quer dizer: Enviado). O cego foi, lavou-se e voltou enxergando.<br \/>\n<sup>8<\/sup>Os vizinhos e os que costumavam ver o cego \u2014 pois ele era mendigo \u2014 diziam: \u201cN\u00e3o \u00e9 aquele que ficava pedindo esmola?\u201d\u00a0<sup>9<\/sup>Uns diziam: \u201cSim, \u00e9 ele!\u201d Outros afirmavam: \u201cN\u00e3o \u00e9 ele, mas algu\u00e9m parecido com ele\u201d.<br \/>\nEle, por\u00e9m, dizia: \u201cSou eu mesmo!\u201d<br \/>\n<sup>13<\/sup>Levaram ent\u00e3o aos fariseus o homem que tinha sido cego.\u00a0<sup>14<\/sup>Ora, era s\u00e1bado, o dia em que Jesus tinha feito lama e aberto os olhos do cego.\u00a0<sup>15<\/sup>Novamente, ent\u00e3o, lhe perguntaram os fariseus como tinha recuperado a vista. Respondeu-lhes: \u201cColocou lama sobre meus olhos, fui lavar-me e agora vejo!\u201d<br \/>\n<sup>16<\/sup>Disseram, ent\u00e3o, alguns dos fariseus: \u201cEsse homem n\u00e3o vem de Deus, pois n\u00e3o guarda o s\u00e1bado\u201d. Mas outros diziam: \u201cComo pode um pecador fazer tais sinais?\u201d<br \/>\n<sup>17<\/sup>E havia diverg\u00eancia entre eles. Perguntaram outra vez ao cego: \u201cE tu, que dizes daquele que te abriu os olhos?\u201d Respondeu: \u201c\u00c9 um profeta\u201d.<br \/>\n<sup>34<\/sup>Os fariseus disseram-lhe: \u201cTu nasceste todo em pecado e est\u00e1s nos ensinando?\u201d E expulsaram-no da comunidade.<br \/>\n<sup>35<\/sup>Jesus soube que o tinham expulsado. Encontrando-o, perguntou-lhe: \u201cAcreditas no Filho do Homem?\u201d\u00a0<sup>36<\/sup>Respondeu ele: \u201cQuem \u00e9, Senhor, para que eu creia nele?\u201d\u00a0<sup>37<\/sup>Jesus disse: \u201cTu o est\u00e1s vendo; \u00e9 aquele que est\u00e1 falando contigo\u201d. Exclamou ele:\u00a0<sup>38<\/sup>\u201cEu creio, Senhor!\u201d E prostrou-se diante de Jesus.<\/p>\n<\/div>\n<div id=\"themify_builder_content-13700\" data-postid=\"13700\" class=\"themify_builder_content themify_builder_content-13700 themify_builder themify_builder_front\">\n\t<\/div>\n<!-- \/themify_builder_content -->","protected":false},"excerpt":{"rendered":"<p>4\u00ba Domingo da Quaresma Primeira leitura (1\u00ba Samuel 16,1b.6-7.10-13a) Leitura do Primeiro Livro de Samuel: Naqueles dias, o Senhor disse a Samuel:\u00a01bEnche o chifre de \u00f3leo e vem para que eu te envie \u00e0 casa de Jess\u00e9 de Bel\u00e9m, pois escolhi um rei para mim entre os seus filhos.6Assim que chegou, Samuel viu a Eliab [&hellip;]<\/p>\n","protected":false},"author":5,"featured_media":0,"comment_status":"open","ping_status":"open","sticky":false,"template":"","format":"standard","meta":{"ngg_post_thumbnail":0,"footnotes":""},"categories":[109],"tags":[3204],"yoast_head":"<!-- This site is optimized with the Yoast SEO plugin v23.5 - https:\/\/yoast.com\/wordpress\/plugins\/seo\/ -->\n<title>Leituras do domingo 03\/04\/2011  - O Arcanjo no ar<\/title>\n<meta name=\"robots\" content=\"index, follow, max-snippet:-1, max-image-preview:large, max-video-preview:-1\" \/>\n<link rel=\"canonical\" href=\"https:\/\/www.oarcanjo.net\/site\/leituras-do-domingo-03042011\/\" \/>\n<meta property=\"og:locale\" content=\"pt_BR\" \/>\n<meta property=\"og:type\" content=\"article\" \/>\n<meta property=\"og:title\" content=\"Leituras do domingo 03\/04\/2011  - O Arcanjo no ar\" \/>\n<meta property=\"og:description\" content=\"4\u00ba Domingo da Quaresma Primeira leitura (1\u00ba Samuel 16,1b.6-7.10-13a) Leitura do Primeiro Livro de Samuel: Naqueles dias, o Senhor disse a Samuel:\u00a01bEnche o chifre de \u00f3leo e vem para que eu te envie \u00e0 casa de Jess\u00e9 de Bel\u00e9m, pois escolhi um rei para mim entre os seus filhos.6Assim que chegou, Samuel viu a Eliab [&hellip;]\" \/>\n<meta property=\"og:url\" content=\"https:\/\/www.oarcanjo.net\/site\/leituras-do-domingo-03042011\/\" \/>\n<meta property=\"og:site_name\" content=\"O Arcanjo no ar\" \/>\n<meta property=\"article:publisher\" content=\"https:\/\/www.facebook.com\/OArcanjoNoAr\/\" \/>\n<meta property=\"article:published_time\" content=\"2011-04-01T11:39:24+00:00\" \/>\n<meta property=\"og:image\" content=\"https:\/\/www.oarcanjo.net\/site\/wp-content\/uploads\/logo-o-arcanjo-no-ar-facebook.png\" \/>\n\t<meta property=\"og:image:width\" content=\"300\" \/>\n\t<meta property=\"og:image:height\" content=\"300\" \/>\n\t<meta property=\"og:image:type\" content=\"image\/png\" \/>\n<meta name=\"author\" content=\"editor\" \/>\n<meta name=\"twitter:card\" content=\"summary_large_image\" \/>\n<meta name=\"twitter:label1\" content=\"Escrito por\" \/>\n\t<meta name=\"twitter:data1\" content=\"editor\" \/>\n\t<meta name=\"twitter:label2\" content=\"Est. tempo de leitura\" \/>\n\t<meta name=\"twitter:data2\" content=\"4 minutos\" \/>\n<script type=\"application\/ld+json\" class=\"yoast-schema-graph\">{\"@context\":\"https:\/\/schema.org\",\"@graph\":[{\"@type\":\"Article\",\"@id\":\"https:\/\/www.oarcanjo.net\/site\/leituras-do-domingo-03042011\/#article\",\"isPartOf\":{\"@id\":\"https:\/\/www.oarcanjo.net\/site\/leituras-do-domingo-03042011\/\"},\"author\":{\"name\":\"editor\",\"@id\":\"https:\/\/www.oarcanjo.net\/site\/#\/schema\/person\/f7024d007863202483a31326673a0838\"},\"headline\":\"Leituras do domingo 03\/04\/2011\",\"datePublished\":\"2011-04-01T11:39:24+00:00\",\"dateModified\":\"2011-04-01T11:39:24+00:00\",\"mainEntityOfPage\":{\"@id\":\"https:\/\/www.oarcanjo.net\/site\/leituras-do-domingo-03042011\/\"},\"wordCount\":747,\"commentCount\":0,\"publisher\":{\"@id\":\"https:\/\/www.oarcanjo.net\/site\/#organization\"},\"keywords\":[\"Liturgia\"],\"articleSection\":[\"Liturgia\"],\"inLanguage\":\"pt-BR\",\"potentialAction\":[{\"@type\":\"CommentAction\",\"name\":\"Comment\",\"target\":[\"https:\/\/www.oarcanjo.net\/site\/leituras-do-domingo-03042011\/#respond\"]}]},{\"@type\":\"WebPage\",\"@id\":\"https:\/\/www.oarcanjo.net\/site\/leituras-do-domingo-03042011\/\",\"url\":\"https:\/\/www.oarcanjo.net\/site\/leituras-do-domingo-03042011\/\",\"name\":\"Leituras do domingo 03\/04\/2011 - O Arcanjo no ar\",\"isPartOf\":{\"@id\":\"https:\/\/www.oarcanjo.net\/site\/#website\"},\"datePublished\":\"2011-04-01T11:39:24+00:00\",\"dateModified\":\"2011-04-01T11:39:24+00:00\",\"breadcrumb\":{\"@id\":\"https:\/\/www.oarcanjo.net\/site\/leituras-do-domingo-03042011\/#breadcrumb\"},\"inLanguage\":\"pt-BR\",\"potentialAction\":[{\"@type\":\"ReadAction\",\"target\":[\"https:\/\/www.oarcanjo.net\/site\/leituras-do-domingo-03042011\/\"]}]},{\"@type\":\"BreadcrumbList\",\"@id\":\"https:\/\/www.oarcanjo.net\/site\/leituras-do-domingo-03042011\/#breadcrumb\",\"itemListElement\":[{\"@type\":\"ListItem\",\"position\":1,\"name\":\"In\u00edcio\",\"item\":\"https:\/\/www.oarcanjo.net\/site\/\"},{\"@type\":\"ListItem\",\"position\":2,\"name\":\"Leituras do domingo 03\/04\/2011\"}]},{\"@type\":\"WebSite\",\"@id\":\"https:\/\/www.oarcanjo.net\/site\/#website\",\"url\":\"https:\/\/www.oarcanjo.net\/site\/\",\"name\":\"O Arcanjo no ar\",\"description\":\"Site da Par\u00f3quia S\u00e3o Miguel Arcanjo (Arquidiocese de SP)\",\"publisher\":{\"@id\":\"https:\/\/www.oarcanjo.net\/site\/#organization\"},\"potentialAction\":[{\"@type\":\"SearchAction\",\"target\":{\"@type\":\"EntryPoint\",\"urlTemplate\":\"https:\/\/www.oarcanjo.net\/site\/?s={search_term_string}\"},\"query-input\":{\"@type\":\"PropertyValueSpecification\",\"valueRequired\":true,\"valueName\":\"search_term_string\"}}],\"inLanguage\":\"pt-BR\"},{\"@type\":\"Organization\",\"@id\":\"https:\/\/www.oarcanjo.net\/site\/#organization\",\"name\":\"Par\u00f3quia S\u00e3o Miguel Arcanjo\",\"url\":\"https:\/\/www.oarcanjo.net\/site\/\",\"logo\":{\"@type\":\"ImageObject\",\"inLanguage\":\"pt-BR\",\"@id\":\"https:\/\/www.oarcanjo.net\/site\/#\/schema\/logo\/image\/\",\"url\":\"https:\/\/www.oarcanjo.net\/site\/wp-content\/uploads\/LogoOArcanjo.png\",\"contentUrl\":\"https:\/\/www.oarcanjo.net\/site\/wp-content\/uploads\/LogoOArcanjo.png\",\"width\":319,\"height\":99,\"caption\":\"Par\u00f3quia S\u00e3o Miguel Arcanjo\"},\"image\":{\"@id\":\"https:\/\/www.oarcanjo.net\/site\/#\/schema\/logo\/image\/\"},\"sameAs\":[\"https:\/\/www.facebook.com\/OArcanjoNoAr\/\"]},{\"@type\":\"Person\",\"@id\":\"https:\/\/www.oarcanjo.net\/site\/#\/schema\/person\/f7024d007863202483a31326673a0838\",\"name\":\"editor\",\"sameAs\":[\"http:\/\/www.oarcanjo.net\"]}]}<\/script>\n<!-- \/ Yoast SEO plugin. -->","yoast_head_json":{"title":"Leituras do domingo 03\/04\/2011  - O Arcanjo no ar","robots":{"index":"index","follow":"follow","max-snippet":"max-snippet:-1","max-image-preview":"max-image-preview:large","max-video-preview":"max-video-preview:-1"},"canonical":"https:\/\/www.oarcanjo.net\/site\/leituras-do-domingo-03042011\/","og_locale":"pt_BR","og_type":"article","og_title":"Leituras do domingo 03\/04\/2011  - O Arcanjo no ar","og_description":"4\u00ba Domingo da Quaresma Primeira leitura (1\u00ba Samuel 16,1b.6-7.10-13a) Leitura do Primeiro Livro de Samuel: Naqueles dias, o Senhor disse a Samuel:\u00a01bEnche o chifre de \u00f3leo e vem para que eu te envie \u00e0 casa de Jess\u00e9 de Bel\u00e9m, pois escolhi um rei para mim entre os seus filhos.6Assim que chegou, Samuel viu a Eliab [&hellip;]","og_url":"https:\/\/www.oarcanjo.net\/site\/leituras-do-domingo-03042011\/","og_site_name":"O Arcanjo no ar","article_publisher":"https:\/\/www.facebook.com\/OArcanjoNoAr\/","article_published_time":"2011-04-01T11:39:24+00:00","og_image":[{"width":300,"height":300,"url":"https:\/\/www.oarcanjo.net\/site\/wp-content\/uploads\/logo-o-arcanjo-no-ar-facebook.png","type":"image\/png"}],"author":"editor","twitter_card":"summary_large_image","twitter_misc":{"Escrito por":"editor","Est. tempo de leitura":"4 minutos"},"schema":{"@context":"https:\/\/schema.org","@graph":[{"@type":"Article","@id":"https:\/\/www.oarcanjo.net\/site\/leituras-do-domingo-03042011\/#article","isPartOf":{"@id":"https:\/\/www.oarcanjo.net\/site\/leituras-do-domingo-03042011\/"},"author":{"name":"editor","@id":"https:\/\/www.oarcanjo.net\/site\/#\/schema\/person\/f7024d007863202483a31326673a0838"},"headline":"Leituras do domingo 03\/04\/2011","datePublished":"2011-04-01T11:39:24+00:00","dateModified":"2011-04-01T11:39:24+00:00","mainEntityOfPage":{"@id":"https:\/\/www.oarcanjo.net\/site\/leituras-do-domingo-03042011\/"},"wordCount":747,"commentCount":0,"publisher":{"@id":"https:\/\/www.oarcanjo.net\/site\/#organization"},"keywords":["Liturgia"],"articleSection":["Liturgia"],"inLanguage":"pt-BR","potentialAction":[{"@type":"CommentAction","name":"Comment","target":["https:\/\/www.oarcanjo.net\/site\/leituras-do-domingo-03042011\/#respond"]}]},{"@type":"WebPage","@id":"https:\/\/www.oarcanjo.net\/site\/leituras-do-domingo-03042011\/","url":"https:\/\/www.oarcanjo.net\/site\/leituras-do-domingo-03042011\/","name":"Leituras do domingo 03\/04\/2011 - O Arcanjo no ar","isPartOf":{"@id":"https:\/\/www.oarcanjo.net\/site\/#website"},"datePublished":"2011-04-01T11:39:24+00:00","dateModified":"2011-04-01T11:39:24+00:00","breadcrumb":{"@id":"https:\/\/www.oarcanjo.net\/site\/leituras-do-domingo-03042011\/#breadcrumb"},"inLanguage":"pt-BR","potentialAction":[{"@type":"ReadAction","target":["https:\/\/www.oarcanjo.net\/site\/leituras-do-domingo-03042011\/"]}]},{"@type":"BreadcrumbList","@id":"https:\/\/www.oarcanjo.net\/site\/leituras-do-domingo-03042011\/#breadcrumb","itemListElement":[{"@type":"ListItem","position":1,"name":"In\u00edcio","item":"https:\/\/www.oarcanjo.net\/site\/"},{"@type":"ListItem","position":2,"name":"Leituras do domingo 03\/04\/2011"}]},{"@type":"WebSite","@id":"https:\/\/www.oarcanjo.net\/site\/#website","url":"https:\/\/www.oarcanjo.net\/site\/","name":"O Arcanjo no ar","description":"Site da Par\u00f3quia S\u00e3o Miguel Arcanjo (Arquidiocese de SP)","publisher":{"@id":"https:\/\/www.oarcanjo.net\/site\/#organization"},"potentialAction":[{"@type":"SearchAction","target":{"@type":"EntryPoint","urlTemplate":"https:\/\/www.oarcanjo.net\/site\/?s={search_term_string}"},"query-input":{"@type":"PropertyValueSpecification","valueRequired":true,"valueName":"search_term_string"}}],"inLanguage":"pt-BR"},{"@type":"Organization","@id":"https:\/\/www.oarcanjo.net\/site\/#organization","name":"Par\u00f3quia S\u00e3o Miguel Arcanjo","url":"https:\/\/www.oarcanjo.net\/site\/","logo":{"@type":"ImageObject","inLanguage":"pt-BR","@id":"https:\/\/www.oarcanjo.net\/site\/#\/schema\/logo\/image\/","url":"https:\/\/www.oarcanjo.net\/site\/wp-content\/uploads\/LogoOArcanjo.png","contentUrl":"https:\/\/www.oarcanjo.net\/site\/wp-content\/uploads\/LogoOArcanjo.png","width":319,"height":99,"caption":"Par\u00f3quia S\u00e3o Miguel Arcanjo"},"image":{"@id":"https:\/\/www.oarcanjo.net\/site\/#\/schema\/logo\/image\/"},"sameAs":["https:\/\/www.facebook.com\/OArcanjoNoAr\/"]},{"@type":"Person","@id":"https:\/\/www.oarcanjo.net\/site\/#\/schema\/person\/f7024d007863202483a31326673a0838","name":"editor","sameAs":["http:\/\/www.oarcanjo.net"]}]}},"publishpress_future_action":{"enabled":false,"date":"2026-05-09 03:21:19","action":"category","newStatus":"draft","terms":[],"taxonomy":"category"},"publishpress_future_workflow_manual_trigger":{"enabledWorkflows":[]},"_links":{"self":[{"href":"https:\/\/www.oarcanjo.net\/site\/wp-json\/wp\/v2\/posts\/13700"}],"collection":[{"href":"https:\/\/www.oarcanjo.net\/site\/wp-json\/wp\/v2\/posts"}],"about":[{"href":"https:\/\/www.oarcanjo.net\/site\/wp-json\/wp\/v2\/types\/post"}],"author":[{"embeddable":true,"href":"https:\/\/www.oarcanjo.net\/site\/wp-json\/wp\/v2\/users\/5"}],"replies":[{"embeddable":true,"href":"https:\/\/www.oarcanjo.net\/site\/wp-json\/wp\/v2\/comments?post=13700"}],"version-history":[{"count":0,"href":"https:\/\/www.oarcanjo.net\/site\/wp-json\/wp\/v2\/posts\/13700\/revisions"}],"wp:attachment":[{"href":"https:\/\/www.oarcanjo.net\/site\/wp-json\/wp\/v2\/media?parent=13700"}],"wp:term":[{"taxonomy":"category","embeddable":true,"href":"https:\/\/www.oarcanjo.net\/site\/wp-json\/wp\/v2\/categories?post=13700"},{"taxonomy":"post_tag","embeddable":true,"href":"https:\/\/www.oarcanjo.net\/site\/wp-json\/wp\/v2\/tags?post=13700"}],"curies":[{"name":"wp","href":"https:\/\/api.w.org\/{rel}","templated":true}]}}